{"id":418664,"date":"2026-03-23T12:59:12","date_gmt":"2026-03-23T15:59:12","guid":{"rendered":"https:\/\/portaltela.pt\/noticias\/2026\/03\/23\/tia-de-manu-revela-em-tribunal-o-pesadelo-da-mae-apos-o-homicidio\/"},"modified":"2026-03-23T12:59:12","modified_gmt":"2026-03-23T15:59:12","slug":"tia-de-manu-revela-em-tribunal-o-pesadelo-da-mae-apos-o-homicidio","status":"publish","type":"post","link":"https:\/\/portaltela.pt\/noticias\/2026\/03\/23\/tia-de-manu-revela-em-tribunal-o-pesadelo-da-mae-apos-o-homicidio\/","title":{"rendered":"Tia de &#8216;Manu&#8217; revela em tribunal o pesadelo da m\u00e3e ap\u00f3s o homic\u00eddio"},"content":{"rendered":"<p>Uma tia de Manu revelou em tribunal o pesadelo vivido pela m\u00e3e do jovem desde o homic\u00eddio que ocorreu em Braga, no interior de um bar universit\u00e1rio. A statements apontam para o impacto di\u00e1rio da perda, com a m\u00e3e do jovem a dedicar grande parte do tempo a visitas ao cemit\u00e9rio e a um memorial de homenagem.<\/p>\n<p>Tamb\u00e9m testemunharam a av\u00f3 e outros familiares de Manu, que descrevem o ambiente familiar ap\u00f3s o crime, no \u00e2mbito do coletivo de ju\u00edzes presente na audi\u00eancia. As declara\u00e7\u00f5es visam contextualizar o sofrimento na fam\u00edlia do jovem.<\/p>\n<p>Segundo a acusa\u00e7\u00e3o p\u00fablica, o arguido tem 27 anos e \u00e9 nacionalidade brasileira. O Minist\u00e9rio P\u00fablico sustenta que o crime ocorreu na noite de 12 de abril, junto \u00e0 entrada do Bar Acad\u00e9mico da Universidade do Minho, em Braga, ap\u00f3s um confronto entre arguido e v\u00edtima. Alega-se que Manu detectou a adultera\u00e7\u00e3o de uma bebida por parte do arguido, que ter\u00e1 ocorrido no interior do bar, levando \u00e0 expuls\u00e3o e, na via p\u00fablica, ao homic\u00eddio triplo.<\/p>\n<p>O suspeito foi detido pela Pol\u00edcia Judici\u00e1ria de Braga dias depois, na zona centro do pa\u00eds, e responde por homic\u00eddio qualificado e deten\u00e7\u00e3o de arma proibida. O MP pediu ainda a expuls\u00e3o do territ\u00f3rio nacional ap\u00f3s o cumprimento da pena de pris\u00e3o.<\/p>\n<p>A fam\u00edlia de Manu solicita uma indemniza\u00e7\u00e3o de 750 mil euros pela morte do jovem, incluindo compensa\u00e7\u00e3o pelos danos morais e materiais. A defesa ainda n\u00e3o divulgou detalhes de futuras dilig\u00eancias ou pedidos espec\u00edficos relativos ao processo.<\/p>\n","protected":false},"excerpt":{"rendered":"<ul>\n<li>A tia de Manu relatou em tribunal o pesadelo vivido pela m\u00e3e do jovem desde o homic\u00eddio, contando que a rotina dela resume-se a visitas ao cemit\u00e9rio e ao memorial.<\/li>\n<li>Av\u00f3 e tios de Manu tamb\u00e9m prestaram declara\u00e7\u00f5es ao coletivo de ju\u00edzes sobre o malogrado.<\/li>\n<li>O arguido, de 27 anos e nacionalidade brasileira, \u00e9 suspeito de ter esfaqueado Manuel Oliveira, de 19 anos, na noite de 12 de abril, junto \u00e0 entrada do Bar Acad\u00e9mico da Universidade do Minho, em Braga.<\/li>\n<li>Segundo o Minist\u00e9rio P\u00fablico, o crime ocorreu ap\u00f3s um confronto no interior do bar, quando Manu viu o arguido adulterar a bebida de uma jovem; os dois foram expulsos e, na rua, o suspeito desferiu tr\u00eas facadas que provocaram a morte.<\/li>\n<li>O arguido foi detido pela Pol\u00edcia Judici\u00e1ria de Braga dias depois, na zona centro do pa\u00eds. O MP acusa-o de homic\u00eddio qualificado e deten\u00e7\u00e3o de arma proibida, e pretende expuls\u00e3o do territ\u00f3rio nacional ap\u00f3s a pena. A fam\u00edlia exige uma indemniza\u00e7\u00e3o de 750 mil euros pela morte.<\/li>\n<\/ul>\n","protected":false},"author":2,"featured_media":418667,"comment_status":"closed","ping_status":"closed","sticky":false,"template":"","format":"standard","meta":{"footnotes":""},"categories":[6815,1],"tags":[1207,147,1345,1189,2745,1802],"class_list":["post-418664","post","type-post","status-publish","format-standard","has-post-thumbnail","hentry","category-justica","category-noticias","tag-braga","tag-crime","tag-homicidio","tag-homicidio-qualificado","tag-indenizacoes","tag-policia-judiciaria"],"yoast_head":"<!-- This site is optimized with the Yoast SEO plugin v27.2 - https:\/\/yoast.com\/product\/yoast-seo-wordpress\/ -->\n<title>Tia de &#039;Manu&#039; revela em tribunal o pesadelo da m\u00e3e ap\u00f3s o homic\u00eddio - Portal Tela Portugal<\/title>\n<meta name=\"robots\" content=\"index, follow, max-snippet:-1, max-image-preview:large, max-video-preview:-1\" \/>\n<meta property=\"og:locale\" content=\"pt_PT\" \/>\n<meta property=\"og:type\" content=\"article\" \/>\n<meta property=\"og:title\" content=\"Tia de &#039;Manu&#039; revela em tribunal o pesadelo da m\u00e3e ap\u00f3s o homic\u00eddio - Portal Tela Portugal\" \/>\n<meta property=\"og:description\" content=\"A tia de Manu relatou em tribunal o pesadelo vivido pela m\u00e3e do jovem desde o homic\u00eddio, contando que a rotina dela resume-se a visitas ao cemit\u00e9rio e ao memorial. Av\u00f3 e tios de Manu tamb\u00e9m prestaram declara\u00e7\u00f5es ao coletivo de ju\u00edzes sobre o malogrado. O arguido, de 27 anos e nacionalidade brasileira, \u00e9 suspeito de ter esfaqueado Manuel Oliveira, de 19 anos, na noite de 12 de abril, junto \u00e0 entrada do Bar Acad\u00e9mico da Universidade do Minho, em Braga. Segundo o Minist\u00e9rio P\u00fablico, o crime ocorreu ap\u00f3s um confronto no interior do bar, quando Manu viu o arguido adulterar a bebida de uma jovem; os dois foram expulsos e, na rua, o suspeito desferiu tr\u00eas facadas que provocaram a morte. O arguido foi detido pela Pol\u00edcia Judici\u00e1ria de Braga dias depois, na zona centro do pa\u00eds. O MP acusa-o de homic\u00eddio qualificado e deten\u00e7\u00e3o de arma proibida, e pretende expuls\u00e3o do territ\u00f3rio nacional ap\u00f3s a pena. A fam\u00edlia exige uma indemniza\u00e7\u00e3o de 750 mil euros pela morte.\" \/>\n<meta property=\"og:url\" content=\"https:\/\/portaltela.pt\/noticias\/2026\/03\/23\/tia-de-manu-revela-em-tribunal-o-pesadelo-da-mae-apos-o-homicidio\/\" \/>\n<meta property=\"og:site_name\" content=\"Portal Tela Portugal\" \/>\n<meta property=\"article:published_time\" content=\"2026-03-23T15:59:12+00:00\" \/>\n<meta name=\"author\" content=\"Telinha\" \/>\n<meta name=\"twitter:card\" content=\"summary_large_image\" \/>\n<meta name=\"twitter:label1\" content=\"Escrito por\" \/>\n\t<meta name=\"twitter:data1\" content=\"Telinha\" \/>\n\t<meta name=\"twitter:label2\" content=\"Tempo estimado de leitura\" \/>\n\t<meta name=\"twitter:data2\" content=\"1 minuto\" \/>\n<script type=\"application\/ld+json\" class=\"yoast-schema-graph\">{\"@context\":\"https:\/\/schema.org\",\"@graph\":[{\"@type\":\"Article\",\"@id\":\"https:\/\/portaltela.pt\/noticias\/2026\/03\/23\/tia-de-manu-revela-em-tribunal-o-pesadelo-da-mae-apos-o-homicidio\/#article\",\"isPartOf\":{\"@id\":\"https:\/\/portaltela.pt\/noticias\/2026\/03\/23\/tia-de-manu-revela-em-tribunal-o-pesadelo-da-mae-apos-o-homicidio\/\"},\"author\":{\"name\":\"Telinha\",\"@id\":\"https:\/\/portaltela.pt\/#\/schema\/person\/c4278d4a6028830caff9ee44b42d32ed\"},\"headline\":\"Tia de &#8216;Manu&#8217; revela em tribunal o pesadelo da m\u00e3e ap\u00f3s o homic\u00eddio\",\"datePublished\":\"2026-03-23T15:59:12+00:00\",\"mainEntityOfPage\":{\"@id\":\"https:\/\/portaltela.pt\/noticias\/2026\/03\/23\/tia-de-manu-revela-em-tribunal-o-pesadelo-da-mae-apos-o-homicidio\/\"},\"wordCount\":296,\"image\":{\"@id\":\"https:\/\/portaltela.pt\/noticias\/2026\/03\/23\/tia-de-manu-revela-em-tribunal-o-pesadelo-da-mae-apos-o-homicidio\/#primaryimage\"},\"thumbnailUrl\":\"https:\/\/portaltela.pt\/s.01k8rhncp4jt1\/2026\/03\/img_1500x1000uu2025-04-12-12-35-51-2203062-im-639050183582856410.jpg\",\"keywords\":[\"Braga\",\"crime\",\"homic\u00eddio\",\"homic\u00eddio qualificado\",\"indeniza\u00e7\u00f5es\",\"Pol\u00edcia Judici\u00e1ria\"],\"articleSection\":[\"Justi\u00e7a\",\"Not\u00edcias\"],\"inLanguage\":\"pt-PT\"},{\"@type\":\"WebPage\",\"@id\":\"https:\/\/portaltela.pt\/noticias\/2026\/03\/23\/tia-de-manu-revela-em-tribunal-o-pesadelo-da-mae-apos-o-homicidio\/\",\"url\":\"https:\/\/portaltela.pt\/noticias\/2026\/03\/23\/tia-de-manu-revela-em-tribunal-o-pesadelo-da-mae-apos-o-homicidio\/\",\"name\":\"Tia de 'Manu' revela em tribunal o pesadelo da m\u00e3e ap\u00f3s o homic\u00eddio - Portal Tela Portugal\",\"isPartOf\":{\"@id\":\"https:\/\/portaltela.pt\/#website\"},\"primaryImageOfPage\":{\"@id\":\"https:\/\/portaltela.pt\/noticias\/2026\/03\/23\/tia-de-manu-revela-em-tribunal-o-pesadelo-da-mae-apos-o-homicidio\/#primaryimage\"},\"image\":{\"@id\":\"https:\/\/portaltela.pt\/noticias\/2026\/03\/23\/tia-de-manu-revela-em-tribunal-o-pesadelo-da-mae-apos-o-homicidio\/#primaryimage\"},\"thumbnailUrl\":\"https:\/\/portaltela.pt\/s.01k8rhncp4jt1\/2026\/03\/img_1500x1000uu2025-04-12-12-35-51-2203062-im-639050183582856410.jpg\",\"datePublished\":\"2026-03-23T15:59:12+00:00\",\"author\":{\"@id\":\"https:\/\/portaltela.pt\/#\/schema\/person\/c4278d4a6028830caff9ee44b42d32ed\"},\"breadcrumb\":{\"@id\":\"https:\/\/portaltela.pt\/noticias\/2026\/03\/23\/tia-de-manu-revela-em-tribunal-o-pesadelo-da-mae-apos-o-homicidio\/#breadcrumb\"},\"inLanguage\":\"pt-PT\",\"potentialAction\":[{\"@type\":\"ReadAction\",\"target\":[\"https:\/\/portaltela.pt\/noticias\/2026\/03\/23\/tia-de-manu-revela-em-tribunal-o-pesadelo-da-mae-apos-o-homicidio\/\"]}]},{\"@type\":\"ImageObject\",\"inLanguage\":\"pt-PT\",\"@id\":\"https:\/\/portaltela.pt\/noticias\/2026\/03\/23\/tia-de-manu-revela-em-tribunal-o-pesadelo-da-mae-apos-o-homicidio\/#primaryimage\",\"url\":\"https:\/\/portaltela.pt\/s.01k8rhncp4jt1\/2026\/03\/img_1500x1000uu2025-04-12-12-35-51-2203062-im-639050183582856410.jpg\",\"contentUrl\":\"https:\/\/portaltela.pt\/s.01k8rhncp4jt1\/2026\/03\/img_1500x1000uu2025-04-12-12-35-51-2203062-im-639050183582856410.jpg\",\"width\":796,\"height\":448,\"caption\":\"Manuel Gon\u00e7alves foi morto \u00e0 facada em rixa \u00e0 porta de um bar em Braga\"},{\"@type\":\"BreadcrumbList\",\"@id\":\"https:\/\/portaltela.pt\/noticias\/2026\/03\/23\/tia-de-manu-revela-em-tribunal-o-pesadelo-da-mae-apos-o-homicidio\/#breadcrumb\",\"itemListElement\":[{\"@type\":\"ListItem\",\"position\":1,\"name\":\"In\u00edcio\",\"item\":\"https:\/\/portaltela.pt\/\"},{\"@type\":\"ListItem\",\"position\":2,\"name\":\"Tia de &#8216;Manu&#8217; revela em tribunal o pesadelo da m\u00e3e ap\u00f3s o homic\u00eddio\"}]},{\"@type\":\"WebSite\",\"@id\":\"https:\/\/portaltela.pt\/#website\",\"url\":\"https:\/\/portaltela.pt\/\",\"name\":\"Portal Tela Portugal\",\"description\":\"\",\"potentialAction\":[{\"@type\":\"SearchAction\",\"target\":{\"@type\":\"EntryPoint\",\"urlTemplate\":\"https:\/\/portaltela.pt\/?s={search_term_string}\"},\"query-input\":{\"@type\":\"PropertyValueSpecification\",\"valueRequired\":true,\"valueName\":\"search_term_string\"}}],\"inLanguage\":\"pt-PT\"},{\"@type\":\"Person\",\"@id\":\"https:\/\/portaltela.pt\/#\/schema\/person\/c4278d4a6028830caff9ee44b42d32ed\",\"name\":\"Telinha\",\"image\":{\"@type\":\"ImageObject\",\"inLanguage\":\"pt-PT\",\"@id\":\"https:\/\/portaltela.pt\/s.01k8rhncp4jt1\/2025\/11\/talking-bot-125x125.png\",\"url\":\"https:\/\/portaltela.pt\/s.01k8rhncp4jt1\/2025\/11\/talking-bot-125x125.png\",\"contentUrl\":\"https:\/\/portaltela.pt\/s.01k8rhncp4jt1\/2025\/11\/talking-bot-125x125.png\",\"caption\":\"Telinha\"},\"sameAs\":[\"https:\/\/portaltela.pt\/\"],\"url\":\"https:\/\/portaltela.pt\/por\/367410592786\/\"}]}<\/script>\n<!-- \/ Yoast SEO plugin. -->","yoast_head_json":{"title":"Tia de 'Manu' revela em tribunal o pesadelo da m\u00e3e ap\u00f3s o homic\u00eddio - Portal Tela Portugal","robots":{"index":"index","follow":"follow","max-snippet":"max-snippet:-1","max-image-preview":"max-image-preview:large","max-video-preview":"max-video-preview:-1"},"og_locale":"pt_PT","og_type":"article","og_title":"Tia de 'Manu' revela em tribunal o pesadelo da m\u00e3e ap\u00f3s o homic\u00eddio - Portal Tela Portugal","og_description":"A tia de Manu relatou em tribunal o pesadelo vivido pela m\u00e3e do jovem desde o homic\u00eddio, contando que a rotina dela resume-se a visitas ao cemit\u00e9rio e ao memorial. Av\u00f3 e tios de Manu tamb\u00e9m prestaram declara\u00e7\u00f5es ao coletivo de ju\u00edzes sobre o malogrado. O arguido, de 27 anos e nacionalidade brasileira, \u00e9 suspeito de ter esfaqueado Manuel Oliveira, de 19 anos, na noite de 12 de abril, junto \u00e0 entrada do Bar Acad\u00e9mico da Universidade do Minho, em Braga. Segundo o Minist\u00e9rio P\u00fablico, o crime ocorreu ap\u00f3s um confronto no interior do bar, quando Manu viu o arguido adulterar a bebida de uma jovem; os dois foram expulsos e, na rua, o suspeito desferiu tr\u00eas facadas que provocaram a morte. O arguido foi detido pela Pol\u00edcia Judici\u00e1ria de Braga dias depois, na zona centro do pa\u00eds. O MP acusa-o de homic\u00eddio qualificado e deten\u00e7\u00e3o de arma proibida, e pretende expuls\u00e3o do territ\u00f3rio nacional ap\u00f3s a pena. A fam\u00edlia exige uma indemniza\u00e7\u00e3o de 750 mil euros pela morte.","og_url":"https:\/\/portaltela.pt\/noticias\/2026\/03\/23\/tia-de-manu-revela-em-tribunal-o-pesadelo-da-mae-apos-o-homicidio\/","og_site_name":"Portal Tela Portugal","article_published_time":"2026-03-23T15:59:12+00:00","author":"Telinha","twitter_card":"summary_large_image","twitter_misc":{"Escrito por":"Telinha","Tempo estimado de leitura":"1 minuto"},"schema":{"@context":"https:\/\/schema.org","@graph":[{"@type":"Article","@id":"https:\/\/portaltela.pt\/noticias\/2026\/03\/23\/tia-de-manu-revela-em-tribunal-o-pesadelo-da-mae-apos-o-homicidio\/#article","isPartOf":{"@id":"https:\/\/portaltela.pt\/noticias\/2026\/03\/23\/tia-de-manu-revela-em-tribunal-o-pesadelo-da-mae-apos-o-homicidio\/"},"author":{"name":"Telinha","@id":"https:\/\/portaltela.pt\/#\/schema\/person\/c4278d4a6028830caff9ee44b42d32ed"},"headline":"Tia de &#8216;Manu&#8217; revela em tribunal o pesadelo da m\u00e3e ap\u00f3s o homic\u00eddio","datePublished":"2026-03-23T15:59:12+00:00","mainEntityOfPage":{"@id":"https:\/\/portaltela.pt\/noticias\/2026\/03\/23\/tia-de-manu-revela-em-tribunal-o-pesadelo-da-mae-apos-o-homicidio\/"},"wordCount":296,"image":{"@id":"https:\/\/portaltela.pt\/noticias\/2026\/03\/23\/tia-de-manu-revela-em-tribunal-o-pesadelo-da-mae-apos-o-homicidio\/#primaryimage"},"thumbnailUrl":"https:\/\/portaltela.pt\/s.01k8rhncp4jt1\/2026\/03\/img_1500x1000uu2025-04-12-12-35-51-2203062-im-639050183582856410.jpg","keywords":["Braga","crime","homic\u00eddio","homic\u00eddio qualificado","indeniza\u00e7\u00f5es","Pol\u00edcia Judici\u00e1ria"],"articleSection":["Justi\u00e7a","Not\u00edcias"],"inLanguage":"pt-PT"},{"@type":"WebPage","@id":"https:\/\/portaltela.pt\/noticias\/2026\/03\/23\/tia-de-manu-revela-em-tribunal-o-pesadelo-da-mae-apos-o-homicidio\/","url":"https:\/\/portaltela.pt\/noticias\/2026\/03\/23\/tia-de-manu-revela-em-tribunal-o-pesadelo-da-mae-apos-o-homicidio\/","name":"Tia de 'Manu' revela em tribunal o pesadelo da m\u00e3e ap\u00f3s o homic\u00eddio - Portal Tela Portugal","isPartOf":{"@id":"https:\/\/portaltela.pt\/#website"},"primaryImageOfPage":{"@id":"https:\/\/portaltela.pt\/noticias\/2026\/03\/23\/tia-de-manu-revela-em-tribunal-o-pesadelo-da-mae-apos-o-homicidio\/#primaryimage"},"image":{"@id":"https:\/\/portaltela.pt\/noticias\/2026\/03\/23\/tia-de-manu-revela-em-tribunal-o-pesadelo-da-mae-apos-o-homicidio\/#primaryimage"},"thumbnailUrl":"https:\/\/portaltela.pt\/s.01k8rhncp4jt1\/2026\/03\/img_1500x1000uu2025-04-12-12-35-51-2203062-im-639050183582856410.jpg","datePublished":"2026-03-23T15:59:12+00:00","author":{"@id":"https:\/\/portaltela.pt\/#\/schema\/person\/c4278d4a6028830caff9ee44b42d32ed"},"breadcrumb":{"@id":"https:\/\/portaltela.pt\/noticias\/2026\/03\/23\/tia-de-manu-revela-em-tribunal-o-pesadelo-da-mae-apos-o-homicidio\/#breadcrumb"},"inLanguage":"pt-PT","potentialAction":[{"@type":"ReadAction","target":["https:\/\/portaltela.pt\/noticias\/2026\/03\/23\/tia-de-manu-revela-em-tribunal-o-pesadelo-da-mae-apos-o-homicidio\/"]}]},{"@type":"ImageObject","inLanguage":"pt-PT","@id":"https:\/\/portaltela.pt\/noticias\/2026\/03\/23\/tia-de-manu-revela-em-tribunal-o-pesadelo-da-mae-apos-o-homicidio\/#primaryimage","url":"https:\/\/portaltela.pt\/s.01k8rhncp4jt1\/2026\/03\/img_1500x1000uu2025-04-12-12-35-51-2203062-im-639050183582856410.jpg","contentUrl":"https:\/\/portaltela.pt\/s.01k8rhncp4jt1\/2026\/03\/img_1500x1000uu2025-04-12-12-35-51-2203062-im-639050183582856410.jpg","width":796,"height":448,"caption":"Manuel Gon\u00e7alves foi morto \u00e0 facada em rixa \u00e0 porta de um bar em Braga"},{"@type":"BreadcrumbList","@id":"https:\/\/portaltela.pt\/noticias\/2026\/03\/23\/tia-de-manu-revela-em-tribunal-o-pesadelo-da-mae-apos-o-homicidio\/#breadcrumb","itemListElement":[{"@type":"ListItem","position":1,"name":"In\u00edcio","item":"https:\/\/portaltela.pt\/"},{"@type":"ListItem","position":2,"name":"Tia de &#8216;Manu&#8217; revela em tribunal o pesadelo da m\u00e3e ap\u00f3s o homic\u00eddio"}]},{"@type":"WebSite","@id":"https:\/\/portaltela.pt\/#website","url":"https:\/\/portaltela.pt\/","name":"Portal Tela Portugal","description":"","potentialAction":[{"@type":"SearchAction","target":{"@type":"EntryPoint","urlTemplate":"https:\/\/portaltela.pt\/?s={search_term_string}"},"query-input":{"@type":"PropertyValueSpecification","valueRequired":true,"valueName":"search_term_string"}}],"inLanguage":"pt-PT"},{"@type":"Person","@id":"https:\/\/portaltela.pt\/#\/schema\/person\/c4278d4a6028830caff9ee44b42d32ed","name":"Telinha","image":{"@type":"ImageObject","inLanguage":"pt-PT","@id":"https:\/\/portaltela.pt\/s.01k8rhncp4jt1\/2025\/11\/talking-bot-125x125.png","url":"https:\/\/portaltela.pt\/s.01k8rhncp4jt1\/2025\/11\/talking-bot-125x125.png","contentUrl":"https:\/\/portaltela.pt\/s.01k8rhncp4jt1\/2025\/11\/talking-bot-125x125.png","caption":"Telinha"},"sameAs":["https:\/\/portaltela.pt\/"],"url":"https:\/\/portaltela.pt\/por\/367410592786\/"}]}},"_links":{"self":[{"href":"https:\/\/portaltela.pt\/api\/wp\/v2\/posts\/418664","targetHints":{"allow":["GET"]}}],"collection":[{"href":"https:\/\/portaltela.pt\/api\/wp\/v2\/posts"}],"about":[{"href":"https:\/\/portaltela.pt\/api\/wp\/v2\/types\/post"}],"author":[{"embeddable":true,"href":"https:\/\/portaltela.pt\/api\/wp\/v2\/users\/2"}],"replies":[{"embeddable":true,"href":"https:\/\/portaltela.pt\/api\/wp\/v2\/comments?post=418664"}],"version-history":[{"count":0,"href":"https:\/\/portaltela.pt\/api\/wp\/v2\/posts\/418664\/revisions"}],"wp:featuredmedia":[{"embeddable":true,"href":"https:\/\/portaltela.pt\/api\/wp\/v2\/media\/418667"}],"wp:attachment":[{"href":"https:\/\/portaltela.pt\/api\/wp\/v2\/media?parent=418664"}],"wp:term":[{"taxonomy":"category","embeddable":true,"href":"https:\/\/portaltela.pt\/api\/wp\/v2\/categories?post=418664"},{"taxonomy":"post_tag","embeddable":true,"href":"https:\/\/portaltela.pt\/api\/wp\/v2\/tags?post=418664"}],"curies":[{"name":"wp","href":"https:\/\/api.w.org\/{rel}","templated":true}]}}