{"id":418649,"date":"2026-03-23T12:35:29","date_gmt":"2026-03-23T15:35:29","guid":{"rendered":"https:\/\/portaltela.pt\/noticias\/2026\/03\/23\/klopp-regressa-a-anfield-e-anteve-dia-emotivo\/"},"modified":"2026-03-23T12:35:29","modified_gmt":"2026-03-23T15:35:29","slug":"klopp-regressa-a-anfield-e-anteve-dia-emotivo","status":"publish","type":"post","link":"https:\/\/portaltela.pt\/desporto\/futebol\/2026\/03\/23\/klopp-regressa-a-anfield-e-anteve-dia-emotivo\/","title":{"rendered":"Klopp regressa a Anfield e antev\u00ea dia emotivo"},"content":{"rendered":"<p>J\u00fcrgen Klopp vai regressar a Anfield no pr\u00f3ximo s\u00e1bado, 28 de mar\u00e7o, para um encontro solid\u00e1rio entre as Lendas do Liverpool e as Lendas do Borussia Dortmund. O jogo decorre no est\u00e1dio dos reds.<\/p>\n<p>Klopp ser\u00e1 treinador da forma\u00e7\u00e3o das Lendas ao lado de Kenny Dalglish, numa edi\u00e7\u00e3o em que o Dortmund tamb\u00e9m est\u00e1 representado por ex-jogadores marcantes do clube alem\u00e3o.<\/p>\n<p>O atual diretor global de futebol do grupo Red Bull mostra-se emocionado com o regresso a uma casa onde passou nove anos, entre 2015\/16 e 2023\/24, e assume o papel de embaixador da LFC Foundation.<\/p>\n<p>O regresso a Anfield ocorre numa altura em que o seu substituto, Arne Slot, atravessa um per\u00edodo irregular no clube, alimentando rumores sobre o futuro no comando t\u00e9cnico.<\/p>\n<p>O encontro tem car\u00e1cter beneficente e envolve equipas de personalidades que marcaram a carreira de Klopp, numa iniciativa que visa apoiar projetos comunit\u00e1rios da Liverpool Foundation.<\/p>\n","protected":false},"excerpt":{"rendered":"<ul>\n<li>J\u00fcrgen Klopp vai regressar a Anfield no s\u00e1bado, 28 de mar\u00e7o, quase dois anos depois de deixar o Liverpool.<\/li>\n<li>Vai orientar a equipa de lendas dos Reds, ao lado de Kenny Dalglish, num jogo frente \u00e0s lendas do Borussia Dortmund.<\/li>\n<li>Klopp \u00e9, atualmente, diretor global de futebol do grupo Red Bull e disse estar emocional ao voltar \u00e0 casa onde esteve nove anos.<\/li>\n<li>Disse que \u00e9 embaixador da LFC Foundation e que o regresso \u00e9 especial para ele, para a funda\u00e7\u00e3o e para todos os envolvidos.<\/li>\n<li>O reencontro ocorre numa fase em que o seu substituto, Arne Slot, atravessa um per\u00edodo irregular e h\u00e1 especula\u00e7\u00e3o sobre o futuro, apesar de ter ganho a Premier League na \u00faltima temporada.<\/li>\n<\/ul>\n","protected":false},"author":2,"featured_media":418651,"comment_status":"closed","ping_status":"closed","sticky":false,"template":"","format":"standard","meta":{"footnotes":""},"categories":[21,24],"tags":[4811,3035,32,6686,1981,4071],"class_list":["post-418649","post","type-post","status-publish","format-standard","has-post-thumbnail","hentry","category-desporto","category-futebol","tag-borussia-dortmund","tag-comunidade","tag-futebol","tag-jurgen-klopp","tag-liverpool","tag-solidariedade-social"],"yoast_head":"<!-- This site is optimized with the Yoast SEO plugin v27.2 - https:\/\/yoast.com\/product\/yoast-seo-wordpress\/ -->\n<title>Klopp regressa a Anfield e antev\u00ea dia emotivo - Portal Tela Portugal<\/title>\n<meta name=\"robots\" content=\"index, follow, max-snippet:-1, max-image-preview:large, max-video-preview:-1\" \/>\n<meta property=\"og:locale\" content=\"pt_PT\" \/>\n<meta property=\"og:type\" content=\"article\" \/>\n<meta property=\"og:title\" content=\"Klopp regressa a Anfield e antev\u00ea dia emotivo - Portal Tela Portugal\" \/>\n<meta property=\"og:description\" content=\"J\u00fcrgen Klopp vai regressar a Anfield no s\u00e1bado, 28 de mar\u00e7o, quase dois anos depois de deixar o Liverpool. Vai orientar a equipa de lendas dos Reds, ao lado de Kenny Dalglish, num jogo frente \u00e0s lendas do Borussia Dortmund. Klopp \u00e9, atualmente, diretor global de futebol do grupo Red Bull e disse estar emocional ao voltar \u00e0 casa onde esteve nove anos. Disse que \u00e9 embaixador da LFC Foundation e que o regresso \u00e9 especial para ele, para a funda\u00e7\u00e3o e para todos os envolvidos. O reencontro ocorre numa fase em que o seu substituto, Arne Slot, atravessa um per\u00edodo irregular e h\u00e1 especula\u00e7\u00e3o sobre o futuro, apesar de ter ganho a Premier League na \u00faltima temporada.\" \/>\n<meta property=\"og:url\" content=\"https:\/\/portaltela.pt\/noticias\/2026\/03\/23\/klopp-regressa-a-anfield-e-anteve-dia-emotivo\/\" \/>\n<meta property=\"og:site_name\" content=\"Portal Tela Portugal\" \/>\n<meta property=\"article:published_time\" content=\"2026-03-23T15:35:29+00:00\" \/>\n<meta name=\"author\" content=\"Telinha\" \/>\n<meta name=\"twitter:card\" content=\"summary_large_image\" \/>\n<meta name=\"twitter:label1\" content=\"Escrito por\" \/>\n\t<meta name=\"twitter:data1\" content=\"Telinha\" \/>\n\t<meta name=\"twitter:label2\" content=\"Tempo estimado de leitura\" \/>\n\t<meta name=\"twitter:data2\" content=\"1 minuto\" \/>\n<script type=\"application\/ld+json\" class=\"yoast-schema-graph\">{\"@context\":\"https:\/\/schema.org\",\"@graph\":[{\"@type\":\"Article\",\"@id\":\"https:\/\/portaltela.pt\/noticias\/2026\/03\/23\/klopp-regressa-a-anfield-e-anteve-dia-emotivo\/#article\",\"isPartOf\":{\"@id\":\"https:\/\/portaltela.pt\/noticias\/2026\/03\/23\/klopp-regressa-a-anfield-e-anteve-dia-emotivo\/\"},\"author\":{\"name\":\"Telinha\",\"@id\":\"https:\/\/portaltela.pt\/#\/schema\/person\/c4278d4a6028830caff9ee44b42d32ed\"},\"headline\":\"Klopp regressa a Anfield e antev\u00ea dia emotivo\",\"datePublished\":\"2026-03-23T15:35:29+00:00\",\"mainEntityOfPage\":{\"@id\":\"https:\/\/portaltela.pt\/noticias\/2026\/03\/23\/klopp-regressa-a-anfield-e-anteve-dia-emotivo\/\"},\"wordCount\":169,\"image\":{\"@id\":\"https:\/\/portaltela.pt\/noticias\/2026\/03\/23\/klopp-regressa-a-anfield-e-anteve-dia-emotivo\/#primaryimage\"},\"thumbnailUrl\":\"https:\/\/portaltela.pt\/s.01k8rhncp4jt1\/2026\/03\/img_920x518uu2026-03-23-15-27-31-2428899.jpg\",\"keywords\":[\"Borussia Dortmund\",\"comunidade\",\"futebol\",\"J\u00fcrgen Klopp\",\"Liverpool\",\"Solidariedade Social\"],\"articleSection\":[\"Desporto\",\"Futebol\"],\"inLanguage\":\"pt-PT\"},{\"@type\":\"WebPage\",\"@id\":\"https:\/\/portaltela.pt\/noticias\/2026\/03\/23\/klopp-regressa-a-anfield-e-anteve-dia-emotivo\/\",\"url\":\"https:\/\/portaltela.pt\/noticias\/2026\/03\/23\/klopp-regressa-a-anfield-e-anteve-dia-emotivo\/\",\"name\":\"Klopp regressa a Anfield e antev\u00ea dia emotivo - Portal Tela Portugal\",\"isPartOf\":{\"@id\":\"https:\/\/portaltela.pt\/#website\"},\"primaryImageOfPage\":{\"@id\":\"https:\/\/portaltela.pt\/noticias\/2026\/03\/23\/klopp-regressa-a-anfield-e-anteve-dia-emotivo\/#primaryimage\"},\"image\":{\"@id\":\"https:\/\/portaltela.pt\/noticias\/2026\/03\/23\/klopp-regressa-a-anfield-e-anteve-dia-emotivo\/#primaryimage\"},\"thumbnailUrl\":\"https:\/\/portaltela.pt\/s.01k8rhncp4jt1\/2026\/03\/img_920x518uu2026-03-23-15-27-31-2428899.jpg\",\"datePublished\":\"2026-03-23T15:35:29+00:00\",\"author\":{\"@id\":\"https:\/\/portaltela.pt\/#\/schema\/person\/c4278d4a6028830caff9ee44b42d32ed\"},\"breadcrumb\":{\"@id\":\"https:\/\/portaltela.pt\/noticias\/2026\/03\/23\/klopp-regressa-a-anfield-e-anteve-dia-emotivo\/#breadcrumb\"},\"inLanguage\":\"pt-PT\",\"potentialAction\":[{\"@type\":\"ReadAction\",\"target\":[\"https:\/\/portaltela.pt\/noticias\/2026\/03\/23\/klopp-regressa-a-anfield-e-anteve-dia-emotivo\/\"]}]},{\"@type\":\"ImageObject\",\"inLanguage\":\"pt-PT\",\"@id\":\"https:\/\/portaltela.pt\/noticias\/2026\/03\/23\/klopp-regressa-a-anfield-e-anteve-dia-emotivo\/#primaryimage\",\"url\":\"https:\/\/portaltela.pt\/s.01k8rhncp4jt1\/2026\/03\/img_920x518uu2026-03-23-15-27-31-2428899.jpg\",\"contentUrl\":\"https:\/\/portaltela.pt\/s.01k8rhncp4jt1\/2026\/03\/img_920x518uu2026-03-23-15-27-31-2428899.jpg\",\"width\":796,\"height\":448,\"caption\":\"J\u00fcrgen Klopp vai regressar a Anfield\"},{\"@type\":\"BreadcrumbList\",\"@id\":\"https:\/\/portaltela.pt\/noticias\/2026\/03\/23\/klopp-regressa-a-anfield-e-anteve-dia-emotivo\/#breadcrumb\",\"itemListElement\":[{\"@type\":\"ListItem\",\"position\":1,\"name\":\"In\u00edcio\",\"item\":\"https:\/\/portaltela.pt\/\"},{\"@type\":\"ListItem\",\"position\":2,\"name\":\"Klopp regressa a Anfield e antev\u00ea dia emotivo\"}]},{\"@type\":\"WebSite\",\"@id\":\"https:\/\/portaltela.pt\/#website\",\"url\":\"https:\/\/portaltela.pt\/\",\"name\":\"Portal Tela Portugal\",\"description\":\"\",\"potentialAction\":[{\"@type\":\"SearchAction\",\"target\":{\"@type\":\"EntryPoint\",\"urlTemplate\":\"https:\/\/portaltela.pt\/?s={search_term_string}\"},\"query-input\":{\"@type\":\"PropertyValueSpecification\",\"valueRequired\":true,\"valueName\":\"search_term_string\"}}],\"inLanguage\":\"pt-PT\"},{\"@type\":\"Person\",\"@id\":\"https:\/\/portaltela.pt\/#\/schema\/person\/c4278d4a6028830caff9ee44b42d32ed\",\"name\":\"Telinha\",\"image\":{\"@type\":\"ImageObject\",\"inLanguage\":\"pt-PT\",\"@id\":\"https:\/\/portaltela.pt\/s.01k8rhncp4jt1\/2025\/11\/talking-bot-125x125.png\",\"url\":\"https:\/\/portaltela.pt\/s.01k8rhncp4jt1\/2025\/11\/talking-bot-125x125.png\",\"contentUrl\":\"https:\/\/portaltela.pt\/s.01k8rhncp4jt1\/2025\/11\/talking-bot-125x125.png\",\"caption\":\"Telinha\"},\"sameAs\":[\"https:\/\/portaltela.pt\/\"],\"url\":\"https:\/\/portaltela.pt\/por\/367410592786\/\"}]}<\/script>\n<!-- \/ Yoast SEO plugin. -->","yoast_head_json":{"title":"Klopp regressa a Anfield e antev\u00ea dia emotivo - Portal Tela Portugal","robots":{"index":"index","follow":"follow","max-snippet":"max-snippet:-1","max-image-preview":"max-image-preview:large","max-video-preview":"max-video-preview:-1"},"og_locale":"pt_PT","og_type":"article","og_title":"Klopp regressa a Anfield e antev\u00ea dia emotivo - Portal Tela Portugal","og_description":"J\u00fcrgen Klopp vai regressar a Anfield no s\u00e1bado, 28 de mar\u00e7o, quase dois anos depois de deixar o Liverpool. Vai orientar a equipa de lendas dos Reds, ao lado de Kenny Dalglish, num jogo frente \u00e0s lendas do Borussia Dortmund. Klopp \u00e9, atualmente, diretor global de futebol do grupo Red Bull e disse estar emocional ao voltar \u00e0 casa onde esteve nove anos. Disse que \u00e9 embaixador da LFC Foundation e que o regresso \u00e9 especial para ele, para a funda\u00e7\u00e3o e para todos os envolvidos. O reencontro ocorre numa fase em que o seu substituto, Arne Slot, atravessa um per\u00edodo irregular e h\u00e1 especula\u00e7\u00e3o sobre o futuro, apesar de ter ganho a Premier League na \u00faltima temporada.","og_url":"https:\/\/portaltela.pt\/noticias\/2026\/03\/23\/klopp-regressa-a-anfield-e-anteve-dia-emotivo\/","og_site_name":"Portal Tela Portugal","article_published_time":"2026-03-23T15:35:29+00:00","author":"Telinha","twitter_card":"summary_large_image","twitter_misc":{"Escrito por":"Telinha","Tempo estimado de leitura":"1 minuto"},"schema":{"@context":"https:\/\/schema.org","@graph":[{"@type":"Article","@id":"https:\/\/portaltela.pt\/noticias\/2026\/03\/23\/klopp-regressa-a-anfield-e-anteve-dia-emotivo\/#article","isPartOf":{"@id":"https:\/\/portaltela.pt\/noticias\/2026\/03\/23\/klopp-regressa-a-anfield-e-anteve-dia-emotivo\/"},"author":{"name":"Telinha","@id":"https:\/\/portaltela.pt\/#\/schema\/person\/c4278d4a6028830caff9ee44b42d32ed"},"headline":"Klopp regressa a Anfield e antev\u00ea dia emotivo","datePublished":"2026-03-23T15:35:29+00:00","mainEntityOfPage":{"@id":"https:\/\/portaltela.pt\/noticias\/2026\/03\/23\/klopp-regressa-a-anfield-e-anteve-dia-emotivo\/"},"wordCount":169,"image":{"@id":"https:\/\/portaltela.pt\/noticias\/2026\/03\/23\/klopp-regressa-a-anfield-e-anteve-dia-emotivo\/#primaryimage"},"thumbnailUrl":"https:\/\/portaltela.pt\/s.01k8rhncp4jt1\/2026\/03\/img_920x518uu2026-03-23-15-27-31-2428899.jpg","keywords":["Borussia Dortmund","comunidade","futebol","J\u00fcrgen Klopp","Liverpool","Solidariedade Social"],"articleSection":["Desporto","Futebol"],"inLanguage":"pt-PT"},{"@type":"WebPage","@id":"https:\/\/portaltela.pt\/noticias\/2026\/03\/23\/klopp-regressa-a-anfield-e-anteve-dia-emotivo\/","url":"https:\/\/portaltela.pt\/noticias\/2026\/03\/23\/klopp-regressa-a-anfield-e-anteve-dia-emotivo\/","name":"Klopp regressa a Anfield e antev\u00ea dia emotivo - Portal Tela Portugal","isPartOf":{"@id":"https:\/\/portaltela.pt\/#website"},"primaryImageOfPage":{"@id":"https:\/\/portaltela.pt\/noticias\/2026\/03\/23\/klopp-regressa-a-anfield-e-anteve-dia-emotivo\/#primaryimage"},"image":{"@id":"https:\/\/portaltela.pt\/noticias\/2026\/03\/23\/klopp-regressa-a-anfield-e-anteve-dia-emotivo\/#primaryimage"},"thumbnailUrl":"https:\/\/portaltela.pt\/s.01k8rhncp4jt1\/2026\/03\/img_920x518uu2026-03-23-15-27-31-2428899.jpg","datePublished":"2026-03-23T15:35:29+00:00","author":{"@id":"https:\/\/portaltela.pt\/#\/schema\/person\/c4278d4a6028830caff9ee44b42d32ed"},"breadcrumb":{"@id":"https:\/\/portaltela.pt\/noticias\/2026\/03\/23\/klopp-regressa-a-anfield-e-anteve-dia-emotivo\/#breadcrumb"},"inLanguage":"pt-PT","potentialAction":[{"@type":"ReadAction","target":["https:\/\/portaltela.pt\/noticias\/2026\/03\/23\/klopp-regressa-a-anfield-e-anteve-dia-emotivo\/"]}]},{"@type":"ImageObject","inLanguage":"pt-PT","@id":"https:\/\/portaltela.pt\/noticias\/2026\/03\/23\/klopp-regressa-a-anfield-e-anteve-dia-emotivo\/#primaryimage","url":"https:\/\/portaltela.pt\/s.01k8rhncp4jt1\/2026\/03\/img_920x518uu2026-03-23-15-27-31-2428899.jpg","contentUrl":"https:\/\/portaltela.pt\/s.01k8rhncp4jt1\/2026\/03\/img_920x518uu2026-03-23-15-27-31-2428899.jpg","width":796,"height":448,"caption":"J\u00fcrgen Klopp vai regressar a Anfield"},{"@type":"BreadcrumbList","@id":"https:\/\/portaltela.pt\/noticias\/2026\/03\/23\/klopp-regressa-a-anfield-e-anteve-dia-emotivo\/#breadcrumb","itemListElement":[{"@type":"ListItem","position":1,"name":"In\u00edcio","item":"https:\/\/portaltela.pt\/"},{"@type":"ListItem","position":2,"name":"Klopp regressa a Anfield e antev\u00ea dia emotivo"}]},{"@type":"WebSite","@id":"https:\/\/portaltela.pt\/#website","url":"https:\/\/portaltela.pt\/","name":"Portal Tela Portugal","description":"","potentialAction":[{"@type":"SearchAction","target":{"@type":"EntryPoint","urlTemplate":"https:\/\/portaltela.pt\/?s={search_term_string}"},"query-input":{"@type":"PropertyValueSpecification","valueRequired":true,"valueName":"search_term_string"}}],"inLanguage":"pt-PT"},{"@type":"Person","@id":"https:\/\/portaltela.pt\/#\/schema\/person\/c4278d4a6028830caff9ee44b42d32ed","name":"Telinha","image":{"@type":"ImageObject","inLanguage":"pt-PT","@id":"https:\/\/portaltela.pt\/s.01k8rhncp4jt1\/2025\/11\/talking-bot-125x125.png","url":"https:\/\/portaltela.pt\/s.01k8rhncp4jt1\/2025\/11\/talking-bot-125x125.png","contentUrl":"https:\/\/portaltela.pt\/s.01k8rhncp4jt1\/2025\/11\/talking-bot-125x125.png","caption":"Telinha"},"sameAs":["https:\/\/portaltela.pt\/"],"url":"https:\/\/portaltela.pt\/por\/367410592786\/"}]}},"_links":{"self":[{"href":"https:\/\/portaltela.pt\/api\/wp\/v2\/posts\/418649","targetHints":{"allow":["GET"]}}],"collection":[{"href":"https:\/\/portaltela.pt\/api\/wp\/v2\/posts"}],"about":[{"href":"https:\/\/portaltela.pt\/api\/wp\/v2\/types\/post"}],"author":[{"embeddable":true,"href":"https:\/\/portaltela.pt\/api\/wp\/v2\/users\/2"}],"replies":[{"embeddable":true,"href":"https:\/\/portaltela.pt\/api\/wp\/v2\/comments?post=418649"}],"version-history":[{"count":0,"href":"https:\/\/portaltela.pt\/api\/wp\/v2\/posts\/418649\/revisions"}],"wp:featuredmedia":[{"embeddable":true,"href":"https:\/\/portaltela.pt\/api\/wp\/v2\/media\/418651"}],"wp:attachment":[{"href":"https:\/\/portaltela.pt\/api\/wp\/v2\/media?parent=418649"}],"wp:term":[{"taxonomy":"category","embeddable":true,"href":"https:\/\/portaltela.pt\/api\/wp\/v2\/categories?post=418649"},{"taxonomy":"post_tag","embeddable":true,"href":"https:\/\/portaltela.pt\/api\/wp\/v2\/tags?post=418649"}],"curies":[{"name":"wp","href":"https:\/\/api.w.org\/{rel}","templated":true}]}}