{"id":418636,"date":"2026-03-23T12:32:12","date_gmt":"2026-03-23T15:32:12","guid":{"rendered":"https:\/\/portaltela.pt\/noticias\/2026\/03\/23\/lideres-discutem-cooperacao-e-governanca-em-forum-internacional\/"},"modified":"2026-03-23T12:32:12","modified_gmt":"2026-03-23T15:32:12","slug":"lideres-discutem-cooperacao-e-governanca-em-forum-internacional","status":"publish","type":"post","link":"https:\/\/portaltela.pt\/noticias\/2026\/03\/23\/lideres-discutem-cooperacao-e-governanca-em-forum-internacional\/","title":{"rendered":"L\u00edderes discutem coopera\u00e7\u00e3o e governan\u00e7a em f\u00f3rum internacional"},"content":{"rendered":"<p>O 13.\u00ba F\u00f3rum Global de Bacu reuniu l\u00edderes mundiais, antigos chefes de Estado e decisores pol\u00edticos para discutir governan\u00e7a, seguran\u00e7a energ\u00e9tica e coopera\u00e7\u00e3o. O encontro decorreu ao longo de tr\u00eas dias, em Bacu, com o objetivo de enfrentar desafios globais.<\/p>\n<p>Os debates centraram-se na governan\u00e7a mundial, nas tens\u00f5es geopol\u00edticas e na incerteza econ\u00f3mica. Os participantes analisaram a seguran\u00e7a energ\u00e9tica, a transi\u00e7\u00e3o clim\u00e1tica e a migra\u00e7\u00e3o, destacando as liga\u00e7\u00f5es entre estes temas.<\/p>\n<p>Embora o evento n\u00e3o gere resultados formais, funciona como plataforma para a troca de perspetivas e para delinear linhas de coopera\u00e7\u00e3o internacional entre regi\u00f5es e atores globais.<\/p>\n","protected":false},"excerpt":{"rendered":"<ul>\n<li>O 13.\u00ba F\u00f3rum Global de Bacu reuniu l\u00edderes mundiais, antigos chefes de Estado e decisores pol\u00edticos para debater governan\u00e7a, seguran\u00e7a energ\u00e9tica e coopera\u00e7\u00e3o.<\/li>\n<li>Durante tr\u00eas dias, os debates centraram-se na governan\u00e7a mundial, tens\u00f5es geopol\u00edticas e incerteza econ\u00f3mica.<\/li>\n<li>Os participantes discutiram seguran\u00e7a energ\u00e9tica, transi\u00e7\u00e3o clim\u00e1tica e migra\u00e7\u00e3o, destacando as liga\u00e7\u00f5es entre estes temas.<\/li>\n<li>O evento sublinhou a import\u00e2ncia da coopera\u00e7\u00e3o entre regi\u00f5es e do di\u00e1logo na resposta a desafios pol\u00edticos complexos.<\/li>\n<li>Embora n\u00e3o produza resultados formais, funciona como plataforma para a partilha de perspetivas e para delinear conversas sobre coopera\u00e7\u00e3o internacional.<\/li>\n<\/ul>\n","protected":false},"author":2,"featured_media":418641,"comment_status":"closed","ping_status":"closed","sticky":false,"template":"","format":"standard","meta":{"footnotes":""},"categories":[6814,1],"tags":[256,174,66,1274,1456,5156],"class_list":["post-418636","post","type-post","status-publish","format-standard","has-post-thumbnail","hentry","category-geopolitica","category-noticias","tag-cooperacao-internacional","tag-energia","tag-geopolitica","tag-governanca","tag-migracao","tag-transicao-climatica"],"yoast_head":"<!-- This site is optimized with the Yoast SEO plugin v27.2 - https:\/\/yoast.com\/product\/yoast-seo-wordpress\/ -->\n<title>L\u00edderes discutem coopera\u00e7\u00e3o e governan\u00e7a em f\u00f3rum internacional - Portal Tela Portugal<\/title>\n<meta name=\"robots\" content=\"index, follow, max-snippet:-1, max-image-preview:large, max-video-preview:-1\" \/>\n<meta property=\"og:locale\" content=\"pt_PT\" \/>\n<meta property=\"og:type\" content=\"article\" \/>\n<meta property=\"og:title\" content=\"L\u00edderes discutem coopera\u00e7\u00e3o e governan\u00e7a em f\u00f3rum internacional - Portal Tela Portugal\" \/>\n<meta property=\"og:description\" content=\"O 13.\u00ba F\u00f3rum Global de Bacu reuniu l\u00edderes mundiais, antigos chefes de Estado e decisores pol\u00edticos para debater governan\u00e7a, seguran\u00e7a energ\u00e9tica e coopera\u00e7\u00e3o. Durante tr\u00eas dias, os debates centraram-se na governan\u00e7a mundial, tens\u00f5es geopol\u00edticas e incerteza econ\u00f3mica. Os participantes discutiram seguran\u00e7a energ\u00e9tica, transi\u00e7\u00e3o clim\u00e1tica e migra\u00e7\u00e3o, destacando as liga\u00e7\u00f5es entre estes temas. O evento sublinhou a import\u00e2ncia da coopera\u00e7\u00e3o entre regi\u00f5es e do di\u00e1logo na resposta a desafios pol\u00edticos complexos. Embora n\u00e3o produza resultados formais, funciona como plataforma para a partilha de perspetivas e para delinear conversas sobre coopera\u00e7\u00e3o internacional.\" \/>\n<meta property=\"og:url\" content=\"https:\/\/portaltela.pt\/noticias\/2026\/03\/23\/lideres-discutem-cooperacao-e-governanca-em-forum-internacional\/\" \/>\n<meta property=\"og:site_name\" content=\"Portal Tela Portugal\" \/>\n<meta property=\"article:published_time\" content=\"2026-03-23T15:32:12+00:00\" \/>\n<meta name=\"author\" content=\"Telinha\" \/>\n<meta name=\"twitter:card\" content=\"summary_large_image\" \/>\n<meta name=\"twitter:label1\" content=\"Escrito por\" \/>\n\t<meta name=\"twitter:data1\" content=\"Telinha\" \/>\n\t<meta name=\"twitter:label2\" content=\"Tempo estimado de leitura\" \/>\n\t<meta name=\"twitter:data2\" content=\"1 minuto\" \/>\n<script type=\"application\/ld+json\" class=\"yoast-schema-graph\">{\"@context\":\"https:\/\/schema.org\",\"@graph\":[{\"@type\":\"Article\",\"@id\":\"https:\/\/portaltela.pt\/noticias\/2026\/03\/23\/lideres-discutem-cooperacao-e-governanca-em-forum-internacional\/#article\",\"isPartOf\":{\"@id\":\"https:\/\/portaltela.pt\/noticias\/2026\/03\/23\/lideres-discutem-cooperacao-e-governanca-em-forum-internacional\/\"},\"author\":{\"name\":\"Telinha\",\"@id\":\"https:\/\/portaltela.pt\/#\/schema\/person\/c4278d4a6028830caff9ee44b42d32ed\"},\"headline\":\"L\u00edderes discutem coopera\u00e7\u00e3o e governan\u00e7a em f\u00f3rum internacional\",\"datePublished\":\"2026-03-23T15:32:12+00:00\",\"mainEntityOfPage\":{\"@id\":\"https:\/\/portaltela.pt\/noticias\/2026\/03\/23\/lideres-discutem-cooperacao-e-governanca-em-forum-internacional\/\"},\"wordCount\":130,\"image\":{\"@id\":\"https:\/\/portaltela.pt\/noticias\/2026\/03\/23\/lideres-discutem-cooperacao-e-governanca-em-forum-internacional\/#primaryimage\"},\"thumbnailUrl\":\"https:\/\/portaltela.pt\/s.01k8rhncp4jt1\/2026\/03\/1536x864_cmsv2_0571b30f-330c-5d06-8051-a768293daacb-9687628.jpg\",\"keywords\":[\"coopera\u00e7\u00e3o internacional\",\"energia\",\"geopol\u00edtica\",\"governan\u00e7a\",\"migra\u00e7\u00e3o\",\"Transi\u00e7\u00e3o Clim\u00e1tica\"],\"articleSection\":[\"Geopol\u00edtica\",\"Not\u00edcias\"],\"inLanguage\":\"pt-PT\"},{\"@type\":\"WebPage\",\"@id\":\"https:\/\/portaltela.pt\/noticias\/2026\/03\/23\/lideres-discutem-cooperacao-e-governanca-em-forum-internacional\/\",\"url\":\"https:\/\/portaltela.pt\/noticias\/2026\/03\/23\/lideres-discutem-cooperacao-e-governanca-em-forum-internacional\/\",\"name\":\"L\u00edderes discutem coopera\u00e7\u00e3o e governan\u00e7a em f\u00f3rum internacional - Portal Tela Portugal\",\"isPartOf\":{\"@id\":\"https:\/\/portaltela.pt\/#website\"},\"primaryImageOfPage\":{\"@id\":\"https:\/\/portaltela.pt\/noticias\/2026\/03\/23\/lideres-discutem-cooperacao-e-governanca-em-forum-internacional\/#primaryimage\"},\"image\":{\"@id\":\"https:\/\/portaltela.pt\/noticias\/2026\/03\/23\/lideres-discutem-cooperacao-e-governanca-em-forum-internacional\/#primaryimage\"},\"thumbnailUrl\":\"https:\/\/portaltela.pt\/s.01k8rhncp4jt1\/2026\/03\/1536x864_cmsv2_0571b30f-330c-5d06-8051-a768293daacb-9687628.jpg\",\"datePublished\":\"2026-03-23T15:32:12+00:00\",\"author\":{\"@id\":\"https:\/\/portaltela.pt\/#\/schema\/person\/c4278d4a6028830caff9ee44b42d32ed\"},\"breadcrumb\":{\"@id\":\"https:\/\/portaltela.pt\/noticias\/2026\/03\/23\/lideres-discutem-cooperacao-e-governanca-em-forum-internacional\/#breadcrumb\"},\"inLanguage\":\"pt-PT\",\"potentialAction\":[{\"@type\":\"ReadAction\",\"target\":[\"https:\/\/portaltela.pt\/noticias\/2026\/03\/23\/lideres-discutem-cooperacao-e-governanca-em-forum-internacional\/\"]}]},{\"@type\":\"ImageObject\",\"inLanguage\":\"pt-PT\",\"@id\":\"https:\/\/portaltela.pt\/noticias\/2026\/03\/23\/lideres-discutem-cooperacao-e-governanca-em-forum-internacional\/#primaryimage\",\"url\":\"https:\/\/portaltela.pt\/s.01k8rhncp4jt1\/2026\/03\/1536x864_cmsv2_0571b30f-330c-5d06-8051-a768293daacb-9687628.jpg\",\"contentUrl\":\"https:\/\/portaltela.pt\/s.01k8rhncp4jt1\/2026\/03\/1536x864_cmsv2_0571b30f-330c-5d06-8051-a768293daacb-9687628.jpg\",\"width\":1536,\"height\":864,\"caption\":\"L\u00edderes mundiais debatem coopera\u00e7\u00e3o e governan\u00e7a em f\u00f3rum internacional\"},{\"@type\":\"BreadcrumbList\",\"@id\":\"https:\/\/portaltela.pt\/noticias\/2026\/03\/23\/lideres-discutem-cooperacao-e-governanca-em-forum-internacional\/#breadcrumb\",\"itemListElement\":[{\"@type\":\"ListItem\",\"position\":1,\"name\":\"In\u00edcio\",\"item\":\"https:\/\/portaltela.pt\/\"},{\"@type\":\"ListItem\",\"position\":2,\"name\":\"L\u00edderes discutem coopera\u00e7\u00e3o e governan\u00e7a em f\u00f3rum internacional\"}]},{\"@type\":\"WebSite\",\"@id\":\"https:\/\/portaltela.pt\/#website\",\"url\":\"https:\/\/portaltela.pt\/\",\"name\":\"Portal Tela Portugal\",\"description\":\"\",\"potentialAction\":[{\"@type\":\"SearchAction\",\"target\":{\"@type\":\"EntryPoint\",\"urlTemplate\":\"https:\/\/portaltela.pt\/?s={search_term_string}\"},\"query-input\":{\"@type\":\"PropertyValueSpecification\",\"valueRequired\":true,\"valueName\":\"search_term_string\"}}],\"inLanguage\":\"pt-PT\"},{\"@type\":\"Person\",\"@id\":\"https:\/\/portaltela.pt\/#\/schema\/person\/c4278d4a6028830caff9ee44b42d32ed\",\"name\":\"Telinha\",\"image\":{\"@type\":\"ImageObject\",\"inLanguage\":\"pt-PT\",\"@id\":\"https:\/\/portaltela.pt\/s.01k8rhncp4jt1\/2025\/11\/talking-bot-125x125.png\",\"url\":\"https:\/\/portaltela.pt\/s.01k8rhncp4jt1\/2025\/11\/talking-bot-125x125.png\",\"contentUrl\":\"https:\/\/portaltela.pt\/s.01k8rhncp4jt1\/2025\/11\/talking-bot-125x125.png\",\"caption\":\"Telinha\"},\"sameAs\":[\"https:\/\/portaltela.pt\/\"],\"url\":\"https:\/\/portaltela.pt\/por\/367410592786\/\"}]}<\/script>\n<!-- \/ Yoast SEO plugin. -->","yoast_head_json":{"title":"L\u00edderes discutem coopera\u00e7\u00e3o e governan\u00e7a em f\u00f3rum internacional - Portal Tela Portugal","robots":{"index":"index","follow":"follow","max-snippet":"max-snippet:-1","max-image-preview":"max-image-preview:large","max-video-preview":"max-video-preview:-1"},"og_locale":"pt_PT","og_type":"article","og_title":"L\u00edderes discutem coopera\u00e7\u00e3o e governan\u00e7a em f\u00f3rum internacional - Portal Tela Portugal","og_description":"O 13.\u00ba F\u00f3rum Global de Bacu reuniu l\u00edderes mundiais, antigos chefes de Estado e decisores pol\u00edticos para debater governan\u00e7a, seguran\u00e7a energ\u00e9tica e coopera\u00e7\u00e3o. Durante tr\u00eas dias, os debates centraram-se na governan\u00e7a mundial, tens\u00f5es geopol\u00edticas e incerteza econ\u00f3mica. Os participantes discutiram seguran\u00e7a energ\u00e9tica, transi\u00e7\u00e3o clim\u00e1tica e migra\u00e7\u00e3o, destacando as liga\u00e7\u00f5es entre estes temas. O evento sublinhou a import\u00e2ncia da coopera\u00e7\u00e3o entre regi\u00f5es e do di\u00e1logo na resposta a desafios pol\u00edticos complexos. Embora n\u00e3o produza resultados formais, funciona como plataforma para a partilha de perspetivas e para delinear conversas sobre coopera\u00e7\u00e3o internacional.","og_url":"https:\/\/portaltela.pt\/noticias\/2026\/03\/23\/lideres-discutem-cooperacao-e-governanca-em-forum-internacional\/","og_site_name":"Portal Tela Portugal","article_published_time":"2026-03-23T15:32:12+00:00","author":"Telinha","twitter_card":"summary_large_image","twitter_misc":{"Escrito por":"Telinha","Tempo estimado de leitura":"1 minuto"},"schema":{"@context":"https:\/\/schema.org","@graph":[{"@type":"Article","@id":"https:\/\/portaltela.pt\/noticias\/2026\/03\/23\/lideres-discutem-cooperacao-e-governanca-em-forum-internacional\/#article","isPartOf":{"@id":"https:\/\/portaltela.pt\/noticias\/2026\/03\/23\/lideres-discutem-cooperacao-e-governanca-em-forum-internacional\/"},"author":{"name":"Telinha","@id":"https:\/\/portaltela.pt\/#\/schema\/person\/c4278d4a6028830caff9ee44b42d32ed"},"headline":"L\u00edderes discutem coopera\u00e7\u00e3o e governan\u00e7a em f\u00f3rum internacional","datePublished":"2026-03-23T15:32:12+00:00","mainEntityOfPage":{"@id":"https:\/\/portaltela.pt\/noticias\/2026\/03\/23\/lideres-discutem-cooperacao-e-governanca-em-forum-internacional\/"},"wordCount":130,"image":{"@id":"https:\/\/portaltela.pt\/noticias\/2026\/03\/23\/lideres-discutem-cooperacao-e-governanca-em-forum-internacional\/#primaryimage"},"thumbnailUrl":"https:\/\/portaltela.pt\/s.01k8rhncp4jt1\/2026\/03\/1536x864_cmsv2_0571b30f-330c-5d06-8051-a768293daacb-9687628.jpg","keywords":["coopera\u00e7\u00e3o internacional","energia","geopol\u00edtica","governan\u00e7a","migra\u00e7\u00e3o","Transi\u00e7\u00e3o Clim\u00e1tica"],"articleSection":["Geopol\u00edtica","Not\u00edcias"],"inLanguage":"pt-PT"},{"@type":"WebPage","@id":"https:\/\/portaltela.pt\/noticias\/2026\/03\/23\/lideres-discutem-cooperacao-e-governanca-em-forum-internacional\/","url":"https:\/\/portaltela.pt\/noticias\/2026\/03\/23\/lideres-discutem-cooperacao-e-governanca-em-forum-internacional\/","name":"L\u00edderes discutem coopera\u00e7\u00e3o e governan\u00e7a em f\u00f3rum internacional - Portal Tela Portugal","isPartOf":{"@id":"https:\/\/portaltela.pt\/#website"},"primaryImageOfPage":{"@id":"https:\/\/portaltela.pt\/noticias\/2026\/03\/23\/lideres-discutem-cooperacao-e-governanca-em-forum-internacional\/#primaryimage"},"image":{"@id":"https:\/\/portaltela.pt\/noticias\/2026\/03\/23\/lideres-discutem-cooperacao-e-governanca-em-forum-internacional\/#primaryimage"},"thumbnailUrl":"https:\/\/portaltela.pt\/s.01k8rhncp4jt1\/2026\/03\/1536x864_cmsv2_0571b30f-330c-5d06-8051-a768293daacb-9687628.jpg","datePublished":"2026-03-23T15:32:12+00:00","author":{"@id":"https:\/\/portaltela.pt\/#\/schema\/person\/c4278d4a6028830caff9ee44b42d32ed"},"breadcrumb":{"@id":"https:\/\/portaltela.pt\/noticias\/2026\/03\/23\/lideres-discutem-cooperacao-e-governanca-em-forum-internacional\/#breadcrumb"},"inLanguage":"pt-PT","potentialAction":[{"@type":"ReadAction","target":["https:\/\/portaltela.pt\/noticias\/2026\/03\/23\/lideres-discutem-cooperacao-e-governanca-em-forum-internacional\/"]}]},{"@type":"ImageObject","inLanguage":"pt-PT","@id":"https:\/\/portaltela.pt\/noticias\/2026\/03\/23\/lideres-discutem-cooperacao-e-governanca-em-forum-internacional\/#primaryimage","url":"https:\/\/portaltela.pt\/s.01k8rhncp4jt1\/2026\/03\/1536x864_cmsv2_0571b30f-330c-5d06-8051-a768293daacb-9687628.jpg","contentUrl":"https:\/\/portaltela.pt\/s.01k8rhncp4jt1\/2026\/03\/1536x864_cmsv2_0571b30f-330c-5d06-8051-a768293daacb-9687628.jpg","width":1536,"height":864,"caption":"L\u00edderes mundiais debatem coopera\u00e7\u00e3o e governan\u00e7a em f\u00f3rum internacional"},{"@type":"BreadcrumbList","@id":"https:\/\/portaltela.pt\/noticias\/2026\/03\/23\/lideres-discutem-cooperacao-e-governanca-em-forum-internacional\/#breadcrumb","itemListElement":[{"@type":"ListItem","position":1,"name":"In\u00edcio","item":"https:\/\/portaltela.pt\/"},{"@type":"ListItem","position":2,"name":"L\u00edderes discutem coopera\u00e7\u00e3o e governan\u00e7a em f\u00f3rum internacional"}]},{"@type":"WebSite","@id":"https:\/\/portaltela.pt\/#website","url":"https:\/\/portaltela.pt\/","name":"Portal Tela Portugal","description":"","potentialAction":[{"@type":"SearchAction","target":{"@type":"EntryPoint","urlTemplate":"https:\/\/portaltela.pt\/?s={search_term_string}"},"query-input":{"@type":"PropertyValueSpecification","valueRequired":true,"valueName":"search_term_string"}}],"inLanguage":"pt-PT"},{"@type":"Person","@id":"https:\/\/portaltela.pt\/#\/schema\/person\/c4278d4a6028830caff9ee44b42d32ed","name":"Telinha","image":{"@type":"ImageObject","inLanguage":"pt-PT","@id":"https:\/\/portaltela.pt\/s.01k8rhncp4jt1\/2025\/11\/talking-bot-125x125.png","url":"https:\/\/portaltela.pt\/s.01k8rhncp4jt1\/2025\/11\/talking-bot-125x125.png","contentUrl":"https:\/\/portaltela.pt\/s.01k8rhncp4jt1\/2025\/11\/talking-bot-125x125.png","caption":"Telinha"},"sameAs":["https:\/\/portaltela.pt\/"],"url":"https:\/\/portaltela.pt\/por\/367410592786\/"}]}},"_links":{"self":[{"href":"https:\/\/portaltela.pt\/api\/wp\/v2\/posts\/418636","targetHints":{"allow":["GET"]}}],"collection":[{"href":"https:\/\/portaltela.pt\/api\/wp\/v2\/posts"}],"about":[{"href":"https:\/\/portaltela.pt\/api\/wp\/v2\/types\/post"}],"author":[{"embeddable":true,"href":"https:\/\/portaltela.pt\/api\/wp\/v2\/users\/2"}],"replies":[{"embeddable":true,"href":"https:\/\/portaltela.pt\/api\/wp\/v2\/comments?post=418636"}],"version-history":[{"count":0,"href":"https:\/\/portaltela.pt\/api\/wp\/v2\/posts\/418636\/revisions"}],"wp:featuredmedia":[{"embeddable":true,"href":"https:\/\/portaltela.pt\/api\/wp\/v2\/media\/418641"}],"wp:attachment":[{"href":"https:\/\/portaltela.pt\/api\/wp\/v2\/media?parent=418636"}],"wp:term":[{"taxonomy":"category","embeddable":true,"href":"https:\/\/portaltela.pt\/api\/wp\/v2\/categories?post=418636"},{"taxonomy":"post_tag","embeddable":true,"href":"https:\/\/portaltela.pt\/api\/wp\/v2\/tags?post=418636"}],"curies":[{"name":"wp","href":"https:\/\/api.w.org\/{rel}","templated":true}]}}