{"id":418632,"date":"2026-03-23T12:32:07","date_gmt":"2026-03-23T15:32:07","guid":{"rendered":"https:\/\/portaltela.pt\/noticias\/2026\/03\/23\/tempe-julgamento-da-tragedia-ferroviaria-adiado-para-1-de-abril\/"},"modified":"2026-03-23T12:32:07","modified_gmt":"2026-03-23T15:32:07","slug":"tempe-julgamento-da-tragedia-ferroviaria-adiado-para-1-de-abril","status":"publish","type":"post","link":"https:\/\/portaltela.pt\/justica\/2026\/03\/23\/tempe-julgamento-da-tragedia-ferroviaria-adiado-para-1-de-abril\/","title":{"rendered":"Tempe: julgamento da trag\u00e9dia ferrovi\u00e1ria adiado para 1 de abril"},"content":{"rendered":"<p>O julgamento sobre a trag\u00e9dia de Tempe foi adiado para 1 de abril devido aos protestos contra a capacidade da sala de audi\u00eancias. O juiz-presidente, de um tribunal penal de recurso, afirmou que n\u00e3o h\u00e1 tempo para prosseguir diante das condi\u00e7\u00f5es existentes, e o processo foi suspenso temporariamente.<\/p>\n<p>A audi\u00eancia iniciou com a leitura da pron\u00fancia dos arguidos e da acusa\u00e7\u00e3o. O despacho de pron\u00fancia soma 1.267 p\u00e1ginas, com cinco acusa\u00e7\u00f5es, principalmente de natureza dolosa. Os autos totalizam 570 documentos. O adiamento ocorreu ap\u00f3s v\u00e1rias tentativas de avan\u00e7ar sem solu\u00e7\u00f5es para a capacidade da sala.<\/p>\n<h3>Condi\u00e7\u00f5es da sala e cr\u00edticas \u00e0 organiza\u00e7\u00e3o<\/h3>\n<p>Logo a seguir, o ambiente foi alvo de cr\u00edticas, com protestos cont\u00ednuos contra a capacidade da sala do edif\u00edcio Geopolis, em Larissa. A cerim\u00f3nia decorreu num espa\u00e7o com insuficiente lota\u00e7\u00e3o para o p\u00fablico, e houve problemas t\u00e9cnicos com a ac\u00fastidade.<\/p>\n<p>Foram implementadas medidas de seguran\u00e7a rigorosas: entradas separadas para ju\u00edzes, advogados, familiares das v\u00edtimas e imprensa; contentores para jornalistas e apoio da Cruz Vermelha em caso de emerg\u00eancia. Fam\u00edlias, sobreviventes e testemunhas mantiveram-se pr\u00f3ximas da entrada principal.<\/p>\n<h3>Rea\u00e7\u00f5es das fam\u00edlias e deputados<\/h3>\n<p>Familiares das v\u00edtimas expressaram frustra\u00e7\u00e3o com as condi\u00e7\u00f5es do julgamento, questionando a exist\u00eancia de acusa\u00e7\u00f5es para algumas entidades. O debate tamb\u00e9m envolveu representantes de organiza\u00e7\u00f5es legais, apontando falhas estruturais no processo.<\/p>\n<p>Entre os presentes, o pai de uma das v\u00edtimas pediu que o esperado desfecho judicial ocorra para que os arguidos sejam apresentados \u00e0 justi\u00e7a. Outro familiar descreveu o processo como hist\u00f3rico, destacando a import\u00e2ncia de esclarecer as responsabilidades.<\/p>\n<h3>Contexto pol\u00edtico e mobiliza\u00e7\u00e3o p\u00fablica<\/h3>\n<p>O julgamento gerou uma manifesta\u00e7\u00e3o com slogans em defesa das v\u00edtimas. A pol\u00edcia esteve presente com um contingente relevante perto do Centro de Confer\u00eancias. Um eurodeputado tamb\u00e9m participou, sinalizando apoio \u00e0s fam\u00edlias e \u00e0 continuidade da luta por justi\u00e7a.<\/p>\n","protected":false},"excerpt":{"rendered":"<ul>\n<li>Julgamento da trag\u00e9dia de Tempe ficou adiado para 1 de abril, ap\u00f3s protestos sobre as condi\u00e7\u00f5es da sala de audi\u00eancias em Larissa.<\/li>\n<li>A audi\u00eancia come\u00e7ou com a pron\u00fancia dos arguidos e leitura da acusa\u00e7\u00e3o; o despacho de pron\u00fancia tem 1.267 p\u00e1ginas, com cinco acusa\u00e7\u00f5es.<\/li>\n<li>Protestos continuaram pela capacidade da sala, com falta de assentos para o p\u00fablico (cerca de 120 lugares) e problemas de ac\u00fastica; 250 advogados presentes.<\/li>\n<li>Medidas de seguran\u00e7a foram refor\u00e7adas: entradas separadas para ju\u00edzes, advogados, familiares, imprensa e outros; jornalistas acomodados em contentores; Cruz Vermelha dispon\u00edvel.<\/li>\n<li>Familiares das v\u00edtimas e oponentes pol\u00edticos afirmaram que as condi\u00e7\u00f5es n\u00e3o s\u00e3o adequadas e pediram transpar\u00eancia e responsabilidade, com manifesta\u00e7\u00f5es no local.<\/li>\n<\/ul>\n","protected":false},"author":2,"featured_media":418637,"comment_status":"closed","ping_status":"closed","sticky":false,"template":"","format":"standard","meta":{"footnotes":""},"categories":[6815],"tags":[4197,147,148,803,2857,6208],"class_list":["post-418632","post","type-post","status-publish","format-standard","has-post-thumbnail","hentry","category-justica","tag-acusacao-crime","tag-crime","tag-familias","tag-justica","tag-protestos","tag-tribunais"],"yoast_head":"<!-- This site is optimized with the Yoast SEO plugin v27.2 - https:\/\/yoast.com\/product\/yoast-seo-wordpress\/ -->\n<title>Tempe: julgamento da trag\u00e9dia ferrovi\u00e1ria adiado para 1 de abril - Portal Tela Portugal<\/title>\n<meta name=\"robots\" content=\"index, follow, max-snippet:-1, max-image-preview:large, max-video-preview:-1\" \/>\n<meta property=\"og:locale\" content=\"pt_PT\" \/>\n<meta property=\"og:type\" content=\"article\" \/>\n<meta property=\"og:title\" content=\"Tempe: julgamento da trag\u00e9dia ferrovi\u00e1ria adiado para 1 de abril - Portal Tela Portugal\" \/>\n<meta property=\"og:description\" content=\"Julgamento da trag\u00e9dia de Tempe ficou adiado para 1 de abril, ap\u00f3s protestos sobre as condi\u00e7\u00f5es da sala de audi\u00eancias em Larissa. A audi\u00eancia come\u00e7ou com a pron\u00fancia dos arguidos e leitura da acusa\u00e7\u00e3o; o despacho de pron\u00fancia tem 1.267 p\u00e1ginas, com cinco acusa\u00e7\u00f5es. Protestos continuaram pela capacidade da sala, com falta de assentos para o p\u00fablico (cerca de 120 lugares) e problemas de ac\u00fastica; 250 advogados presentes. Medidas de seguran\u00e7a foram refor\u00e7adas: entradas separadas para ju\u00edzes, advogados, familiares, imprensa e outros; jornalistas acomodados em contentores; Cruz Vermelha dispon\u00edvel. Familiares das v\u00edtimas e oponentes pol\u00edticos afirmaram que as condi\u00e7\u00f5es n\u00e3o s\u00e3o adequadas e pediram transpar\u00eancia e responsabilidade, com manifesta\u00e7\u00f5es no local.\" \/>\n<meta property=\"og:url\" content=\"https:\/\/portaltela.pt\/noticias\/2026\/03\/23\/tempe-julgamento-da-tragedia-ferroviaria-adiado-para-1-de-abril\/\" \/>\n<meta property=\"og:site_name\" content=\"Portal Tela Portugal\" \/>\n<meta property=\"article:published_time\" content=\"2026-03-23T15:32:07+00:00\" \/>\n<meta name=\"author\" content=\"Telinha\" \/>\n<meta name=\"twitter:card\" content=\"summary_large_image\" \/>\n<meta name=\"twitter:label1\" content=\"Escrito por\" \/>\n\t<meta name=\"twitter:data1\" content=\"Telinha\" \/>\n\t<meta name=\"twitter:label2\" content=\"Tempo estimado de leitura\" \/>\n\t<meta name=\"twitter:data2\" content=\"2 minutos\" \/>\n<script type=\"application\/ld+json\" class=\"yoast-schema-graph\">{\"@context\":\"https:\/\/schema.org\",\"@graph\":[{\"@type\":\"Article\",\"@id\":\"https:\/\/portaltela.pt\/noticias\/2026\/03\/23\/tempe-julgamento-da-tragedia-ferroviaria-adiado-para-1-de-abril\/#article\",\"isPartOf\":{\"@id\":\"https:\/\/portaltela.pt\/noticias\/2026\/03\/23\/tempe-julgamento-da-tragedia-ferroviaria-adiado-para-1-de-abril\/\"},\"author\":{\"name\":\"Telinha\",\"@id\":\"https:\/\/portaltela.pt\/#\/schema\/person\/c4278d4a6028830caff9ee44b42d32ed\"},\"headline\":\"Tempe: julgamento da trag\u00e9dia ferrovi\u00e1ria adiado para 1 de abril\",\"datePublished\":\"2026-03-23T15:32:07+00:00\",\"mainEntityOfPage\":{\"@id\":\"https:\/\/portaltela.pt\/noticias\/2026\/03\/23\/tempe-julgamento-da-tragedia-ferroviaria-adiado-para-1-de-abril\/\"},\"wordCount\":357,\"image\":{\"@id\":\"https:\/\/portaltela.pt\/noticias\/2026\/03\/23\/tempe-julgamento-da-tragedia-ferroviaria-adiado-para-1-de-abril\/#primaryimage\"},\"thumbnailUrl\":\"https:\/\/portaltela.pt\/s.01k8rhncp4jt1\/2026\/03\/1536x864_cmsv2_769dab84-e495-5321-a042-a35967f9bfeb-9694752.jpg\",\"keywords\":[\"acusa\u00e7\u00e3o-crime\",\"crime\",\"fam\u00edlias\",\"justi\u00e7a\",\"protestos\",\"Tribunais\"],\"articleSection\":[\"Justi\u00e7a\"],\"inLanguage\":\"pt-PT\"},{\"@type\":\"WebPage\",\"@id\":\"https:\/\/portaltela.pt\/noticias\/2026\/03\/23\/tempe-julgamento-da-tragedia-ferroviaria-adiado-para-1-de-abril\/\",\"url\":\"https:\/\/portaltela.pt\/noticias\/2026\/03\/23\/tempe-julgamento-da-tragedia-ferroviaria-adiado-para-1-de-abril\/\",\"name\":\"Tempe: julgamento da trag\u00e9dia ferrovi\u00e1ria adiado para 1 de abril - Portal Tela Portugal\",\"isPartOf\":{\"@id\":\"https:\/\/portaltela.pt\/#website\"},\"primaryImageOfPage\":{\"@id\":\"https:\/\/portaltela.pt\/noticias\/2026\/03\/23\/tempe-julgamento-da-tragedia-ferroviaria-adiado-para-1-de-abril\/#primaryimage\"},\"image\":{\"@id\":\"https:\/\/portaltela.pt\/noticias\/2026\/03\/23\/tempe-julgamento-da-tragedia-ferroviaria-adiado-para-1-de-abril\/#primaryimage\"},\"thumbnailUrl\":\"https:\/\/portaltela.pt\/s.01k8rhncp4jt1\/2026\/03\/1536x864_cmsv2_769dab84-e495-5321-a042-a35967f9bfeb-9694752.jpg\",\"datePublished\":\"2026-03-23T15:32:07+00:00\",\"author\":{\"@id\":\"https:\/\/portaltela.pt\/#\/schema\/person\/c4278d4a6028830caff9ee44b42d32ed\"},\"breadcrumb\":{\"@id\":\"https:\/\/portaltela.pt\/noticias\/2026\/03\/23\/tempe-julgamento-da-tragedia-ferroviaria-adiado-para-1-de-abril\/#breadcrumb\"},\"inLanguage\":\"pt-PT\",\"potentialAction\":[{\"@type\":\"ReadAction\",\"target\":[\"https:\/\/portaltela.pt\/noticias\/2026\/03\/23\/tempe-julgamento-da-tragedia-ferroviaria-adiado-para-1-de-abril\/\"]}]},{\"@type\":\"ImageObject\",\"inLanguage\":\"pt-PT\",\"@id\":\"https:\/\/portaltela.pt\/noticias\/2026\/03\/23\/tempe-julgamento-da-tragedia-ferroviaria-adiado-para-1-de-abril\/#primaryimage\",\"url\":\"https:\/\/portaltela.pt\/s.01k8rhncp4jt1\/2026\/03\/1536x864_cmsv2_769dab84-e495-5321-a042-a35967f9bfeb-9694752.jpg\",\"contentUrl\":\"https:\/\/portaltela.pt\/s.01k8rhncp4jt1\/2026\/03\/1536x864_cmsv2_769dab84-e495-5321-a042-a35967f9bfeb-9694752.jpg\",\"width\":796,\"height\":448,\"caption\":\"Julgamento para Tempi\"},{\"@type\":\"BreadcrumbList\",\"@id\":\"https:\/\/portaltela.pt\/noticias\/2026\/03\/23\/tempe-julgamento-da-tragedia-ferroviaria-adiado-para-1-de-abril\/#breadcrumb\",\"itemListElement\":[{\"@type\":\"ListItem\",\"position\":1,\"name\":\"In\u00edcio\",\"item\":\"https:\/\/portaltela.pt\/\"},{\"@type\":\"ListItem\",\"position\":2,\"name\":\"Tempe: julgamento da trag\u00e9dia ferrovi\u00e1ria adiado para 1 de abril\"}]},{\"@type\":\"WebSite\",\"@id\":\"https:\/\/portaltela.pt\/#website\",\"url\":\"https:\/\/portaltela.pt\/\",\"name\":\"Portal Tela Portugal\",\"description\":\"\",\"potentialAction\":[{\"@type\":\"SearchAction\",\"target\":{\"@type\":\"EntryPoint\",\"urlTemplate\":\"https:\/\/portaltela.pt\/?s={search_term_string}\"},\"query-input\":{\"@type\":\"PropertyValueSpecification\",\"valueRequired\":true,\"valueName\":\"search_term_string\"}}],\"inLanguage\":\"pt-PT\"},{\"@type\":\"Person\",\"@id\":\"https:\/\/portaltela.pt\/#\/schema\/person\/c4278d4a6028830caff9ee44b42d32ed\",\"name\":\"Telinha\",\"image\":{\"@type\":\"ImageObject\",\"inLanguage\":\"pt-PT\",\"@id\":\"https:\/\/portaltela.pt\/s.01k8rhncp4jt1\/2025\/11\/talking-bot-125x125.png\",\"url\":\"https:\/\/portaltela.pt\/s.01k8rhncp4jt1\/2025\/11\/talking-bot-125x125.png\",\"contentUrl\":\"https:\/\/portaltela.pt\/s.01k8rhncp4jt1\/2025\/11\/talking-bot-125x125.png\",\"caption\":\"Telinha\"},\"sameAs\":[\"https:\/\/portaltela.pt\/\"],\"url\":\"https:\/\/portaltela.pt\/por\/367410592786\/\"}]}<\/script>\n<!-- \/ Yoast SEO plugin. -->","yoast_head_json":{"title":"Tempe: julgamento da trag\u00e9dia ferrovi\u00e1ria adiado para 1 de abril - Portal Tela Portugal","robots":{"index":"index","follow":"follow","max-snippet":"max-snippet:-1","max-image-preview":"max-image-preview:large","max-video-preview":"max-video-preview:-1"},"og_locale":"pt_PT","og_type":"article","og_title":"Tempe: julgamento da trag\u00e9dia ferrovi\u00e1ria adiado para 1 de abril - Portal Tela Portugal","og_description":"Julgamento da trag\u00e9dia de Tempe ficou adiado para 1 de abril, ap\u00f3s protestos sobre as condi\u00e7\u00f5es da sala de audi\u00eancias em Larissa. A audi\u00eancia come\u00e7ou com a pron\u00fancia dos arguidos e leitura da acusa\u00e7\u00e3o; o despacho de pron\u00fancia tem 1.267 p\u00e1ginas, com cinco acusa\u00e7\u00f5es. Protestos continuaram pela capacidade da sala, com falta de assentos para o p\u00fablico (cerca de 120 lugares) e problemas de ac\u00fastica; 250 advogados presentes. Medidas de seguran\u00e7a foram refor\u00e7adas: entradas separadas para ju\u00edzes, advogados, familiares, imprensa e outros; jornalistas acomodados em contentores; Cruz Vermelha dispon\u00edvel. Familiares das v\u00edtimas e oponentes pol\u00edticos afirmaram que as condi\u00e7\u00f5es n\u00e3o s\u00e3o adequadas e pediram transpar\u00eancia e responsabilidade, com manifesta\u00e7\u00f5es no local.","og_url":"https:\/\/portaltela.pt\/noticias\/2026\/03\/23\/tempe-julgamento-da-tragedia-ferroviaria-adiado-para-1-de-abril\/","og_site_name":"Portal Tela Portugal","article_published_time":"2026-03-23T15:32:07+00:00","author":"Telinha","twitter_card":"summary_large_image","twitter_misc":{"Escrito por":"Telinha","Tempo estimado de leitura":"2 minutos"},"schema":{"@context":"https:\/\/schema.org","@graph":[{"@type":"Article","@id":"https:\/\/portaltela.pt\/noticias\/2026\/03\/23\/tempe-julgamento-da-tragedia-ferroviaria-adiado-para-1-de-abril\/#article","isPartOf":{"@id":"https:\/\/portaltela.pt\/noticias\/2026\/03\/23\/tempe-julgamento-da-tragedia-ferroviaria-adiado-para-1-de-abril\/"},"author":{"name":"Telinha","@id":"https:\/\/portaltela.pt\/#\/schema\/person\/c4278d4a6028830caff9ee44b42d32ed"},"headline":"Tempe: julgamento da trag\u00e9dia ferrovi\u00e1ria adiado para 1 de abril","datePublished":"2026-03-23T15:32:07+00:00","mainEntityOfPage":{"@id":"https:\/\/portaltela.pt\/noticias\/2026\/03\/23\/tempe-julgamento-da-tragedia-ferroviaria-adiado-para-1-de-abril\/"},"wordCount":357,"image":{"@id":"https:\/\/portaltela.pt\/noticias\/2026\/03\/23\/tempe-julgamento-da-tragedia-ferroviaria-adiado-para-1-de-abril\/#primaryimage"},"thumbnailUrl":"https:\/\/portaltela.pt\/s.01k8rhncp4jt1\/2026\/03\/1536x864_cmsv2_769dab84-e495-5321-a042-a35967f9bfeb-9694752.jpg","keywords":["acusa\u00e7\u00e3o-crime","crime","fam\u00edlias","justi\u00e7a","protestos","Tribunais"],"articleSection":["Justi\u00e7a"],"inLanguage":"pt-PT"},{"@type":"WebPage","@id":"https:\/\/portaltela.pt\/noticias\/2026\/03\/23\/tempe-julgamento-da-tragedia-ferroviaria-adiado-para-1-de-abril\/","url":"https:\/\/portaltela.pt\/noticias\/2026\/03\/23\/tempe-julgamento-da-tragedia-ferroviaria-adiado-para-1-de-abril\/","name":"Tempe: julgamento da trag\u00e9dia ferrovi\u00e1ria adiado para 1 de abril - Portal Tela Portugal","isPartOf":{"@id":"https:\/\/portaltela.pt\/#website"},"primaryImageOfPage":{"@id":"https:\/\/portaltela.pt\/noticias\/2026\/03\/23\/tempe-julgamento-da-tragedia-ferroviaria-adiado-para-1-de-abril\/#primaryimage"},"image":{"@id":"https:\/\/portaltela.pt\/noticias\/2026\/03\/23\/tempe-julgamento-da-tragedia-ferroviaria-adiado-para-1-de-abril\/#primaryimage"},"thumbnailUrl":"https:\/\/portaltela.pt\/s.01k8rhncp4jt1\/2026\/03\/1536x864_cmsv2_769dab84-e495-5321-a042-a35967f9bfeb-9694752.jpg","datePublished":"2026-03-23T15:32:07+00:00","author":{"@id":"https:\/\/portaltela.pt\/#\/schema\/person\/c4278d4a6028830caff9ee44b42d32ed"},"breadcrumb":{"@id":"https:\/\/portaltela.pt\/noticias\/2026\/03\/23\/tempe-julgamento-da-tragedia-ferroviaria-adiado-para-1-de-abril\/#breadcrumb"},"inLanguage":"pt-PT","potentialAction":[{"@type":"ReadAction","target":["https:\/\/portaltela.pt\/noticias\/2026\/03\/23\/tempe-julgamento-da-tragedia-ferroviaria-adiado-para-1-de-abril\/"]}]},{"@type":"ImageObject","inLanguage":"pt-PT","@id":"https:\/\/portaltela.pt\/noticias\/2026\/03\/23\/tempe-julgamento-da-tragedia-ferroviaria-adiado-para-1-de-abril\/#primaryimage","url":"https:\/\/portaltela.pt\/s.01k8rhncp4jt1\/2026\/03\/1536x864_cmsv2_769dab84-e495-5321-a042-a35967f9bfeb-9694752.jpg","contentUrl":"https:\/\/portaltela.pt\/s.01k8rhncp4jt1\/2026\/03\/1536x864_cmsv2_769dab84-e495-5321-a042-a35967f9bfeb-9694752.jpg","width":796,"height":448,"caption":"Julgamento para Tempi"},{"@type":"BreadcrumbList","@id":"https:\/\/portaltela.pt\/noticias\/2026\/03\/23\/tempe-julgamento-da-tragedia-ferroviaria-adiado-para-1-de-abril\/#breadcrumb","itemListElement":[{"@type":"ListItem","position":1,"name":"In\u00edcio","item":"https:\/\/portaltela.pt\/"},{"@type":"ListItem","position":2,"name":"Tempe: julgamento da trag\u00e9dia ferrovi\u00e1ria adiado para 1 de abril"}]},{"@type":"WebSite","@id":"https:\/\/portaltela.pt\/#website","url":"https:\/\/portaltela.pt\/","name":"Portal Tela Portugal","description":"","potentialAction":[{"@type":"SearchAction","target":{"@type":"EntryPoint","urlTemplate":"https:\/\/portaltela.pt\/?s={search_term_string}"},"query-input":{"@type":"PropertyValueSpecification","valueRequired":true,"valueName":"search_term_string"}}],"inLanguage":"pt-PT"},{"@type":"Person","@id":"https:\/\/portaltela.pt\/#\/schema\/person\/c4278d4a6028830caff9ee44b42d32ed","name":"Telinha","image":{"@type":"ImageObject","inLanguage":"pt-PT","@id":"https:\/\/portaltela.pt\/s.01k8rhncp4jt1\/2025\/11\/talking-bot-125x125.png","url":"https:\/\/portaltela.pt\/s.01k8rhncp4jt1\/2025\/11\/talking-bot-125x125.png","contentUrl":"https:\/\/portaltela.pt\/s.01k8rhncp4jt1\/2025\/11\/talking-bot-125x125.png","caption":"Telinha"},"sameAs":["https:\/\/portaltela.pt\/"],"url":"https:\/\/portaltela.pt\/por\/367410592786\/"}]}},"_links":{"self":[{"href":"https:\/\/portaltela.pt\/api\/wp\/v2\/posts\/418632","targetHints":{"allow":["GET"]}}],"collection":[{"href":"https:\/\/portaltela.pt\/api\/wp\/v2\/posts"}],"about":[{"href":"https:\/\/portaltela.pt\/api\/wp\/v2\/types\/post"}],"author":[{"embeddable":true,"href":"https:\/\/portaltela.pt\/api\/wp\/v2\/users\/2"}],"replies":[{"embeddable":true,"href":"https:\/\/portaltela.pt\/api\/wp\/v2\/comments?post=418632"}],"version-history":[{"count":0,"href":"https:\/\/portaltela.pt\/api\/wp\/v2\/posts\/418632\/revisions"}],"wp:featuredmedia":[{"embeddable":true,"href":"https:\/\/portaltela.pt\/api\/wp\/v2\/media\/418637"}],"wp:attachment":[{"href":"https:\/\/portaltela.pt\/api\/wp\/v2\/media?parent=418632"}],"wp:term":[{"taxonomy":"category","embeddable":true,"href":"https:\/\/portaltela.pt\/api\/wp\/v2\/categories?post=418632"},{"taxonomy":"post_tag","embeddable":true,"href":"https:\/\/portaltela.pt\/api\/wp\/v2\/tags?post=418632"}],"curies":[{"name":"wp","href":"https:\/\/api.w.org\/{rel}","templated":true}]}}