{"id":418626,"date":"2026-03-23T12:31:53","date_gmt":"2026-03-23T15:31:53","guid":{"rendered":"https:\/\/portaltela.pt\/noticias\/2026\/03\/23\/video-mostra-estragos-de-ataque-incendiario-a-ambulancias-judaicas-em-londres\/"},"modified":"2026-03-23T12:31:53","modified_gmt":"2026-03-23T15:31:53","slug":"video-mostra-estragos-de-ataque-incendiario-a-ambulancias-judaicas-em-londres","status":"publish","type":"post","link":"https:\/\/portaltela.pt\/noticias\/2026\/03\/23\/video-mostra-estragos-de-ataque-incendiario-a-ambulancias-judaicas-em-londres\/","title":{"rendered":"V\u00eddeo mostra estragos de ataque incendi\u00e1rio a ambul\u00e2ncias judaicas em Londres"},"content":{"rendered":"<p>Tr\u00eas ambul\u00e2ncias da organiza\u00e7\u00e3o judaica Hatzola foram incendiadas em Londres, levando servi\u00e7os de emerg\u00eancia a responderem ao local. O incidente ocorreu na Highfield Road, em Golders Green, por volta das 01:40 GMT. Bombeiros e pol\u00edcia deslocaram-se de imediato para conter o fogo e iniciar as investiga\u00e7\u00f5es.<\/p>\n<p>Imagens de video mostram suspeitos a aproximar-se de uma viatura antes de as chamas terem tomado conta do ve\u00edculo. Outro v\u00eddeo regista um inc\u00eandio intenso e uma explos\u00e3o. Equipes de emerg\u00eancia vedaram a \u00e1rea para assegurar a passagem de meios de socorro e per\u00edcia.<\/p>\n<p>As autoridades indicaram que o caso est\u00e1 a ser tratado como fogo posto e poss\u00edvel crime de \u00f3dio antissemita. A investiga\u00e7\u00e3o foca-se na identifica\u00e7\u00e3o de respons\u00e1veis e na determina\u00e7\u00e3o das motiva\u00e7\u00f5es, sem ainda fornecer conclus\u00f5es.<\/p>\n","protected":false},"excerpt":{"rendered":"<ul>\n<li>Bombeiros e pol\u00edcia deslocaram-se a Highfield Road, Golders Green, por volta de 01:40 GMT, ap\u00f3s ambul\u00e2ncias da organiza\u00e7\u00e3o judaica Hatzola terem sido incendiadas.<\/li>\n<li>Quatro ambul\u00e2ncias, geridas por volunt\u00e1rios, foram atingidas.<\/li>\n<li>Imagens mostram suspeitos a aproximarem-se de uma viatura antes de as chamas avan\u00e7arem; outro v\u00eddeo regista inc\u00eandio e explos\u00e3o.<\/li>\n<li>Equipa de emerg\u00eancia isolou a \u00e1rea e iniciou as investiga\u00e7\u00f5es.<\/li>\n<li>Autoridades tratam o caso como fogo posto com poss\u00edvel crime de \u00f3dio antissemita.<\/li>\n<\/ul>\n","protected":false},"author":2,"featured_media":418627,"comment_status":"closed","ping_status":"closed","sticky":false,"template":"","format":"standard","meta":{"footnotes":""},"categories":[6907,1],"tags":[1617,971,3696,1438,2617,2376],"class_list":["post-418626","post","type-post","status-publish","format-standard","has-post-thumbnail","hentry","category-crime","category-noticias","tag-antisemitismo","tag-bombeiros","tag-crime-de-odio","tag-incendio","tag-incendios","tag-londres"],"yoast_head":"<!-- This site is optimized with the Yoast SEO plugin v27.2 - https:\/\/yoast.com\/product\/yoast-seo-wordpress\/ -->\n<title>V\u00eddeo mostra estragos de ataque incendi\u00e1rio a ambul\u00e2ncias judaicas em Londres - Portal Tela Portugal<\/title>\n<meta name=\"robots\" content=\"index, follow, max-snippet:-1, max-image-preview:large, max-video-preview:-1\" \/>\n<meta property=\"og:locale\" content=\"pt_PT\" \/>\n<meta property=\"og:type\" content=\"article\" \/>\n<meta property=\"og:title\" content=\"V\u00eddeo mostra estragos de ataque incendi\u00e1rio a ambul\u00e2ncias judaicas em Londres - Portal Tela Portugal\" \/>\n<meta property=\"og:description\" content=\"Bombeiros e pol\u00edcia deslocaram-se a Highfield Road, Golders Green, por volta de 01:40 GMT, ap\u00f3s ambul\u00e2ncias da organiza\u00e7\u00e3o judaica Hatzola terem sido incendiadas. Quatro ambul\u00e2ncias, geridas por volunt\u00e1rios, foram atingidas. Imagens mostram suspeitos a aproximarem-se de uma viatura antes de as chamas avan\u00e7arem; outro v\u00eddeo regista inc\u00eandio e explos\u00e3o. Equipa de emerg\u00eancia isolou a \u00e1rea e iniciou as investiga\u00e7\u00f5es. Autoridades tratam o caso como fogo posto com poss\u00edvel crime de \u00f3dio antissemita.\" \/>\n<meta property=\"og:url\" content=\"https:\/\/portaltela.pt\/noticias\/2026\/03\/23\/video-mostra-estragos-de-ataque-incendiario-a-ambulancias-judaicas-em-londres\/\" \/>\n<meta property=\"og:site_name\" content=\"Portal Tela Portugal\" \/>\n<meta property=\"article:published_time\" content=\"2026-03-23T15:31:53+00:00\" \/>\n<meta name=\"author\" content=\"Telinha\" \/>\n<meta name=\"twitter:card\" content=\"summary_large_image\" \/>\n<meta name=\"twitter:label1\" content=\"Escrito por\" \/>\n\t<meta name=\"twitter:data1\" content=\"Telinha\" \/>\n\t<meta name=\"twitter:label2\" content=\"Tempo estimado de leitura\" \/>\n\t<meta name=\"twitter:data2\" content=\"1 minuto\" \/>\n<script type=\"application\/ld+json\" class=\"yoast-schema-graph\">{\"@context\":\"https:\/\/schema.org\",\"@graph\":[{\"@type\":\"Article\",\"@id\":\"https:\/\/portaltela.pt\/noticias\/2026\/03\/23\/video-mostra-estragos-de-ataque-incendiario-a-ambulancias-judaicas-em-londres\/#article\",\"isPartOf\":{\"@id\":\"https:\/\/portaltela.pt\/noticias\/2026\/03\/23\/video-mostra-estragos-de-ataque-incendiario-a-ambulancias-judaicas-em-londres\/\"},\"author\":{\"name\":\"Telinha\",\"@id\":\"https:\/\/portaltela.pt\/#\/schema\/person\/c4278d4a6028830caff9ee44b42d32ed\"},\"headline\":\"V\u00eddeo mostra estragos de ataque incendi\u00e1rio a ambul\u00e2ncias judaicas em Londres\",\"datePublished\":\"2026-03-23T15:31:53+00:00\",\"mainEntityOfPage\":{\"@id\":\"https:\/\/portaltela.pt\/noticias\/2026\/03\/23\/video-mostra-estragos-de-ataque-incendiario-a-ambulancias-judaicas-em-londres\/\"},\"wordCount\":158,\"image\":{\"@id\":\"https:\/\/portaltela.pt\/noticias\/2026\/03\/23\/video-mostra-estragos-de-ataque-incendiario-a-ambulancias-judaicas-em-londres\/#primaryimage\"},\"thumbnailUrl\":\"https:\/\/portaltela.pt\/s.01k8rhncp4jt1\/2026\/03\/1536x864_cmsv2_2a19eaeb-af3b-567d-8b06-9ee14382301d-9695336.jpg\",\"keywords\":[\"antisemitismo\",\"bombeiros\",\"crime de \u00f3dio\",\"inc\u00eandio\",\"inc\u00eandios\",\"Londres\"],\"articleSection\":[\"Crime\",\"Not\u00edcias\"],\"inLanguage\":\"pt-PT\"},{\"@type\":\"WebPage\",\"@id\":\"https:\/\/portaltela.pt\/noticias\/2026\/03\/23\/video-mostra-estragos-de-ataque-incendiario-a-ambulancias-judaicas-em-londres\/\",\"url\":\"https:\/\/portaltela.pt\/noticias\/2026\/03\/23\/video-mostra-estragos-de-ataque-incendiario-a-ambulancias-judaicas-em-londres\/\",\"name\":\"V\u00eddeo mostra estragos de ataque incendi\u00e1rio a ambul\u00e2ncias judaicas em Londres - Portal Tela Portugal\",\"isPartOf\":{\"@id\":\"https:\/\/portaltela.pt\/#website\"},\"primaryImageOfPage\":{\"@id\":\"https:\/\/portaltela.pt\/noticias\/2026\/03\/23\/video-mostra-estragos-de-ataque-incendiario-a-ambulancias-judaicas-em-londres\/#primaryimage\"},\"image\":{\"@id\":\"https:\/\/portaltela.pt\/noticias\/2026\/03\/23\/video-mostra-estragos-de-ataque-incendiario-a-ambulancias-judaicas-em-londres\/#primaryimage\"},\"thumbnailUrl\":\"https:\/\/portaltela.pt\/s.01k8rhncp4jt1\/2026\/03\/1536x864_cmsv2_2a19eaeb-af3b-567d-8b06-9ee14382301d-9695336.jpg\",\"datePublished\":\"2026-03-23T15:31:53+00:00\",\"author\":{\"@id\":\"https:\/\/portaltela.pt\/#\/schema\/person\/c4278d4a6028830caff9ee44b42d32ed\"},\"breadcrumb\":{\"@id\":\"https:\/\/portaltela.pt\/noticias\/2026\/03\/23\/video-mostra-estragos-de-ataque-incendiario-a-ambulancias-judaicas-em-londres\/#breadcrumb\"},\"inLanguage\":\"pt-PT\",\"potentialAction\":[{\"@type\":\"ReadAction\",\"target\":[\"https:\/\/portaltela.pt\/noticias\/2026\/03\/23\/video-mostra-estragos-de-ataque-incendiario-a-ambulancias-judaicas-em-londres\/\"]}]},{\"@type\":\"ImageObject\",\"inLanguage\":\"pt-PT\",\"@id\":\"https:\/\/portaltela.pt\/noticias\/2026\/03\/23\/video-mostra-estragos-de-ataque-incendiario-a-ambulancias-judaicas-em-londres\/#primaryimage\",\"url\":\"https:\/\/portaltela.pt\/s.01k8rhncp4jt1\/2026\/03\/1536x864_cmsv2_2a19eaeb-af3b-567d-8b06-9ee14382301d-9695336.jpg\",\"contentUrl\":\"https:\/\/portaltela.pt\/s.01k8rhncp4jt1\/2026\/03\/1536x864_cmsv2_2a19eaeb-af3b-567d-8b06-9ee14382301d-9695336.jpg\",\"width\":1536,\"height\":864,\"caption\":\"Vista de ambul\u00e2ncias queimadas num parque de estacionamento em Golders Green, Londres, segunda-feira, 23 de mar\u00e7o de 2026\"},{\"@type\":\"BreadcrumbList\",\"@id\":\"https:\/\/portaltela.pt\/noticias\/2026\/03\/23\/video-mostra-estragos-de-ataque-incendiario-a-ambulancias-judaicas-em-londres\/#breadcrumb\",\"itemListElement\":[{\"@type\":\"ListItem\",\"position\":1,\"name\":\"In\u00edcio\",\"item\":\"https:\/\/portaltela.pt\/\"},{\"@type\":\"ListItem\",\"position\":2,\"name\":\"V\u00eddeo mostra estragos de ataque incendi\u00e1rio a ambul\u00e2ncias judaicas em Londres\"}]},{\"@type\":\"WebSite\",\"@id\":\"https:\/\/portaltela.pt\/#website\",\"url\":\"https:\/\/portaltela.pt\/\",\"name\":\"Portal Tela Portugal\",\"description\":\"\",\"potentialAction\":[{\"@type\":\"SearchAction\",\"target\":{\"@type\":\"EntryPoint\",\"urlTemplate\":\"https:\/\/portaltela.pt\/?s={search_term_string}\"},\"query-input\":{\"@type\":\"PropertyValueSpecification\",\"valueRequired\":true,\"valueName\":\"search_term_string\"}}],\"inLanguage\":\"pt-PT\"},{\"@type\":\"Person\",\"@id\":\"https:\/\/portaltela.pt\/#\/schema\/person\/c4278d4a6028830caff9ee44b42d32ed\",\"name\":\"Telinha\",\"image\":{\"@type\":\"ImageObject\",\"inLanguage\":\"pt-PT\",\"@id\":\"https:\/\/portaltela.pt\/s.01k8rhncp4jt1\/2025\/11\/talking-bot-125x125.png\",\"url\":\"https:\/\/portaltela.pt\/s.01k8rhncp4jt1\/2025\/11\/talking-bot-125x125.png\",\"contentUrl\":\"https:\/\/portaltela.pt\/s.01k8rhncp4jt1\/2025\/11\/talking-bot-125x125.png\",\"caption\":\"Telinha\"},\"sameAs\":[\"https:\/\/portaltela.pt\/\"],\"url\":\"https:\/\/portaltela.pt\/por\/367410592786\/\"}]}<\/script>\n<!-- \/ Yoast SEO plugin. -->","yoast_head_json":{"title":"V\u00eddeo mostra estragos de ataque incendi\u00e1rio a ambul\u00e2ncias judaicas em Londres - Portal Tela Portugal","robots":{"index":"index","follow":"follow","max-snippet":"max-snippet:-1","max-image-preview":"max-image-preview:large","max-video-preview":"max-video-preview:-1"},"og_locale":"pt_PT","og_type":"article","og_title":"V\u00eddeo mostra estragos de ataque incendi\u00e1rio a ambul\u00e2ncias judaicas em Londres - Portal Tela Portugal","og_description":"Bombeiros e pol\u00edcia deslocaram-se a Highfield Road, Golders Green, por volta de 01:40 GMT, ap\u00f3s ambul\u00e2ncias da organiza\u00e7\u00e3o judaica Hatzola terem sido incendiadas. Quatro ambul\u00e2ncias, geridas por volunt\u00e1rios, foram atingidas. Imagens mostram suspeitos a aproximarem-se de uma viatura antes de as chamas avan\u00e7arem; outro v\u00eddeo regista inc\u00eandio e explos\u00e3o. Equipa de emerg\u00eancia isolou a \u00e1rea e iniciou as investiga\u00e7\u00f5es. Autoridades tratam o caso como fogo posto com poss\u00edvel crime de \u00f3dio antissemita.","og_url":"https:\/\/portaltela.pt\/noticias\/2026\/03\/23\/video-mostra-estragos-de-ataque-incendiario-a-ambulancias-judaicas-em-londres\/","og_site_name":"Portal Tela Portugal","article_published_time":"2026-03-23T15:31:53+00:00","author":"Telinha","twitter_card":"summary_large_image","twitter_misc":{"Escrito por":"Telinha","Tempo estimado de leitura":"1 minuto"},"schema":{"@context":"https:\/\/schema.org","@graph":[{"@type":"Article","@id":"https:\/\/portaltela.pt\/noticias\/2026\/03\/23\/video-mostra-estragos-de-ataque-incendiario-a-ambulancias-judaicas-em-londres\/#article","isPartOf":{"@id":"https:\/\/portaltela.pt\/noticias\/2026\/03\/23\/video-mostra-estragos-de-ataque-incendiario-a-ambulancias-judaicas-em-londres\/"},"author":{"name":"Telinha","@id":"https:\/\/portaltela.pt\/#\/schema\/person\/c4278d4a6028830caff9ee44b42d32ed"},"headline":"V\u00eddeo mostra estragos de ataque incendi\u00e1rio a ambul\u00e2ncias judaicas em Londres","datePublished":"2026-03-23T15:31:53+00:00","mainEntityOfPage":{"@id":"https:\/\/portaltela.pt\/noticias\/2026\/03\/23\/video-mostra-estragos-de-ataque-incendiario-a-ambulancias-judaicas-em-londres\/"},"wordCount":158,"image":{"@id":"https:\/\/portaltela.pt\/noticias\/2026\/03\/23\/video-mostra-estragos-de-ataque-incendiario-a-ambulancias-judaicas-em-londres\/#primaryimage"},"thumbnailUrl":"https:\/\/portaltela.pt\/s.01k8rhncp4jt1\/2026\/03\/1536x864_cmsv2_2a19eaeb-af3b-567d-8b06-9ee14382301d-9695336.jpg","keywords":["antisemitismo","bombeiros","crime de \u00f3dio","inc\u00eandio","inc\u00eandios","Londres"],"articleSection":["Crime","Not\u00edcias"],"inLanguage":"pt-PT"},{"@type":"WebPage","@id":"https:\/\/portaltela.pt\/noticias\/2026\/03\/23\/video-mostra-estragos-de-ataque-incendiario-a-ambulancias-judaicas-em-londres\/","url":"https:\/\/portaltela.pt\/noticias\/2026\/03\/23\/video-mostra-estragos-de-ataque-incendiario-a-ambulancias-judaicas-em-londres\/","name":"V\u00eddeo mostra estragos de ataque incendi\u00e1rio a ambul\u00e2ncias judaicas em Londres - Portal Tela Portugal","isPartOf":{"@id":"https:\/\/portaltela.pt\/#website"},"primaryImageOfPage":{"@id":"https:\/\/portaltela.pt\/noticias\/2026\/03\/23\/video-mostra-estragos-de-ataque-incendiario-a-ambulancias-judaicas-em-londres\/#primaryimage"},"image":{"@id":"https:\/\/portaltela.pt\/noticias\/2026\/03\/23\/video-mostra-estragos-de-ataque-incendiario-a-ambulancias-judaicas-em-londres\/#primaryimage"},"thumbnailUrl":"https:\/\/portaltela.pt\/s.01k8rhncp4jt1\/2026\/03\/1536x864_cmsv2_2a19eaeb-af3b-567d-8b06-9ee14382301d-9695336.jpg","datePublished":"2026-03-23T15:31:53+00:00","author":{"@id":"https:\/\/portaltela.pt\/#\/schema\/person\/c4278d4a6028830caff9ee44b42d32ed"},"breadcrumb":{"@id":"https:\/\/portaltela.pt\/noticias\/2026\/03\/23\/video-mostra-estragos-de-ataque-incendiario-a-ambulancias-judaicas-em-londres\/#breadcrumb"},"inLanguage":"pt-PT","potentialAction":[{"@type":"ReadAction","target":["https:\/\/portaltela.pt\/noticias\/2026\/03\/23\/video-mostra-estragos-de-ataque-incendiario-a-ambulancias-judaicas-em-londres\/"]}]},{"@type":"ImageObject","inLanguage":"pt-PT","@id":"https:\/\/portaltela.pt\/noticias\/2026\/03\/23\/video-mostra-estragos-de-ataque-incendiario-a-ambulancias-judaicas-em-londres\/#primaryimage","url":"https:\/\/portaltela.pt\/s.01k8rhncp4jt1\/2026\/03\/1536x864_cmsv2_2a19eaeb-af3b-567d-8b06-9ee14382301d-9695336.jpg","contentUrl":"https:\/\/portaltela.pt\/s.01k8rhncp4jt1\/2026\/03\/1536x864_cmsv2_2a19eaeb-af3b-567d-8b06-9ee14382301d-9695336.jpg","width":1536,"height":864,"caption":"Vista de ambul\u00e2ncias queimadas num parque de estacionamento em Golders Green, Londres, segunda-feira, 23 de mar\u00e7o de 2026"},{"@type":"BreadcrumbList","@id":"https:\/\/portaltela.pt\/noticias\/2026\/03\/23\/video-mostra-estragos-de-ataque-incendiario-a-ambulancias-judaicas-em-londres\/#breadcrumb","itemListElement":[{"@type":"ListItem","position":1,"name":"In\u00edcio","item":"https:\/\/portaltela.pt\/"},{"@type":"ListItem","position":2,"name":"V\u00eddeo mostra estragos de ataque incendi\u00e1rio a ambul\u00e2ncias judaicas em Londres"}]},{"@type":"WebSite","@id":"https:\/\/portaltela.pt\/#website","url":"https:\/\/portaltela.pt\/","name":"Portal Tela Portugal","description":"","potentialAction":[{"@type":"SearchAction","target":{"@type":"EntryPoint","urlTemplate":"https:\/\/portaltela.pt\/?s={search_term_string}"},"query-input":{"@type":"PropertyValueSpecification","valueRequired":true,"valueName":"search_term_string"}}],"inLanguage":"pt-PT"},{"@type":"Person","@id":"https:\/\/portaltela.pt\/#\/schema\/person\/c4278d4a6028830caff9ee44b42d32ed","name":"Telinha","image":{"@type":"ImageObject","inLanguage":"pt-PT","@id":"https:\/\/portaltela.pt\/s.01k8rhncp4jt1\/2025\/11\/talking-bot-125x125.png","url":"https:\/\/portaltela.pt\/s.01k8rhncp4jt1\/2025\/11\/talking-bot-125x125.png","contentUrl":"https:\/\/portaltela.pt\/s.01k8rhncp4jt1\/2025\/11\/talking-bot-125x125.png","caption":"Telinha"},"sameAs":["https:\/\/portaltela.pt\/"],"url":"https:\/\/portaltela.pt\/por\/367410592786\/"}]}},"_links":{"self":[{"href":"https:\/\/portaltela.pt\/api\/wp\/v2\/posts\/418626","targetHints":{"allow":["GET"]}}],"collection":[{"href":"https:\/\/portaltela.pt\/api\/wp\/v2\/posts"}],"about":[{"href":"https:\/\/portaltela.pt\/api\/wp\/v2\/types\/post"}],"author":[{"embeddable":true,"href":"https:\/\/portaltela.pt\/api\/wp\/v2\/users\/2"}],"replies":[{"embeddable":true,"href":"https:\/\/portaltela.pt\/api\/wp\/v2\/comments?post=418626"}],"version-history":[{"count":0,"href":"https:\/\/portaltela.pt\/api\/wp\/v2\/posts\/418626\/revisions"}],"wp:featuredmedia":[{"embeddable":true,"href":"https:\/\/portaltela.pt\/api\/wp\/v2\/media\/418627"}],"wp:attachment":[{"href":"https:\/\/portaltela.pt\/api\/wp\/v2\/media?parent=418626"}],"wp:term":[{"taxonomy":"category","embeddable":true,"href":"https:\/\/portaltela.pt\/api\/wp\/v2\/categories?post=418626"},{"taxonomy":"post_tag","embeddable":true,"href":"https:\/\/portaltela.pt\/api\/wp\/v2\/tags?post=418626"}],"curies":[{"name":"wp","href":"https:\/\/api.w.org\/{rel}","templated":true}]}}