{"id":418621,"date":"2026-03-23T12:06:04","date_gmt":"2026-03-23T15:06:04","guid":{"rendered":"https:\/\/portaltela.pt\/noticias\/2026\/03\/23\/bielorrussia-autoriza-regresso-de-camioes-retidos-na-fronteira-com-a-lituania\/"},"modified":"2026-03-23T12:06:04","modified_gmt":"2026-03-23T15:06:04","slug":"bielorrussia-autoriza-regresso-de-camioes-retidos-na-fronteira-com-a-lituania","status":"publish","type":"post","link":"https:\/\/portaltela.pt\/noticias\/internacional\/2026\/03\/23\/bielorrussia-autoriza-regresso-de-camioes-retidos-na-fronteira-com-a-lituania\/","title":{"rendered":"Bielorr\u00fassia autoriza regresso de cami\u00f5es retidos na fronteira com a Litu\u00e2nia"},"content":{"rendered":"<p>O Presidente da Bielorr\u00fassia, Alexander Lukashenko, autorizou o regresso de mais de 1.900 cami\u00f5es com matr\u00edcula da Litu\u00e2nia que estavam retidos na fronteira desde novembro de 2025. A decis\u00e3o foi anunciada pelo comit\u00e9 estatal das alf\u00e2ndegas, ap\u00f3s um pedido de transportadores l\u00edgitos e polacos, segundo a ag\u00eancia Belta.<\/p>\n<p>Os ve\u00edculos poder\u00e3o regressar mediante o pagamento da taxa de estacionamento correspondente aos \u00faltimos quatro meses, em \u00e1reas designadas pelas autoridades bielorrussas. O comit\u00e9 assegura que estas taxas s\u00e3o v\u00e1rias vezes inferiores \u00e0s inicialmente cobradas.<\/p>\n<p>A Litu\u00e2nia confirmou, na semana anterior, que as autoridades bielorrussas tinham iniciado procedimentos para resolver a situa\u00e7\u00e3o, incluindo a emiss\u00e3o de um documento que permita cruzar a fronteira sem entraves. O encerramento da fronteira ocorreu no final de outubro, em rela\u00e7\u00e3o a entradas de bal\u00f5es para contrabando vindos da Bielorr\u00fassia, considerado uma amea\u00e7a h\u00edbrida pela UE. A fronteira foi reaberta a 21 de novembro, mas os cami\u00f5es continuaram retidos.<\/p>\n","protected":false},"excerpt":{"rendered":"<ul>\n<li>O presidente da Bielorr\u00fassia, Alexander Lukashenko, autorizou o regresso de mais de mil novecentos cami\u00f5es com matr\u00edcula da Litu\u00e2nia retidos na fronteira desde novembro de 2025.<\/li>\n<li>Os ve\u00edculos podem regressar mediante o pagamento da taxa de estacionamento dos \u00faltimos quatro meses em \u00e1reas designadas pelas autoridades bielorrussas.<\/li>\n<li>As taxas s\u00e3o v\u00e1rias vezes inferiores \u00e0s inicialmente estabelecidas, de acordo com o comit\u00e9 estatal das alf\u00e2ndegas.<\/li>\n<li>A Litu\u00e2nia confirmou que as autoridades bielorrussas come\u00e7aram a resolver a situa\u00e7\u00e3o, incluindo a emiss\u00e3o de um documento oficial para atravessar a fronteira sem obst\u00e1culos.<\/li>\n<li>A fronteira foi fechada no fim de outubro devido a tens\u00f5es ligadas a alegadas amea\u00e7as h\u00edbridas envolvendo bal\u00f5es para contrabando de tabaco, tendo sido reaberta a 21 de novembro, mas os cami\u00f5es permaneceram retidos.<\/li>\n<\/ul>\n","protected":false},"author":2,"featured_media":418622,"comment_status":"closed","ping_status":"closed","sticky":false,"template":"","format":"standard","meta":{"footnotes":""},"categories":[6814,4],"tags":[2231,3326,5115,4002,3630,2055],"class_list":["post-418621","post","type-post","status-publish","format-standard","has-post-thumbnail","hentry","category-geopolitica","category-internacional","tag-alfandega","tag-camioes","tag-contrabando","tag-fronteiras","tag-lituania","tag-uniao-europeia"],"yoast_head":"<!-- This site is optimized with the Yoast SEO plugin v27.2 - https:\/\/yoast.com\/product\/yoast-seo-wordpress\/ -->\n<title>Bielorr\u00fassia autoriza regresso de cami\u00f5es retidos na fronteira com a Litu\u00e2nia - Portal Tela Portugal<\/title>\n<meta name=\"robots\" content=\"index, follow, max-snippet:-1, max-image-preview:large, max-video-preview:-1\" \/>\n<meta property=\"og:locale\" content=\"pt_PT\" \/>\n<meta property=\"og:type\" content=\"article\" \/>\n<meta property=\"og:title\" content=\"Bielorr\u00fassia autoriza regresso de cami\u00f5es retidos na fronteira com a Litu\u00e2nia - Portal Tela Portugal\" \/>\n<meta property=\"og:description\" content=\"O presidente da Bielorr\u00fassia, Alexander Lukashenko, autorizou o regresso de mais de mil novecentos cami\u00f5es com matr\u00edcula da Litu\u00e2nia retidos na fronteira desde novembro de 2025. Os ve\u00edculos podem regressar mediante o pagamento da taxa de estacionamento dos \u00faltimos quatro meses em \u00e1reas designadas pelas autoridades bielorrussas. As taxas s\u00e3o v\u00e1rias vezes inferiores \u00e0s inicialmente estabelecidas, de acordo com o comit\u00e9 estatal das alf\u00e2ndegas. A Litu\u00e2nia confirmou que as autoridades bielorrussas come\u00e7aram a resolver a situa\u00e7\u00e3o, incluindo a emiss\u00e3o de um documento oficial para atravessar a fronteira sem obst\u00e1culos. A fronteira foi fechada no fim de outubro devido a tens\u00f5es ligadas a alegadas amea\u00e7as h\u00edbridas envolvendo bal\u00f5es para contrabando de tabaco, tendo sido reaberta a 21 de novembro, mas os cami\u00f5es permaneceram retidos.\" \/>\n<meta property=\"og:url\" content=\"https:\/\/portaltela.pt\/noticias\/2026\/03\/23\/bielorrussia-autoriza-regresso-de-camioes-retidos-na-fronteira-com-a-lituania\/\" \/>\n<meta property=\"og:site_name\" content=\"Portal Tela Portugal\" \/>\n<meta property=\"article:published_time\" content=\"2026-03-23T15:06:04+00:00\" \/>\n<meta name=\"author\" content=\"Telinha\" \/>\n<meta name=\"twitter:card\" content=\"summary_large_image\" \/>\n<meta name=\"twitter:label1\" content=\"Escrito por\" \/>\n\t<meta name=\"twitter:data1\" content=\"Telinha\" \/>\n\t<meta name=\"twitter:label2\" content=\"Tempo estimado de leitura\" \/>\n\t<meta name=\"twitter:data2\" content=\"1 minuto\" \/>\n<script type=\"application\/ld+json\" class=\"yoast-schema-graph\">{\"@context\":\"https:\/\/schema.org\",\"@graph\":[{\"@type\":\"Article\",\"@id\":\"https:\/\/portaltela.pt\/noticias\/2026\/03\/23\/bielorrussia-autoriza-regresso-de-camioes-retidos-na-fronteira-com-a-lituania\/#article\",\"isPartOf\":{\"@id\":\"https:\/\/portaltela.pt\/noticias\/2026\/03\/23\/bielorrussia-autoriza-regresso-de-camioes-retidos-na-fronteira-com-a-lituania\/\"},\"author\":{\"name\":\"Telinha\",\"@id\":\"https:\/\/portaltela.pt\/#\/schema\/person\/c4278d4a6028830caff9ee44b42d32ed\"},\"headline\":\"Bielorr\u00fassia autoriza regresso de cami\u00f5es retidos na fronteira com a Litu\u00e2nia\",\"datePublished\":\"2026-03-23T15:06:04+00:00\",\"mainEntityOfPage\":{\"@id\":\"https:\/\/portaltela.pt\/noticias\/2026\/03\/23\/bielorrussia-autoriza-regresso-de-camioes-retidos-na-fronteira-com-a-lituania\/\"},\"wordCount\":185,\"image\":{\"@id\":\"https:\/\/portaltela.pt\/noticias\/2026\/03\/23\/bielorrussia-autoriza-regresso-de-camioes-retidos-na-fronteira-com-a-lituania\/#primaryimage\"},\"thumbnailUrl\":\"https:\/\/portaltela.pt\/s.01k8rhncp4jt1\/2026\/03\/img_1500x1000uu2025-06-03-08-00-26-2213655.jpg\",\"keywords\":[\"Alf\u00e2ndega\",\"cami\u00f5es\",\"contrabando\",\"fronteiras\",\"Litu\u00e2nia\",\"Uni\u00e3o Europeia\"],\"articleSection\":[\"Geopol\u00edtica\",\"Internacional\"],\"inLanguage\":\"pt-PT\"},{\"@type\":\"WebPage\",\"@id\":\"https:\/\/portaltela.pt\/noticias\/2026\/03\/23\/bielorrussia-autoriza-regresso-de-camioes-retidos-na-fronteira-com-a-lituania\/\",\"url\":\"https:\/\/portaltela.pt\/noticias\/2026\/03\/23\/bielorrussia-autoriza-regresso-de-camioes-retidos-na-fronteira-com-a-lituania\/\",\"name\":\"Bielorr\u00fassia autoriza regresso de cami\u00f5es retidos na fronteira com a Litu\u00e2nia - Portal Tela Portugal\",\"isPartOf\":{\"@id\":\"https:\/\/portaltela.pt\/#website\"},\"primaryImageOfPage\":{\"@id\":\"https:\/\/portaltela.pt\/noticias\/2026\/03\/23\/bielorrussia-autoriza-regresso-de-camioes-retidos-na-fronteira-com-a-lituania\/#primaryimage\"},\"image\":{\"@id\":\"https:\/\/portaltela.pt\/noticias\/2026\/03\/23\/bielorrussia-autoriza-regresso-de-camioes-retidos-na-fronteira-com-a-lituania\/#primaryimage\"},\"thumbnailUrl\":\"https:\/\/portaltela.pt\/s.01k8rhncp4jt1\/2026\/03\/img_1500x1000uu2025-06-03-08-00-26-2213655.jpg\",\"datePublished\":\"2026-03-23T15:06:04+00:00\",\"author\":{\"@id\":\"https:\/\/portaltela.pt\/#\/schema\/person\/c4278d4a6028830caff9ee44b42d32ed\"},\"breadcrumb\":{\"@id\":\"https:\/\/portaltela.pt\/noticias\/2026\/03\/23\/bielorrussia-autoriza-regresso-de-camioes-retidos-na-fronteira-com-a-lituania\/#breadcrumb\"},\"inLanguage\":\"pt-PT\",\"potentialAction\":[{\"@type\":\"ReadAction\",\"target\":[\"https:\/\/portaltela.pt\/noticias\/2026\/03\/23\/bielorrussia-autoriza-regresso-de-camioes-retidos-na-fronteira-com-a-lituania\/\"]}]},{\"@type\":\"ImageObject\",\"inLanguage\":\"pt-PT\",\"@id\":\"https:\/\/portaltela.pt\/noticias\/2026\/03\/23\/bielorrussia-autoriza-regresso-de-camioes-retidos-na-fronteira-com-a-lituania\/#primaryimage\",\"url\":\"https:\/\/portaltela.pt\/s.01k8rhncp4jt1\/2026\/03\/img_1500x1000uu2025-06-03-08-00-26-2213655.jpg\",\"contentUrl\":\"https:\/\/portaltela.pt\/s.01k8rhncp4jt1\/2026\/03\/img_1500x1000uu2025-06-03-08-00-26-2213655.jpg\",\"width\":1500,\"height\":1000,\"caption\":\"Alexander Lukashenko, presidente da Bielorr\u00fassia\"},{\"@type\":\"BreadcrumbList\",\"@id\":\"https:\/\/portaltela.pt\/noticias\/2026\/03\/23\/bielorrussia-autoriza-regresso-de-camioes-retidos-na-fronteira-com-a-lituania\/#breadcrumb\",\"itemListElement\":[{\"@type\":\"ListItem\",\"position\":1,\"name\":\"In\u00edcio\",\"item\":\"https:\/\/portaltela.pt\/\"},{\"@type\":\"ListItem\",\"position\":2,\"name\":\"Bielorr\u00fassia autoriza regresso de cami\u00f5es retidos na fronteira com a Litu\u00e2nia\"}]},{\"@type\":\"WebSite\",\"@id\":\"https:\/\/portaltela.pt\/#website\",\"url\":\"https:\/\/portaltela.pt\/\",\"name\":\"Portal Tela Portugal\",\"description\":\"\",\"potentialAction\":[{\"@type\":\"SearchAction\",\"target\":{\"@type\":\"EntryPoint\",\"urlTemplate\":\"https:\/\/portaltela.pt\/?s={search_term_string}\"},\"query-input\":{\"@type\":\"PropertyValueSpecification\",\"valueRequired\":true,\"valueName\":\"search_term_string\"}}],\"inLanguage\":\"pt-PT\"},{\"@type\":\"Person\",\"@id\":\"https:\/\/portaltela.pt\/#\/schema\/person\/c4278d4a6028830caff9ee44b42d32ed\",\"name\":\"Telinha\",\"image\":{\"@type\":\"ImageObject\",\"inLanguage\":\"pt-PT\",\"@id\":\"https:\/\/portaltela.pt\/s.01k8rhncp4jt1\/2025\/11\/talking-bot-125x125.png\",\"url\":\"https:\/\/portaltela.pt\/s.01k8rhncp4jt1\/2025\/11\/talking-bot-125x125.png\",\"contentUrl\":\"https:\/\/portaltela.pt\/s.01k8rhncp4jt1\/2025\/11\/talking-bot-125x125.png\",\"caption\":\"Telinha\"},\"sameAs\":[\"https:\/\/portaltela.pt\/\"],\"url\":\"https:\/\/portaltela.pt\/por\/367410592786\/\"}]}<\/script>\n<!-- \/ Yoast SEO plugin. -->","yoast_head_json":{"title":"Bielorr\u00fassia autoriza regresso de cami\u00f5es retidos na fronteira com a Litu\u00e2nia - Portal Tela Portugal","robots":{"index":"index","follow":"follow","max-snippet":"max-snippet:-1","max-image-preview":"max-image-preview:large","max-video-preview":"max-video-preview:-1"},"og_locale":"pt_PT","og_type":"article","og_title":"Bielorr\u00fassia autoriza regresso de cami\u00f5es retidos na fronteira com a Litu\u00e2nia - Portal Tela Portugal","og_description":"O presidente da Bielorr\u00fassia, Alexander Lukashenko, autorizou o regresso de mais de mil novecentos cami\u00f5es com matr\u00edcula da Litu\u00e2nia retidos na fronteira desde novembro de 2025. Os ve\u00edculos podem regressar mediante o pagamento da taxa de estacionamento dos \u00faltimos quatro meses em \u00e1reas designadas pelas autoridades bielorrussas. As taxas s\u00e3o v\u00e1rias vezes inferiores \u00e0s inicialmente estabelecidas, de acordo com o comit\u00e9 estatal das alf\u00e2ndegas. A Litu\u00e2nia confirmou que as autoridades bielorrussas come\u00e7aram a resolver a situa\u00e7\u00e3o, incluindo a emiss\u00e3o de um documento oficial para atravessar a fronteira sem obst\u00e1culos. A fronteira foi fechada no fim de outubro devido a tens\u00f5es ligadas a alegadas amea\u00e7as h\u00edbridas envolvendo bal\u00f5es para contrabando de tabaco, tendo sido reaberta a 21 de novembro, mas os cami\u00f5es permaneceram retidos.","og_url":"https:\/\/portaltela.pt\/noticias\/2026\/03\/23\/bielorrussia-autoriza-regresso-de-camioes-retidos-na-fronteira-com-a-lituania\/","og_site_name":"Portal Tela Portugal","article_published_time":"2026-03-23T15:06:04+00:00","author":"Telinha","twitter_card":"summary_large_image","twitter_misc":{"Escrito por":"Telinha","Tempo estimado de leitura":"1 minuto"},"schema":{"@context":"https:\/\/schema.org","@graph":[{"@type":"Article","@id":"https:\/\/portaltela.pt\/noticias\/2026\/03\/23\/bielorrussia-autoriza-regresso-de-camioes-retidos-na-fronteira-com-a-lituania\/#article","isPartOf":{"@id":"https:\/\/portaltela.pt\/noticias\/2026\/03\/23\/bielorrussia-autoriza-regresso-de-camioes-retidos-na-fronteira-com-a-lituania\/"},"author":{"name":"Telinha","@id":"https:\/\/portaltela.pt\/#\/schema\/person\/c4278d4a6028830caff9ee44b42d32ed"},"headline":"Bielorr\u00fassia autoriza regresso de cami\u00f5es retidos na fronteira com a Litu\u00e2nia","datePublished":"2026-03-23T15:06:04+00:00","mainEntityOfPage":{"@id":"https:\/\/portaltela.pt\/noticias\/2026\/03\/23\/bielorrussia-autoriza-regresso-de-camioes-retidos-na-fronteira-com-a-lituania\/"},"wordCount":185,"image":{"@id":"https:\/\/portaltela.pt\/noticias\/2026\/03\/23\/bielorrussia-autoriza-regresso-de-camioes-retidos-na-fronteira-com-a-lituania\/#primaryimage"},"thumbnailUrl":"https:\/\/portaltela.pt\/s.01k8rhncp4jt1\/2026\/03\/img_1500x1000uu2025-06-03-08-00-26-2213655.jpg","keywords":["Alf\u00e2ndega","cami\u00f5es","contrabando","fronteiras","Litu\u00e2nia","Uni\u00e3o Europeia"],"articleSection":["Geopol\u00edtica","Internacional"],"inLanguage":"pt-PT"},{"@type":"WebPage","@id":"https:\/\/portaltela.pt\/noticias\/2026\/03\/23\/bielorrussia-autoriza-regresso-de-camioes-retidos-na-fronteira-com-a-lituania\/","url":"https:\/\/portaltela.pt\/noticias\/2026\/03\/23\/bielorrussia-autoriza-regresso-de-camioes-retidos-na-fronteira-com-a-lituania\/","name":"Bielorr\u00fassia autoriza regresso de cami\u00f5es retidos na fronteira com a Litu\u00e2nia - Portal Tela Portugal","isPartOf":{"@id":"https:\/\/portaltela.pt\/#website"},"primaryImageOfPage":{"@id":"https:\/\/portaltela.pt\/noticias\/2026\/03\/23\/bielorrussia-autoriza-regresso-de-camioes-retidos-na-fronteira-com-a-lituania\/#primaryimage"},"image":{"@id":"https:\/\/portaltela.pt\/noticias\/2026\/03\/23\/bielorrussia-autoriza-regresso-de-camioes-retidos-na-fronteira-com-a-lituania\/#primaryimage"},"thumbnailUrl":"https:\/\/portaltela.pt\/s.01k8rhncp4jt1\/2026\/03\/img_1500x1000uu2025-06-03-08-00-26-2213655.jpg","datePublished":"2026-03-23T15:06:04+00:00","author":{"@id":"https:\/\/portaltela.pt\/#\/schema\/person\/c4278d4a6028830caff9ee44b42d32ed"},"breadcrumb":{"@id":"https:\/\/portaltela.pt\/noticias\/2026\/03\/23\/bielorrussia-autoriza-regresso-de-camioes-retidos-na-fronteira-com-a-lituania\/#breadcrumb"},"inLanguage":"pt-PT","potentialAction":[{"@type":"ReadAction","target":["https:\/\/portaltela.pt\/noticias\/2026\/03\/23\/bielorrussia-autoriza-regresso-de-camioes-retidos-na-fronteira-com-a-lituania\/"]}]},{"@type":"ImageObject","inLanguage":"pt-PT","@id":"https:\/\/portaltela.pt\/noticias\/2026\/03\/23\/bielorrussia-autoriza-regresso-de-camioes-retidos-na-fronteira-com-a-lituania\/#primaryimage","url":"https:\/\/portaltela.pt\/s.01k8rhncp4jt1\/2026\/03\/img_1500x1000uu2025-06-03-08-00-26-2213655.jpg","contentUrl":"https:\/\/portaltela.pt\/s.01k8rhncp4jt1\/2026\/03\/img_1500x1000uu2025-06-03-08-00-26-2213655.jpg","width":1500,"height":1000,"caption":"Alexander Lukashenko, presidente da Bielorr\u00fassia"},{"@type":"BreadcrumbList","@id":"https:\/\/portaltela.pt\/noticias\/2026\/03\/23\/bielorrussia-autoriza-regresso-de-camioes-retidos-na-fronteira-com-a-lituania\/#breadcrumb","itemListElement":[{"@type":"ListItem","position":1,"name":"In\u00edcio","item":"https:\/\/portaltela.pt\/"},{"@type":"ListItem","position":2,"name":"Bielorr\u00fassia autoriza regresso de cami\u00f5es retidos na fronteira com a Litu\u00e2nia"}]},{"@type":"WebSite","@id":"https:\/\/portaltela.pt\/#website","url":"https:\/\/portaltela.pt\/","name":"Portal Tela Portugal","description":"","potentialAction":[{"@type":"SearchAction","target":{"@type":"EntryPoint","urlTemplate":"https:\/\/portaltela.pt\/?s={search_term_string}"},"query-input":{"@type":"PropertyValueSpecification","valueRequired":true,"valueName":"search_term_string"}}],"inLanguage":"pt-PT"},{"@type":"Person","@id":"https:\/\/portaltela.pt\/#\/schema\/person\/c4278d4a6028830caff9ee44b42d32ed","name":"Telinha","image":{"@type":"ImageObject","inLanguage":"pt-PT","@id":"https:\/\/portaltela.pt\/s.01k8rhncp4jt1\/2025\/11\/talking-bot-125x125.png","url":"https:\/\/portaltela.pt\/s.01k8rhncp4jt1\/2025\/11\/talking-bot-125x125.png","contentUrl":"https:\/\/portaltela.pt\/s.01k8rhncp4jt1\/2025\/11\/talking-bot-125x125.png","caption":"Telinha"},"sameAs":["https:\/\/portaltela.pt\/"],"url":"https:\/\/portaltela.pt\/por\/367410592786\/"}]}},"_links":{"self":[{"href":"https:\/\/portaltela.pt\/api\/wp\/v2\/posts\/418621","targetHints":{"allow":["GET"]}}],"collection":[{"href":"https:\/\/portaltela.pt\/api\/wp\/v2\/posts"}],"about":[{"href":"https:\/\/portaltela.pt\/api\/wp\/v2\/types\/post"}],"author":[{"embeddable":true,"href":"https:\/\/portaltela.pt\/api\/wp\/v2\/users\/2"}],"replies":[{"embeddable":true,"href":"https:\/\/portaltela.pt\/api\/wp\/v2\/comments?post=418621"}],"version-history":[{"count":0,"href":"https:\/\/portaltela.pt\/api\/wp\/v2\/posts\/418621\/revisions"}],"wp:featuredmedia":[{"embeddable":true,"href":"https:\/\/portaltela.pt\/api\/wp\/v2\/media\/418622"}],"wp:attachment":[{"href":"https:\/\/portaltela.pt\/api\/wp\/v2\/media?parent=418621"}],"wp:term":[{"taxonomy":"category","embeddable":true,"href":"https:\/\/portaltela.pt\/api\/wp\/v2\/categories?post=418621"},{"taxonomy":"post_tag","embeddable":true,"href":"https:\/\/portaltela.pt\/api\/wp\/v2\/tags?post=418621"}],"curies":[{"name":"wp","href":"https:\/\/api.w.org\/{rel}","templated":true}]}}