{"id":418619,"date":"2026-03-23T12:10:21","date_gmt":"2026-03-23T15:10:21","guid":{"rendered":"https:\/\/portaltela.pt\/noticias\/2026\/03\/23\/brasil-lidera-aumento-de-estudantes-imigrantes-em-portugal-segundo-cplp\/"},"modified":"2026-03-23T12:10:21","modified_gmt":"2026-03-23T15:10:21","slug":"brasil-lidera-aumento-de-estudantes-imigrantes-em-portugal-segundo-cplp","status":"publish","type":"post","link":"https:\/\/portaltela.pt\/sociedade\/2026\/03\/23\/brasil-lidera-aumento-de-estudantes-imigrantes-em-portugal-segundo-cplp\/","title":{"rendered":"Brasil lidera aumento de estudantes imigrantes em Portugal, segundo CPLP"},"content":{"rendered":"<p>O estudo do Centro de Forma\u00e7\u00e3o Prepara Portugal revela que o n\u00famero de estudantes imigrantes que procuram o ensino superior em Portugal duplicou nos \u00faltimos dez anos. O Brasil lidera a lista de pa\u00edses da CPLP com maior procura pela universidade portuguesa, segundo dados analisados pela Dire\u00e7\u00e3o-Geral de Estat\u00edsticas da Educa\u00e7\u00e3o e Ci\u00eancia (DGEEC) e pela Pordata.<\/p>\n<p>Entre 2015 e 2024, o universo de estudantes internacionais nas universidades portuguesas passou de cerca de 20 mil para aproximadamente 42 mil, o que corresponde a um ter\u00e7o do total de estudantes imigrantes no ensino superior. Em 2024, representa perto de 10% do total de estudantes do ensino superior em Portugal.<\/p>\n<p>CPLP em peso e Brasil no topo<\/p>\n<p>Cerca de metade dos estudantes imigrantes vem de pa\u00edses da CPLP. Entre eles, o Brasil representa a maioria entre quem procura qualifica\u00e7\u00e3o superior, com acr\u00e9scimo superior a 70%. Seguem-se Guin\u00e9-Bissau, Cabo Verde, Angola, S\u00e3o Tom\u00e9 e Pr\u00edncipe, Mo\u00e7ambique e Timor-Leste.<\/p>\n<p>Portugal \u00e9 visto como destino acad\u00e9mico por fatores lingu\u00edsticos e europeus<\/p>\n<p>A organiza\u00e7\u00e3o aponta que o idioma comum facilita a internacionaliza\u00e7\u00e3o da forma\u00e7\u00e3o. A presen\u00e7a portuguesa na UE e os protocolos de matr\u00edcula ajudam a obter autoriza\u00e7\u00e3o de resid\u00eancia por estudo. A forma\u00e7\u00e3o em Portugal \u00e9 apresentada como certifica\u00e7\u00e3o reconhecida na Europa, via o quadro de Bolonha.<\/p>\n<h3>Motiva\u00e7\u00f5es e impactos da presen\u00e7a internacional<\/h3>\n<p>O estudo destaca o peso crescente da presen\u00e7a internacional no ensino superior, associado \u00e0 imigra\u00e7\u00e3o para fins de estudo como vetor de renova\u00e7\u00e3o da for\u00e7a de trabalho. A institui\u00e7\u00e3o aponta que a imigra\u00e7\u00e3o de estudantes atua como motor de dinamismo econ\u00f3mico em v\u00e1rias \u00e1reas.<\/p>\n<p>O Prepara Portugal, com foco em cursos profissionais, j\u00e1 recebeu 2.502 alunos de mais de 35 nacionalidades. A maioria \u00e9 de origem brasileira, respondendo por 76,8% das matr\u00edculas, seguida por estudantes de Marrocos e Angola.<\/p>\n<p>Diversifica\u00e7\u00e3o formativa e futuro profissional<\/p>\n<p>A institui\u00e7\u00e3o oferece forma\u00e7\u00f5es em gest\u00e3o, tecnologia e servi\u00e7os, com planos de ampliar a oferta para \u00e1reas como Intelig\u00eancia Artificial e Ciberseguran\u00e7a Aplicada aos Neg\u00f3cios, al\u00e9m de Barbearia e Visagismo Masculino. Tais cursos respondem \u00e0 procura do mercado de trabalho e \u00e0s exig\u00eancias tecnol\u00f3gicas.<\/p>\n<p>Integra\u00e7\u00e3o como fator-chave<\/p>\n<p>Cerqueira destaca que a integra\u00e7\u00e3o dos imigrantes no sistema educativo \u00e9 decisiva para o mercado de trabalho. O objetivo \u00e9 valorizar a contribui\u00e7\u00e3o da comunidade imigrante para Portugal e ampliar oportunidades de forma\u00e7\u00e3o, sobretudo para quem ambiciona progress\u00e3o acad\u00e9mica ou profissional. A comemora\u00e7\u00e3o do Dia do Estudante \u00e9 mencionada nessa l\u00f3gica.<\/p>\n","protected":false},"excerpt":{"rendered":"<ul>\n<li>O n\u00famero de estudantes imigrantes nas universidades portuguesas quase dobrou na \u00faltima d\u00e9cada, passando de cerca de 20 mil em 2015 para ~42 mil em 2024, o que representa cerca de um em cada dez alunos.<\/li>\n<li>Cerca de metade desses estudantes vem de pa\u00edses da Comunidade dos Pa\u00edses de L\u00edngua Portuguesa (CPLP); o Brasil tem a maior participa\u00e7\u00e3o, com mais de 70%.<\/li>\n<li>Entre os pa\u00edses da CPLP com presen\u00e7a significativa est\u00e3o Guin\u00e9-Bissau, Cabo Verde, Angola, S\u00e3o Tom\u00e9 e Pr\u00edncipe, Mo\u00e7ambique e Timor-Leste.<\/li>\n<li>O estudo do Centro de Forma\u00e7\u00e3o Prepara Portugal vinca a internacionaliza\u00e7\u00e3o como motivo-chave, com a certifica\u00e7\u00e3o europeia por via do Tratado de Bolonha e a possibilidade de resid\u00eancia para fins de estudo.<\/li>\n<li>O Prepara Portugal j\u00e1 recebeu 2.502 estudantes de mais de 35 nacionalidades em pouco mais de um ano, sendo a maioria brasileira (76,8%), seguida por Marrocos e Angola, com planos de ampliar cursos como Intelig\u00eancia Artificial e Ciberseguran\u00e7a Aplicada aos Neg\u00f3cios.<\/li>\n<\/ul>\n","protected":false},"author":2,"featured_media":418623,"comment_status":"closed","ping_status":"closed","sticky":false,"template":"","format":"standard","meta":{"footnotes":""},"categories":[1,6871],"tags":[2547,3566,163,6623,712,1014],"class_list":["post-418619","post","type-post","status-publish","format-standard","has-post-thumbnail","hentry","category-noticias","category-sociedade","tag-brasil","tag-cplp","tag-educacao","tag-ensino-superior","tag-imigracao","tag-portugal"],"yoast_head":"<!-- This site is optimized with the Yoast SEO plugin v27.2 - https:\/\/yoast.com\/product\/yoast-seo-wordpress\/ -->\n<title>Brasil lidera aumento de estudantes imigrantes em Portugal, segundo CPLP - Portal Tela Portugal<\/title>\n<meta name=\"robots\" content=\"index, follow, max-snippet:-1, max-image-preview:large, max-video-preview:-1\" \/>\n<meta property=\"og:locale\" content=\"pt_PT\" \/>\n<meta property=\"og:type\" content=\"article\" \/>\n<meta property=\"og:title\" content=\"Brasil lidera aumento de estudantes imigrantes em Portugal, segundo CPLP - Portal Tela Portugal\" \/>\n<meta property=\"og:description\" content=\"O n\u00famero de estudantes imigrantes nas universidades portuguesas quase dobrou na \u00faltima d\u00e9cada, passando de cerca de 20 mil em 2015 para ~42 mil em 2024, o que representa cerca de um em cada dez alunos. Cerca de metade desses estudantes vem de pa\u00edses da Comunidade dos Pa\u00edses de L\u00edngua Portuguesa (CPLP); o Brasil tem a maior participa\u00e7\u00e3o, com mais de 70%. Entre os pa\u00edses da CPLP com presen\u00e7a significativa est\u00e3o Guin\u00e9-Bissau, Cabo Verde, Angola, S\u00e3o Tom\u00e9 e Pr\u00edncipe, Mo\u00e7ambique e Timor-Leste. O estudo do Centro de Forma\u00e7\u00e3o Prepara Portugal vinca a internacionaliza\u00e7\u00e3o como motivo-chave, com a certifica\u00e7\u00e3o europeia por via do Tratado de Bolonha e a possibilidade de resid\u00eancia para fins de estudo. O Prepara Portugal j\u00e1 recebeu 2.502 estudantes de mais de 35 nacionalidades em pouco mais de um ano, sendo a maioria brasileira (76,8%), seguida por Marrocos e Angola, com planos de ampliar cursos como Intelig\u00eancia Artificial e Ciberseguran\u00e7a Aplicada aos Neg\u00f3cios.\" \/>\n<meta property=\"og:url\" content=\"https:\/\/portaltela.pt\/noticias\/2026\/03\/23\/brasil-lidera-aumento-de-estudantes-imigrantes-em-portugal-segundo-cplp\/\" \/>\n<meta property=\"og:site_name\" content=\"Portal Tela Portugal\" \/>\n<meta property=\"article:published_time\" content=\"2026-03-23T15:10:21+00:00\" \/>\n<meta name=\"author\" content=\"Telinha\" \/>\n<meta name=\"twitter:card\" content=\"summary_large_image\" \/>\n<meta name=\"twitter:label1\" content=\"Escrito por\" \/>\n\t<meta name=\"twitter:data1\" content=\"Telinha\" \/>\n\t<meta name=\"twitter:label2\" content=\"Tempo estimado de leitura\" \/>\n\t<meta name=\"twitter:data2\" content=\"2 minutos\" \/>\n<script type=\"application\/ld+json\" class=\"yoast-schema-graph\">{\"@context\":\"https:\/\/schema.org\",\"@graph\":[{\"@type\":\"Article\",\"@id\":\"https:\/\/portaltela.pt\/noticias\/2026\/03\/23\/brasil-lidera-aumento-de-estudantes-imigrantes-em-portugal-segundo-cplp\/#article\",\"isPartOf\":{\"@id\":\"https:\/\/portaltela.pt\/noticias\/2026\/03\/23\/brasil-lidera-aumento-de-estudantes-imigrantes-em-portugal-segundo-cplp\/\"},\"author\":{\"name\":\"Telinha\",\"@id\":\"https:\/\/portaltela.pt\/#\/schema\/person\/c4278d4a6028830caff9ee44b42d32ed\"},\"headline\":\"Brasil lidera aumento de estudantes imigrantes em Portugal, segundo CPLP\",\"datePublished\":\"2026-03-23T15:10:21+00:00\",\"mainEntityOfPage\":{\"@id\":\"https:\/\/portaltela.pt\/noticias\/2026\/03\/23\/brasil-lidera-aumento-de-estudantes-imigrantes-em-portugal-segundo-cplp\/\"},\"wordCount\":448,\"image\":{\"@id\":\"https:\/\/portaltela.pt\/noticias\/2026\/03\/23\/brasil-lidera-aumento-de-estudantes-imigrantes-em-portugal-segundo-cplp\/#primaryimage\"},\"thumbnailUrl\":\"https:\/\/portaltela.pt\/s.01k8rhncp4jt1\/2026\/03\/img_1500x1000uu2025-04-06-20-12-59-2202159.jpg\",\"keywords\":[\"Brasil\",\"CPLP\",\"educa\u00e7\u00e3o\",\"Ensino Superior\",\"imigra\u00e7\u00e3o\",\"Portugal\"],\"articleSection\":[\"Not\u00edcias\",\"Sociedade\"],\"inLanguage\":\"pt-PT\"},{\"@type\":\"WebPage\",\"@id\":\"https:\/\/portaltela.pt\/noticias\/2026\/03\/23\/brasil-lidera-aumento-de-estudantes-imigrantes-em-portugal-segundo-cplp\/\",\"url\":\"https:\/\/portaltela.pt\/noticias\/2026\/03\/23\/brasil-lidera-aumento-de-estudantes-imigrantes-em-portugal-segundo-cplp\/\",\"name\":\"Brasil lidera aumento de estudantes imigrantes em Portugal, segundo CPLP - Portal Tela Portugal\",\"isPartOf\":{\"@id\":\"https:\/\/portaltela.pt\/#website\"},\"primaryImageOfPage\":{\"@id\":\"https:\/\/portaltela.pt\/noticias\/2026\/03\/23\/brasil-lidera-aumento-de-estudantes-imigrantes-em-portugal-segundo-cplp\/#primaryimage\"},\"image\":{\"@id\":\"https:\/\/portaltela.pt\/noticias\/2026\/03\/23\/brasil-lidera-aumento-de-estudantes-imigrantes-em-portugal-segundo-cplp\/#primaryimage\"},\"thumbnailUrl\":\"https:\/\/portaltela.pt\/s.01k8rhncp4jt1\/2026\/03\/img_1500x1000uu2025-04-06-20-12-59-2202159.jpg\",\"datePublished\":\"2026-03-23T15:10:21+00:00\",\"author\":{\"@id\":\"https:\/\/portaltela.pt\/#\/schema\/person\/c4278d4a6028830caff9ee44b42d32ed\"},\"breadcrumb\":{\"@id\":\"https:\/\/portaltela.pt\/noticias\/2026\/03\/23\/brasil-lidera-aumento-de-estudantes-imigrantes-em-portugal-segundo-cplp\/#breadcrumb\"},\"inLanguage\":\"pt-PT\",\"potentialAction\":[{\"@type\":\"ReadAction\",\"target\":[\"https:\/\/portaltela.pt\/noticias\/2026\/03\/23\/brasil-lidera-aumento-de-estudantes-imigrantes-em-portugal-segundo-cplp\/\"]}]},{\"@type\":\"ImageObject\",\"inLanguage\":\"pt-PT\",\"@id\":\"https:\/\/portaltela.pt\/noticias\/2026\/03\/23\/brasil-lidera-aumento-de-estudantes-imigrantes-em-portugal-segundo-cplp\/#primaryimage\",\"url\":\"https:\/\/portaltela.pt\/s.01k8rhncp4jt1\/2026\/03\/img_1500x1000uu2025-04-06-20-12-59-2202159.jpg\",\"contentUrl\":\"https:\/\/portaltela.pt\/s.01k8rhncp4jt1\/2026\/03\/img_1500x1000uu2025-04-06-20-12-59-2202159.jpg\",\"width\":1500,\"height\":1000,\"caption\":\"Estudantes\"},{\"@type\":\"BreadcrumbList\",\"@id\":\"https:\/\/portaltela.pt\/noticias\/2026\/03\/23\/brasil-lidera-aumento-de-estudantes-imigrantes-em-portugal-segundo-cplp\/#breadcrumb\",\"itemListElement\":[{\"@type\":\"ListItem\",\"position\":1,\"name\":\"In\u00edcio\",\"item\":\"https:\/\/portaltela.pt\/\"},{\"@type\":\"ListItem\",\"position\":2,\"name\":\"Brasil lidera aumento de estudantes imigrantes em Portugal, segundo CPLP\"}]},{\"@type\":\"WebSite\",\"@id\":\"https:\/\/portaltela.pt\/#website\",\"url\":\"https:\/\/portaltela.pt\/\",\"name\":\"Portal Tela Portugal\",\"description\":\"\",\"potentialAction\":[{\"@type\":\"SearchAction\",\"target\":{\"@type\":\"EntryPoint\",\"urlTemplate\":\"https:\/\/portaltela.pt\/?s={search_term_string}\"},\"query-input\":{\"@type\":\"PropertyValueSpecification\",\"valueRequired\":true,\"valueName\":\"search_term_string\"}}],\"inLanguage\":\"pt-PT\"},{\"@type\":\"Person\",\"@id\":\"https:\/\/portaltela.pt\/#\/schema\/person\/c4278d4a6028830caff9ee44b42d32ed\",\"name\":\"Telinha\",\"image\":{\"@type\":\"ImageObject\",\"inLanguage\":\"pt-PT\",\"@id\":\"https:\/\/portaltela.pt\/s.01k8rhncp4jt1\/2025\/11\/talking-bot-125x125.png\",\"url\":\"https:\/\/portaltela.pt\/s.01k8rhncp4jt1\/2025\/11\/talking-bot-125x125.png\",\"contentUrl\":\"https:\/\/portaltela.pt\/s.01k8rhncp4jt1\/2025\/11\/talking-bot-125x125.png\",\"caption\":\"Telinha\"},\"sameAs\":[\"https:\/\/portaltela.pt\/\"],\"url\":\"https:\/\/portaltela.pt\/por\/367410592786\/\"}]}<\/script>\n<!-- \/ Yoast SEO plugin. -->","yoast_head_json":{"title":"Brasil lidera aumento de estudantes imigrantes em Portugal, segundo CPLP - Portal Tela Portugal","robots":{"index":"index","follow":"follow","max-snippet":"max-snippet:-1","max-image-preview":"max-image-preview:large","max-video-preview":"max-video-preview:-1"},"og_locale":"pt_PT","og_type":"article","og_title":"Brasil lidera aumento de estudantes imigrantes em Portugal, segundo CPLP - Portal Tela Portugal","og_description":"O n\u00famero de estudantes imigrantes nas universidades portuguesas quase dobrou na \u00faltima d\u00e9cada, passando de cerca de 20 mil em 2015 para ~42 mil em 2024, o que representa cerca de um em cada dez alunos. Cerca de metade desses estudantes vem de pa\u00edses da Comunidade dos Pa\u00edses de L\u00edngua Portuguesa (CPLP); o Brasil tem a maior participa\u00e7\u00e3o, com mais de 70%. Entre os pa\u00edses da CPLP com presen\u00e7a significativa est\u00e3o Guin\u00e9-Bissau, Cabo Verde, Angola, S\u00e3o Tom\u00e9 e Pr\u00edncipe, Mo\u00e7ambique e Timor-Leste. O estudo do Centro de Forma\u00e7\u00e3o Prepara Portugal vinca a internacionaliza\u00e7\u00e3o como motivo-chave, com a certifica\u00e7\u00e3o europeia por via do Tratado de Bolonha e a possibilidade de resid\u00eancia para fins de estudo. O Prepara Portugal j\u00e1 recebeu 2.502 estudantes de mais de 35 nacionalidades em pouco mais de um ano, sendo a maioria brasileira (76,8%), seguida por Marrocos e Angola, com planos de ampliar cursos como Intelig\u00eancia Artificial e Ciberseguran\u00e7a Aplicada aos Neg\u00f3cios.","og_url":"https:\/\/portaltela.pt\/noticias\/2026\/03\/23\/brasil-lidera-aumento-de-estudantes-imigrantes-em-portugal-segundo-cplp\/","og_site_name":"Portal Tela Portugal","article_published_time":"2026-03-23T15:10:21+00:00","author":"Telinha","twitter_card":"summary_large_image","twitter_misc":{"Escrito por":"Telinha","Tempo estimado de leitura":"2 minutos"},"schema":{"@context":"https:\/\/schema.org","@graph":[{"@type":"Article","@id":"https:\/\/portaltela.pt\/noticias\/2026\/03\/23\/brasil-lidera-aumento-de-estudantes-imigrantes-em-portugal-segundo-cplp\/#article","isPartOf":{"@id":"https:\/\/portaltela.pt\/noticias\/2026\/03\/23\/brasil-lidera-aumento-de-estudantes-imigrantes-em-portugal-segundo-cplp\/"},"author":{"name":"Telinha","@id":"https:\/\/portaltela.pt\/#\/schema\/person\/c4278d4a6028830caff9ee44b42d32ed"},"headline":"Brasil lidera aumento de estudantes imigrantes em Portugal, segundo CPLP","datePublished":"2026-03-23T15:10:21+00:00","mainEntityOfPage":{"@id":"https:\/\/portaltela.pt\/noticias\/2026\/03\/23\/brasil-lidera-aumento-de-estudantes-imigrantes-em-portugal-segundo-cplp\/"},"wordCount":448,"image":{"@id":"https:\/\/portaltela.pt\/noticias\/2026\/03\/23\/brasil-lidera-aumento-de-estudantes-imigrantes-em-portugal-segundo-cplp\/#primaryimage"},"thumbnailUrl":"https:\/\/portaltela.pt\/s.01k8rhncp4jt1\/2026\/03\/img_1500x1000uu2025-04-06-20-12-59-2202159.jpg","keywords":["Brasil","CPLP","educa\u00e7\u00e3o","Ensino Superior","imigra\u00e7\u00e3o","Portugal"],"articleSection":["Not\u00edcias","Sociedade"],"inLanguage":"pt-PT"},{"@type":"WebPage","@id":"https:\/\/portaltela.pt\/noticias\/2026\/03\/23\/brasil-lidera-aumento-de-estudantes-imigrantes-em-portugal-segundo-cplp\/","url":"https:\/\/portaltela.pt\/noticias\/2026\/03\/23\/brasil-lidera-aumento-de-estudantes-imigrantes-em-portugal-segundo-cplp\/","name":"Brasil lidera aumento de estudantes imigrantes em Portugal, segundo CPLP - Portal Tela Portugal","isPartOf":{"@id":"https:\/\/portaltela.pt\/#website"},"primaryImageOfPage":{"@id":"https:\/\/portaltela.pt\/noticias\/2026\/03\/23\/brasil-lidera-aumento-de-estudantes-imigrantes-em-portugal-segundo-cplp\/#primaryimage"},"image":{"@id":"https:\/\/portaltela.pt\/noticias\/2026\/03\/23\/brasil-lidera-aumento-de-estudantes-imigrantes-em-portugal-segundo-cplp\/#primaryimage"},"thumbnailUrl":"https:\/\/portaltela.pt\/s.01k8rhncp4jt1\/2026\/03\/img_1500x1000uu2025-04-06-20-12-59-2202159.jpg","datePublished":"2026-03-23T15:10:21+00:00","author":{"@id":"https:\/\/portaltela.pt\/#\/schema\/person\/c4278d4a6028830caff9ee44b42d32ed"},"breadcrumb":{"@id":"https:\/\/portaltela.pt\/noticias\/2026\/03\/23\/brasil-lidera-aumento-de-estudantes-imigrantes-em-portugal-segundo-cplp\/#breadcrumb"},"inLanguage":"pt-PT","potentialAction":[{"@type":"ReadAction","target":["https:\/\/portaltela.pt\/noticias\/2026\/03\/23\/brasil-lidera-aumento-de-estudantes-imigrantes-em-portugal-segundo-cplp\/"]}]},{"@type":"ImageObject","inLanguage":"pt-PT","@id":"https:\/\/portaltela.pt\/noticias\/2026\/03\/23\/brasil-lidera-aumento-de-estudantes-imigrantes-em-portugal-segundo-cplp\/#primaryimage","url":"https:\/\/portaltela.pt\/s.01k8rhncp4jt1\/2026\/03\/img_1500x1000uu2025-04-06-20-12-59-2202159.jpg","contentUrl":"https:\/\/portaltela.pt\/s.01k8rhncp4jt1\/2026\/03\/img_1500x1000uu2025-04-06-20-12-59-2202159.jpg","width":1500,"height":1000,"caption":"Estudantes"},{"@type":"BreadcrumbList","@id":"https:\/\/portaltela.pt\/noticias\/2026\/03\/23\/brasil-lidera-aumento-de-estudantes-imigrantes-em-portugal-segundo-cplp\/#breadcrumb","itemListElement":[{"@type":"ListItem","position":1,"name":"In\u00edcio","item":"https:\/\/portaltela.pt\/"},{"@type":"ListItem","position":2,"name":"Brasil lidera aumento de estudantes imigrantes em Portugal, segundo CPLP"}]},{"@type":"WebSite","@id":"https:\/\/portaltela.pt\/#website","url":"https:\/\/portaltela.pt\/","name":"Portal Tela Portugal","description":"","potentialAction":[{"@type":"SearchAction","target":{"@type":"EntryPoint","urlTemplate":"https:\/\/portaltela.pt\/?s={search_term_string}"},"query-input":{"@type":"PropertyValueSpecification","valueRequired":true,"valueName":"search_term_string"}}],"inLanguage":"pt-PT"},{"@type":"Person","@id":"https:\/\/portaltela.pt\/#\/schema\/person\/c4278d4a6028830caff9ee44b42d32ed","name":"Telinha","image":{"@type":"ImageObject","inLanguage":"pt-PT","@id":"https:\/\/portaltela.pt\/s.01k8rhncp4jt1\/2025\/11\/talking-bot-125x125.png","url":"https:\/\/portaltela.pt\/s.01k8rhncp4jt1\/2025\/11\/talking-bot-125x125.png","contentUrl":"https:\/\/portaltela.pt\/s.01k8rhncp4jt1\/2025\/11\/talking-bot-125x125.png","caption":"Telinha"},"sameAs":["https:\/\/portaltela.pt\/"],"url":"https:\/\/portaltela.pt\/por\/367410592786\/"}]}},"_links":{"self":[{"href":"https:\/\/portaltela.pt\/api\/wp\/v2\/posts\/418619","targetHints":{"allow":["GET"]}}],"collection":[{"href":"https:\/\/portaltela.pt\/api\/wp\/v2\/posts"}],"about":[{"href":"https:\/\/portaltela.pt\/api\/wp\/v2\/types\/post"}],"author":[{"embeddable":true,"href":"https:\/\/portaltela.pt\/api\/wp\/v2\/users\/2"}],"replies":[{"embeddable":true,"href":"https:\/\/portaltela.pt\/api\/wp\/v2\/comments?post=418619"}],"version-history":[{"count":0,"href":"https:\/\/portaltela.pt\/api\/wp\/v2\/posts\/418619\/revisions"}],"wp:featuredmedia":[{"embeddable":true,"href":"https:\/\/portaltela.pt\/api\/wp\/v2\/media\/418623"}],"wp:attachment":[{"href":"https:\/\/portaltela.pt\/api\/wp\/v2\/media?parent=418619"}],"wp:term":[{"taxonomy":"category","embeddable":true,"href":"https:\/\/portaltela.pt\/api\/wp\/v2\/categories?post=418619"},{"taxonomy":"post_tag","embeddable":true,"href":"https:\/\/portaltela.pt\/api\/wp\/v2\/tags?post=418619"}],"curies":[{"name":"wp","href":"https:\/\/api.w.org\/{rel}","templated":true}]}}