{"id":418600,"date":"2026-03-23T11:59:00","date_gmt":"2026-03-23T14:59:00","guid":{"rendered":"https:\/\/portaltela.pt\/noticias\/2026\/03\/23\/pgr-defende-pela-primeira-vez-prisao-domiciliaria-para-jair-bolsonaro\/"},"modified":"2026-03-23T11:59:00","modified_gmt":"2026-03-23T14:59:00","slug":"pgr-defende-pela-primeira-vez-prisao-domiciliaria-para-jair-bolsonaro","status":"publish","type":"post","link":"https:\/\/portaltela.pt\/noticias\/2026\/03\/23\/pgr-defende-pela-primeira-vez-prisao-domiciliaria-para-jair-bolsonaro\/","title":{"rendered":"PGR defende pela primeira vez pris\u00e3o domicili\u00e1ria para Jair Bolsonaro"},"content":{"rendered":"<p>O Procurador-Geral da Rep\u00fablica (PGR) do Brasil, Paulo Gonet, emitiu na segunda-feira um parecer favor\u00e1vel \u00e0 concess\u00e3o de pris\u00e3o domicili\u00e1ria a Jair Bolsonaro. O ex-presidente foi condenado, em setembro do ano passado, a 27 anos e 3 meses de cadeia por tentativa de golpe de Estado. Presentemente, cumpre pena em pris\u00e3o em Bras\u00edlia e encontra-se internado h\u00e1 11 dias no Hospital DF Star, na capital, em unidade de cuidados intensivos, com broncopneumonia bacteriana bilateral.<\/p>\n<p>Este \u00e9 o primeiro parecer do PGR a defender a concess\u00e3o deste benef\u00edcio a Bolsonaro. Desde novembro do ano anterior, o ex-chefe de Estado j\u00e1 tinha apresentado 14 pedidos semelhantes, sem sucesso. O parecer foi solicitado pelo juiz Alexandre de Moraes, do Supremo Tribunal Federal (STF), que supervisiona o cumprimento da pena.<\/p>\n<p>O parecer justifica a mudan\u00e7a de posi\u00e7\u00e3o pela piora do estado de sa\u00fade de Bolsonaro. Os m\u00e9dicos que o acompanham indicam elevado risco de morte na pris\u00e3o, caso permane\u00e7a l\u00e1. O magistrado pediu, na semana passada, um relat\u00f3rio pormenorizado dos problemas de sa\u00fade do ex-governante, com c\u00f3pias dos exames realizados; especialistas destacam debilidade f\u00edsica e emocional.<\/p>\n<p>Moraes ainda n\u00e3o fixou um prazo para decis\u00e3o sobre o parecer, que pode ser aceite ou rejeitado. A previs\u00e3o, no meio jur\u00eddico em Bras\u00edlia, \u00e9 de que a decis\u00e3o permane\u00e7a pendente por pouco tempo. Contudo, a expectativa \u00e9 de que o tribunal conceda a pris\u00e3o domicili\u00e1ria, ainda que haja oposi\u00e7\u00e3o dada a possibilidade de novos epis\u00f3dios de sa\u00fade de Bolsonaro na pris\u00e3o.<\/p>\n<p>Segundo os m\u00e9dicos, em casa Bolsonaro ter\u00e1 vigil\u00e2ncia 24 horas pela fam\u00edlia, o que poder\u00e1 contribuir para a recupera\u00e7\u00e3o emocional e psicol\u00f3gica, al\u00e9m de favorecer a recupera\u00e7\u00e3o geral. A medida, se confirmada, tamb\u00e9m poder\u00e1 impactar a imagem do pr\u00f3prio Moraes, que tem sido alvo de cr\u00edticas por alegadas atitudes autorit\u00e1rias, al\u00e9m de acusa\u00e7\u00f5es de liga\u00e7\u00f5es controversas no \u00e2mbito de uma grande fraude financeira.<\/p>\n","protected":false},"excerpt":{"rendered":"<ul>\n<li>O Procurador-Geral da Rep\u00fablica, Paulo Gonet, emitiu parecer favor\u00e1vel \u00e0 pris\u00e3o domicili\u00e1ria de Jair Bolsonaro, condenado a 27 anos e 3 meses de cadeia por tentativa de golpe de Estado.<\/li>\n<li>Bolsonaro, que cumpria pena em Bras\u00edlia, est\u00e1 internado h\u00e1 11 dias no Hospital DF Star, em cuidados intensivos, com broncopneumonia bacteriana bilateral.<\/li>\n<li>Este \u00e9 o primeiro parecer da PGR defendendo esse benef\u00edcio; Bolsonaro j\u00e1 fez 14 pedidos desde novembro.<\/li>\n<li>O parecer foi solicitado pelo juiz Alexandre de Moraes, do Supremo Tribunal Federal, que supervisiona o cumprimento da pena.<\/li>\n<li>A avalia\u00e7\u00e3o baseia-se no agravamento da sa\u00fade do ex-presidente, com m\u00e9dicos indicando risco elevado de morte na pris\u00e3o; Moraes solicitou um relat\u00f3rio detalhado dos problemas de sa\u00fade.<\/li>\n<\/ul>\n","protected":false},"author":2,"featured_media":418605,"comment_status":"closed","ping_status":"closed","sticky":false,"template":"","format":"standard","meta":{"footnotes":""},"categories":[6815,1],"tags":[2547,6543,937,803,2832,30],"class_list":["post-418600","post","type-post","status-publish","format-standard","has-post-thumbnail","hentry","category-justica","category-noticias","tag-brasil","tag-condenacao","tag-golpe-de-estado","tag-justica","tag-politica","tag-presidente"],"yoast_head":"<!-- This site is optimized with the Yoast SEO plugin v27.2 - https:\/\/yoast.com\/product\/yoast-seo-wordpress\/ -->\n<title>PGR defende pela primeira vez pris\u00e3o domicili\u00e1ria para Jair Bolsonaro - Portal Tela Portugal<\/title>\n<meta name=\"robots\" content=\"index, follow, max-snippet:-1, max-image-preview:large, max-video-preview:-1\" \/>\n<meta property=\"og:locale\" content=\"pt_PT\" \/>\n<meta property=\"og:type\" content=\"article\" \/>\n<meta property=\"og:title\" content=\"PGR defende pela primeira vez pris\u00e3o domicili\u00e1ria para Jair Bolsonaro - Portal Tela Portugal\" \/>\n<meta property=\"og:description\" content=\"O Procurador-Geral da Rep\u00fablica, Paulo Gonet, emitiu parecer favor\u00e1vel \u00e0 pris\u00e3o domicili\u00e1ria de Jair Bolsonaro, condenado a 27 anos e 3 meses de cadeia por tentativa de golpe de Estado. Bolsonaro, que cumpria pena em Bras\u00edlia, est\u00e1 internado h\u00e1 11 dias no Hospital DF Star, em cuidados intensivos, com broncopneumonia bacteriana bilateral. Este \u00e9 o primeiro parecer da PGR defendendo esse benef\u00edcio; Bolsonaro j\u00e1 fez 14 pedidos desde novembro. O parecer foi solicitado pelo juiz Alexandre de Moraes, do Supremo Tribunal Federal, que supervisiona o cumprimento da pena. A avalia\u00e7\u00e3o baseia-se no agravamento da sa\u00fade do ex-presidente, com m\u00e9dicos indicando risco elevado de morte na pris\u00e3o; Moraes solicitou um relat\u00f3rio detalhado dos problemas de sa\u00fade.\" \/>\n<meta property=\"og:url\" content=\"https:\/\/portaltela.pt\/noticias\/2026\/03\/23\/pgr-defende-pela-primeira-vez-prisao-domiciliaria-para-jair-bolsonaro\/\" \/>\n<meta property=\"og:site_name\" content=\"Portal Tela Portugal\" \/>\n<meta property=\"article:published_time\" content=\"2026-03-23T14:59:00+00:00\" \/>\n<meta name=\"author\" content=\"Telinha\" \/>\n<meta name=\"twitter:card\" content=\"summary_large_image\" \/>\n<meta name=\"twitter:label1\" content=\"Escrito por\" \/>\n\t<meta name=\"twitter:data1\" content=\"Telinha\" \/>\n\t<meta name=\"twitter:label2\" content=\"Tempo estimado de leitura\" \/>\n\t<meta name=\"twitter:data2\" content=\"2 minutos\" \/>\n<script type=\"application\/ld+json\" class=\"yoast-schema-graph\">{\"@context\":\"https:\/\/schema.org\",\"@graph\":[{\"@type\":\"Article\",\"@id\":\"https:\/\/portaltela.pt\/noticias\/2026\/03\/23\/pgr-defende-pela-primeira-vez-prisao-domiciliaria-para-jair-bolsonaro\/#article\",\"isPartOf\":{\"@id\":\"https:\/\/portaltela.pt\/noticias\/2026\/03\/23\/pgr-defende-pela-primeira-vez-prisao-domiciliaria-para-jair-bolsonaro\/\"},\"author\":{\"name\":\"Telinha\",\"@id\":\"https:\/\/portaltela.pt\/#\/schema\/person\/c4278d4a6028830caff9ee44b42d32ed\"},\"headline\":\"PGR defende pela primeira vez pris\u00e3o domicili\u00e1ria para Jair Bolsonaro\",\"datePublished\":\"2026-03-23T14:59:00+00:00\",\"mainEntityOfPage\":{\"@id\":\"https:\/\/portaltela.pt\/noticias\/2026\/03\/23\/pgr-defende-pela-primeira-vez-prisao-domiciliaria-para-jair-bolsonaro\/\"},\"wordCount\":356,\"image\":{\"@id\":\"https:\/\/portaltela.pt\/noticias\/2026\/03\/23\/pgr-defende-pela-primeira-vez-prisao-domiciliaria-para-jair-bolsonaro\/#primaryimage\"},\"thumbnailUrl\":\"https:\/\/portaltela.pt\/s.01k8rhncp4jt1\/2026\/03\/img_1500x1000uu2026-02-22-15-31-17-2250015.jpg\",\"keywords\":[\"Brasil\",\"condena\u00e7\u00e3o\",\"golpe de Estado\",\"justi\u00e7a\",\"pol\u00edtica\",\"presidente\"],\"articleSection\":[\"Justi\u00e7a\",\"Not\u00edcias\"],\"inLanguage\":\"pt-PT\"},{\"@type\":\"WebPage\",\"@id\":\"https:\/\/portaltela.pt\/noticias\/2026\/03\/23\/pgr-defende-pela-primeira-vez-prisao-domiciliaria-para-jair-bolsonaro\/\",\"url\":\"https:\/\/portaltela.pt\/noticias\/2026\/03\/23\/pgr-defende-pela-primeira-vez-prisao-domiciliaria-para-jair-bolsonaro\/\",\"name\":\"PGR defende pela primeira vez pris\u00e3o domicili\u00e1ria para Jair Bolsonaro - Portal Tela Portugal\",\"isPartOf\":{\"@id\":\"https:\/\/portaltela.pt\/#website\"},\"primaryImageOfPage\":{\"@id\":\"https:\/\/portaltela.pt\/noticias\/2026\/03\/23\/pgr-defende-pela-primeira-vez-prisao-domiciliaria-para-jair-bolsonaro\/#primaryimage\"},\"image\":{\"@id\":\"https:\/\/portaltela.pt\/noticias\/2026\/03\/23\/pgr-defende-pela-primeira-vez-prisao-domiciliaria-para-jair-bolsonaro\/#primaryimage\"},\"thumbnailUrl\":\"https:\/\/portaltela.pt\/s.01k8rhncp4jt1\/2026\/03\/img_1500x1000uu2026-02-22-15-31-17-2250015.jpg\",\"datePublished\":\"2026-03-23T14:59:00+00:00\",\"author\":{\"@id\":\"https:\/\/portaltela.pt\/#\/schema\/person\/c4278d4a6028830caff9ee44b42d32ed\"},\"breadcrumb\":{\"@id\":\"https:\/\/portaltela.pt\/noticias\/2026\/03\/23\/pgr-defende-pela-primeira-vez-prisao-domiciliaria-para-jair-bolsonaro\/#breadcrumb\"},\"inLanguage\":\"pt-PT\",\"potentialAction\":[{\"@type\":\"ReadAction\",\"target\":[\"https:\/\/portaltela.pt\/noticias\/2026\/03\/23\/pgr-defende-pela-primeira-vez-prisao-domiciliaria-para-jair-bolsonaro\/\"]}]},{\"@type\":\"ImageObject\",\"inLanguage\":\"pt-PT\",\"@id\":\"https:\/\/portaltela.pt\/noticias\/2026\/03\/23\/pgr-defende-pela-primeira-vez-prisao-domiciliaria-para-jair-bolsonaro\/#primaryimage\",\"url\":\"https:\/\/portaltela.pt\/s.01k8rhncp4jt1\/2026\/03\/img_1500x1000uu2026-02-22-15-31-17-2250015.jpg\",\"contentUrl\":\"https:\/\/portaltela.pt\/s.01k8rhncp4jt1\/2026\/03\/img_1500x1000uu2026-02-22-15-31-17-2250015.jpg\",\"width\":1500,\"height\":1000,\"caption\":\"Jair Bolsonaro\"},{\"@type\":\"BreadcrumbList\",\"@id\":\"https:\/\/portaltela.pt\/noticias\/2026\/03\/23\/pgr-defende-pela-primeira-vez-prisao-domiciliaria-para-jair-bolsonaro\/#breadcrumb\",\"itemListElement\":[{\"@type\":\"ListItem\",\"position\":1,\"name\":\"In\u00edcio\",\"item\":\"https:\/\/portaltela.pt\/\"},{\"@type\":\"ListItem\",\"position\":2,\"name\":\"PGR defende pela primeira vez pris\u00e3o domicili\u00e1ria para Jair Bolsonaro\"}]},{\"@type\":\"WebSite\",\"@id\":\"https:\/\/portaltela.pt\/#website\",\"url\":\"https:\/\/portaltela.pt\/\",\"name\":\"Portal Tela Portugal\",\"description\":\"\",\"potentialAction\":[{\"@type\":\"SearchAction\",\"target\":{\"@type\":\"EntryPoint\",\"urlTemplate\":\"https:\/\/portaltela.pt\/?s={search_term_string}\"},\"query-input\":{\"@type\":\"PropertyValueSpecification\",\"valueRequired\":true,\"valueName\":\"search_term_string\"}}],\"inLanguage\":\"pt-PT\"},{\"@type\":\"Person\",\"@id\":\"https:\/\/portaltela.pt\/#\/schema\/person\/c4278d4a6028830caff9ee44b42d32ed\",\"name\":\"Telinha\",\"image\":{\"@type\":\"ImageObject\",\"inLanguage\":\"pt-PT\",\"@id\":\"https:\/\/portaltela.pt\/s.01k8rhncp4jt1\/2025\/11\/talking-bot-125x125.png\",\"url\":\"https:\/\/portaltela.pt\/s.01k8rhncp4jt1\/2025\/11\/talking-bot-125x125.png\",\"contentUrl\":\"https:\/\/portaltela.pt\/s.01k8rhncp4jt1\/2025\/11\/talking-bot-125x125.png\",\"caption\":\"Telinha\"},\"sameAs\":[\"https:\/\/portaltela.pt\/\"],\"url\":\"https:\/\/portaltela.pt\/por\/367410592786\/\"}]}<\/script>\n<!-- \/ Yoast SEO plugin. -->","yoast_head_json":{"title":"PGR defende pela primeira vez pris\u00e3o domicili\u00e1ria para Jair Bolsonaro - Portal Tela Portugal","robots":{"index":"index","follow":"follow","max-snippet":"max-snippet:-1","max-image-preview":"max-image-preview:large","max-video-preview":"max-video-preview:-1"},"og_locale":"pt_PT","og_type":"article","og_title":"PGR defende pela primeira vez pris\u00e3o domicili\u00e1ria para Jair Bolsonaro - Portal Tela Portugal","og_description":"O Procurador-Geral da Rep\u00fablica, Paulo Gonet, emitiu parecer favor\u00e1vel \u00e0 pris\u00e3o domicili\u00e1ria de Jair Bolsonaro, condenado a 27 anos e 3 meses de cadeia por tentativa de golpe de Estado. Bolsonaro, que cumpria pena em Bras\u00edlia, est\u00e1 internado h\u00e1 11 dias no Hospital DF Star, em cuidados intensivos, com broncopneumonia bacteriana bilateral. Este \u00e9 o primeiro parecer da PGR defendendo esse benef\u00edcio; Bolsonaro j\u00e1 fez 14 pedidos desde novembro. O parecer foi solicitado pelo juiz Alexandre de Moraes, do Supremo Tribunal Federal, que supervisiona o cumprimento da pena. A avalia\u00e7\u00e3o baseia-se no agravamento da sa\u00fade do ex-presidente, com m\u00e9dicos indicando risco elevado de morte na pris\u00e3o; Moraes solicitou um relat\u00f3rio detalhado dos problemas de sa\u00fade.","og_url":"https:\/\/portaltela.pt\/noticias\/2026\/03\/23\/pgr-defende-pela-primeira-vez-prisao-domiciliaria-para-jair-bolsonaro\/","og_site_name":"Portal Tela Portugal","article_published_time":"2026-03-23T14:59:00+00:00","author":"Telinha","twitter_card":"summary_large_image","twitter_misc":{"Escrito por":"Telinha","Tempo estimado de leitura":"2 minutos"},"schema":{"@context":"https:\/\/schema.org","@graph":[{"@type":"Article","@id":"https:\/\/portaltela.pt\/noticias\/2026\/03\/23\/pgr-defende-pela-primeira-vez-prisao-domiciliaria-para-jair-bolsonaro\/#article","isPartOf":{"@id":"https:\/\/portaltela.pt\/noticias\/2026\/03\/23\/pgr-defende-pela-primeira-vez-prisao-domiciliaria-para-jair-bolsonaro\/"},"author":{"name":"Telinha","@id":"https:\/\/portaltela.pt\/#\/schema\/person\/c4278d4a6028830caff9ee44b42d32ed"},"headline":"PGR defende pela primeira vez pris\u00e3o domicili\u00e1ria para Jair Bolsonaro","datePublished":"2026-03-23T14:59:00+00:00","mainEntityOfPage":{"@id":"https:\/\/portaltela.pt\/noticias\/2026\/03\/23\/pgr-defende-pela-primeira-vez-prisao-domiciliaria-para-jair-bolsonaro\/"},"wordCount":356,"image":{"@id":"https:\/\/portaltela.pt\/noticias\/2026\/03\/23\/pgr-defende-pela-primeira-vez-prisao-domiciliaria-para-jair-bolsonaro\/#primaryimage"},"thumbnailUrl":"https:\/\/portaltela.pt\/s.01k8rhncp4jt1\/2026\/03\/img_1500x1000uu2026-02-22-15-31-17-2250015.jpg","keywords":["Brasil","condena\u00e7\u00e3o","golpe de Estado","justi\u00e7a","pol\u00edtica","presidente"],"articleSection":["Justi\u00e7a","Not\u00edcias"],"inLanguage":"pt-PT"},{"@type":"WebPage","@id":"https:\/\/portaltela.pt\/noticias\/2026\/03\/23\/pgr-defende-pela-primeira-vez-prisao-domiciliaria-para-jair-bolsonaro\/","url":"https:\/\/portaltela.pt\/noticias\/2026\/03\/23\/pgr-defende-pela-primeira-vez-prisao-domiciliaria-para-jair-bolsonaro\/","name":"PGR defende pela primeira vez pris\u00e3o domicili\u00e1ria para Jair Bolsonaro - Portal Tela Portugal","isPartOf":{"@id":"https:\/\/portaltela.pt\/#website"},"primaryImageOfPage":{"@id":"https:\/\/portaltela.pt\/noticias\/2026\/03\/23\/pgr-defende-pela-primeira-vez-prisao-domiciliaria-para-jair-bolsonaro\/#primaryimage"},"image":{"@id":"https:\/\/portaltela.pt\/noticias\/2026\/03\/23\/pgr-defende-pela-primeira-vez-prisao-domiciliaria-para-jair-bolsonaro\/#primaryimage"},"thumbnailUrl":"https:\/\/portaltela.pt\/s.01k8rhncp4jt1\/2026\/03\/img_1500x1000uu2026-02-22-15-31-17-2250015.jpg","datePublished":"2026-03-23T14:59:00+00:00","author":{"@id":"https:\/\/portaltela.pt\/#\/schema\/person\/c4278d4a6028830caff9ee44b42d32ed"},"breadcrumb":{"@id":"https:\/\/portaltela.pt\/noticias\/2026\/03\/23\/pgr-defende-pela-primeira-vez-prisao-domiciliaria-para-jair-bolsonaro\/#breadcrumb"},"inLanguage":"pt-PT","potentialAction":[{"@type":"ReadAction","target":["https:\/\/portaltela.pt\/noticias\/2026\/03\/23\/pgr-defende-pela-primeira-vez-prisao-domiciliaria-para-jair-bolsonaro\/"]}]},{"@type":"ImageObject","inLanguage":"pt-PT","@id":"https:\/\/portaltela.pt\/noticias\/2026\/03\/23\/pgr-defende-pela-primeira-vez-prisao-domiciliaria-para-jair-bolsonaro\/#primaryimage","url":"https:\/\/portaltela.pt\/s.01k8rhncp4jt1\/2026\/03\/img_1500x1000uu2026-02-22-15-31-17-2250015.jpg","contentUrl":"https:\/\/portaltela.pt\/s.01k8rhncp4jt1\/2026\/03\/img_1500x1000uu2026-02-22-15-31-17-2250015.jpg","width":1500,"height":1000,"caption":"Jair Bolsonaro"},{"@type":"BreadcrumbList","@id":"https:\/\/portaltela.pt\/noticias\/2026\/03\/23\/pgr-defende-pela-primeira-vez-prisao-domiciliaria-para-jair-bolsonaro\/#breadcrumb","itemListElement":[{"@type":"ListItem","position":1,"name":"In\u00edcio","item":"https:\/\/portaltela.pt\/"},{"@type":"ListItem","position":2,"name":"PGR defende pela primeira vez pris\u00e3o domicili\u00e1ria para Jair Bolsonaro"}]},{"@type":"WebSite","@id":"https:\/\/portaltela.pt\/#website","url":"https:\/\/portaltela.pt\/","name":"Portal Tela Portugal","description":"","potentialAction":[{"@type":"SearchAction","target":{"@type":"EntryPoint","urlTemplate":"https:\/\/portaltela.pt\/?s={search_term_string}"},"query-input":{"@type":"PropertyValueSpecification","valueRequired":true,"valueName":"search_term_string"}}],"inLanguage":"pt-PT"},{"@type":"Person","@id":"https:\/\/portaltela.pt\/#\/schema\/person\/c4278d4a6028830caff9ee44b42d32ed","name":"Telinha","image":{"@type":"ImageObject","inLanguage":"pt-PT","@id":"https:\/\/portaltela.pt\/s.01k8rhncp4jt1\/2025\/11\/talking-bot-125x125.png","url":"https:\/\/portaltela.pt\/s.01k8rhncp4jt1\/2025\/11\/talking-bot-125x125.png","contentUrl":"https:\/\/portaltela.pt\/s.01k8rhncp4jt1\/2025\/11\/talking-bot-125x125.png","caption":"Telinha"},"sameAs":["https:\/\/portaltela.pt\/"],"url":"https:\/\/portaltela.pt\/por\/367410592786\/"}]}},"_links":{"self":[{"href":"https:\/\/portaltela.pt\/api\/wp\/v2\/posts\/418600","targetHints":{"allow":["GET"]}}],"collection":[{"href":"https:\/\/portaltela.pt\/api\/wp\/v2\/posts"}],"about":[{"href":"https:\/\/portaltela.pt\/api\/wp\/v2\/types\/post"}],"author":[{"embeddable":true,"href":"https:\/\/portaltela.pt\/api\/wp\/v2\/users\/2"}],"replies":[{"embeddable":true,"href":"https:\/\/portaltela.pt\/api\/wp\/v2\/comments?post=418600"}],"version-history":[{"count":0,"href":"https:\/\/portaltela.pt\/api\/wp\/v2\/posts\/418600\/revisions"}],"wp:featuredmedia":[{"embeddable":true,"href":"https:\/\/portaltela.pt\/api\/wp\/v2\/media\/418605"}],"wp:attachment":[{"href":"https:\/\/portaltela.pt\/api\/wp\/v2\/media?parent=418600"}],"wp:term":[{"taxonomy":"category","embeddable":true,"href":"https:\/\/portaltela.pt\/api\/wp\/v2\/categories?post=418600"},{"taxonomy":"post_tag","embeddable":true,"href":"https:\/\/portaltela.pt\/api\/wp\/v2\/tags?post=418600"}],"curies":[{"name":"wp","href":"https:\/\/api.w.org\/{rel}","templated":true}]}}