{"id":418597,"date":"2026-03-23T10:04:00","date_gmt":"2026-03-23T13:04:00","guid":{"rendered":"https:\/\/portaltela.pt\/noticias\/2026\/03\/23\/desemprego-cai-99-em-centros-de-emprego-em-fevereiro-iefp\/"},"modified":"2026-03-23T10:04:00","modified_gmt":"2026-03-23T13:04:00","slug":"desemprego-cai-99-em-centros-de-emprego-em-fevereiro-iefp","status":"publish","type":"post","link":"https:\/\/portaltela.pt\/noticias\/economia\/2026\/03\/23\/desemprego-cai-99-em-centros-de-emprego-em-fevereiro-iefp\/","title":{"rendered":"Desemprego cai 9,9% em centros de emprego em fevereiro, IEFP"},"content":{"rendered":"<p>O IEFP anunciou que o n\u00famero de desempregados registados nos centros de emprego caiu 9,9% em fevereiro. A informa\u00e7\u00e3o situa-se em Portugal e aponta uma redu\u00e7\u00e3o na procura de trabalho no m\u00eas.<\/p>\n<p>A divulga\u00e7\u00e3o \u00e9 feita pelo Instituto do Emprego e Forma\u00e7\u00e3o Profissional, que agrega os dados do mercado de trabalho a n\u00edvel nacional.<\/p>\n<p>Os n\u00fameros referem-se aos centros de emprego p\u00fablicos em todo o pa\u00eds e refletem a evolu\u00e7\u00e3o do desemprego ao longo de fevereiro, segundo o balan\u00e7o mensal do IEFP.<\/p>\n<p>O texto completo do balan\u00e7o encontra-se dispon\u00edvel apenas para subscritores.<\/p>\n","protected":false},"excerpt":{"rendered":"<ul>\n<li>O n\u00famero de desempregados nos centros de emprego caiu 9,9% em fevereiro, segundo o IEFP.<\/li>\n<li>A queda aponta para menos pessoas registadas como desempregadas junto dos servi\u00e7os de emprego.<\/li>\n<li>A informa\u00e7\u00e3o completa n\u00e3o est\u00e1 dispon\u00edvel sem subscri\u00e7\u00e3o.<\/li>\n<li>Conte\u00fado adicional pode incluir dados setoriais ou regionais, conforme divulgado pelo IEFP apenas aos subscritores.<\/li>\n<\/ul>\n","protected":false},"author":2,"featured_media":418599,"comment_status":"closed","ping_status":"closed","sticky":false,"template":"","format":"standard","meta":{"footnotes":""},"categories":[2,6735],"tags":[6115,820,28,4352,1014,2201],"class_list":["post-418597","post","type-post","status-publish","format-standard","has-post-thumbnail","hentry","category-economia","category-negocios","tag-_economia","tag-desemprego","tag-economia","tag-iefp","tag-portugal","tag-trabalho"],"yoast_head":"<!-- This site is optimized with the Yoast SEO plugin v27.2 - https:\/\/yoast.com\/product\/yoast-seo-wordpress\/ -->\n<title>Desemprego cai 9,9% em centros de emprego em fevereiro, IEFP - Portal Tela Portugal<\/title>\n<meta name=\"robots\" content=\"index, follow, max-snippet:-1, max-image-preview:large, max-video-preview:-1\" \/>\n<meta property=\"og:locale\" content=\"pt_PT\" \/>\n<meta property=\"og:type\" content=\"article\" \/>\n<meta property=\"og:title\" content=\"Desemprego cai 9,9% em centros de emprego em fevereiro, IEFP - Portal Tela Portugal\" \/>\n<meta property=\"og:description\" content=\"O n\u00famero de desempregados nos centros de emprego caiu 9,9% em fevereiro, segundo o IEFP. A queda aponta para menos pessoas registadas como desempregadas junto dos servi\u00e7os de emprego. A informa\u00e7\u00e3o completa n\u00e3o est\u00e1 dispon\u00edvel sem subscri\u00e7\u00e3o. Conte\u00fado adicional pode incluir dados setoriais ou regionais, conforme divulgado pelo IEFP apenas aos subscritores.\" \/>\n<meta property=\"og:url\" content=\"https:\/\/portaltela.pt\/noticias\/2026\/03\/23\/desemprego-cai-99-em-centros-de-emprego-em-fevereiro-iefp\/\" \/>\n<meta property=\"og:site_name\" content=\"Portal Tela Portugal\" \/>\n<meta property=\"article:published_time\" content=\"2026-03-23T13:04:00+00:00\" \/>\n<meta name=\"author\" content=\"Telinha\" \/>\n<meta name=\"twitter:card\" content=\"summary_large_image\" \/>\n<meta name=\"twitter:label1\" content=\"Escrito por\" \/>\n\t<meta name=\"twitter:data1\" content=\"Telinha\" \/>\n\t<meta name=\"twitter:label2\" content=\"Tempo estimado de leitura\" \/>\n\t<meta name=\"twitter:data2\" content=\"1 minuto\" \/>\n<script type=\"application\/ld+json\" class=\"yoast-schema-graph\">{\"@context\":\"https:\/\/schema.org\",\"@graph\":[{\"@type\":\"Article\",\"@id\":\"https:\/\/portaltela.pt\/noticias\/2026\/03\/23\/desemprego-cai-99-em-centros-de-emprego-em-fevereiro-iefp\/#article\",\"isPartOf\":{\"@id\":\"https:\/\/portaltela.pt\/noticias\/2026\/03\/23\/desemprego-cai-99-em-centros-de-emprego-em-fevereiro-iefp\/\"},\"author\":{\"name\":\"Telinha\",\"@id\":\"https:\/\/portaltela.pt\/#\/schema\/person\/c4278d4a6028830caff9ee44b42d32ed\"},\"headline\":\"Desemprego cai 9,9% em centros de emprego em fevereiro, IEFP\",\"datePublished\":\"2026-03-23T13:04:00+00:00\",\"mainEntityOfPage\":{\"@id\":\"https:\/\/portaltela.pt\/noticias\/2026\/03\/23\/desemprego-cai-99-em-centros-de-emprego-em-fevereiro-iefp\/\"},\"wordCount\":113,\"image\":{\"@id\":\"https:\/\/portaltela.pt\/noticias\/2026\/03\/23\/desemprego-cai-99-em-centros-de-emprego-em-fevereiro-iefp\/#primaryimage\"},\"thumbnailUrl\":\"https:\/\/portaltela.pt\/s.01k8rhncp4jt1\/2026\/03\/CACHE_780X1200_ANALOG_WATERMARKED_15115148_1396351_05042019115233.jpg\",\"keywords\":[\"_economia\",\"desemprego\",\"economia\",\"IEFP\",\"Portugal\",\"trabalho\"],\"articleSection\":[\"Economia\",\"Neg\u00f3cios\"],\"inLanguage\":\"pt-PT\"},{\"@type\":\"WebPage\",\"@id\":\"https:\/\/portaltela.pt\/noticias\/2026\/03\/23\/desemprego-cai-99-em-centros-de-emprego-em-fevereiro-iefp\/\",\"url\":\"https:\/\/portaltela.pt\/noticias\/2026\/03\/23\/desemprego-cai-99-em-centros-de-emprego-em-fevereiro-iefp\/\",\"name\":\"Desemprego cai 9,9% em centros de emprego em fevereiro, IEFP - Portal Tela Portugal\",\"isPartOf\":{\"@id\":\"https:\/\/portaltela.pt\/#website\"},\"primaryImageOfPage\":{\"@id\":\"https:\/\/portaltela.pt\/noticias\/2026\/03\/23\/desemprego-cai-99-em-centros-de-emprego-em-fevereiro-iefp\/#primaryimage\"},\"image\":{\"@id\":\"https:\/\/portaltela.pt\/noticias\/2026\/03\/23\/desemprego-cai-99-em-centros-de-emprego-em-fevereiro-iefp\/#primaryimage\"},\"thumbnailUrl\":\"https:\/\/portaltela.pt\/s.01k8rhncp4jt1\/2026\/03\/CACHE_780X1200_ANALOG_WATERMARKED_15115148_1396351_05042019115233.jpg\",\"datePublished\":\"2026-03-23T13:04:00+00:00\",\"author\":{\"@id\":\"https:\/\/portaltela.pt\/#\/schema\/person\/c4278d4a6028830caff9ee44b42d32ed\"},\"breadcrumb\":{\"@id\":\"https:\/\/portaltela.pt\/noticias\/2026\/03\/23\/desemprego-cai-99-em-centros-de-emprego-em-fevereiro-iefp\/#breadcrumb\"},\"inLanguage\":\"pt-PT\",\"potentialAction\":[{\"@type\":\"ReadAction\",\"target\":[\"https:\/\/portaltela.pt\/noticias\/2026\/03\/23\/desemprego-cai-99-em-centros-de-emprego-em-fevereiro-iefp\/\"]}]},{\"@type\":\"ImageObject\",\"inLanguage\":\"pt-PT\",\"@id\":\"https:\/\/portaltela.pt\/noticias\/2026\/03\/23\/desemprego-cai-99-em-centros-de-emprego-em-fevereiro-iefp\/#primaryimage\",\"url\":\"https:\/\/portaltela.pt\/s.01k8rhncp4jt1\/2026\/03\/CACHE_780X1200_ANALOG_WATERMARKED_15115148_1396351_05042019115233.jpg\",\"contentUrl\":\"https:\/\/portaltela.pt\/s.01k8rhncp4jt1\/2026\/03\/CACHE_780X1200_ANALOG_WATERMARKED_15115148_1396351_05042019115233.jpg\",\"width\":796,\"height\":448,\"caption\":\"N\u00famero de desempregados nos centros de emprego cai 9,9% em fevereiro - IEFP\"},{\"@type\":\"BreadcrumbList\",\"@id\":\"https:\/\/portaltela.pt\/noticias\/2026\/03\/23\/desemprego-cai-99-em-centros-de-emprego-em-fevereiro-iefp\/#breadcrumb\",\"itemListElement\":[{\"@type\":\"ListItem\",\"position\":1,\"name\":\"In\u00edcio\",\"item\":\"https:\/\/portaltela.pt\/\"},{\"@type\":\"ListItem\",\"position\":2,\"name\":\"Desemprego cai 9,9% em centros de emprego em fevereiro, IEFP\"}]},{\"@type\":\"WebSite\",\"@id\":\"https:\/\/portaltela.pt\/#website\",\"url\":\"https:\/\/portaltela.pt\/\",\"name\":\"Portal Tela Portugal\",\"description\":\"\",\"potentialAction\":[{\"@type\":\"SearchAction\",\"target\":{\"@type\":\"EntryPoint\",\"urlTemplate\":\"https:\/\/portaltela.pt\/?s={search_term_string}\"},\"query-input\":{\"@type\":\"PropertyValueSpecification\",\"valueRequired\":true,\"valueName\":\"search_term_string\"}}],\"inLanguage\":\"pt-PT\"},{\"@type\":\"Person\",\"@id\":\"https:\/\/portaltela.pt\/#\/schema\/person\/c4278d4a6028830caff9ee44b42d32ed\",\"name\":\"Telinha\",\"image\":{\"@type\":\"ImageObject\",\"inLanguage\":\"pt-PT\",\"@id\":\"https:\/\/portaltela.pt\/s.01k8rhncp4jt1\/2025\/11\/talking-bot-125x125.png\",\"url\":\"https:\/\/portaltela.pt\/s.01k8rhncp4jt1\/2025\/11\/talking-bot-125x125.png\",\"contentUrl\":\"https:\/\/portaltela.pt\/s.01k8rhncp4jt1\/2025\/11\/talking-bot-125x125.png\",\"caption\":\"Telinha\"},\"sameAs\":[\"https:\/\/portaltela.pt\/\"],\"url\":\"https:\/\/portaltela.pt\/por\/367410592786\/\"}]}<\/script>\n<!-- \/ Yoast SEO plugin. -->","yoast_head_json":{"title":"Desemprego cai 9,9% em centros de emprego em fevereiro, IEFP - Portal Tela Portugal","robots":{"index":"index","follow":"follow","max-snippet":"max-snippet:-1","max-image-preview":"max-image-preview:large","max-video-preview":"max-video-preview:-1"},"og_locale":"pt_PT","og_type":"article","og_title":"Desemprego cai 9,9% em centros de emprego em fevereiro, IEFP - Portal Tela Portugal","og_description":"O n\u00famero de desempregados nos centros de emprego caiu 9,9% em fevereiro, segundo o IEFP. A queda aponta para menos pessoas registadas como desempregadas junto dos servi\u00e7os de emprego. A informa\u00e7\u00e3o completa n\u00e3o est\u00e1 dispon\u00edvel sem subscri\u00e7\u00e3o. Conte\u00fado adicional pode incluir dados setoriais ou regionais, conforme divulgado pelo IEFP apenas aos subscritores.","og_url":"https:\/\/portaltela.pt\/noticias\/2026\/03\/23\/desemprego-cai-99-em-centros-de-emprego-em-fevereiro-iefp\/","og_site_name":"Portal Tela Portugal","article_published_time":"2026-03-23T13:04:00+00:00","author":"Telinha","twitter_card":"summary_large_image","twitter_misc":{"Escrito por":"Telinha","Tempo estimado de leitura":"1 minuto"},"schema":{"@context":"https:\/\/schema.org","@graph":[{"@type":"Article","@id":"https:\/\/portaltela.pt\/noticias\/2026\/03\/23\/desemprego-cai-99-em-centros-de-emprego-em-fevereiro-iefp\/#article","isPartOf":{"@id":"https:\/\/portaltela.pt\/noticias\/2026\/03\/23\/desemprego-cai-99-em-centros-de-emprego-em-fevereiro-iefp\/"},"author":{"name":"Telinha","@id":"https:\/\/portaltela.pt\/#\/schema\/person\/c4278d4a6028830caff9ee44b42d32ed"},"headline":"Desemprego cai 9,9% em centros de emprego em fevereiro, IEFP","datePublished":"2026-03-23T13:04:00+00:00","mainEntityOfPage":{"@id":"https:\/\/portaltela.pt\/noticias\/2026\/03\/23\/desemprego-cai-99-em-centros-de-emprego-em-fevereiro-iefp\/"},"wordCount":113,"image":{"@id":"https:\/\/portaltela.pt\/noticias\/2026\/03\/23\/desemprego-cai-99-em-centros-de-emprego-em-fevereiro-iefp\/#primaryimage"},"thumbnailUrl":"https:\/\/portaltela.pt\/s.01k8rhncp4jt1\/2026\/03\/CACHE_780X1200_ANALOG_WATERMARKED_15115148_1396351_05042019115233.jpg","keywords":["_economia","desemprego","economia","IEFP","Portugal","trabalho"],"articleSection":["Economia","Neg\u00f3cios"],"inLanguage":"pt-PT"},{"@type":"WebPage","@id":"https:\/\/portaltela.pt\/noticias\/2026\/03\/23\/desemprego-cai-99-em-centros-de-emprego-em-fevereiro-iefp\/","url":"https:\/\/portaltela.pt\/noticias\/2026\/03\/23\/desemprego-cai-99-em-centros-de-emprego-em-fevereiro-iefp\/","name":"Desemprego cai 9,9% em centros de emprego em fevereiro, IEFP - Portal Tela Portugal","isPartOf":{"@id":"https:\/\/portaltela.pt\/#website"},"primaryImageOfPage":{"@id":"https:\/\/portaltela.pt\/noticias\/2026\/03\/23\/desemprego-cai-99-em-centros-de-emprego-em-fevereiro-iefp\/#primaryimage"},"image":{"@id":"https:\/\/portaltela.pt\/noticias\/2026\/03\/23\/desemprego-cai-99-em-centros-de-emprego-em-fevereiro-iefp\/#primaryimage"},"thumbnailUrl":"https:\/\/portaltela.pt\/s.01k8rhncp4jt1\/2026\/03\/CACHE_780X1200_ANALOG_WATERMARKED_15115148_1396351_05042019115233.jpg","datePublished":"2026-03-23T13:04:00+00:00","author":{"@id":"https:\/\/portaltela.pt\/#\/schema\/person\/c4278d4a6028830caff9ee44b42d32ed"},"breadcrumb":{"@id":"https:\/\/portaltela.pt\/noticias\/2026\/03\/23\/desemprego-cai-99-em-centros-de-emprego-em-fevereiro-iefp\/#breadcrumb"},"inLanguage":"pt-PT","potentialAction":[{"@type":"ReadAction","target":["https:\/\/portaltela.pt\/noticias\/2026\/03\/23\/desemprego-cai-99-em-centros-de-emprego-em-fevereiro-iefp\/"]}]},{"@type":"ImageObject","inLanguage":"pt-PT","@id":"https:\/\/portaltela.pt\/noticias\/2026\/03\/23\/desemprego-cai-99-em-centros-de-emprego-em-fevereiro-iefp\/#primaryimage","url":"https:\/\/portaltela.pt\/s.01k8rhncp4jt1\/2026\/03\/CACHE_780X1200_ANALOG_WATERMARKED_15115148_1396351_05042019115233.jpg","contentUrl":"https:\/\/portaltela.pt\/s.01k8rhncp4jt1\/2026\/03\/CACHE_780X1200_ANALOG_WATERMARKED_15115148_1396351_05042019115233.jpg","width":796,"height":448,"caption":"N\u00famero de desempregados nos centros de emprego cai 9,9% em fevereiro - IEFP"},{"@type":"BreadcrumbList","@id":"https:\/\/portaltela.pt\/noticias\/2026\/03\/23\/desemprego-cai-99-em-centros-de-emprego-em-fevereiro-iefp\/#breadcrumb","itemListElement":[{"@type":"ListItem","position":1,"name":"In\u00edcio","item":"https:\/\/portaltela.pt\/"},{"@type":"ListItem","position":2,"name":"Desemprego cai 9,9% em centros de emprego em fevereiro, IEFP"}]},{"@type":"WebSite","@id":"https:\/\/portaltela.pt\/#website","url":"https:\/\/portaltela.pt\/","name":"Portal Tela Portugal","description":"","potentialAction":[{"@type":"SearchAction","target":{"@type":"EntryPoint","urlTemplate":"https:\/\/portaltela.pt\/?s={search_term_string}"},"query-input":{"@type":"PropertyValueSpecification","valueRequired":true,"valueName":"search_term_string"}}],"inLanguage":"pt-PT"},{"@type":"Person","@id":"https:\/\/portaltela.pt\/#\/schema\/person\/c4278d4a6028830caff9ee44b42d32ed","name":"Telinha","image":{"@type":"ImageObject","inLanguage":"pt-PT","@id":"https:\/\/portaltela.pt\/s.01k8rhncp4jt1\/2025\/11\/talking-bot-125x125.png","url":"https:\/\/portaltela.pt\/s.01k8rhncp4jt1\/2025\/11\/talking-bot-125x125.png","contentUrl":"https:\/\/portaltela.pt\/s.01k8rhncp4jt1\/2025\/11\/talking-bot-125x125.png","caption":"Telinha"},"sameAs":["https:\/\/portaltela.pt\/"],"url":"https:\/\/portaltela.pt\/por\/367410592786\/"}]}},"_links":{"self":[{"href":"https:\/\/portaltela.pt\/api\/wp\/v2\/posts\/418597","targetHints":{"allow":["GET"]}}],"collection":[{"href":"https:\/\/portaltela.pt\/api\/wp\/v2\/posts"}],"about":[{"href":"https:\/\/portaltela.pt\/api\/wp\/v2\/types\/post"}],"author":[{"embeddable":true,"href":"https:\/\/portaltela.pt\/api\/wp\/v2\/users\/2"}],"replies":[{"embeddable":true,"href":"https:\/\/portaltela.pt\/api\/wp\/v2\/comments?post=418597"}],"version-history":[{"count":0,"href":"https:\/\/portaltela.pt\/api\/wp\/v2\/posts\/418597\/revisions"}],"wp:featuredmedia":[{"embeddable":true,"href":"https:\/\/portaltela.pt\/api\/wp\/v2\/media\/418599"}],"wp:attachment":[{"href":"https:\/\/portaltela.pt\/api\/wp\/v2\/media?parent=418597"}],"wp:term":[{"taxonomy":"category","embeddable":true,"href":"https:\/\/portaltela.pt\/api\/wp\/v2\/categories?post=418597"},{"taxonomy":"post_tag","embeddable":true,"href":"https:\/\/portaltela.pt\/api\/wp\/v2\/tags?post=418597"}],"curies":[{"name":"wp","href":"https:\/\/api.w.org\/{rel}","templated":true}]}}