{"id":418593,"date":"2026-03-23T11:57:00","date_gmt":"2026-03-23T14:57:00","guid":{"rendered":"https:\/\/portaltela.pt\/noticias\/2026\/03\/23\/colisao-entre-aviao-e-carro-dos-bombeiros-mata-piloto-e-copiloto\/"},"modified":"2026-03-23T11:57:00","modified_gmt":"2026-03-23T14:57:00","slug":"colisao-entre-aviao-e-carro-dos-bombeiros-mata-piloto-e-copiloto","status":"publish","type":"post","link":"https:\/\/portaltela.pt\/acidentes\/2026\/03\/23\/colisao-entre-aviao-e-carro-dos-bombeiros-mata-piloto-e-copiloto\/","title":{"rendered":"Colis\u00e3o entre avi\u00e3o e carro dos bombeiros mata piloto e copiloto"},"content":{"rendered":"<p>O acidente ocorreu no Aeroporto de LaGuardia, em Nova Iorque, quando um avi\u00e3o CRJ-900 colidiu com um ve\u00edculo dos bombeiros. A colis\u00e3o resultou na morte do piloto e do copiloto da aeronave. Treze pessoas ficaram hospitalizadas, incluindo 11 passageiros.<\/p>\n<p>A aeronave era operada pela Jazz Aviation, parceira da Air Canada. As autoridades j\u00e1 anunciaram o encerramento temporal do aeroporto para facilitar as investiga\u00e7\u00f5es sobre as causas do acidente.<\/p>\n<h3>Investiga\u00e7\u00e3o em curso<\/h3>\n<p>As opera\u00e7\u00f5es no aeroporto foram suspensas durante o levantamento preliminar, com prote\u00e7\u00e3o de evid\u00eancias e coopera\u00e7\u00e3o entre as autoridades locais e federais. N\u00e3o foram fornecidos detalhes sobre poss\u00edveis fatores contributivos ou condi\u00e7\u00f5es no momento do incidente.<\/p>\n","protected":false},"excerpt":{"rendered":"<ul>\n<li>Um acidente no Aeroporto de LaGuardia, em Nova Iorque, envolvendo um avi\u00e3o e um ve\u00edculo dos bombeiros, provocou a morte do piloto e do copiloto.<\/li>\n<li>Treze pessoas ficaram hospitalizadas, incluindo onze passageiros.<\/li>\n<li>O aeroporto est\u00e1 encerrado durante as investiga\u00e7\u00f5es para apurar as causas do acidente.<\/li>\n<li>A aeronave CRJ-900 era operada pela Jazz Aviation, parceira da Air Canada.<\/li>\n<\/ul>\n","protected":false},"author":2,"featured_media":418596,"comment_status":"closed","ping_status":"closed","sticky":false,"template":"","format":"standard","meta":{"footnotes":""},"categories":[6849],"tags":[5487,3302,6789,971,6429,5632],"class_list":["post-418593","post","type-post","status-publish","format-standard","has-post-thumbnail","hentry","category-acidentes","tag-acidente","tag-aeroportos","tag-avioes","tag-bombeiros","tag-mortes","tag-nova-iorque"],"yoast_head":"<!-- This site is optimized with the Yoast SEO plugin v27.2 - https:\/\/yoast.com\/product\/yoast-seo-wordpress\/ -->\n<title>Colis\u00e3o entre avi\u00e3o e carro dos bombeiros mata piloto e copiloto - Portal Tela Portugal<\/title>\n<meta name=\"robots\" content=\"index, follow, max-snippet:-1, max-image-preview:large, max-video-preview:-1\" \/>\n<meta property=\"og:locale\" content=\"pt_PT\" \/>\n<meta property=\"og:type\" content=\"article\" \/>\n<meta property=\"og:title\" content=\"Colis\u00e3o entre avi\u00e3o e carro dos bombeiros mata piloto e copiloto - Portal Tela Portugal\" \/>\n<meta property=\"og:description\" content=\"Um acidente no Aeroporto de LaGuardia, em Nova Iorque, envolvendo um avi\u00e3o e um ve\u00edculo dos bombeiros, provocou a morte do piloto e do copiloto. Treze pessoas ficaram hospitalizadas, incluindo onze passageiros. O aeroporto est\u00e1 encerrado durante as investiga\u00e7\u00f5es para apurar as causas do acidente. A aeronave CRJ-900 era operada pela Jazz Aviation, parceira da Air Canada.\" \/>\n<meta property=\"og:url\" content=\"https:\/\/portaltela.pt\/noticias\/2026\/03\/23\/colisao-entre-aviao-e-carro-dos-bombeiros-mata-piloto-e-copiloto\/\" \/>\n<meta property=\"og:site_name\" content=\"Portal Tela Portugal\" \/>\n<meta property=\"article:published_time\" content=\"2026-03-23T14:57:00+00:00\" \/>\n<meta name=\"author\" content=\"Telinha\" \/>\n<meta name=\"twitter:card\" content=\"summary_large_image\" \/>\n<meta name=\"twitter:label1\" content=\"Escrito por\" \/>\n\t<meta name=\"twitter:data1\" content=\"Telinha\" \/>\n\t<meta name=\"twitter:label2\" content=\"Tempo estimado de leitura\" \/>\n\t<meta name=\"twitter:data2\" content=\"1 minuto\" \/>\n<script type=\"application\/ld+json\" class=\"yoast-schema-graph\">{\"@context\":\"https:\/\/schema.org\",\"@graph\":[{\"@type\":\"Article\",\"@id\":\"https:\/\/portaltela.pt\/noticias\/2026\/03\/23\/colisao-entre-aviao-e-carro-dos-bombeiros-mata-piloto-e-copiloto\/#article\",\"isPartOf\":{\"@id\":\"https:\/\/portaltela.pt\/noticias\/2026\/03\/23\/colisao-entre-aviao-e-carro-dos-bombeiros-mata-piloto-e-copiloto\/\"},\"author\":{\"name\":\"Telinha\",\"@id\":\"https:\/\/portaltela.pt\/#\/schema\/person\/c4278d4a6028830caff9ee44b42d32ed\"},\"headline\":\"Colis\u00e3o entre avi\u00e3o e carro dos bombeiros mata piloto e copiloto\",\"datePublished\":\"2026-03-23T14:57:00+00:00\",\"mainEntityOfPage\":{\"@id\":\"https:\/\/portaltela.pt\/noticias\/2026\/03\/23\/colisao-entre-aviao-e-carro-dos-bombeiros-mata-piloto-e-copiloto\/\"},\"wordCount\":131,\"image\":{\"@id\":\"https:\/\/portaltela.pt\/noticias\/2026\/03\/23\/colisao-entre-aviao-e-carro-dos-bombeiros-mata-piloto-e-copiloto\/#primaryimage\"},\"thumbnailUrl\":\"https:\/\/portaltela.pt\/s.01k8rhncp4jt1\/2026\/03\/6067f165-505c-480d-b0ac-f93e65ad759a_1200x675.jpg\",\"keywords\":[\"acidente\",\"aeroportos\",\"avi\u00f5es\",\"bombeiros\",\"mortes\",\"Nova Iorque\"],\"articleSection\":[\"Acidentes\"],\"inLanguage\":\"pt-PT\"},{\"@type\":\"WebPage\",\"@id\":\"https:\/\/portaltela.pt\/noticias\/2026\/03\/23\/colisao-entre-aviao-e-carro-dos-bombeiros-mata-piloto-e-copiloto\/\",\"url\":\"https:\/\/portaltela.pt\/noticias\/2026\/03\/23\/colisao-entre-aviao-e-carro-dos-bombeiros-mata-piloto-e-copiloto\/\",\"name\":\"Colis\u00e3o entre avi\u00e3o e carro dos bombeiros mata piloto e copiloto - Portal Tela Portugal\",\"isPartOf\":{\"@id\":\"https:\/\/portaltela.pt\/#website\"},\"primaryImageOfPage\":{\"@id\":\"https:\/\/portaltela.pt\/noticias\/2026\/03\/23\/colisao-entre-aviao-e-carro-dos-bombeiros-mata-piloto-e-copiloto\/#primaryimage\"},\"image\":{\"@id\":\"https:\/\/portaltela.pt\/noticias\/2026\/03\/23\/colisao-entre-aviao-e-carro-dos-bombeiros-mata-piloto-e-copiloto\/#primaryimage\"},\"thumbnailUrl\":\"https:\/\/portaltela.pt\/s.01k8rhncp4jt1\/2026\/03\/6067f165-505c-480d-b0ac-f93e65ad759a_1200x675.jpg\",\"datePublished\":\"2026-03-23T14:57:00+00:00\",\"author\":{\"@id\":\"https:\/\/portaltela.pt\/#\/schema\/person\/c4278d4a6028830caff9ee44b42d32ed\"},\"breadcrumb\":{\"@id\":\"https:\/\/portaltela.pt\/noticias\/2026\/03\/23\/colisao-entre-aviao-e-carro-dos-bombeiros-mata-piloto-e-copiloto\/#breadcrumb\"},\"inLanguage\":\"pt-PT\",\"potentialAction\":[{\"@type\":\"ReadAction\",\"target\":[\"https:\/\/portaltela.pt\/noticias\/2026\/03\/23\/colisao-entre-aviao-e-carro-dos-bombeiros-mata-piloto-e-copiloto\/\"]}]},{\"@type\":\"ImageObject\",\"inLanguage\":\"pt-PT\",\"@id\":\"https:\/\/portaltela.pt\/noticias\/2026\/03\/23\/colisao-entre-aviao-e-carro-dos-bombeiros-mata-piloto-e-copiloto\/#primaryimage\",\"url\":\"https:\/\/portaltela.pt\/s.01k8rhncp4jt1\/2026\/03\/6067f165-505c-480d-b0ac-f93e65ad759a_1200x675.jpg\",\"contentUrl\":\"https:\/\/portaltela.pt\/s.01k8rhncp4jt1\/2026\/03\/6067f165-505c-480d-b0ac-f93e65ad759a_1200x675.jpg\",\"width\":796,\"height\":448,\"caption\":\"Photo\"},{\"@type\":\"BreadcrumbList\",\"@id\":\"https:\/\/portaltela.pt\/noticias\/2026\/03\/23\/colisao-entre-aviao-e-carro-dos-bombeiros-mata-piloto-e-copiloto\/#breadcrumb\",\"itemListElement\":[{\"@type\":\"ListItem\",\"position\":1,\"name\":\"In\u00edcio\",\"item\":\"https:\/\/portaltela.pt\/\"},{\"@type\":\"ListItem\",\"position\":2,\"name\":\"Colis\u00e3o entre avi\u00e3o e carro dos bombeiros mata piloto e copiloto\"}]},{\"@type\":\"WebSite\",\"@id\":\"https:\/\/portaltela.pt\/#website\",\"url\":\"https:\/\/portaltela.pt\/\",\"name\":\"Portal Tela Portugal\",\"description\":\"\",\"potentialAction\":[{\"@type\":\"SearchAction\",\"target\":{\"@type\":\"EntryPoint\",\"urlTemplate\":\"https:\/\/portaltela.pt\/?s={search_term_string}\"},\"query-input\":{\"@type\":\"PropertyValueSpecification\",\"valueRequired\":true,\"valueName\":\"search_term_string\"}}],\"inLanguage\":\"pt-PT\"},{\"@type\":\"Person\",\"@id\":\"https:\/\/portaltela.pt\/#\/schema\/person\/c4278d4a6028830caff9ee44b42d32ed\",\"name\":\"Telinha\",\"image\":{\"@type\":\"ImageObject\",\"inLanguage\":\"pt-PT\",\"@id\":\"https:\/\/portaltela.pt\/s.01k8rhncp4jt1\/2025\/11\/talking-bot-125x125.png\",\"url\":\"https:\/\/portaltela.pt\/s.01k8rhncp4jt1\/2025\/11\/talking-bot-125x125.png\",\"contentUrl\":\"https:\/\/portaltela.pt\/s.01k8rhncp4jt1\/2025\/11\/talking-bot-125x125.png\",\"caption\":\"Telinha\"},\"sameAs\":[\"https:\/\/portaltela.pt\/\"],\"url\":\"https:\/\/portaltela.pt\/por\/367410592786\/\"}]}<\/script>\n<!-- \/ Yoast SEO plugin. -->","yoast_head_json":{"title":"Colis\u00e3o entre avi\u00e3o e carro dos bombeiros mata piloto e copiloto - Portal Tela Portugal","robots":{"index":"index","follow":"follow","max-snippet":"max-snippet:-1","max-image-preview":"max-image-preview:large","max-video-preview":"max-video-preview:-1"},"og_locale":"pt_PT","og_type":"article","og_title":"Colis\u00e3o entre avi\u00e3o e carro dos bombeiros mata piloto e copiloto - Portal Tela Portugal","og_description":"Um acidente no Aeroporto de LaGuardia, em Nova Iorque, envolvendo um avi\u00e3o e um ve\u00edculo dos bombeiros, provocou a morte do piloto e do copiloto. Treze pessoas ficaram hospitalizadas, incluindo onze passageiros. O aeroporto est\u00e1 encerrado durante as investiga\u00e7\u00f5es para apurar as causas do acidente. A aeronave CRJ-900 era operada pela Jazz Aviation, parceira da Air Canada.","og_url":"https:\/\/portaltela.pt\/noticias\/2026\/03\/23\/colisao-entre-aviao-e-carro-dos-bombeiros-mata-piloto-e-copiloto\/","og_site_name":"Portal Tela Portugal","article_published_time":"2026-03-23T14:57:00+00:00","author":"Telinha","twitter_card":"summary_large_image","twitter_misc":{"Escrito por":"Telinha","Tempo estimado de leitura":"1 minuto"},"schema":{"@context":"https:\/\/schema.org","@graph":[{"@type":"Article","@id":"https:\/\/portaltela.pt\/noticias\/2026\/03\/23\/colisao-entre-aviao-e-carro-dos-bombeiros-mata-piloto-e-copiloto\/#article","isPartOf":{"@id":"https:\/\/portaltela.pt\/noticias\/2026\/03\/23\/colisao-entre-aviao-e-carro-dos-bombeiros-mata-piloto-e-copiloto\/"},"author":{"name":"Telinha","@id":"https:\/\/portaltela.pt\/#\/schema\/person\/c4278d4a6028830caff9ee44b42d32ed"},"headline":"Colis\u00e3o entre avi\u00e3o e carro dos bombeiros mata piloto e copiloto","datePublished":"2026-03-23T14:57:00+00:00","mainEntityOfPage":{"@id":"https:\/\/portaltela.pt\/noticias\/2026\/03\/23\/colisao-entre-aviao-e-carro-dos-bombeiros-mata-piloto-e-copiloto\/"},"wordCount":131,"image":{"@id":"https:\/\/portaltela.pt\/noticias\/2026\/03\/23\/colisao-entre-aviao-e-carro-dos-bombeiros-mata-piloto-e-copiloto\/#primaryimage"},"thumbnailUrl":"https:\/\/portaltela.pt\/s.01k8rhncp4jt1\/2026\/03\/6067f165-505c-480d-b0ac-f93e65ad759a_1200x675.jpg","keywords":["acidente","aeroportos","avi\u00f5es","bombeiros","mortes","Nova Iorque"],"articleSection":["Acidentes"],"inLanguage":"pt-PT"},{"@type":"WebPage","@id":"https:\/\/portaltela.pt\/noticias\/2026\/03\/23\/colisao-entre-aviao-e-carro-dos-bombeiros-mata-piloto-e-copiloto\/","url":"https:\/\/portaltela.pt\/noticias\/2026\/03\/23\/colisao-entre-aviao-e-carro-dos-bombeiros-mata-piloto-e-copiloto\/","name":"Colis\u00e3o entre avi\u00e3o e carro dos bombeiros mata piloto e copiloto - Portal Tela Portugal","isPartOf":{"@id":"https:\/\/portaltela.pt\/#website"},"primaryImageOfPage":{"@id":"https:\/\/portaltela.pt\/noticias\/2026\/03\/23\/colisao-entre-aviao-e-carro-dos-bombeiros-mata-piloto-e-copiloto\/#primaryimage"},"image":{"@id":"https:\/\/portaltela.pt\/noticias\/2026\/03\/23\/colisao-entre-aviao-e-carro-dos-bombeiros-mata-piloto-e-copiloto\/#primaryimage"},"thumbnailUrl":"https:\/\/portaltela.pt\/s.01k8rhncp4jt1\/2026\/03\/6067f165-505c-480d-b0ac-f93e65ad759a_1200x675.jpg","datePublished":"2026-03-23T14:57:00+00:00","author":{"@id":"https:\/\/portaltela.pt\/#\/schema\/person\/c4278d4a6028830caff9ee44b42d32ed"},"breadcrumb":{"@id":"https:\/\/portaltela.pt\/noticias\/2026\/03\/23\/colisao-entre-aviao-e-carro-dos-bombeiros-mata-piloto-e-copiloto\/#breadcrumb"},"inLanguage":"pt-PT","potentialAction":[{"@type":"ReadAction","target":["https:\/\/portaltela.pt\/noticias\/2026\/03\/23\/colisao-entre-aviao-e-carro-dos-bombeiros-mata-piloto-e-copiloto\/"]}]},{"@type":"ImageObject","inLanguage":"pt-PT","@id":"https:\/\/portaltela.pt\/noticias\/2026\/03\/23\/colisao-entre-aviao-e-carro-dos-bombeiros-mata-piloto-e-copiloto\/#primaryimage","url":"https:\/\/portaltela.pt\/s.01k8rhncp4jt1\/2026\/03\/6067f165-505c-480d-b0ac-f93e65ad759a_1200x675.jpg","contentUrl":"https:\/\/portaltela.pt\/s.01k8rhncp4jt1\/2026\/03\/6067f165-505c-480d-b0ac-f93e65ad759a_1200x675.jpg","width":796,"height":448,"caption":"Photo"},{"@type":"BreadcrumbList","@id":"https:\/\/portaltela.pt\/noticias\/2026\/03\/23\/colisao-entre-aviao-e-carro-dos-bombeiros-mata-piloto-e-copiloto\/#breadcrumb","itemListElement":[{"@type":"ListItem","position":1,"name":"In\u00edcio","item":"https:\/\/portaltela.pt\/"},{"@type":"ListItem","position":2,"name":"Colis\u00e3o entre avi\u00e3o e carro dos bombeiros mata piloto e copiloto"}]},{"@type":"WebSite","@id":"https:\/\/portaltela.pt\/#website","url":"https:\/\/portaltela.pt\/","name":"Portal Tela Portugal","description":"","potentialAction":[{"@type":"SearchAction","target":{"@type":"EntryPoint","urlTemplate":"https:\/\/portaltela.pt\/?s={search_term_string}"},"query-input":{"@type":"PropertyValueSpecification","valueRequired":true,"valueName":"search_term_string"}}],"inLanguage":"pt-PT"},{"@type":"Person","@id":"https:\/\/portaltela.pt\/#\/schema\/person\/c4278d4a6028830caff9ee44b42d32ed","name":"Telinha","image":{"@type":"ImageObject","inLanguage":"pt-PT","@id":"https:\/\/portaltela.pt\/s.01k8rhncp4jt1\/2025\/11\/talking-bot-125x125.png","url":"https:\/\/portaltela.pt\/s.01k8rhncp4jt1\/2025\/11\/talking-bot-125x125.png","contentUrl":"https:\/\/portaltela.pt\/s.01k8rhncp4jt1\/2025\/11\/talking-bot-125x125.png","caption":"Telinha"},"sameAs":["https:\/\/portaltela.pt\/"],"url":"https:\/\/portaltela.pt\/por\/367410592786\/"}]}},"_links":{"self":[{"href":"https:\/\/portaltela.pt\/api\/wp\/v2\/posts\/418593","targetHints":{"allow":["GET"]}}],"collection":[{"href":"https:\/\/portaltela.pt\/api\/wp\/v2\/posts"}],"about":[{"href":"https:\/\/portaltela.pt\/api\/wp\/v2\/types\/post"}],"author":[{"embeddable":true,"href":"https:\/\/portaltela.pt\/api\/wp\/v2\/users\/2"}],"replies":[{"embeddable":true,"href":"https:\/\/portaltela.pt\/api\/wp\/v2\/comments?post=418593"}],"version-history":[{"count":0,"href":"https:\/\/portaltela.pt\/api\/wp\/v2\/posts\/418593\/revisions"}],"wp:featuredmedia":[{"embeddable":true,"href":"https:\/\/portaltela.pt\/api\/wp\/v2\/media\/418596"}],"wp:attachment":[{"href":"https:\/\/portaltela.pt\/api\/wp\/v2\/media?parent=418593"}],"wp:term":[{"taxonomy":"category","embeddable":true,"href":"https:\/\/portaltela.pt\/api\/wp\/v2\/categories?post=418593"},{"taxonomy":"post_tag","embeddable":true,"href":"https:\/\/portaltela.pt\/api\/wp\/v2\/tags?post=418593"}],"curies":[{"name":"wp","href":"https:\/\/api.w.org\/{rel}","templated":true}]}}