{"id":418586,"date":"2026-03-23T11:18:00","date_gmt":"2026-03-23T14:18:00","guid":{"rendered":"https:\/\/portaltela.pt\/noticias\/2026\/03\/23\/ministro-acusa-ps-de-querer-manter-omnipresencia-nos-orgaos-do-estado\/"},"modified":"2026-03-23T11:18:00","modified_gmt":"2026-03-23T14:18:00","slug":"ministro-acusa-ps-de-querer-manter-omnipresencia-nos-orgaos-do-estado","status":"publish","type":"post","link":"https:\/\/portaltela.pt\/noticias\/politica\/2026\/03\/23\/ministro-acusa-ps-de-querer-manter-omnipresencia-nos-orgaos-do-estado\/","title":{"rendered":"Ministro acusa PS de querer manter omnipres\u00eancia nos \u00f3rg\u00e3os do Estado"},"content":{"rendered":"<p>O ministro dos Assuntos Parlamentares afirmou que o PS se tornou uma for\u00e7a de conservadorismo gran\u00edtico, resistente a mudan\u00e7as e com ambi\u00e7\u00e3o de manter a omnipresen\u00e7a nos \u00f3rg\u00e3os do Estado. A interven\u00e7\u00e3o ocorreu na abertura das jornadas parlamentares do CDS, na Assembleia da Rep\u00fablica.<\/p>\n<p>A acusa\u00e7\u00e3o surge num momento de impasse pol\u00edtico sobre a elei\u00e7\u00e3o de ju\u00edzes para o Tribunal Constitucional, com PSD e PS a divergir sobre tr\u00eas vagas. A data para nova vota\u00e7\u00e3o ainda n\u00e3o est\u00e1 definida.<\/p>\n<p>Abreu Amorim sustentou que o PS prefere a ina\u00e7\u00e3o \u00e0 transforma\u00e7\u00e3o e que reage de forma resistente a qualquer reforma. O governante indicou que, nesta l\u00f3gica, h\u00e1 uma perman\u00eancia no que est\u00e1 estabelecido.<\/p>\n<p>O ministro descreveu a AD como motor de mudan\u00e7a, contrapondo a ideia de que a alian\u00e7a entre CDS e PSD representa uma tradi\u00e7\u00e3o de responsabilidade e coer\u00eancia. A coliga\u00e7\u00e3o \u00e9 apresentada como for\u00e7a tranquila da mudan\u00e7a, apartada de radicalismos.<\/p>\n<p>Paulo N\u00fancio, l\u00edder parlamentar do CDS, refor\u00e7ou que a AD combina dois partidos diferentes e que o CDS mant\u00e9m autonomia dentro da coliga\u00e7\u00e3o. Garantiu lealdade \u00e0 agenda reformista do Governo.<\/p>\n<p>N\u00fancio e Amorim condenaram o ataque na Marcha pela Vida, em Lisboa, onde um objeto incendi\u00e1rio foi lan\u00e7ado entre os participantes. O CDS anunciou um voto de condena\u00e7\u00e3o ao que qualificou de ataque extremista e criminoso, ao qual o ministro associou-se.<\/p>\n<p>O CDS defendeu que o epis\u00f3dio n\u00e3o recebeu o destaque devido na cobertura medi\u00e1tica, e o partido reiterou o combate a qualquer forma de extremismo. O tom foi de firme atua\u00e7\u00e3o pol\u00edtica, sem pondera\u00e7\u00f5es de culpabilidade que excedam os fatos.<\/p>\n","protected":false},"excerpt":{"rendered":"<ul>\n<li>O ministro dos Assuntos Parlamentares, Carlos Abreu Amorim, acusou o PS de ser uma \u201cfor\u00e7a de conservadorismo gran\u00edtico\u201d que pretende manter a omnipresen\u00e7a nos \u00f3rg\u00e3os do Estado, numa interven\u00e7\u00e3o nas jornadas do CDS na Assembleia da Rep\u00fablica.<\/li>\n<li>As declara\u00e7\u00f5es surgem dois dias antes de se decidir uma nova data para elei\u00e7\u00f5es dos \u00f3rg\u00e3os externos da AR, em meio a um impasse entre PSD e PS sobre a nomea\u00e7\u00e3o de ju\u00edzes para o Tribunal Constitucional.<\/li>\n<li>Abreu Amorim afirmou que o PS prefere inac\u00e7\u00e3o \u00e0 transforma\u00e7\u00e3o e que n\u00e3o quer mudar, defendendo que a coliga\u00e7\u00e3o alternativa entre PSD e CDS representa a maior for\u00e7a de mudan\u00e7a na democracia.<\/li>\n<li>O l\u00edder parlamentar do CDS, Paulo N\u00fancio, disse que a alian\u00e7a com dois partidos diferentes beneficia a coliga\u00e7\u00e3o e reiterou a autonomia do CDS dentro da coliga\u00e7\u00e3o, mantendo o compromisso com a agenda reformista do Governo.<\/li>\n<li>Ambos condenaram o ataque na Marcha pela Vida e anunciaram um voto de condena\u00e7\u00e3o no Parlamento, sublinhando que o extremismo, de qualquer lado, deve ser combatido.<\/li>\n<\/ul>\n","protected":false},"author":2,"featured_media":418587,"comment_status":"closed","ping_status":"closed","sticky":false,"template":"","format":"standard","meta":{"footnotes":""},"categories":[1,5],"tags":[3763,68,34,2832,2144,7405],"class_list":["post-418586","post","type-post","status-publish","format-standard","has-post-thumbnail","hentry","category-noticias","category-politica","tag-cds-cds","tag-eleicoes","tag-governo","tag-politica","tag-ps","tag-tribunal-constitucional"],"yoast_head":"<!-- This site is optimized with the Yoast SEO plugin v27.2 - https:\/\/yoast.com\/product\/yoast-seo-wordpress\/ -->\n<title>Ministro acusa PS de querer manter omnipres\u00eancia nos \u00f3rg\u00e3os do Estado - Portal Tela Portugal<\/title>\n<meta name=\"robots\" content=\"index, follow, max-snippet:-1, max-image-preview:large, max-video-preview:-1\" \/>\n<meta property=\"og:locale\" content=\"pt_PT\" \/>\n<meta property=\"og:type\" content=\"article\" \/>\n<meta property=\"og:title\" content=\"Ministro acusa PS de querer manter omnipres\u00eancia nos \u00f3rg\u00e3os do Estado - Portal Tela Portugal\" \/>\n<meta property=\"og:description\" content=\"O ministro dos Assuntos Parlamentares, Carlos Abreu Amorim, acusou o PS de ser uma \u201cfor\u00e7a de conservadorismo gran\u00edtico\u201d que pretende manter a omnipresen\u00e7a nos \u00f3rg\u00e3os do Estado, numa interven\u00e7\u00e3o nas jornadas do CDS na Assembleia da Rep\u00fablica. As declara\u00e7\u00f5es surgem dois dias antes de se decidir uma nova data para elei\u00e7\u00f5es dos \u00f3rg\u00e3os externos da AR, em meio a um impasse entre PSD e PS sobre a nomea\u00e7\u00e3o de ju\u00edzes para o Tribunal Constitucional. Abreu Amorim afirmou que o PS prefere inac\u00e7\u00e3o \u00e0 transforma\u00e7\u00e3o e que n\u00e3o quer mudar, defendendo que a coliga\u00e7\u00e3o alternativa entre PSD e CDS representa a maior for\u00e7a de mudan\u00e7a na democracia. O l\u00edder parlamentar do CDS, Paulo N\u00fancio, disse que a alian\u00e7a com dois partidos diferentes beneficia a coliga\u00e7\u00e3o e reiterou a autonomia do CDS dentro da coliga\u00e7\u00e3o, mantendo o compromisso com a agenda reformista do Governo. Ambos condenaram o ataque na Marcha pela Vida e anunciaram um voto de condena\u00e7\u00e3o no Parlamento, sublinhando que o extremismo, de qualquer lado, deve ser combatido.\" \/>\n<meta property=\"og:url\" content=\"https:\/\/portaltela.pt\/noticias\/2026\/03\/23\/ministro-acusa-ps-de-querer-manter-omnipresencia-nos-orgaos-do-estado\/\" \/>\n<meta property=\"og:site_name\" content=\"Portal Tela Portugal\" \/>\n<meta property=\"article:published_time\" content=\"2026-03-23T14:18:00+00:00\" \/>\n<meta name=\"author\" content=\"Telinha\" \/>\n<meta name=\"twitter:card\" content=\"summary_large_image\" \/>\n<meta name=\"twitter:label1\" content=\"Escrito por\" \/>\n\t<meta name=\"twitter:data1\" content=\"Telinha\" \/>\n\t<meta name=\"twitter:label2\" content=\"Tempo estimado de leitura\" \/>\n\t<meta name=\"twitter:data2\" content=\"2 minutos\" \/>\n<script type=\"application\/ld+json\" class=\"yoast-schema-graph\">{\"@context\":\"https:\/\/schema.org\",\"@graph\":[{\"@type\":\"Article\",\"@id\":\"https:\/\/portaltela.pt\/noticias\/2026\/03\/23\/ministro-acusa-ps-de-querer-manter-omnipresencia-nos-orgaos-do-estado\/#article\",\"isPartOf\":{\"@id\":\"https:\/\/portaltela.pt\/noticias\/2026\/03\/23\/ministro-acusa-ps-de-querer-manter-omnipresencia-nos-orgaos-do-estado\/\"},\"author\":{\"name\":\"Telinha\",\"@id\":\"https:\/\/portaltela.pt\/#\/schema\/person\/c4278d4a6028830caff9ee44b42d32ed\"},\"headline\":\"Ministro acusa PS de querer manter omnipres\u00eancia nos \u00f3rg\u00e3os do Estado\",\"datePublished\":\"2026-03-23T14:18:00+00:00\",\"mainEntityOfPage\":{\"@id\":\"https:\/\/portaltela.pt\/noticias\/2026\/03\/23\/ministro-acusa-ps-de-querer-manter-omnipresencia-nos-orgaos-do-estado\/\"},\"wordCount\":313,\"image\":{\"@id\":\"https:\/\/portaltela.pt\/noticias\/2026\/03\/23\/ministro-acusa-ps-de-querer-manter-omnipresencia-nos-orgaos-do-estado\/#primaryimage\"},\"thumbnailUrl\":\"https:\/\/portaltela.pt\/s.01k8rhncp4jt1\/2026\/03\/2076317.jpg\",\"keywords\":[\"CDS\/CDS\",\"elei\u00e7\u00f5es\",\"governo\",\"pol\u00edtica\",\"PS\",\"Tribunal Constitucional\"],\"articleSection\":[\"Not\u00edcias\",\"Pol\u00edtica\"],\"inLanguage\":\"pt-PT\"},{\"@type\":\"WebPage\",\"@id\":\"https:\/\/portaltela.pt\/noticias\/2026\/03\/23\/ministro-acusa-ps-de-querer-manter-omnipresencia-nos-orgaos-do-estado\/\",\"url\":\"https:\/\/portaltela.pt\/noticias\/2026\/03\/23\/ministro-acusa-ps-de-querer-manter-omnipresencia-nos-orgaos-do-estado\/\",\"name\":\"Ministro acusa PS de querer manter omnipres\u00eancia nos \u00f3rg\u00e3os do Estado - Portal Tela Portugal\",\"isPartOf\":{\"@id\":\"https:\/\/portaltela.pt\/#website\"},\"primaryImageOfPage\":{\"@id\":\"https:\/\/portaltela.pt\/noticias\/2026\/03\/23\/ministro-acusa-ps-de-querer-manter-omnipresencia-nos-orgaos-do-estado\/#primaryimage\"},\"image\":{\"@id\":\"https:\/\/portaltela.pt\/noticias\/2026\/03\/23\/ministro-acusa-ps-de-querer-manter-omnipresencia-nos-orgaos-do-estado\/#primaryimage\"},\"thumbnailUrl\":\"https:\/\/portaltela.pt\/s.01k8rhncp4jt1\/2026\/03\/2076317.jpg\",\"datePublished\":\"2026-03-23T14:18:00+00:00\",\"author\":{\"@id\":\"https:\/\/portaltela.pt\/#\/schema\/person\/c4278d4a6028830caff9ee44b42d32ed\"},\"breadcrumb\":{\"@id\":\"https:\/\/portaltela.pt\/noticias\/2026\/03\/23\/ministro-acusa-ps-de-querer-manter-omnipresencia-nos-orgaos-do-estado\/#breadcrumb\"},\"inLanguage\":\"pt-PT\",\"potentialAction\":[{\"@type\":\"ReadAction\",\"target\":[\"https:\/\/portaltela.pt\/noticias\/2026\/03\/23\/ministro-acusa-ps-de-querer-manter-omnipresencia-nos-orgaos-do-estado\/\"]}]},{\"@type\":\"ImageObject\",\"inLanguage\":\"pt-PT\",\"@id\":\"https:\/\/portaltela.pt\/noticias\/2026\/03\/23\/ministro-acusa-ps-de-querer-manter-omnipresencia-nos-orgaos-do-estado\/#primaryimage\",\"url\":\"https:\/\/portaltela.pt\/s.01k8rhncp4jt1\/2026\/03\/2076317.jpg\",\"contentUrl\":\"https:\/\/portaltela.pt\/s.01k8rhncp4jt1\/2026\/03\/2076317.jpg\",\"width\":796,\"height\":448,\"caption\":\"O ministro dos Assuntos Parlamentares, Carlos Abreu Amorim, interv\u00e9m na abertura das jornadas parlamentares do CDS\"},{\"@type\":\"BreadcrumbList\",\"@id\":\"https:\/\/portaltela.pt\/noticias\/2026\/03\/23\/ministro-acusa-ps-de-querer-manter-omnipresencia-nos-orgaos-do-estado\/#breadcrumb\",\"itemListElement\":[{\"@type\":\"ListItem\",\"position\":1,\"name\":\"In\u00edcio\",\"item\":\"https:\/\/portaltela.pt\/\"},{\"@type\":\"ListItem\",\"position\":2,\"name\":\"Ministro acusa PS de querer manter omnipres\u00eancia nos \u00f3rg\u00e3os do Estado\"}]},{\"@type\":\"WebSite\",\"@id\":\"https:\/\/portaltela.pt\/#website\",\"url\":\"https:\/\/portaltela.pt\/\",\"name\":\"Portal Tela Portugal\",\"description\":\"\",\"potentialAction\":[{\"@type\":\"SearchAction\",\"target\":{\"@type\":\"EntryPoint\",\"urlTemplate\":\"https:\/\/portaltela.pt\/?s={search_term_string}\"},\"query-input\":{\"@type\":\"PropertyValueSpecification\",\"valueRequired\":true,\"valueName\":\"search_term_string\"}}],\"inLanguage\":\"pt-PT\"},{\"@type\":\"Person\",\"@id\":\"https:\/\/portaltela.pt\/#\/schema\/person\/c4278d4a6028830caff9ee44b42d32ed\",\"name\":\"Telinha\",\"image\":{\"@type\":\"ImageObject\",\"inLanguage\":\"pt-PT\",\"@id\":\"https:\/\/portaltela.pt\/s.01k8rhncp4jt1\/2025\/11\/talking-bot-125x125.png\",\"url\":\"https:\/\/portaltela.pt\/s.01k8rhncp4jt1\/2025\/11\/talking-bot-125x125.png\",\"contentUrl\":\"https:\/\/portaltela.pt\/s.01k8rhncp4jt1\/2025\/11\/talking-bot-125x125.png\",\"caption\":\"Telinha\"},\"sameAs\":[\"https:\/\/portaltela.pt\/\"],\"url\":\"https:\/\/portaltela.pt\/por\/367410592786\/\"}]}<\/script>\n<!-- \/ Yoast SEO plugin. -->","yoast_head_json":{"title":"Ministro acusa PS de querer manter omnipres\u00eancia nos \u00f3rg\u00e3os do Estado - Portal Tela Portugal","robots":{"index":"index","follow":"follow","max-snippet":"max-snippet:-1","max-image-preview":"max-image-preview:large","max-video-preview":"max-video-preview:-1"},"og_locale":"pt_PT","og_type":"article","og_title":"Ministro acusa PS de querer manter omnipres\u00eancia nos \u00f3rg\u00e3os do Estado - Portal Tela Portugal","og_description":"O ministro dos Assuntos Parlamentares, Carlos Abreu Amorim, acusou o PS de ser uma \u201cfor\u00e7a de conservadorismo gran\u00edtico\u201d que pretende manter a omnipresen\u00e7a nos \u00f3rg\u00e3os do Estado, numa interven\u00e7\u00e3o nas jornadas do CDS na Assembleia da Rep\u00fablica. As declara\u00e7\u00f5es surgem dois dias antes de se decidir uma nova data para elei\u00e7\u00f5es dos \u00f3rg\u00e3os externos da AR, em meio a um impasse entre PSD e PS sobre a nomea\u00e7\u00e3o de ju\u00edzes para o Tribunal Constitucional. Abreu Amorim afirmou que o PS prefere inac\u00e7\u00e3o \u00e0 transforma\u00e7\u00e3o e que n\u00e3o quer mudar, defendendo que a coliga\u00e7\u00e3o alternativa entre PSD e CDS representa a maior for\u00e7a de mudan\u00e7a na democracia. O l\u00edder parlamentar do CDS, Paulo N\u00fancio, disse que a alian\u00e7a com dois partidos diferentes beneficia a coliga\u00e7\u00e3o e reiterou a autonomia do CDS dentro da coliga\u00e7\u00e3o, mantendo o compromisso com a agenda reformista do Governo. Ambos condenaram o ataque na Marcha pela Vida e anunciaram um voto de condena\u00e7\u00e3o no Parlamento, sublinhando que o extremismo, de qualquer lado, deve ser combatido.","og_url":"https:\/\/portaltela.pt\/noticias\/2026\/03\/23\/ministro-acusa-ps-de-querer-manter-omnipresencia-nos-orgaos-do-estado\/","og_site_name":"Portal Tela Portugal","article_published_time":"2026-03-23T14:18:00+00:00","author":"Telinha","twitter_card":"summary_large_image","twitter_misc":{"Escrito por":"Telinha","Tempo estimado de leitura":"2 minutos"},"schema":{"@context":"https:\/\/schema.org","@graph":[{"@type":"Article","@id":"https:\/\/portaltela.pt\/noticias\/2026\/03\/23\/ministro-acusa-ps-de-querer-manter-omnipresencia-nos-orgaos-do-estado\/#article","isPartOf":{"@id":"https:\/\/portaltela.pt\/noticias\/2026\/03\/23\/ministro-acusa-ps-de-querer-manter-omnipresencia-nos-orgaos-do-estado\/"},"author":{"name":"Telinha","@id":"https:\/\/portaltela.pt\/#\/schema\/person\/c4278d4a6028830caff9ee44b42d32ed"},"headline":"Ministro acusa PS de querer manter omnipres\u00eancia nos \u00f3rg\u00e3os do Estado","datePublished":"2026-03-23T14:18:00+00:00","mainEntityOfPage":{"@id":"https:\/\/portaltela.pt\/noticias\/2026\/03\/23\/ministro-acusa-ps-de-querer-manter-omnipresencia-nos-orgaos-do-estado\/"},"wordCount":313,"image":{"@id":"https:\/\/portaltela.pt\/noticias\/2026\/03\/23\/ministro-acusa-ps-de-querer-manter-omnipresencia-nos-orgaos-do-estado\/#primaryimage"},"thumbnailUrl":"https:\/\/portaltela.pt\/s.01k8rhncp4jt1\/2026\/03\/2076317.jpg","keywords":["CDS\/CDS","elei\u00e7\u00f5es","governo","pol\u00edtica","PS","Tribunal Constitucional"],"articleSection":["Not\u00edcias","Pol\u00edtica"],"inLanguage":"pt-PT"},{"@type":"WebPage","@id":"https:\/\/portaltela.pt\/noticias\/2026\/03\/23\/ministro-acusa-ps-de-querer-manter-omnipresencia-nos-orgaos-do-estado\/","url":"https:\/\/portaltela.pt\/noticias\/2026\/03\/23\/ministro-acusa-ps-de-querer-manter-omnipresencia-nos-orgaos-do-estado\/","name":"Ministro acusa PS de querer manter omnipres\u00eancia nos \u00f3rg\u00e3os do Estado - Portal Tela Portugal","isPartOf":{"@id":"https:\/\/portaltela.pt\/#website"},"primaryImageOfPage":{"@id":"https:\/\/portaltela.pt\/noticias\/2026\/03\/23\/ministro-acusa-ps-de-querer-manter-omnipresencia-nos-orgaos-do-estado\/#primaryimage"},"image":{"@id":"https:\/\/portaltela.pt\/noticias\/2026\/03\/23\/ministro-acusa-ps-de-querer-manter-omnipresencia-nos-orgaos-do-estado\/#primaryimage"},"thumbnailUrl":"https:\/\/portaltela.pt\/s.01k8rhncp4jt1\/2026\/03\/2076317.jpg","datePublished":"2026-03-23T14:18:00+00:00","author":{"@id":"https:\/\/portaltela.pt\/#\/schema\/person\/c4278d4a6028830caff9ee44b42d32ed"},"breadcrumb":{"@id":"https:\/\/portaltela.pt\/noticias\/2026\/03\/23\/ministro-acusa-ps-de-querer-manter-omnipresencia-nos-orgaos-do-estado\/#breadcrumb"},"inLanguage":"pt-PT","potentialAction":[{"@type":"ReadAction","target":["https:\/\/portaltela.pt\/noticias\/2026\/03\/23\/ministro-acusa-ps-de-querer-manter-omnipresencia-nos-orgaos-do-estado\/"]}]},{"@type":"ImageObject","inLanguage":"pt-PT","@id":"https:\/\/portaltela.pt\/noticias\/2026\/03\/23\/ministro-acusa-ps-de-querer-manter-omnipresencia-nos-orgaos-do-estado\/#primaryimage","url":"https:\/\/portaltela.pt\/s.01k8rhncp4jt1\/2026\/03\/2076317.jpg","contentUrl":"https:\/\/portaltela.pt\/s.01k8rhncp4jt1\/2026\/03\/2076317.jpg","width":796,"height":448,"caption":"O ministro dos Assuntos Parlamentares, Carlos Abreu Amorim, interv\u00e9m na abertura das jornadas parlamentares do CDS"},{"@type":"BreadcrumbList","@id":"https:\/\/portaltela.pt\/noticias\/2026\/03\/23\/ministro-acusa-ps-de-querer-manter-omnipresencia-nos-orgaos-do-estado\/#breadcrumb","itemListElement":[{"@type":"ListItem","position":1,"name":"In\u00edcio","item":"https:\/\/portaltela.pt\/"},{"@type":"ListItem","position":2,"name":"Ministro acusa PS de querer manter omnipres\u00eancia nos \u00f3rg\u00e3os do Estado"}]},{"@type":"WebSite","@id":"https:\/\/portaltela.pt\/#website","url":"https:\/\/portaltela.pt\/","name":"Portal Tela Portugal","description":"","potentialAction":[{"@type":"SearchAction","target":{"@type":"EntryPoint","urlTemplate":"https:\/\/portaltela.pt\/?s={search_term_string}"},"query-input":{"@type":"PropertyValueSpecification","valueRequired":true,"valueName":"search_term_string"}}],"inLanguage":"pt-PT"},{"@type":"Person","@id":"https:\/\/portaltela.pt\/#\/schema\/person\/c4278d4a6028830caff9ee44b42d32ed","name":"Telinha","image":{"@type":"ImageObject","inLanguage":"pt-PT","@id":"https:\/\/portaltela.pt\/s.01k8rhncp4jt1\/2025\/11\/talking-bot-125x125.png","url":"https:\/\/portaltela.pt\/s.01k8rhncp4jt1\/2025\/11\/talking-bot-125x125.png","contentUrl":"https:\/\/portaltela.pt\/s.01k8rhncp4jt1\/2025\/11\/talking-bot-125x125.png","caption":"Telinha"},"sameAs":["https:\/\/portaltela.pt\/"],"url":"https:\/\/portaltela.pt\/por\/367410592786\/"}]}},"_links":{"self":[{"href":"https:\/\/portaltela.pt\/api\/wp\/v2\/posts\/418586","targetHints":{"allow":["GET"]}}],"collection":[{"href":"https:\/\/portaltela.pt\/api\/wp\/v2\/posts"}],"about":[{"href":"https:\/\/portaltela.pt\/api\/wp\/v2\/types\/post"}],"author":[{"embeddable":true,"href":"https:\/\/portaltela.pt\/api\/wp\/v2\/users\/2"}],"replies":[{"embeddable":true,"href":"https:\/\/portaltela.pt\/api\/wp\/v2\/comments?post=418586"}],"version-history":[{"count":0,"href":"https:\/\/portaltela.pt\/api\/wp\/v2\/posts\/418586\/revisions"}],"wp:featuredmedia":[{"embeddable":true,"href":"https:\/\/portaltela.pt\/api\/wp\/v2\/media\/418587"}],"wp:attachment":[{"href":"https:\/\/portaltela.pt\/api\/wp\/v2\/media?parent=418586"}],"wp:term":[{"taxonomy":"category","embeddable":true,"href":"https:\/\/portaltela.pt\/api\/wp\/v2\/categories?post=418586"},{"taxonomy":"post_tag","embeddable":true,"href":"https:\/\/portaltela.pt\/api\/wp\/v2\/tags?post=418586"}],"curies":[{"name":"wp","href":"https:\/\/api.w.org\/{rel}","templated":true}]}}