{"id":418576,"date":"2026-03-23T11:35:00","date_gmt":"2026-03-23T14:35:00","guid":{"rendered":"https:\/\/portaltela.pt\/noticias\/2026\/03\/23\/ataque-de-israel-destroi-ponte-no-libano\/"},"modified":"2026-03-23T11:35:00","modified_gmt":"2026-03-23T14:35:00","slug":"ataque-de-israel-destroi-ponte-no-libano","status":"publish","type":"post","link":"https:\/\/portaltela.pt\/noticias\/internacional\/2026\/03\/23\/ataque-de-israel-destroi-ponte-no-libano\/","title":{"rendered":"Ataque de Israel destr\u00f3i ponte no L\u00edbano"},"content":{"rendered":"<p>Um ataque a\u00e9reo de Israel, neste domingo, destruiu a ponte Qasmiyeh, uma das principais vias entre o Sul e o Centro do L\u00edbano, junto \u00e0 cidade de Tiro. A a\u00e7\u00e3o ocorreu ap\u00f3s Telavive ter ordenado a destrui\u00e7\u00e3o de passagens sobre o rio Litani usadas pelo Hezbollah para enviar refor\u00e7os.<\/p>\n<p>A ofensiva segue uma ordem apresentada pelo governo israelita para neutralizar dinamizadores de movimenta\u00e7\u00e3o ao longo do Litani. A opera\u00e7\u00e3o \u00e9 descrita como parte de esfor\u00e7os para impedir o fluxo de refor\u00e7os do Hezbollah, segundo informa\u00e7\u00f5es oficiais.<\/p>\n<p>Mais de um milh\u00e3o de pessoas foram deslocadas em consequ\u00eancia do conflito, o que poder\u00e1 agravar a crise humanit\u00e1ria na regi\u00e3o. Autoridades locais ampliam o apelo por assist\u00eancia humanit\u00e1ria e apoio emergencial.<\/p>\n","protected":false},"excerpt":{"rendered":"<ul>\n<li>Um ataque a\u00e9reo israelita destruiu a ponte Qasmiyeh, uma das principais vias entre o sul e o centro do L\u00edbano, perto da cidade de Tiro, neste domingo.<\/li>\n<li>O ataque seguiu a ordem de Telavive de destruir as passagens sobre o rio Litani, usadas pelo Hezbollah para enviar refor\u00e7os.<\/li>\n<li>A opera\u00e7\u00e3o foca infraestruturas estrat\u00e9gicas para dificultar a movimenta\u00e7\u00e3o de for\u00e7as.<\/li>\n<li>Mais de um milh\u00e3o de pessoas j\u00e1 foram deslocadas, aumentando o risco de uma crise humanit\u00e1ria.<\/li>\n<li>At\u00e9 ao momento n\u00e3o foram reportadas informa\u00e7\u00f5es oficiais sobre baixas.<\/li>\n<\/ul>\n","protected":false},"author":2,"featured_media":418580,"comment_status":"closed","ping_status":"closed","sticky":false,"template":"","format":"standard","meta":{"footnotes":""},"categories":[6804,4],"tags":[6505,254,2198,4617,7260,3708],"class_list":["post-418576","post","type-post","status-publish","format-standard","has-post-thumbnail","hentry","category-guerra","category-internacional","tag-assistencia-humanitaria","tag-conflito","tag-conflitos-internacionais","tag-deslocados","tag-destruicao","tag-israel"],"yoast_head":"<!-- This site is optimized with the Yoast SEO plugin v27.2 - https:\/\/yoast.com\/product\/yoast-seo-wordpress\/ -->\n<title>Ataque de Israel destr\u00f3i ponte no L\u00edbano - Portal Tela Portugal<\/title>\n<meta name=\"robots\" content=\"index, follow, max-snippet:-1, max-image-preview:large, max-video-preview:-1\" \/>\n<meta property=\"og:locale\" content=\"pt_PT\" \/>\n<meta property=\"og:type\" content=\"article\" \/>\n<meta property=\"og:title\" content=\"Ataque de Israel destr\u00f3i ponte no L\u00edbano - Portal Tela Portugal\" \/>\n<meta property=\"og:description\" content=\"Um ataque a\u00e9reo israelita destruiu a ponte Qasmiyeh, uma das principais vias entre o sul e o centro do L\u00edbano, perto da cidade de Tiro, neste domingo. O ataque seguiu a ordem de Telavive de destruir as passagens sobre o rio Litani, usadas pelo Hezbollah para enviar refor\u00e7os. A opera\u00e7\u00e3o foca infraestruturas estrat\u00e9gicas para dificultar a movimenta\u00e7\u00e3o de for\u00e7as. Mais de um milh\u00e3o de pessoas j\u00e1 foram deslocadas, aumentando o risco de uma crise humanit\u00e1ria. At\u00e9 ao momento n\u00e3o foram reportadas informa\u00e7\u00f5es oficiais sobre baixas.\" \/>\n<meta property=\"og:url\" content=\"https:\/\/portaltela.pt\/noticias\/2026\/03\/23\/ataque-de-israel-destroi-ponte-no-libano\/\" \/>\n<meta property=\"og:site_name\" content=\"Portal Tela Portugal\" \/>\n<meta property=\"article:published_time\" content=\"2026-03-23T14:35:00+00:00\" \/>\n<meta name=\"author\" content=\"Telinha\" \/>\n<meta name=\"twitter:card\" content=\"summary_large_image\" \/>\n<meta name=\"twitter:label1\" content=\"Escrito por\" \/>\n\t<meta name=\"twitter:data1\" content=\"Telinha\" \/>\n\t<meta name=\"twitter:label2\" content=\"Tempo estimado de leitura\" \/>\n\t<meta name=\"twitter:data2\" content=\"1 minuto\" \/>\n<script type=\"application\/ld+json\" class=\"yoast-schema-graph\">{\"@context\":\"https:\/\/schema.org\",\"@graph\":[{\"@type\":\"Article\",\"@id\":\"https:\/\/portaltela.pt\/noticias\/2026\/03\/23\/ataque-de-israel-destroi-ponte-no-libano\/#article\",\"isPartOf\":{\"@id\":\"https:\/\/portaltela.pt\/noticias\/2026\/03\/23\/ataque-de-israel-destroi-ponte-no-libano\/\"},\"author\":{\"name\":\"Telinha\",\"@id\":\"https:\/\/portaltela.pt\/#\/schema\/person\/c4278d4a6028830caff9ee44b42d32ed\"},\"headline\":\"Ataque de Israel destr\u00f3i ponte no L\u00edbano\",\"datePublished\":\"2026-03-23T14:35:00+00:00\",\"mainEntityOfPage\":{\"@id\":\"https:\/\/portaltela.pt\/noticias\/2026\/03\/23\/ataque-de-israel-destroi-ponte-no-libano\/\"},\"wordCount\":142,\"image\":{\"@id\":\"https:\/\/portaltela.pt\/noticias\/2026\/03\/23\/ataque-de-israel-destroi-ponte-no-libano\/#primaryimage\"},\"thumbnailUrl\":\"https:\/\/portaltela.pt\/s.01k8rhncp4jt1\/2026\/03\/2eb5c58e-81f0-4c9a-b324-6ea31fae6e9e_1200x675.jpg\",\"keywords\":[\"assist\u00eancia humanit\u00e1ria\",\"conflito\",\"conflitos internacionais\",\"deslocados\",\"destrui\u00e7\u00e3o\",\"Israel\"],\"articleSection\":[\"Guerra\",\"Internacional\"],\"inLanguage\":\"pt-PT\"},{\"@type\":\"WebPage\",\"@id\":\"https:\/\/portaltela.pt\/noticias\/2026\/03\/23\/ataque-de-israel-destroi-ponte-no-libano\/\",\"url\":\"https:\/\/portaltela.pt\/noticias\/2026\/03\/23\/ataque-de-israel-destroi-ponte-no-libano\/\",\"name\":\"Ataque de Israel destr\u00f3i ponte no L\u00edbano - Portal Tela Portugal\",\"isPartOf\":{\"@id\":\"https:\/\/portaltela.pt\/#website\"},\"primaryImageOfPage\":{\"@id\":\"https:\/\/portaltela.pt\/noticias\/2026\/03\/23\/ataque-de-israel-destroi-ponte-no-libano\/#primaryimage\"},\"image\":{\"@id\":\"https:\/\/portaltela.pt\/noticias\/2026\/03\/23\/ataque-de-israel-destroi-ponte-no-libano\/#primaryimage\"},\"thumbnailUrl\":\"https:\/\/portaltela.pt\/s.01k8rhncp4jt1\/2026\/03\/2eb5c58e-81f0-4c9a-b324-6ea31fae6e9e_1200x675.jpg\",\"datePublished\":\"2026-03-23T14:35:00+00:00\",\"author\":{\"@id\":\"https:\/\/portaltela.pt\/#\/schema\/person\/c4278d4a6028830caff9ee44b42d32ed\"},\"breadcrumb\":{\"@id\":\"https:\/\/portaltela.pt\/noticias\/2026\/03\/23\/ataque-de-israel-destroi-ponte-no-libano\/#breadcrumb\"},\"inLanguage\":\"pt-PT\",\"potentialAction\":[{\"@type\":\"ReadAction\",\"target\":[\"https:\/\/portaltela.pt\/noticias\/2026\/03\/23\/ataque-de-israel-destroi-ponte-no-libano\/\"]}]},{\"@type\":\"ImageObject\",\"inLanguage\":\"pt-PT\",\"@id\":\"https:\/\/portaltela.pt\/noticias\/2026\/03\/23\/ataque-de-israel-destroi-ponte-no-libano\/#primaryimage\",\"url\":\"https:\/\/portaltela.pt\/s.01k8rhncp4jt1\/2026\/03\/2eb5c58e-81f0-4c9a-b324-6ea31fae6e9e_1200x675.jpg\",\"contentUrl\":\"https:\/\/portaltela.pt\/s.01k8rhncp4jt1\/2026\/03\/2eb5c58e-81f0-4c9a-b324-6ea31fae6e9e_1200x675.jpg\",\"width\":796,\"height\":448,\"caption\":\"Photo\"},{\"@type\":\"BreadcrumbList\",\"@id\":\"https:\/\/portaltela.pt\/noticias\/2026\/03\/23\/ataque-de-israel-destroi-ponte-no-libano\/#breadcrumb\",\"itemListElement\":[{\"@type\":\"ListItem\",\"position\":1,\"name\":\"In\u00edcio\",\"item\":\"https:\/\/portaltela.pt\/\"},{\"@type\":\"ListItem\",\"position\":2,\"name\":\"Ataque de Israel destr\u00f3i ponte no L\u00edbano\"}]},{\"@type\":\"WebSite\",\"@id\":\"https:\/\/portaltela.pt\/#website\",\"url\":\"https:\/\/portaltela.pt\/\",\"name\":\"Portal Tela Portugal\",\"description\":\"\",\"potentialAction\":[{\"@type\":\"SearchAction\",\"target\":{\"@type\":\"EntryPoint\",\"urlTemplate\":\"https:\/\/portaltela.pt\/?s={search_term_string}\"},\"query-input\":{\"@type\":\"PropertyValueSpecification\",\"valueRequired\":true,\"valueName\":\"search_term_string\"}}],\"inLanguage\":\"pt-PT\"},{\"@type\":\"Person\",\"@id\":\"https:\/\/portaltela.pt\/#\/schema\/person\/c4278d4a6028830caff9ee44b42d32ed\",\"name\":\"Telinha\",\"image\":{\"@type\":\"ImageObject\",\"inLanguage\":\"pt-PT\",\"@id\":\"https:\/\/portaltela.pt\/s.01k8rhncp4jt1\/2025\/11\/talking-bot-125x125.png\",\"url\":\"https:\/\/portaltela.pt\/s.01k8rhncp4jt1\/2025\/11\/talking-bot-125x125.png\",\"contentUrl\":\"https:\/\/portaltela.pt\/s.01k8rhncp4jt1\/2025\/11\/talking-bot-125x125.png\",\"caption\":\"Telinha\"},\"sameAs\":[\"https:\/\/portaltela.pt\/\"],\"url\":\"https:\/\/portaltela.pt\/por\/367410592786\/\"}]}<\/script>\n<!-- \/ Yoast SEO plugin. -->","yoast_head_json":{"title":"Ataque de Israel destr\u00f3i ponte no L\u00edbano - Portal Tela Portugal","robots":{"index":"index","follow":"follow","max-snippet":"max-snippet:-1","max-image-preview":"max-image-preview:large","max-video-preview":"max-video-preview:-1"},"og_locale":"pt_PT","og_type":"article","og_title":"Ataque de Israel destr\u00f3i ponte no L\u00edbano - Portal Tela Portugal","og_description":"Um ataque a\u00e9reo israelita destruiu a ponte Qasmiyeh, uma das principais vias entre o sul e o centro do L\u00edbano, perto da cidade de Tiro, neste domingo. O ataque seguiu a ordem de Telavive de destruir as passagens sobre o rio Litani, usadas pelo Hezbollah para enviar refor\u00e7os. A opera\u00e7\u00e3o foca infraestruturas estrat\u00e9gicas para dificultar a movimenta\u00e7\u00e3o de for\u00e7as. Mais de um milh\u00e3o de pessoas j\u00e1 foram deslocadas, aumentando o risco de uma crise humanit\u00e1ria. At\u00e9 ao momento n\u00e3o foram reportadas informa\u00e7\u00f5es oficiais sobre baixas.","og_url":"https:\/\/portaltela.pt\/noticias\/2026\/03\/23\/ataque-de-israel-destroi-ponte-no-libano\/","og_site_name":"Portal Tela Portugal","article_published_time":"2026-03-23T14:35:00+00:00","author":"Telinha","twitter_card":"summary_large_image","twitter_misc":{"Escrito por":"Telinha","Tempo estimado de leitura":"1 minuto"},"schema":{"@context":"https:\/\/schema.org","@graph":[{"@type":"Article","@id":"https:\/\/portaltela.pt\/noticias\/2026\/03\/23\/ataque-de-israel-destroi-ponte-no-libano\/#article","isPartOf":{"@id":"https:\/\/portaltela.pt\/noticias\/2026\/03\/23\/ataque-de-israel-destroi-ponte-no-libano\/"},"author":{"name":"Telinha","@id":"https:\/\/portaltela.pt\/#\/schema\/person\/c4278d4a6028830caff9ee44b42d32ed"},"headline":"Ataque de Israel destr\u00f3i ponte no L\u00edbano","datePublished":"2026-03-23T14:35:00+00:00","mainEntityOfPage":{"@id":"https:\/\/portaltela.pt\/noticias\/2026\/03\/23\/ataque-de-israel-destroi-ponte-no-libano\/"},"wordCount":142,"image":{"@id":"https:\/\/portaltela.pt\/noticias\/2026\/03\/23\/ataque-de-israel-destroi-ponte-no-libano\/#primaryimage"},"thumbnailUrl":"https:\/\/portaltela.pt\/s.01k8rhncp4jt1\/2026\/03\/2eb5c58e-81f0-4c9a-b324-6ea31fae6e9e_1200x675.jpg","keywords":["assist\u00eancia humanit\u00e1ria","conflito","conflitos internacionais","deslocados","destrui\u00e7\u00e3o","Israel"],"articleSection":["Guerra","Internacional"],"inLanguage":"pt-PT"},{"@type":"WebPage","@id":"https:\/\/portaltela.pt\/noticias\/2026\/03\/23\/ataque-de-israel-destroi-ponte-no-libano\/","url":"https:\/\/portaltela.pt\/noticias\/2026\/03\/23\/ataque-de-israel-destroi-ponte-no-libano\/","name":"Ataque de Israel destr\u00f3i ponte no L\u00edbano - Portal Tela Portugal","isPartOf":{"@id":"https:\/\/portaltela.pt\/#website"},"primaryImageOfPage":{"@id":"https:\/\/portaltela.pt\/noticias\/2026\/03\/23\/ataque-de-israel-destroi-ponte-no-libano\/#primaryimage"},"image":{"@id":"https:\/\/portaltela.pt\/noticias\/2026\/03\/23\/ataque-de-israel-destroi-ponte-no-libano\/#primaryimage"},"thumbnailUrl":"https:\/\/portaltela.pt\/s.01k8rhncp4jt1\/2026\/03\/2eb5c58e-81f0-4c9a-b324-6ea31fae6e9e_1200x675.jpg","datePublished":"2026-03-23T14:35:00+00:00","author":{"@id":"https:\/\/portaltela.pt\/#\/schema\/person\/c4278d4a6028830caff9ee44b42d32ed"},"breadcrumb":{"@id":"https:\/\/portaltela.pt\/noticias\/2026\/03\/23\/ataque-de-israel-destroi-ponte-no-libano\/#breadcrumb"},"inLanguage":"pt-PT","potentialAction":[{"@type":"ReadAction","target":["https:\/\/portaltela.pt\/noticias\/2026\/03\/23\/ataque-de-israel-destroi-ponte-no-libano\/"]}]},{"@type":"ImageObject","inLanguage":"pt-PT","@id":"https:\/\/portaltela.pt\/noticias\/2026\/03\/23\/ataque-de-israel-destroi-ponte-no-libano\/#primaryimage","url":"https:\/\/portaltela.pt\/s.01k8rhncp4jt1\/2026\/03\/2eb5c58e-81f0-4c9a-b324-6ea31fae6e9e_1200x675.jpg","contentUrl":"https:\/\/portaltela.pt\/s.01k8rhncp4jt1\/2026\/03\/2eb5c58e-81f0-4c9a-b324-6ea31fae6e9e_1200x675.jpg","width":796,"height":448,"caption":"Photo"},{"@type":"BreadcrumbList","@id":"https:\/\/portaltela.pt\/noticias\/2026\/03\/23\/ataque-de-israel-destroi-ponte-no-libano\/#breadcrumb","itemListElement":[{"@type":"ListItem","position":1,"name":"In\u00edcio","item":"https:\/\/portaltela.pt\/"},{"@type":"ListItem","position":2,"name":"Ataque de Israel destr\u00f3i ponte no L\u00edbano"}]},{"@type":"WebSite","@id":"https:\/\/portaltela.pt\/#website","url":"https:\/\/portaltela.pt\/","name":"Portal Tela Portugal","description":"","potentialAction":[{"@type":"SearchAction","target":{"@type":"EntryPoint","urlTemplate":"https:\/\/portaltela.pt\/?s={search_term_string}"},"query-input":{"@type":"PropertyValueSpecification","valueRequired":true,"valueName":"search_term_string"}}],"inLanguage":"pt-PT"},{"@type":"Person","@id":"https:\/\/portaltela.pt\/#\/schema\/person\/c4278d4a6028830caff9ee44b42d32ed","name":"Telinha","image":{"@type":"ImageObject","inLanguage":"pt-PT","@id":"https:\/\/portaltela.pt\/s.01k8rhncp4jt1\/2025\/11\/talking-bot-125x125.png","url":"https:\/\/portaltela.pt\/s.01k8rhncp4jt1\/2025\/11\/talking-bot-125x125.png","contentUrl":"https:\/\/portaltela.pt\/s.01k8rhncp4jt1\/2025\/11\/talking-bot-125x125.png","caption":"Telinha"},"sameAs":["https:\/\/portaltela.pt\/"],"url":"https:\/\/portaltela.pt\/por\/367410592786\/"}]}},"_links":{"self":[{"href":"https:\/\/portaltela.pt\/api\/wp\/v2\/posts\/418576","targetHints":{"allow":["GET"]}}],"collection":[{"href":"https:\/\/portaltela.pt\/api\/wp\/v2\/posts"}],"about":[{"href":"https:\/\/portaltela.pt\/api\/wp\/v2\/types\/post"}],"author":[{"embeddable":true,"href":"https:\/\/portaltela.pt\/api\/wp\/v2\/users\/2"}],"replies":[{"embeddable":true,"href":"https:\/\/portaltela.pt\/api\/wp\/v2\/comments?post=418576"}],"version-history":[{"count":0,"href":"https:\/\/portaltela.pt\/api\/wp\/v2\/posts\/418576\/revisions"}],"wp:featuredmedia":[{"embeddable":true,"href":"https:\/\/portaltela.pt\/api\/wp\/v2\/media\/418580"}],"wp:attachment":[{"href":"https:\/\/portaltela.pt\/api\/wp\/v2\/media?parent=418576"}],"wp:term":[{"taxonomy":"category","embeddable":true,"href":"https:\/\/portaltela.pt\/api\/wp\/v2\/categories?post=418576"},{"taxonomy":"post_tag","embeddable":true,"href":"https:\/\/portaltela.pt\/api\/wp\/v2\/tags?post=418576"}],"curies":[{"name":"wp","href":"https:\/\/api.w.org\/{rel}","templated":true}]}}