{"id":418519,"date":"2026-03-23T10:30:00","date_gmt":"2026-03-23T13:30:00","guid":{"rendered":"https:\/\/portaltela.pt\/noticias\/2026\/03\/23\/dinamarca-vota-sobre-crises-internacionais-e-o-desafio-de-trump-a-gronelandia\/"},"modified":"2026-03-23T10:30:00","modified_gmt":"2026-03-23T13:30:00","slug":"dinamarca-vota-sobre-crises-internacionais-e-o-desafio-de-trump-a-gronelandia","status":"publish","type":"post","link":"https:\/\/portaltela.pt\/noticias\/internacional\/2026\/03\/23\/dinamarca-vota-sobre-crises-internacionais-e-o-desafio-de-trump-a-gronelandia\/","title":{"rendered":"Dinamarca vota sobre crises internacionais e o desafio de Trump \u00e0 Gronel\u00e2ndia"},"content":{"rendered":"<p>A Dinamarca realizou elei\u00e7\u00f5es legislativas antecipadas, convocadas pela primeira-ministra Mette Frederiksen h\u00e1 cerca de um m\u00eas, marcando a abertura do processo eleitoral para esta ter\u00e7a-feira. O foco recaiu sobre a forma como o pa\u00eds enfrenta crises internacionais, incluindo a postura em rela\u00e7\u00e3o \u00e0 Gronel\u00e2ndia, e o apoio \u00e0 Ucr\u00e2nia, bem como o rearmamento europeu.<\/p>\n<p>Frederiksen, l\u00edder dos sociais-democratas, tenta consolidar a base de apoio interno com uma posi\u00e7\u00e3o firme frente \u00e0s amea\u00e7as de Donald Trump \u00e0 Gronel\u00e2ndia, ao mesmo tempo em que refor\u00e7a o alinhamento da Dinamarca com crit\u00e9rios de seguran\u00e7a europeia e defesa coletiva. O partido dirige a campanha destacando a necessidade de autonomia de\u884c\u52a8 e de meios pr\u00f3prios para enfrentar desafios externos.<\/p>\n<p>Os resultados esperados v\u00e3o determinar o curso pol\u00edtico dos pr\u00f3ximos quatro anos, per\u00edodo em que o governo dinamarqu\u00eas planeia consolidar pol\u00edticas de defesa, coopera\u00e7\u00e3o internacional e integra\u00e7\u00e3o europeia. O escrut\u00ednio ocorre no contexto de debates sobre coopera\u00e7\u00e3o transatl\u00e2ntica, apoio \u00e0 Ucr\u00e2nia e perspectivas de rearmamento na regi\u00e3o.<\/p>\n","protected":false},"excerpt":{"rendered":"<ul>\n<li>Elei\u00e7\u00f5es legislativas antecipadas realizam-se nesta ter\u00e7a-feira na Dinamarca.<\/li>\n<li>A primeiramente-ministra Mette Frederiksen, do Partido Social-democrata, tenta mitigar impopularidade interna com uma posi\u00e7\u00e3o firme frente \u00e0s amea\u00e7as de Donald Trump \u00e0 Gronel\u00e2ndia.<\/li>\n<li>O governo mant\u00e9m apoio \u00e0 Ucr\u00e2nia e ao rearmamento europeu.<\/li>\n<li>Frederiksen afirmou, h\u00e1 cerca de um m\u00eas, que nos pr\u00f3ximos quatro anos os dinamarqueses e europeus ter\u00e3o de caminhar com os seus pr\u00f3prios meios.<\/li>\n<li>O escrut\u00ednio ocorre num contexto de crises internacionais e de desafio pol\u00edtico interno.<\/li>\n<\/ul>\n","protected":false},"author":2,"featured_media":418523,"comment_status":"closed","ping_status":"closed","sticky":false,"template":"","format":"standard","meta":{"footnotes":""},"categories":[4,7127],"tags":[256,6574,2503,68,3783,2134],"class_list":["post-418519","post","type-post","status-publish","format-standard","has-post-thumbnail","hentry","category-internacional","category-politica-internacional","tag-cooperacao-internacional","tag-defesa","tag-dinamarca","tag-eleicoes","tag-groenlandia","tag-ucrania"],"yoast_head":"<!-- This site is optimized with the Yoast SEO plugin v27.2 - https:\/\/yoast.com\/product\/yoast-seo-wordpress\/ -->\n<title>Dinamarca vota sobre crises internacionais e o desafio de Trump \u00e0 Gronel\u00e2ndia - Portal Tela Portugal<\/title>\n<meta name=\"robots\" content=\"index, follow, max-snippet:-1, max-image-preview:large, max-video-preview:-1\" \/>\n<meta property=\"og:locale\" content=\"pt_PT\" \/>\n<meta property=\"og:type\" content=\"article\" \/>\n<meta property=\"og:title\" content=\"Dinamarca vota sobre crises internacionais e o desafio de Trump \u00e0 Gronel\u00e2ndia - Portal Tela Portugal\" \/>\n<meta property=\"og:description\" content=\"Elei\u00e7\u00f5es legislativas antecipadas realizam-se nesta ter\u00e7a-feira na Dinamarca. A primeiramente-ministra Mette Frederiksen, do Partido Social-democrata, tenta mitigar impopularidade interna com uma posi\u00e7\u00e3o firme frente \u00e0s amea\u00e7as de Donald Trump \u00e0 Gronel\u00e2ndia. O governo mant\u00e9m apoio \u00e0 Ucr\u00e2nia e ao rearmamento europeu. Frederiksen afirmou, h\u00e1 cerca de um m\u00eas, que nos pr\u00f3ximos quatro anos os dinamarqueses e europeus ter\u00e3o de caminhar com os seus pr\u00f3prios meios. O escrut\u00ednio ocorre num contexto de crises internacionais e de desafio pol\u00edtico interno.\" \/>\n<meta property=\"og:url\" content=\"https:\/\/portaltela.pt\/noticias\/2026\/03\/23\/dinamarca-vota-sobre-crises-internacionais-e-o-desafio-de-trump-a-gronelandia\/\" \/>\n<meta property=\"og:site_name\" content=\"Portal Tela Portugal\" \/>\n<meta property=\"article:published_time\" content=\"2026-03-23T13:30:00+00:00\" \/>\n<meta name=\"author\" content=\"Telinha\" \/>\n<meta name=\"twitter:card\" content=\"summary_large_image\" \/>\n<meta name=\"twitter:label1\" content=\"Escrito por\" \/>\n\t<meta name=\"twitter:data1\" content=\"Telinha\" \/>\n\t<meta name=\"twitter:label2\" content=\"Tempo estimado de leitura\" \/>\n\t<meta name=\"twitter:data2\" content=\"1 minuto\" \/>\n<script type=\"application\/ld+json\" class=\"yoast-schema-graph\">{\"@context\":\"https:\/\/schema.org\",\"@graph\":[{\"@type\":\"Article\",\"@id\":\"https:\/\/portaltela.pt\/noticias\/2026\/03\/23\/dinamarca-vota-sobre-crises-internacionais-e-o-desafio-de-trump-a-gronelandia\/#article\",\"isPartOf\":{\"@id\":\"https:\/\/portaltela.pt\/noticias\/2026\/03\/23\/dinamarca-vota-sobre-crises-internacionais-e-o-desafio-de-trump-a-gronelandia\/\"},\"author\":{\"name\":\"Telinha\",\"@id\":\"https:\/\/portaltela.pt\/#\/schema\/person\/c4278d4a6028830caff9ee44b42d32ed\"},\"headline\":\"Dinamarca vota sobre crises internacionais e o desafio de Trump \u00e0 Gronel\u00e2ndia\",\"datePublished\":\"2026-03-23T13:30:00+00:00\",\"mainEntityOfPage\":{\"@id\":\"https:\/\/portaltela.pt\/noticias\/2026\/03\/23\/dinamarca-vota-sobre-crises-internacionais-e-o-desafio-de-trump-a-gronelandia\/\"},\"wordCount\":197,\"image\":{\"@id\":\"https:\/\/portaltela.pt\/noticias\/2026\/03\/23\/dinamarca-vota-sobre-crises-internacionais-e-o-desafio-de-trump-a-gronelandia\/#primaryimage\"},\"thumbnailUrl\":\"https:\/\/portaltela.pt\/s.01k8rhncp4jt1\/2026\/03\/2075926.jpg\",\"keywords\":[\"coopera\u00e7\u00e3o internacional\",\"defesa\",\"Dinamarca\",\"elei\u00e7\u00f5es\",\"Groenl\u00e2ndia\",\"Ucr\u00e2nia\"],\"articleSection\":[\"Internacional\",\"Pol\u00edtica Internacional\"],\"inLanguage\":\"pt-PT\"},{\"@type\":\"WebPage\",\"@id\":\"https:\/\/portaltela.pt\/noticias\/2026\/03\/23\/dinamarca-vota-sobre-crises-internacionais-e-o-desafio-de-trump-a-gronelandia\/\",\"url\":\"https:\/\/portaltela.pt\/noticias\/2026\/03\/23\/dinamarca-vota-sobre-crises-internacionais-e-o-desafio-de-trump-a-gronelandia\/\",\"name\":\"Dinamarca vota sobre crises internacionais e o desafio de Trump \u00e0 Gronel\u00e2ndia - Portal Tela Portugal\",\"isPartOf\":{\"@id\":\"https:\/\/portaltela.pt\/#website\"},\"primaryImageOfPage\":{\"@id\":\"https:\/\/portaltela.pt\/noticias\/2026\/03\/23\/dinamarca-vota-sobre-crises-internacionais-e-o-desafio-de-trump-a-gronelandia\/#primaryimage\"},\"image\":{\"@id\":\"https:\/\/portaltela.pt\/noticias\/2026\/03\/23\/dinamarca-vota-sobre-crises-internacionais-e-o-desafio-de-trump-a-gronelandia\/#primaryimage\"},\"thumbnailUrl\":\"https:\/\/portaltela.pt\/s.01k8rhncp4jt1\/2026\/03\/2075926.jpg\",\"datePublished\":\"2026-03-23T13:30:00+00:00\",\"author\":{\"@id\":\"https:\/\/portaltela.pt\/#\/schema\/person\/c4278d4a6028830caff9ee44b42d32ed\"},\"breadcrumb\":{\"@id\":\"https:\/\/portaltela.pt\/noticias\/2026\/03\/23\/dinamarca-vota-sobre-crises-internacionais-e-o-desafio-de-trump-a-gronelandia\/#breadcrumb\"},\"inLanguage\":\"pt-PT\",\"potentialAction\":[{\"@type\":\"ReadAction\",\"target\":[\"https:\/\/portaltela.pt\/noticias\/2026\/03\/23\/dinamarca-vota-sobre-crises-internacionais-e-o-desafio-de-trump-a-gronelandia\/\"]}]},{\"@type\":\"ImageObject\",\"inLanguage\":\"pt-PT\",\"@id\":\"https:\/\/portaltela.pt\/noticias\/2026\/03\/23\/dinamarca-vota-sobre-crises-internacionais-e-o-desafio-de-trump-a-gronelandia\/#primaryimage\",\"url\":\"https:\/\/portaltela.pt\/s.01k8rhncp4jt1\/2026\/03\/2075926.jpg\",\"contentUrl\":\"https:\/\/portaltela.pt\/s.01k8rhncp4jt1\/2026\/03\/2075926.jpg\",\"width\":796,\"height\":448,\"caption\":\"Cartaz de apelo ao voto no Partido Social Democrata, com a cara da primeira-ministra, Mette Frederiksen\"},{\"@type\":\"BreadcrumbList\",\"@id\":\"https:\/\/portaltela.pt\/noticias\/2026\/03\/23\/dinamarca-vota-sobre-crises-internacionais-e-o-desafio-de-trump-a-gronelandia\/#breadcrumb\",\"itemListElement\":[{\"@type\":\"ListItem\",\"position\":1,\"name\":\"In\u00edcio\",\"item\":\"https:\/\/portaltela.pt\/\"},{\"@type\":\"ListItem\",\"position\":2,\"name\":\"Dinamarca vota sobre crises internacionais e o desafio de Trump \u00e0 Gronel\u00e2ndia\"}]},{\"@type\":\"WebSite\",\"@id\":\"https:\/\/portaltela.pt\/#website\",\"url\":\"https:\/\/portaltela.pt\/\",\"name\":\"Portal Tela Portugal\",\"description\":\"\",\"potentialAction\":[{\"@type\":\"SearchAction\",\"target\":{\"@type\":\"EntryPoint\",\"urlTemplate\":\"https:\/\/portaltela.pt\/?s={search_term_string}\"},\"query-input\":{\"@type\":\"PropertyValueSpecification\",\"valueRequired\":true,\"valueName\":\"search_term_string\"}}],\"inLanguage\":\"pt-PT\"},{\"@type\":\"Person\",\"@id\":\"https:\/\/portaltela.pt\/#\/schema\/person\/c4278d4a6028830caff9ee44b42d32ed\",\"name\":\"Telinha\",\"image\":{\"@type\":\"ImageObject\",\"inLanguage\":\"pt-PT\",\"@id\":\"https:\/\/portaltela.pt\/s.01k8rhncp4jt1\/2025\/11\/talking-bot-125x125.png\",\"url\":\"https:\/\/portaltela.pt\/s.01k8rhncp4jt1\/2025\/11\/talking-bot-125x125.png\",\"contentUrl\":\"https:\/\/portaltela.pt\/s.01k8rhncp4jt1\/2025\/11\/talking-bot-125x125.png\",\"caption\":\"Telinha\"},\"sameAs\":[\"https:\/\/portaltela.pt\/\"],\"url\":\"https:\/\/portaltela.pt\/por\/367410592786\/\"}]}<\/script>\n<!-- \/ Yoast SEO plugin. -->","yoast_head_json":{"title":"Dinamarca vota sobre crises internacionais e o desafio de Trump \u00e0 Gronel\u00e2ndia - Portal Tela Portugal","robots":{"index":"index","follow":"follow","max-snippet":"max-snippet:-1","max-image-preview":"max-image-preview:large","max-video-preview":"max-video-preview:-1"},"og_locale":"pt_PT","og_type":"article","og_title":"Dinamarca vota sobre crises internacionais e o desafio de Trump \u00e0 Gronel\u00e2ndia - Portal Tela Portugal","og_description":"Elei\u00e7\u00f5es legislativas antecipadas realizam-se nesta ter\u00e7a-feira na Dinamarca. A primeiramente-ministra Mette Frederiksen, do Partido Social-democrata, tenta mitigar impopularidade interna com uma posi\u00e7\u00e3o firme frente \u00e0s amea\u00e7as de Donald Trump \u00e0 Gronel\u00e2ndia. O governo mant\u00e9m apoio \u00e0 Ucr\u00e2nia e ao rearmamento europeu. Frederiksen afirmou, h\u00e1 cerca de um m\u00eas, que nos pr\u00f3ximos quatro anos os dinamarqueses e europeus ter\u00e3o de caminhar com os seus pr\u00f3prios meios. O escrut\u00ednio ocorre num contexto de crises internacionais e de desafio pol\u00edtico interno.","og_url":"https:\/\/portaltela.pt\/noticias\/2026\/03\/23\/dinamarca-vota-sobre-crises-internacionais-e-o-desafio-de-trump-a-gronelandia\/","og_site_name":"Portal Tela Portugal","article_published_time":"2026-03-23T13:30:00+00:00","author":"Telinha","twitter_card":"summary_large_image","twitter_misc":{"Escrito por":"Telinha","Tempo estimado de leitura":"1 minuto"},"schema":{"@context":"https:\/\/schema.org","@graph":[{"@type":"Article","@id":"https:\/\/portaltela.pt\/noticias\/2026\/03\/23\/dinamarca-vota-sobre-crises-internacionais-e-o-desafio-de-trump-a-gronelandia\/#article","isPartOf":{"@id":"https:\/\/portaltela.pt\/noticias\/2026\/03\/23\/dinamarca-vota-sobre-crises-internacionais-e-o-desafio-de-trump-a-gronelandia\/"},"author":{"name":"Telinha","@id":"https:\/\/portaltela.pt\/#\/schema\/person\/c4278d4a6028830caff9ee44b42d32ed"},"headline":"Dinamarca vota sobre crises internacionais e o desafio de Trump \u00e0 Gronel\u00e2ndia","datePublished":"2026-03-23T13:30:00+00:00","mainEntityOfPage":{"@id":"https:\/\/portaltela.pt\/noticias\/2026\/03\/23\/dinamarca-vota-sobre-crises-internacionais-e-o-desafio-de-trump-a-gronelandia\/"},"wordCount":197,"image":{"@id":"https:\/\/portaltela.pt\/noticias\/2026\/03\/23\/dinamarca-vota-sobre-crises-internacionais-e-o-desafio-de-trump-a-gronelandia\/#primaryimage"},"thumbnailUrl":"https:\/\/portaltela.pt\/s.01k8rhncp4jt1\/2026\/03\/2075926.jpg","keywords":["coopera\u00e7\u00e3o internacional","defesa","Dinamarca","elei\u00e7\u00f5es","Groenl\u00e2ndia","Ucr\u00e2nia"],"articleSection":["Internacional","Pol\u00edtica Internacional"],"inLanguage":"pt-PT"},{"@type":"WebPage","@id":"https:\/\/portaltela.pt\/noticias\/2026\/03\/23\/dinamarca-vota-sobre-crises-internacionais-e-o-desafio-de-trump-a-gronelandia\/","url":"https:\/\/portaltela.pt\/noticias\/2026\/03\/23\/dinamarca-vota-sobre-crises-internacionais-e-o-desafio-de-trump-a-gronelandia\/","name":"Dinamarca vota sobre crises internacionais e o desafio de Trump \u00e0 Gronel\u00e2ndia - Portal Tela Portugal","isPartOf":{"@id":"https:\/\/portaltela.pt\/#website"},"primaryImageOfPage":{"@id":"https:\/\/portaltela.pt\/noticias\/2026\/03\/23\/dinamarca-vota-sobre-crises-internacionais-e-o-desafio-de-trump-a-gronelandia\/#primaryimage"},"image":{"@id":"https:\/\/portaltela.pt\/noticias\/2026\/03\/23\/dinamarca-vota-sobre-crises-internacionais-e-o-desafio-de-trump-a-gronelandia\/#primaryimage"},"thumbnailUrl":"https:\/\/portaltela.pt\/s.01k8rhncp4jt1\/2026\/03\/2075926.jpg","datePublished":"2026-03-23T13:30:00+00:00","author":{"@id":"https:\/\/portaltela.pt\/#\/schema\/person\/c4278d4a6028830caff9ee44b42d32ed"},"breadcrumb":{"@id":"https:\/\/portaltela.pt\/noticias\/2026\/03\/23\/dinamarca-vota-sobre-crises-internacionais-e-o-desafio-de-trump-a-gronelandia\/#breadcrumb"},"inLanguage":"pt-PT","potentialAction":[{"@type":"ReadAction","target":["https:\/\/portaltela.pt\/noticias\/2026\/03\/23\/dinamarca-vota-sobre-crises-internacionais-e-o-desafio-de-trump-a-gronelandia\/"]}]},{"@type":"ImageObject","inLanguage":"pt-PT","@id":"https:\/\/portaltela.pt\/noticias\/2026\/03\/23\/dinamarca-vota-sobre-crises-internacionais-e-o-desafio-de-trump-a-gronelandia\/#primaryimage","url":"https:\/\/portaltela.pt\/s.01k8rhncp4jt1\/2026\/03\/2075926.jpg","contentUrl":"https:\/\/portaltela.pt\/s.01k8rhncp4jt1\/2026\/03\/2075926.jpg","width":796,"height":448,"caption":"Cartaz de apelo ao voto no Partido Social Democrata, com a cara da primeira-ministra, Mette Frederiksen"},{"@type":"BreadcrumbList","@id":"https:\/\/portaltela.pt\/noticias\/2026\/03\/23\/dinamarca-vota-sobre-crises-internacionais-e-o-desafio-de-trump-a-gronelandia\/#breadcrumb","itemListElement":[{"@type":"ListItem","position":1,"name":"In\u00edcio","item":"https:\/\/portaltela.pt\/"},{"@type":"ListItem","position":2,"name":"Dinamarca vota sobre crises internacionais e o desafio de Trump \u00e0 Gronel\u00e2ndia"}]},{"@type":"WebSite","@id":"https:\/\/portaltela.pt\/#website","url":"https:\/\/portaltela.pt\/","name":"Portal Tela Portugal","description":"","potentialAction":[{"@type":"SearchAction","target":{"@type":"EntryPoint","urlTemplate":"https:\/\/portaltela.pt\/?s={search_term_string}"},"query-input":{"@type":"PropertyValueSpecification","valueRequired":true,"valueName":"search_term_string"}}],"inLanguage":"pt-PT"},{"@type":"Person","@id":"https:\/\/portaltela.pt\/#\/schema\/person\/c4278d4a6028830caff9ee44b42d32ed","name":"Telinha","image":{"@type":"ImageObject","inLanguage":"pt-PT","@id":"https:\/\/portaltela.pt\/s.01k8rhncp4jt1\/2025\/11\/talking-bot-125x125.png","url":"https:\/\/portaltela.pt\/s.01k8rhncp4jt1\/2025\/11\/talking-bot-125x125.png","contentUrl":"https:\/\/portaltela.pt\/s.01k8rhncp4jt1\/2025\/11\/talking-bot-125x125.png","caption":"Telinha"},"sameAs":["https:\/\/portaltela.pt\/"],"url":"https:\/\/portaltela.pt\/por\/367410592786\/"}]}},"_links":{"self":[{"href":"https:\/\/portaltela.pt\/api\/wp\/v2\/posts\/418519","targetHints":{"allow":["GET"]}}],"collection":[{"href":"https:\/\/portaltela.pt\/api\/wp\/v2\/posts"}],"about":[{"href":"https:\/\/portaltela.pt\/api\/wp\/v2\/types\/post"}],"author":[{"embeddable":true,"href":"https:\/\/portaltela.pt\/api\/wp\/v2\/users\/2"}],"replies":[{"embeddable":true,"href":"https:\/\/portaltela.pt\/api\/wp\/v2\/comments?post=418519"}],"version-history":[{"count":0,"href":"https:\/\/portaltela.pt\/api\/wp\/v2\/posts\/418519\/revisions"}],"wp:featuredmedia":[{"embeddable":true,"href":"https:\/\/portaltela.pt\/api\/wp\/v2\/media\/418523"}],"wp:attachment":[{"href":"https:\/\/portaltela.pt\/api\/wp\/v2\/media?parent=418519"}],"wp:term":[{"taxonomy":"category","embeddable":true,"href":"https:\/\/portaltela.pt\/api\/wp\/v2\/categories?post=418519"},{"taxonomy":"post_tag","embeddable":true,"href":"https:\/\/portaltela.pt\/api\/wp\/v2\/tags?post=418519"}],"curies":[{"name":"wp","href":"https:\/\/api.w.org\/{rel}","templated":true}]}}