{"id":418507,"date":"2026-03-23T10:26:03","date_gmt":"2026-03-23T13:26:03","guid":{"rendered":"https:\/\/portaltela.pt\/noticias\/2026\/03\/23\/alberto-joao-jardim-interpreta-medico-em-filme-sobre-o-vinho-madeira\/"},"modified":"2026-03-23T10:26:03","modified_gmt":"2026-03-23T13:26:03","slug":"alberto-joao-jardim-interpreta-medico-em-filme-sobre-o-vinho-madeira","status":"publish","type":"post","link":"https:\/\/portaltela.pt\/series-e-filmes\/2026\/03\/23\/alberto-joao-jardim-interpreta-medico-em-filme-sobre-o-vinho-madeira\/","title":{"rendered":"Alberto Jo\u00e3o Jardim interpreta m\u00e9dico em filme sobre o Vinho Madeira"},"content":{"rendered":"<p>Alberto Jo\u00e3o Jardim, antigo presidente do Governo Regional da Madeira, integra o elenco do filme Vinhas de um Povo, dirigido por Lu\u00eds Miguel Jardim. O papel atribu\u00eddo ao ex-governante \u00e9 o de um m\u00e9dico, segundo o an\u00fancio feito pela produ\u00e7\u00e3o.<\/p>\n<p>O enredo, uma produ\u00e7\u00e3o de \u00e9poca, foca-se na cultura e na hist\u00f3ria do Vinho Madeira, um elemento central da identidade regional. As grava\u00e7\u00f5es decorrem, em parte, na su\u00edte Winston Churchill do hotel Belmond Reid\u2019s Palace, no Funchal, para conferir realismo hist\u00f3rico \u00e0 narrativa.<\/p>\n<p>A rodagem encontra-se na fase final, com o filme a apresentar continuidade de produ\u00e7\u00e3o ap\u00f3s trabalhos anteriores do mesmo realizador. Vinhas de um Povo surge como novo projeto que amplia a filmografia de Lu\u00eds Miguel Jardim.<\/p>\n<h3>Participa\u00e7\u00f5es anteriores de Jardim<\/h3>\n<p>Jardim j\u00e1 participou em outras obras do realizador madeirense, incluindo Feiticeiro da Calheta e Cartas de Fora. Estas colabora\u00e7\u00f5es anteriores ajudam a consolidar uma rela\u00e7\u00e3o entre o ator e o cinema regional.<\/p>\n<h3>Sobre o realizador<\/h3>\n<p>Lu\u00eds Miguel Jardim, ex-advogado, abandonou a justi\u00e7a para se dedicar \u00e0 produ\u00e7\u00e3o de filmes que refletem tradi\u00e7\u00f5es e hist\u00f3rias do povo madeirense. O novo projeto insere-se nesse percurso criativo.<\/p>\n","protected":false},"excerpt":{"rendered":"<ul>\n<li>O ex-presidente do Governo Regional da Madeira, Alberto Jo\u00e3o Jardim, participa no filme \u201cVinhas de um Povo\u201d do realizador Lu\u00eds Miguel Jardim, interpretando o papel de m\u00e9dico.<\/li>\n<li>A produ\u00e7\u00e3o assinalou que o cen\u00e1rio de grava\u00e7\u00e3o escolhido \u00e9 a su\u00edte Winston Churchill, no hotel Belmond Reid&#8217;s Palace, no Funchal, para conferir realismo \u00e0 narrativa.<\/li>\n<li>\u201cVinhas de um Povo\u201d \u00e9 uma produ\u00e7\u00e3o de \u00e9poca que aborda a cultura e a hist\u00f3ria do Vinho Madeira, um pilar da identidade da ilha, e encontra-se em fase final de grava\u00e7\u00f5es.<\/li>\n<li>Este n\u00e3o \u00e9 o primeiro envolvimento de Jardim com o trabalho do realizador madeirense, tendo j\u00e1 participado em \u201cFeiticeiro da Calheta\u201d e \u201cCartas de Fora\u201d.<\/li>\n<li>Lu\u00eds Miguel Jardim, ex-advogado, dedica-se a filmes que mostram hist\u00f3rias e tradi\u00e7\u00f5es do povo madeirense.<\/li>\n<\/ul>\n","protected":false},"author":2,"featured_media":418511,"comment_status":"closed","ping_status":"closed","sticky":false,"template":"","format":"standard","meta":{"footnotes":""},"categories":[12,7368],"tags":[112,145,5242,859,5586,4569],"class_list":["post-418507","post","type-post","status-publish","format-standard","has-post-thumbnail","hentry","category-entretenimento","category-series-e-filmes","tag-cinema","tag-cultura","tag-filmes","tag-madeira","tag-vinho","tag-vinho-de-madeira"],"yoast_head":"<!-- This site is optimized with the Yoast SEO plugin v27.2 - https:\/\/yoast.com\/product\/yoast-seo-wordpress\/ -->\n<title>Alberto Jo\u00e3o Jardim interpreta m\u00e9dico em filme sobre o Vinho Madeira - Portal Tela Portugal<\/title>\n<meta name=\"robots\" content=\"index, follow, max-snippet:-1, max-image-preview:large, max-video-preview:-1\" \/>\n<meta property=\"og:locale\" content=\"pt_PT\" \/>\n<meta property=\"og:type\" content=\"article\" \/>\n<meta property=\"og:title\" content=\"Alberto Jo\u00e3o Jardim interpreta m\u00e9dico em filme sobre o Vinho Madeira - Portal Tela Portugal\" \/>\n<meta property=\"og:description\" content=\"O ex-presidente do Governo Regional da Madeira, Alberto Jo\u00e3o Jardim, participa no filme \u201cVinhas de um Povo\u201d do realizador Lu\u00eds Miguel Jardim, interpretando o papel de m\u00e9dico. A produ\u00e7\u00e3o assinalou que o cen\u00e1rio de grava\u00e7\u00e3o escolhido \u00e9 a su\u00edte Winston Churchill, no hotel Belmond Reid&#039;s Palace, no Funchal, para conferir realismo \u00e0 narrativa. \u201cVinhas de um Povo\u201d \u00e9 uma produ\u00e7\u00e3o de \u00e9poca que aborda a cultura e a hist\u00f3ria do Vinho Madeira, um pilar da identidade da ilha, e encontra-se em fase final de grava\u00e7\u00f5es. Este n\u00e3o \u00e9 o primeiro envolvimento de Jardim com o trabalho do realizador madeirense, tendo j\u00e1 participado em \u201cFeiticeiro da Calheta\u201d e \u201cCartas de Fora\u201d. Lu\u00eds Miguel Jardim, ex-advogado, dedica-se a filmes que mostram hist\u00f3rias e tradi\u00e7\u00f5es do povo madeirense.\" \/>\n<meta property=\"og:url\" content=\"https:\/\/portaltela.pt\/noticias\/2026\/03\/23\/alberto-joao-jardim-interpreta-medico-em-filme-sobre-o-vinho-madeira\/\" \/>\n<meta property=\"og:site_name\" content=\"Portal Tela Portugal\" \/>\n<meta property=\"article:published_time\" content=\"2026-03-23T13:26:03+00:00\" \/>\n<meta name=\"author\" content=\"Telinha\" \/>\n<meta name=\"twitter:card\" content=\"summary_large_image\" \/>\n<meta name=\"twitter:label1\" content=\"Escrito por\" \/>\n\t<meta name=\"twitter:data1\" content=\"Telinha\" \/>\n\t<meta name=\"twitter:label2\" content=\"Tempo estimado de leitura\" \/>\n\t<meta name=\"twitter:data2\" content=\"1 minuto\" \/>\n<script type=\"application\/ld+json\" class=\"yoast-schema-graph\">{\"@context\":\"https:\/\/schema.org\",\"@graph\":[{\"@type\":\"Article\",\"@id\":\"https:\/\/portaltela.pt\/noticias\/2026\/03\/23\/alberto-joao-jardim-interpreta-medico-em-filme-sobre-o-vinho-madeira\/#article\",\"isPartOf\":{\"@id\":\"https:\/\/portaltela.pt\/noticias\/2026\/03\/23\/alberto-joao-jardim-interpreta-medico-em-filme-sobre-o-vinho-madeira\/\"},\"author\":{\"name\":\"Telinha\",\"@id\":\"https:\/\/portaltela.pt\/#\/schema\/person\/c4278d4a6028830caff9ee44b42d32ed\"},\"headline\":\"Alberto Jo\u00e3o Jardim interpreta m\u00e9dico em filme sobre o Vinho Madeira\",\"datePublished\":\"2026-03-23T13:26:03+00:00\",\"mainEntityOfPage\":{\"@id\":\"https:\/\/portaltela.pt\/noticias\/2026\/03\/23\/alberto-joao-jardim-interpreta-medico-em-filme-sobre-o-vinho-madeira\/\"},\"wordCount\":220,\"image\":{\"@id\":\"https:\/\/portaltela.pt\/noticias\/2026\/03\/23\/alberto-joao-jardim-interpreta-medico-em-filme-sobre-o-vinho-madeira\/#primaryimage\"},\"thumbnailUrl\":\"https:\/\/portaltela.pt\/s.01k8rhncp4jt1\/2026\/03\/img_920x518uu2026-03-23-13-25-56-2428882.jpg\",\"keywords\":[\"cinema\",\"cultura\",\"filmes\",\"Madeira\",\"vinho\",\"VINHO DE MADEIRA\"],\"articleSection\":[\"Entretenimento\",\"S\u00e9ries e filmes\"],\"inLanguage\":\"pt-PT\"},{\"@type\":\"WebPage\",\"@id\":\"https:\/\/portaltela.pt\/noticias\/2026\/03\/23\/alberto-joao-jardim-interpreta-medico-em-filme-sobre-o-vinho-madeira\/\",\"url\":\"https:\/\/portaltela.pt\/noticias\/2026\/03\/23\/alberto-joao-jardim-interpreta-medico-em-filme-sobre-o-vinho-madeira\/\",\"name\":\"Alberto Jo\u00e3o Jardim interpreta m\u00e9dico em filme sobre o Vinho Madeira - Portal Tela Portugal\",\"isPartOf\":{\"@id\":\"https:\/\/portaltela.pt\/#website\"},\"primaryImageOfPage\":{\"@id\":\"https:\/\/portaltela.pt\/noticias\/2026\/03\/23\/alberto-joao-jardim-interpreta-medico-em-filme-sobre-o-vinho-madeira\/#primaryimage\"},\"image\":{\"@id\":\"https:\/\/portaltela.pt\/noticias\/2026\/03\/23\/alberto-joao-jardim-interpreta-medico-em-filme-sobre-o-vinho-madeira\/#primaryimage\"},\"thumbnailUrl\":\"https:\/\/portaltela.pt\/s.01k8rhncp4jt1\/2026\/03\/img_920x518uu2026-03-23-13-25-56-2428882.jpg\",\"datePublished\":\"2026-03-23T13:26:03+00:00\",\"author\":{\"@id\":\"https:\/\/portaltela.pt\/#\/schema\/person\/c4278d4a6028830caff9ee44b42d32ed\"},\"breadcrumb\":{\"@id\":\"https:\/\/portaltela.pt\/noticias\/2026\/03\/23\/alberto-joao-jardim-interpreta-medico-em-filme-sobre-o-vinho-madeira\/#breadcrumb\"},\"inLanguage\":\"pt-PT\",\"potentialAction\":[{\"@type\":\"ReadAction\",\"target\":[\"https:\/\/portaltela.pt\/noticias\/2026\/03\/23\/alberto-joao-jardim-interpreta-medico-em-filme-sobre-o-vinho-madeira\/\"]}]},{\"@type\":\"ImageObject\",\"inLanguage\":\"pt-PT\",\"@id\":\"https:\/\/portaltela.pt\/noticias\/2026\/03\/23\/alberto-joao-jardim-interpreta-medico-em-filme-sobre-o-vinho-madeira\/#primaryimage\",\"url\":\"https:\/\/portaltela.pt\/s.01k8rhncp4jt1\/2026\/03\/img_920x518uu2026-03-23-13-25-56-2428882.jpg\",\"contentUrl\":\"https:\/\/portaltela.pt\/s.01k8rhncp4jt1\/2026\/03\/img_920x518uu2026-03-23-13-25-56-2428882.jpg\",\"width\":920,\"height\":518,\"caption\":\"Alberto Jo\u00e3o Jardim no filme \\\"Vinhas de um Povo\\\", sobre o Vinho Madeira.\"},{\"@type\":\"BreadcrumbList\",\"@id\":\"https:\/\/portaltela.pt\/noticias\/2026\/03\/23\/alberto-joao-jardim-interpreta-medico-em-filme-sobre-o-vinho-madeira\/#breadcrumb\",\"itemListElement\":[{\"@type\":\"ListItem\",\"position\":1,\"name\":\"In\u00edcio\",\"item\":\"https:\/\/portaltela.pt\/\"},{\"@type\":\"ListItem\",\"position\":2,\"name\":\"Alberto Jo\u00e3o Jardim interpreta m\u00e9dico em filme sobre o Vinho Madeira\"}]},{\"@type\":\"WebSite\",\"@id\":\"https:\/\/portaltela.pt\/#website\",\"url\":\"https:\/\/portaltela.pt\/\",\"name\":\"Portal Tela Portugal\",\"description\":\"\",\"potentialAction\":[{\"@type\":\"SearchAction\",\"target\":{\"@type\":\"EntryPoint\",\"urlTemplate\":\"https:\/\/portaltela.pt\/?s={search_term_string}\"},\"query-input\":{\"@type\":\"PropertyValueSpecification\",\"valueRequired\":true,\"valueName\":\"search_term_string\"}}],\"inLanguage\":\"pt-PT\"},{\"@type\":\"Person\",\"@id\":\"https:\/\/portaltela.pt\/#\/schema\/person\/c4278d4a6028830caff9ee44b42d32ed\",\"name\":\"Telinha\",\"image\":{\"@type\":\"ImageObject\",\"inLanguage\":\"pt-PT\",\"@id\":\"https:\/\/portaltela.pt\/s.01k8rhncp4jt1\/2025\/11\/talking-bot-125x125.png\",\"url\":\"https:\/\/portaltela.pt\/s.01k8rhncp4jt1\/2025\/11\/talking-bot-125x125.png\",\"contentUrl\":\"https:\/\/portaltela.pt\/s.01k8rhncp4jt1\/2025\/11\/talking-bot-125x125.png\",\"caption\":\"Telinha\"},\"sameAs\":[\"https:\/\/portaltela.pt\/\"],\"url\":\"https:\/\/portaltela.pt\/por\/367410592786\/\"}]}<\/script>\n<!-- \/ Yoast SEO plugin. -->","yoast_head_json":{"title":"Alberto Jo\u00e3o Jardim interpreta m\u00e9dico em filme sobre o Vinho Madeira - Portal Tela Portugal","robots":{"index":"index","follow":"follow","max-snippet":"max-snippet:-1","max-image-preview":"max-image-preview:large","max-video-preview":"max-video-preview:-1"},"og_locale":"pt_PT","og_type":"article","og_title":"Alberto Jo\u00e3o Jardim interpreta m\u00e9dico em filme sobre o Vinho Madeira - Portal Tela Portugal","og_description":"O ex-presidente do Governo Regional da Madeira, Alberto Jo\u00e3o Jardim, participa no filme \u201cVinhas de um Povo\u201d do realizador Lu\u00eds Miguel Jardim, interpretando o papel de m\u00e9dico. A produ\u00e7\u00e3o assinalou que o cen\u00e1rio de grava\u00e7\u00e3o escolhido \u00e9 a su\u00edte Winston Churchill, no hotel Belmond Reid's Palace, no Funchal, para conferir realismo \u00e0 narrativa. \u201cVinhas de um Povo\u201d \u00e9 uma produ\u00e7\u00e3o de \u00e9poca que aborda a cultura e a hist\u00f3ria do Vinho Madeira, um pilar da identidade da ilha, e encontra-se em fase final de grava\u00e7\u00f5es. Este n\u00e3o \u00e9 o primeiro envolvimento de Jardim com o trabalho do realizador madeirense, tendo j\u00e1 participado em \u201cFeiticeiro da Calheta\u201d e \u201cCartas de Fora\u201d. Lu\u00eds Miguel Jardim, ex-advogado, dedica-se a filmes que mostram hist\u00f3rias e tradi\u00e7\u00f5es do povo madeirense.","og_url":"https:\/\/portaltela.pt\/noticias\/2026\/03\/23\/alberto-joao-jardim-interpreta-medico-em-filme-sobre-o-vinho-madeira\/","og_site_name":"Portal Tela Portugal","article_published_time":"2026-03-23T13:26:03+00:00","author":"Telinha","twitter_card":"summary_large_image","twitter_misc":{"Escrito por":"Telinha","Tempo estimado de leitura":"1 minuto"},"schema":{"@context":"https:\/\/schema.org","@graph":[{"@type":"Article","@id":"https:\/\/portaltela.pt\/noticias\/2026\/03\/23\/alberto-joao-jardim-interpreta-medico-em-filme-sobre-o-vinho-madeira\/#article","isPartOf":{"@id":"https:\/\/portaltela.pt\/noticias\/2026\/03\/23\/alberto-joao-jardim-interpreta-medico-em-filme-sobre-o-vinho-madeira\/"},"author":{"name":"Telinha","@id":"https:\/\/portaltela.pt\/#\/schema\/person\/c4278d4a6028830caff9ee44b42d32ed"},"headline":"Alberto Jo\u00e3o Jardim interpreta m\u00e9dico em filme sobre o Vinho Madeira","datePublished":"2026-03-23T13:26:03+00:00","mainEntityOfPage":{"@id":"https:\/\/portaltela.pt\/noticias\/2026\/03\/23\/alberto-joao-jardim-interpreta-medico-em-filme-sobre-o-vinho-madeira\/"},"wordCount":220,"image":{"@id":"https:\/\/portaltela.pt\/noticias\/2026\/03\/23\/alberto-joao-jardim-interpreta-medico-em-filme-sobre-o-vinho-madeira\/#primaryimage"},"thumbnailUrl":"https:\/\/portaltela.pt\/s.01k8rhncp4jt1\/2026\/03\/img_920x518uu2026-03-23-13-25-56-2428882.jpg","keywords":["cinema","cultura","filmes","Madeira","vinho","VINHO DE MADEIRA"],"articleSection":["Entretenimento","S\u00e9ries e filmes"],"inLanguage":"pt-PT"},{"@type":"WebPage","@id":"https:\/\/portaltela.pt\/noticias\/2026\/03\/23\/alberto-joao-jardim-interpreta-medico-em-filme-sobre-o-vinho-madeira\/","url":"https:\/\/portaltela.pt\/noticias\/2026\/03\/23\/alberto-joao-jardim-interpreta-medico-em-filme-sobre-o-vinho-madeira\/","name":"Alberto Jo\u00e3o Jardim interpreta m\u00e9dico em filme sobre o Vinho Madeira - Portal Tela Portugal","isPartOf":{"@id":"https:\/\/portaltela.pt\/#website"},"primaryImageOfPage":{"@id":"https:\/\/portaltela.pt\/noticias\/2026\/03\/23\/alberto-joao-jardim-interpreta-medico-em-filme-sobre-o-vinho-madeira\/#primaryimage"},"image":{"@id":"https:\/\/portaltela.pt\/noticias\/2026\/03\/23\/alberto-joao-jardim-interpreta-medico-em-filme-sobre-o-vinho-madeira\/#primaryimage"},"thumbnailUrl":"https:\/\/portaltela.pt\/s.01k8rhncp4jt1\/2026\/03\/img_920x518uu2026-03-23-13-25-56-2428882.jpg","datePublished":"2026-03-23T13:26:03+00:00","author":{"@id":"https:\/\/portaltela.pt\/#\/schema\/person\/c4278d4a6028830caff9ee44b42d32ed"},"breadcrumb":{"@id":"https:\/\/portaltela.pt\/noticias\/2026\/03\/23\/alberto-joao-jardim-interpreta-medico-em-filme-sobre-o-vinho-madeira\/#breadcrumb"},"inLanguage":"pt-PT","potentialAction":[{"@type":"ReadAction","target":["https:\/\/portaltela.pt\/noticias\/2026\/03\/23\/alberto-joao-jardim-interpreta-medico-em-filme-sobre-o-vinho-madeira\/"]}]},{"@type":"ImageObject","inLanguage":"pt-PT","@id":"https:\/\/portaltela.pt\/noticias\/2026\/03\/23\/alberto-joao-jardim-interpreta-medico-em-filme-sobre-o-vinho-madeira\/#primaryimage","url":"https:\/\/portaltela.pt\/s.01k8rhncp4jt1\/2026\/03\/img_920x518uu2026-03-23-13-25-56-2428882.jpg","contentUrl":"https:\/\/portaltela.pt\/s.01k8rhncp4jt1\/2026\/03\/img_920x518uu2026-03-23-13-25-56-2428882.jpg","width":920,"height":518,"caption":"Alberto Jo\u00e3o Jardim no filme \"Vinhas de um Povo\", sobre o Vinho Madeira."},{"@type":"BreadcrumbList","@id":"https:\/\/portaltela.pt\/noticias\/2026\/03\/23\/alberto-joao-jardim-interpreta-medico-em-filme-sobre-o-vinho-madeira\/#breadcrumb","itemListElement":[{"@type":"ListItem","position":1,"name":"In\u00edcio","item":"https:\/\/portaltela.pt\/"},{"@type":"ListItem","position":2,"name":"Alberto Jo\u00e3o Jardim interpreta m\u00e9dico em filme sobre o Vinho Madeira"}]},{"@type":"WebSite","@id":"https:\/\/portaltela.pt\/#website","url":"https:\/\/portaltela.pt\/","name":"Portal Tela Portugal","description":"","potentialAction":[{"@type":"SearchAction","target":{"@type":"EntryPoint","urlTemplate":"https:\/\/portaltela.pt\/?s={search_term_string}"},"query-input":{"@type":"PropertyValueSpecification","valueRequired":true,"valueName":"search_term_string"}}],"inLanguage":"pt-PT"},{"@type":"Person","@id":"https:\/\/portaltela.pt\/#\/schema\/person\/c4278d4a6028830caff9ee44b42d32ed","name":"Telinha","image":{"@type":"ImageObject","inLanguage":"pt-PT","@id":"https:\/\/portaltela.pt\/s.01k8rhncp4jt1\/2025\/11\/talking-bot-125x125.png","url":"https:\/\/portaltela.pt\/s.01k8rhncp4jt1\/2025\/11\/talking-bot-125x125.png","contentUrl":"https:\/\/portaltela.pt\/s.01k8rhncp4jt1\/2025\/11\/talking-bot-125x125.png","caption":"Telinha"},"sameAs":["https:\/\/portaltela.pt\/"],"url":"https:\/\/portaltela.pt\/por\/367410592786\/"}]}},"_links":{"self":[{"href":"https:\/\/portaltela.pt\/api\/wp\/v2\/posts\/418507","targetHints":{"allow":["GET"]}}],"collection":[{"href":"https:\/\/portaltela.pt\/api\/wp\/v2\/posts"}],"about":[{"href":"https:\/\/portaltela.pt\/api\/wp\/v2\/types\/post"}],"author":[{"embeddable":true,"href":"https:\/\/portaltela.pt\/api\/wp\/v2\/users\/2"}],"replies":[{"embeddable":true,"href":"https:\/\/portaltela.pt\/api\/wp\/v2\/comments?post=418507"}],"version-history":[{"count":0,"href":"https:\/\/portaltela.pt\/api\/wp\/v2\/posts\/418507\/revisions"}],"wp:featuredmedia":[{"embeddable":true,"href":"https:\/\/portaltela.pt\/api\/wp\/v2\/media\/418511"}],"wp:attachment":[{"href":"https:\/\/portaltela.pt\/api\/wp\/v2\/media?parent=418507"}],"wp:term":[{"taxonomy":"category","embeddable":true,"href":"https:\/\/portaltela.pt\/api\/wp\/v2\/categories?post=418507"},{"taxonomy":"post_tag","embeddable":true,"href":"https:\/\/portaltela.pt\/api\/wp\/v2\/tags?post=418507"}],"curies":[{"name":"wp","href":"https:\/\/api.w.org\/{rel}","templated":true}]}}