{"id":418500,"date":"2026-03-23T10:24:12","date_gmt":"2026-03-23T13:24:12","guid":{"rendered":"https:\/\/portaltela.pt\/noticias\/2026\/03\/23\/deslocados-libaneses-fogem-da-violencia-em-busca-de-sobrevivencia\/"},"modified":"2026-03-23T10:24:12","modified_gmt":"2026-03-23T13:24:12","slug":"deslocados-libaneses-fogem-da-violencia-em-busca-de-sobrevivencia","status":"publish","type":"post","link":"https:\/\/portaltela.pt\/conflitos\/2026\/03\/23\/deslocados-libaneses-fogem-da-violencia-em-busca-de-sobrevivencia\/","title":{"rendered":"Deslocados libaneses fogem da viol\u00eancia em busca de sobreviv\u00eancia"},"content":{"rendered":"<p>Ao Sul do L\u00edbano, mais de um milh\u00e3o de pessoas foram obrigadas a abandonar as suas casas devido aos ataques israelitas em curso. A mobiliza\u00e7\u00e3o humana aumentou a press\u00e3o sobre servi\u00e7os b\u00e1sicos e infraestruturas j\u00e1 afetadas pela regi\u00e3o.<\/p>\n<p>Os deslocados s\u00e3o principalmente civis libaneses cujas comunidades foram duramente atingidas. As autoridades locais deitaram m\u00e3o a abrigos improvisados e a redes de assist\u00eancia para acorrer \u00e0s fam\u00edlias mais vulner\u00e1veis.<\/p>\n<p>Os relatos indicam que a viol\u00eancia intensificou-se nos \u00faltimos dias, obrigando fam\u00edlias a fugir para \u00e1reas menos expostas ou para zonas fronteiri\u00e7as. O objetivo \u00e9 escapar a combates diretos e a danos materiais.<\/p>\n<h3>Contexto<\/h3>\n<p>Fontes locais descrevem um cen\u00e1rio de crise humanit\u00e1ria com necessidade de alimenta\u00e7\u00e3o, \u00e1gua limpa, abrigo e cuidados de sa\u00fade. Organiza\u00e7\u00f5es humanit\u00e1rias solicitam apoio adicional para chegar aos que permanecem isolados.<\/p>\n<p>As autoridades de prote\u00e7\u00e3o civil, em coordena\u00e7\u00e3o com ag\u00eancias internacionais, apelam \u00e0 coopera\u00e7\u00e3o para facilitar a passagem segura de deslocados, garantir a seguran\u00e7a e evitar novas estagna\u00e7\u00f5es no terreno.<\/p>\n","protected":false},"excerpt":{"rendered":"<ul>\n<li>Mais de um milh\u00e3o de pessoas foram for\u00e7adas a abandonar o Sul do L\u00edbano devido aos ataques israelitas.<\/li>\n<li>O \u00eaxodo resulta de confrontos e hostilidades na regi\u00e3o.<\/li>\n<li>A fuga coloca press\u00e3o humanit\u00e1ria sobre as zonas de acolhimento e as infraestruturas locais.<\/li>\n<li>Organiza\u00e7\u00f5es internacionais t\u00eam pedido acesso a ajuda humanit\u00e1ria e prote\u00e7\u00e3o para os deslocados.<\/li>\n<li>Autoridades locais e internacionais acompanham a evolu\u00e7\u00e3o da crise e a necessidade de assist\u00eancia.<\/li>\n<\/ul>\n","protected":false},"author":2,"featured_media":418503,"comment_status":"closed","ping_status":"closed","sticky":false,"template":"","format":"standard","meta":{"footnotes":""},"categories":[6790],"tags":[5747,4617,5029,6635,320,3786],"class_list":["post-418500","post","type-post","status-publish","format-standard","has-post-thumbnail","hentry","category-conflitos","tag-ajuda-humanitaria","tag-deslocados","tag-deslocamentos","tag-libano","tag-protecao-civil","tag-refugiados-internos"],"yoast_head":"<!-- This site is optimized with the Yoast SEO plugin v27.2 - https:\/\/yoast.com\/product\/yoast-seo-wordpress\/ -->\n<title>Deslocados libaneses fogem da viol\u00eancia em busca de sobreviv\u00eancia - Portal Tela Portugal<\/title>\n<meta name=\"robots\" content=\"index, follow, max-snippet:-1, max-image-preview:large, max-video-preview:-1\" \/>\n<meta property=\"og:locale\" content=\"pt_PT\" \/>\n<meta property=\"og:type\" content=\"article\" \/>\n<meta property=\"og:title\" content=\"Deslocados libaneses fogem da viol\u00eancia em busca de sobreviv\u00eancia - Portal Tela Portugal\" \/>\n<meta property=\"og:description\" content=\"Mais de um milh\u00e3o de pessoas foram for\u00e7adas a abandonar o Sul do L\u00edbano devido aos ataques israelitas. O \u00eaxodo resulta de confrontos e hostilidades na regi\u00e3o. A fuga coloca press\u00e3o humanit\u00e1ria sobre as zonas de acolhimento e as infraestruturas locais. Organiza\u00e7\u00f5es internacionais t\u00eam pedido acesso a ajuda humanit\u00e1ria e prote\u00e7\u00e3o para os deslocados. Autoridades locais e internacionais acompanham a evolu\u00e7\u00e3o da crise e a necessidade de assist\u00eancia.\" \/>\n<meta property=\"og:url\" content=\"https:\/\/portaltela.pt\/noticias\/2026\/03\/23\/deslocados-libaneses-fogem-da-violencia-em-busca-de-sobrevivencia\/\" \/>\n<meta property=\"og:site_name\" content=\"Portal Tela Portugal\" \/>\n<meta property=\"article:published_time\" content=\"2026-03-23T13:24:12+00:00\" \/>\n<meta name=\"author\" content=\"Telinha\" \/>\n<meta name=\"twitter:card\" content=\"summary_large_image\" \/>\n<meta name=\"twitter:label1\" content=\"Escrito por\" \/>\n\t<meta name=\"twitter:data1\" content=\"Telinha\" \/>\n\t<meta name=\"twitter:label2\" content=\"Tempo estimado de leitura\" \/>\n\t<meta name=\"twitter:data2\" content=\"1 minuto\" \/>\n<script type=\"application\/ld+json\" class=\"yoast-schema-graph\">{\"@context\":\"https:\/\/schema.org\",\"@graph\":[{\"@type\":\"Article\",\"@id\":\"https:\/\/portaltela.pt\/noticias\/2026\/03\/23\/deslocados-libaneses-fogem-da-violencia-em-busca-de-sobrevivencia\/#article\",\"isPartOf\":{\"@id\":\"https:\/\/portaltela.pt\/noticias\/2026\/03\/23\/deslocados-libaneses-fogem-da-violencia-em-busca-de-sobrevivencia\/\"},\"author\":{\"name\":\"Telinha\",\"@id\":\"https:\/\/portaltela.pt\/#\/schema\/person\/c4278d4a6028830caff9ee44b42d32ed\"},\"headline\":\"Deslocados libaneses fogem da viol\u00eancia em busca de sobreviv\u00eancia\",\"datePublished\":\"2026-03-23T13:24:12+00:00\",\"mainEntityOfPage\":{\"@id\":\"https:\/\/portaltela.pt\/noticias\/2026\/03\/23\/deslocados-libaneses-fogem-da-violencia-em-busca-de-sobrevivencia\/\"},\"wordCount\":197,\"image\":{\"@id\":\"https:\/\/portaltela.pt\/noticias\/2026\/03\/23\/deslocados-libaneses-fogem-da-violencia-em-busca-de-sobrevivencia\/#primaryimage\"},\"thumbnailUrl\":\"https:\/\/portaltela.pt\/s.01k8rhncp4jt1\/2026\/03\/img_1280x722uu2026-03-22-23-13-20-2274228.jpg\",\"keywords\":[\"ajuda humanit\u00e1ria\",\"deslocados\",\"deslocamentos\",\"L\u00edbano\",\"prote\u00e7\u00e3o civil\",\"refugiados internos\"],\"articleSection\":[\"Conflitos\"],\"inLanguage\":\"pt-PT\"},{\"@type\":\"WebPage\",\"@id\":\"https:\/\/portaltela.pt\/noticias\/2026\/03\/23\/deslocados-libaneses-fogem-da-violencia-em-busca-de-sobrevivencia\/\",\"url\":\"https:\/\/portaltela.pt\/noticias\/2026\/03\/23\/deslocados-libaneses-fogem-da-violencia-em-busca-de-sobrevivencia\/\",\"name\":\"Deslocados libaneses fogem da viol\u00eancia em busca de sobreviv\u00eancia - Portal Tela Portugal\",\"isPartOf\":{\"@id\":\"https:\/\/portaltela.pt\/#website\"},\"primaryImageOfPage\":{\"@id\":\"https:\/\/portaltela.pt\/noticias\/2026\/03\/23\/deslocados-libaneses-fogem-da-violencia-em-busca-de-sobrevivencia\/#primaryimage\"},\"image\":{\"@id\":\"https:\/\/portaltela.pt\/noticias\/2026\/03\/23\/deslocados-libaneses-fogem-da-violencia-em-busca-de-sobrevivencia\/#primaryimage\"},\"thumbnailUrl\":\"https:\/\/portaltela.pt\/s.01k8rhncp4jt1\/2026\/03\/img_1280x722uu2026-03-22-23-13-20-2274228.jpg\",\"datePublished\":\"2026-03-23T13:24:12+00:00\",\"author\":{\"@id\":\"https:\/\/portaltela.pt\/#\/schema\/person\/c4278d4a6028830caff9ee44b42d32ed\"},\"breadcrumb\":{\"@id\":\"https:\/\/portaltela.pt\/noticias\/2026\/03\/23\/deslocados-libaneses-fogem-da-violencia-em-busca-de-sobrevivencia\/#breadcrumb\"},\"inLanguage\":\"pt-PT\",\"potentialAction\":[{\"@type\":\"ReadAction\",\"target\":[\"https:\/\/portaltela.pt\/noticias\/2026\/03\/23\/deslocados-libaneses-fogem-da-violencia-em-busca-de-sobrevivencia\/\"]}]},{\"@type\":\"ImageObject\",\"inLanguage\":\"pt-PT\",\"@id\":\"https:\/\/portaltela.pt\/noticias\/2026\/03\/23\/deslocados-libaneses-fogem-da-violencia-em-busca-de-sobrevivencia\/#primaryimage\",\"url\":\"https:\/\/portaltela.pt\/s.01k8rhncp4jt1\/2026\/03\/img_1280x722uu2026-03-22-23-13-20-2274228.jpg\",\"contentUrl\":\"https:\/\/portaltela.pt\/s.01k8rhncp4jt1\/2026\/03\/img_1280x722uu2026-03-22-23-13-20-2274228.jpg\",\"width\":796,\"height\":448,\"caption\":\"Photo\"},{\"@type\":\"BreadcrumbList\",\"@id\":\"https:\/\/portaltela.pt\/noticias\/2026\/03\/23\/deslocados-libaneses-fogem-da-violencia-em-busca-de-sobrevivencia\/#breadcrumb\",\"itemListElement\":[{\"@type\":\"ListItem\",\"position\":1,\"name\":\"In\u00edcio\",\"item\":\"https:\/\/portaltela.pt\/\"},{\"@type\":\"ListItem\",\"position\":2,\"name\":\"Deslocados libaneses fogem da viol\u00eancia em busca de sobreviv\u00eancia\"}]},{\"@type\":\"WebSite\",\"@id\":\"https:\/\/portaltela.pt\/#website\",\"url\":\"https:\/\/portaltela.pt\/\",\"name\":\"Portal Tela Portugal\",\"description\":\"\",\"potentialAction\":[{\"@type\":\"SearchAction\",\"target\":{\"@type\":\"EntryPoint\",\"urlTemplate\":\"https:\/\/portaltela.pt\/?s={search_term_string}\"},\"query-input\":{\"@type\":\"PropertyValueSpecification\",\"valueRequired\":true,\"valueName\":\"search_term_string\"}}],\"inLanguage\":\"pt-PT\"},{\"@type\":\"Person\",\"@id\":\"https:\/\/portaltela.pt\/#\/schema\/person\/c4278d4a6028830caff9ee44b42d32ed\",\"name\":\"Telinha\",\"image\":{\"@type\":\"ImageObject\",\"inLanguage\":\"pt-PT\",\"@id\":\"https:\/\/portaltela.pt\/s.01k8rhncp4jt1\/2025\/11\/talking-bot-125x125.png\",\"url\":\"https:\/\/portaltela.pt\/s.01k8rhncp4jt1\/2025\/11\/talking-bot-125x125.png\",\"contentUrl\":\"https:\/\/portaltela.pt\/s.01k8rhncp4jt1\/2025\/11\/talking-bot-125x125.png\",\"caption\":\"Telinha\"},\"sameAs\":[\"https:\/\/portaltela.pt\/\"],\"url\":\"https:\/\/portaltela.pt\/por\/367410592786\/\"}]}<\/script>\n<!-- \/ Yoast SEO plugin. -->","yoast_head_json":{"title":"Deslocados libaneses fogem da viol\u00eancia em busca de sobreviv\u00eancia - Portal Tela Portugal","robots":{"index":"index","follow":"follow","max-snippet":"max-snippet:-1","max-image-preview":"max-image-preview:large","max-video-preview":"max-video-preview:-1"},"og_locale":"pt_PT","og_type":"article","og_title":"Deslocados libaneses fogem da viol\u00eancia em busca de sobreviv\u00eancia - Portal Tela Portugal","og_description":"Mais de um milh\u00e3o de pessoas foram for\u00e7adas a abandonar o Sul do L\u00edbano devido aos ataques israelitas. O \u00eaxodo resulta de confrontos e hostilidades na regi\u00e3o. A fuga coloca press\u00e3o humanit\u00e1ria sobre as zonas de acolhimento e as infraestruturas locais. Organiza\u00e7\u00f5es internacionais t\u00eam pedido acesso a ajuda humanit\u00e1ria e prote\u00e7\u00e3o para os deslocados. Autoridades locais e internacionais acompanham a evolu\u00e7\u00e3o da crise e a necessidade de assist\u00eancia.","og_url":"https:\/\/portaltela.pt\/noticias\/2026\/03\/23\/deslocados-libaneses-fogem-da-violencia-em-busca-de-sobrevivencia\/","og_site_name":"Portal Tela Portugal","article_published_time":"2026-03-23T13:24:12+00:00","author":"Telinha","twitter_card":"summary_large_image","twitter_misc":{"Escrito por":"Telinha","Tempo estimado de leitura":"1 minuto"},"schema":{"@context":"https:\/\/schema.org","@graph":[{"@type":"Article","@id":"https:\/\/portaltela.pt\/noticias\/2026\/03\/23\/deslocados-libaneses-fogem-da-violencia-em-busca-de-sobrevivencia\/#article","isPartOf":{"@id":"https:\/\/portaltela.pt\/noticias\/2026\/03\/23\/deslocados-libaneses-fogem-da-violencia-em-busca-de-sobrevivencia\/"},"author":{"name":"Telinha","@id":"https:\/\/portaltela.pt\/#\/schema\/person\/c4278d4a6028830caff9ee44b42d32ed"},"headline":"Deslocados libaneses fogem da viol\u00eancia em busca de sobreviv\u00eancia","datePublished":"2026-03-23T13:24:12+00:00","mainEntityOfPage":{"@id":"https:\/\/portaltela.pt\/noticias\/2026\/03\/23\/deslocados-libaneses-fogem-da-violencia-em-busca-de-sobrevivencia\/"},"wordCount":197,"image":{"@id":"https:\/\/portaltela.pt\/noticias\/2026\/03\/23\/deslocados-libaneses-fogem-da-violencia-em-busca-de-sobrevivencia\/#primaryimage"},"thumbnailUrl":"https:\/\/portaltela.pt\/s.01k8rhncp4jt1\/2026\/03\/img_1280x722uu2026-03-22-23-13-20-2274228.jpg","keywords":["ajuda humanit\u00e1ria","deslocados","deslocamentos","L\u00edbano","prote\u00e7\u00e3o civil","refugiados internos"],"articleSection":["Conflitos"],"inLanguage":"pt-PT"},{"@type":"WebPage","@id":"https:\/\/portaltela.pt\/noticias\/2026\/03\/23\/deslocados-libaneses-fogem-da-violencia-em-busca-de-sobrevivencia\/","url":"https:\/\/portaltela.pt\/noticias\/2026\/03\/23\/deslocados-libaneses-fogem-da-violencia-em-busca-de-sobrevivencia\/","name":"Deslocados libaneses fogem da viol\u00eancia em busca de sobreviv\u00eancia - Portal Tela Portugal","isPartOf":{"@id":"https:\/\/portaltela.pt\/#website"},"primaryImageOfPage":{"@id":"https:\/\/portaltela.pt\/noticias\/2026\/03\/23\/deslocados-libaneses-fogem-da-violencia-em-busca-de-sobrevivencia\/#primaryimage"},"image":{"@id":"https:\/\/portaltela.pt\/noticias\/2026\/03\/23\/deslocados-libaneses-fogem-da-violencia-em-busca-de-sobrevivencia\/#primaryimage"},"thumbnailUrl":"https:\/\/portaltela.pt\/s.01k8rhncp4jt1\/2026\/03\/img_1280x722uu2026-03-22-23-13-20-2274228.jpg","datePublished":"2026-03-23T13:24:12+00:00","author":{"@id":"https:\/\/portaltela.pt\/#\/schema\/person\/c4278d4a6028830caff9ee44b42d32ed"},"breadcrumb":{"@id":"https:\/\/portaltela.pt\/noticias\/2026\/03\/23\/deslocados-libaneses-fogem-da-violencia-em-busca-de-sobrevivencia\/#breadcrumb"},"inLanguage":"pt-PT","potentialAction":[{"@type":"ReadAction","target":["https:\/\/portaltela.pt\/noticias\/2026\/03\/23\/deslocados-libaneses-fogem-da-violencia-em-busca-de-sobrevivencia\/"]}]},{"@type":"ImageObject","inLanguage":"pt-PT","@id":"https:\/\/portaltela.pt\/noticias\/2026\/03\/23\/deslocados-libaneses-fogem-da-violencia-em-busca-de-sobrevivencia\/#primaryimage","url":"https:\/\/portaltela.pt\/s.01k8rhncp4jt1\/2026\/03\/img_1280x722uu2026-03-22-23-13-20-2274228.jpg","contentUrl":"https:\/\/portaltela.pt\/s.01k8rhncp4jt1\/2026\/03\/img_1280x722uu2026-03-22-23-13-20-2274228.jpg","width":796,"height":448,"caption":"Photo"},{"@type":"BreadcrumbList","@id":"https:\/\/portaltela.pt\/noticias\/2026\/03\/23\/deslocados-libaneses-fogem-da-violencia-em-busca-de-sobrevivencia\/#breadcrumb","itemListElement":[{"@type":"ListItem","position":1,"name":"In\u00edcio","item":"https:\/\/portaltela.pt\/"},{"@type":"ListItem","position":2,"name":"Deslocados libaneses fogem da viol\u00eancia em busca de sobreviv\u00eancia"}]},{"@type":"WebSite","@id":"https:\/\/portaltela.pt\/#website","url":"https:\/\/portaltela.pt\/","name":"Portal Tela Portugal","description":"","potentialAction":[{"@type":"SearchAction","target":{"@type":"EntryPoint","urlTemplate":"https:\/\/portaltela.pt\/?s={search_term_string}"},"query-input":{"@type":"PropertyValueSpecification","valueRequired":true,"valueName":"search_term_string"}}],"inLanguage":"pt-PT"},{"@type":"Person","@id":"https:\/\/portaltela.pt\/#\/schema\/person\/c4278d4a6028830caff9ee44b42d32ed","name":"Telinha","image":{"@type":"ImageObject","inLanguage":"pt-PT","@id":"https:\/\/portaltela.pt\/s.01k8rhncp4jt1\/2025\/11\/talking-bot-125x125.png","url":"https:\/\/portaltela.pt\/s.01k8rhncp4jt1\/2025\/11\/talking-bot-125x125.png","contentUrl":"https:\/\/portaltela.pt\/s.01k8rhncp4jt1\/2025\/11\/talking-bot-125x125.png","caption":"Telinha"},"sameAs":["https:\/\/portaltela.pt\/"],"url":"https:\/\/portaltela.pt\/por\/367410592786\/"}]}},"_links":{"self":[{"href":"https:\/\/portaltela.pt\/api\/wp\/v2\/posts\/418500","targetHints":{"allow":["GET"]}}],"collection":[{"href":"https:\/\/portaltela.pt\/api\/wp\/v2\/posts"}],"about":[{"href":"https:\/\/portaltela.pt\/api\/wp\/v2\/types\/post"}],"author":[{"embeddable":true,"href":"https:\/\/portaltela.pt\/api\/wp\/v2\/users\/2"}],"replies":[{"embeddable":true,"href":"https:\/\/portaltela.pt\/api\/wp\/v2\/comments?post=418500"}],"version-history":[{"count":0,"href":"https:\/\/portaltela.pt\/api\/wp\/v2\/posts\/418500\/revisions"}],"wp:featuredmedia":[{"embeddable":true,"href":"https:\/\/portaltela.pt\/api\/wp\/v2\/media\/418503"}],"wp:attachment":[{"href":"https:\/\/portaltela.pt\/api\/wp\/v2\/media?parent=418500"}],"wp:term":[{"taxonomy":"category","embeddable":true,"href":"https:\/\/portaltela.pt\/api\/wp\/v2\/categories?post=418500"},{"taxonomy":"post_tag","embeddable":true,"href":"https:\/\/portaltela.pt\/api\/wp\/v2\/tags?post=418500"}],"curies":[{"name":"wp","href":"https:\/\/api.w.org\/{rel}","templated":true}]}}