{"id":418471,"date":"2026-03-23T10:01:00","date_gmt":"2026-03-23T13:01:00","guid":{"rendered":"https:\/\/portaltela.pt\/noticias\/2026\/03\/23\/audio-da-torre-de-laguardia-no-momento-da-colisao-e-divulgado\/"},"modified":"2026-03-23T10:01:00","modified_gmt":"2026-03-23T13:01:00","slug":"audio-da-torre-de-laguardia-no-momento-da-colisao-e-divulgado","status":"publish","type":"post","link":"https:\/\/portaltela.pt\/acidentes\/2026\/03\/23\/audio-da-torre-de-laguardia-no-momento-da-colisao-e-divulgado\/","title":{"rendered":"\u00c1udio da torre de LaGuardia no momento da colis\u00e3o \u00e9 divulgado"},"content":{"rendered":"<p>Grava\u00e7\u00f5es da torre de controlo do aeroporto de LaGuardia, em Nova Iorque, revelam um alerta antes de um avi\u00e3o da Air Canada colidir com um cami\u00e3o dos bombeiros que se encontrava na pista. O acidente ocorreu neste domingo.<\/p>\n<p>O avi\u00e3o envolvido era uma aeronave da Air Canada, que seguia no eixo da pista no momento do choque. O cami\u00e3o dos bombeiros estava ocupado em opera\u00e7\u00f5es na \u00e1rea, segundo relatos iniciais das autoridades.<\/p>\n<p>Conforme as grava\u00e7\u00f5es, o alerta da torre foi claramente ouvido pela tripula\u00e7\u00e3o, que n\u00e3o ter\u00e1 conseguido evitar a colis\u00e3o. As causas exatas do incidente permanecem em investiga\u00e7\u00e3o pelas autoridades competentes.<\/p>\n<p>N\u00e3o h\u00e1 detalhes adicionais sobre o estado de outras pessoas envolvidas. O aeroporto de LaGuardia confirmou a ocorr\u00eancia do acidente e a morte dos dois pilotos da aeronave, conforme reportado pela ag\u00eancia AP.<\/p>\n","protected":false},"excerpt":{"rendered":"<ul>\n<li>Grava\u00e7\u00f5es da torre de controlo do aeroporto de LaGuardia, em Nova Iorque, revelam o alerta antes da colis\u00e3o.<\/li>\n<li>Um avi\u00e3o da Air Canada colidiu com um cami\u00e3o dos bombeiros que se encontrava na pista.<\/li>\n<li>O acidente ocorreu este domingo no aeroporto de LaGuardia.<\/li>\n<li>Os dois pilotos da aeronave morreram.<\/li>\n<li>A comunica\u00e7\u00e3o da torre inclui a express\u00e3o \u201cP\u00e1ra, cami\u00e3o 1, p\u00e1ra\u201d durante o momento do incidente.<\/li>\n<\/ul>\n","protected":false},"author":2,"featured_media":418477,"comment_status":"closed","ping_status":"closed","sticky":false,"template":"","format":"standard","meta":{"footnotes":""},"categories":[6849],"tags":[5487,7183,6789,6429,5632,5972],"class_list":["post-418471","post","type-post","status-publish","format-standard","has-post-thumbnail","hentry","category-acidentes","tag-acidente","tag-aviacao","tag-avioes","tag-mortes","tag-nova-iorque","tag-pilotos"],"yoast_head":"<!-- This site is optimized with the Yoast SEO plugin v27.2 - https:\/\/yoast.com\/product\/yoast-seo-wordpress\/ -->\n<title>\u00c1udio da torre de LaGuardia no momento da colis\u00e3o \u00e9 divulgado - Portal Tela Portugal<\/title>\n<meta name=\"robots\" content=\"index, follow, max-snippet:-1, max-image-preview:large, max-video-preview:-1\" \/>\n<meta property=\"og:locale\" content=\"pt_PT\" \/>\n<meta property=\"og:type\" content=\"article\" \/>\n<meta property=\"og:title\" content=\"\u00c1udio da torre de LaGuardia no momento da colis\u00e3o \u00e9 divulgado - Portal Tela Portugal\" \/>\n<meta property=\"og:description\" content=\"Grava\u00e7\u00f5es da torre de controlo do aeroporto de LaGuardia, em Nova Iorque, revelam o alerta antes da colis\u00e3o. Um avi\u00e3o da Air Canada colidiu com um cami\u00e3o dos bombeiros que se encontrava na pista. O acidente ocorreu este domingo no aeroporto de LaGuardia. Os dois pilotos da aeronave morreram. A comunica\u00e7\u00e3o da torre inclui a express\u00e3o \u201cP\u00e1ra, cami\u00e3o 1, p\u00e1ra\u201d durante o momento do incidente.\" \/>\n<meta property=\"og:url\" content=\"https:\/\/portaltela.pt\/noticias\/2026\/03\/23\/audio-da-torre-de-laguardia-no-momento-da-colisao-e-divulgado\/\" \/>\n<meta property=\"og:site_name\" content=\"Portal Tela Portugal\" \/>\n<meta property=\"article:published_time\" content=\"2026-03-23T13:01:00+00:00\" \/>\n<meta name=\"author\" content=\"Telinha\" \/>\n<meta name=\"twitter:card\" content=\"summary_large_image\" \/>\n<meta name=\"twitter:label1\" content=\"Escrito por\" \/>\n\t<meta name=\"twitter:data1\" content=\"Telinha\" \/>\n\t<meta name=\"twitter:label2\" content=\"Tempo estimado de leitura\" \/>\n\t<meta name=\"twitter:data2\" content=\"1 minuto\" \/>\n<script type=\"application\/ld+json\" class=\"yoast-schema-graph\">{\"@context\":\"https:\/\/schema.org\",\"@graph\":[{\"@type\":\"Article\",\"@id\":\"https:\/\/portaltela.pt\/noticias\/2026\/03\/23\/audio-da-torre-de-laguardia-no-momento-da-colisao-e-divulgado\/#article\",\"isPartOf\":{\"@id\":\"https:\/\/portaltela.pt\/noticias\/2026\/03\/23\/audio-da-torre-de-laguardia-no-momento-da-colisao-e-divulgado\/\"},\"author\":{\"name\":\"Telinha\",\"@id\":\"https:\/\/portaltela.pt\/#\/schema\/person\/c4278d4a6028830caff9ee44b42d32ed\"},\"headline\":\"\u00c1udio da torre de LaGuardia no momento da colis\u00e3o \u00e9 divulgado\",\"datePublished\":\"2026-03-23T13:01:00+00:00\",\"mainEntityOfPage\":{\"@id\":\"https:\/\/portaltela.pt\/noticias\/2026\/03\/23\/audio-da-torre-de-laguardia-no-momento-da-colisao-e-divulgado\/\"},\"wordCount\":160,\"image\":{\"@id\":\"https:\/\/portaltela.pt\/noticias\/2026\/03\/23\/audio-da-torre-de-laguardia-no-momento-da-colisao-e-divulgado\/#primaryimage\"},\"thumbnailUrl\":\"https:\/\/portaltela.pt\/s.01k8rhncp4jt1\/2026\/03\/img_1280x722uu2026-03-23-12-58-14-2274288.jpg\",\"keywords\":[\"acidente\",\"avia\u00e7\u00e3o\",\"avi\u00f5es\",\"mortes\",\"Nova Iorque\",\"pilotos\"],\"articleSection\":[\"Acidentes\"],\"inLanguage\":\"pt-PT\"},{\"@type\":\"WebPage\",\"@id\":\"https:\/\/portaltela.pt\/noticias\/2026\/03\/23\/audio-da-torre-de-laguardia-no-momento-da-colisao-e-divulgado\/\",\"url\":\"https:\/\/portaltela.pt\/noticias\/2026\/03\/23\/audio-da-torre-de-laguardia-no-momento-da-colisao-e-divulgado\/\",\"name\":\"\u00c1udio da torre de LaGuardia no momento da colis\u00e3o \u00e9 divulgado - Portal Tela Portugal\",\"isPartOf\":{\"@id\":\"https:\/\/portaltela.pt\/#website\"},\"primaryImageOfPage\":{\"@id\":\"https:\/\/portaltela.pt\/noticias\/2026\/03\/23\/audio-da-torre-de-laguardia-no-momento-da-colisao-e-divulgado\/#primaryimage\"},\"image\":{\"@id\":\"https:\/\/portaltela.pt\/noticias\/2026\/03\/23\/audio-da-torre-de-laguardia-no-momento-da-colisao-e-divulgado\/#primaryimage\"},\"thumbnailUrl\":\"https:\/\/portaltela.pt\/s.01k8rhncp4jt1\/2026\/03\/img_1280x722uu2026-03-23-12-58-14-2274288.jpg\",\"datePublished\":\"2026-03-23T13:01:00+00:00\",\"author\":{\"@id\":\"https:\/\/portaltela.pt\/#\/schema\/person\/c4278d4a6028830caff9ee44b42d32ed\"},\"breadcrumb\":{\"@id\":\"https:\/\/portaltela.pt\/noticias\/2026\/03\/23\/audio-da-torre-de-laguardia-no-momento-da-colisao-e-divulgado\/#breadcrumb\"},\"inLanguage\":\"pt-PT\",\"potentialAction\":[{\"@type\":\"ReadAction\",\"target\":[\"https:\/\/portaltela.pt\/noticias\/2026\/03\/23\/audio-da-torre-de-laguardia-no-momento-da-colisao-e-divulgado\/\"]}]},{\"@type\":\"ImageObject\",\"inLanguage\":\"pt-PT\",\"@id\":\"https:\/\/portaltela.pt\/noticias\/2026\/03\/23\/audio-da-torre-de-laguardia-no-momento-da-colisao-e-divulgado\/#primaryimage\",\"url\":\"https:\/\/portaltela.pt\/s.01k8rhncp4jt1\/2026\/03\/img_1280x722uu2026-03-23-12-58-14-2274288.jpg\",\"contentUrl\":\"https:\/\/portaltela.pt\/s.01k8rhncp4jt1\/2026\/03\/img_1280x722uu2026-03-23-12-58-14-2274288.jpg\",\"width\":796,\"height\":448,\"caption\":\"Grava\u00e7\u00f5es de \u00e1udio da torre de controlo do aeroporto de LaGuardia, em Nova Iorque, EUA, revelam alerta antes de um avi\u00e3o da Air Canada colidir com um cami\u00e3o dos bombeiros que se encontrava na pista, este domingo. Os dois pilotos da aeronave morreram.\"},{\"@type\":\"BreadcrumbList\",\"@id\":\"https:\/\/portaltela.pt\/noticias\/2026\/03\/23\/audio-da-torre-de-laguardia-no-momento-da-colisao-e-divulgado\/#breadcrumb\",\"itemListElement\":[{\"@type\":\"ListItem\",\"position\":1,\"name\":\"In\u00edcio\",\"item\":\"https:\/\/portaltela.pt\/\"},{\"@type\":\"ListItem\",\"position\":2,\"name\":\"\u00c1udio da torre de LaGuardia no momento da colis\u00e3o \u00e9 divulgado\"}]},{\"@type\":\"WebSite\",\"@id\":\"https:\/\/portaltela.pt\/#website\",\"url\":\"https:\/\/portaltela.pt\/\",\"name\":\"Portal Tela Portugal\",\"description\":\"\",\"potentialAction\":[{\"@type\":\"SearchAction\",\"target\":{\"@type\":\"EntryPoint\",\"urlTemplate\":\"https:\/\/portaltela.pt\/?s={search_term_string}\"},\"query-input\":{\"@type\":\"PropertyValueSpecification\",\"valueRequired\":true,\"valueName\":\"search_term_string\"}}],\"inLanguage\":\"pt-PT\"},{\"@type\":\"Person\",\"@id\":\"https:\/\/portaltela.pt\/#\/schema\/person\/c4278d4a6028830caff9ee44b42d32ed\",\"name\":\"Telinha\",\"image\":{\"@type\":\"ImageObject\",\"inLanguage\":\"pt-PT\",\"@id\":\"https:\/\/portaltela.pt\/s.01k8rhncp4jt1\/2025\/11\/talking-bot-125x125.png\",\"url\":\"https:\/\/portaltela.pt\/s.01k8rhncp4jt1\/2025\/11\/talking-bot-125x125.png\",\"contentUrl\":\"https:\/\/portaltela.pt\/s.01k8rhncp4jt1\/2025\/11\/talking-bot-125x125.png\",\"caption\":\"Telinha\"},\"sameAs\":[\"https:\/\/portaltela.pt\/\"],\"url\":\"https:\/\/portaltela.pt\/por\/367410592786\/\"}]}<\/script>\n<!-- \/ Yoast SEO plugin. -->","yoast_head_json":{"title":"\u00c1udio da torre de LaGuardia no momento da colis\u00e3o \u00e9 divulgado - Portal Tela Portugal","robots":{"index":"index","follow":"follow","max-snippet":"max-snippet:-1","max-image-preview":"max-image-preview:large","max-video-preview":"max-video-preview:-1"},"og_locale":"pt_PT","og_type":"article","og_title":"\u00c1udio da torre de LaGuardia no momento da colis\u00e3o \u00e9 divulgado - Portal Tela Portugal","og_description":"Grava\u00e7\u00f5es da torre de controlo do aeroporto de LaGuardia, em Nova Iorque, revelam o alerta antes da colis\u00e3o. Um avi\u00e3o da Air Canada colidiu com um cami\u00e3o dos bombeiros que se encontrava na pista. O acidente ocorreu este domingo no aeroporto de LaGuardia. Os dois pilotos da aeronave morreram. A comunica\u00e7\u00e3o da torre inclui a express\u00e3o \u201cP\u00e1ra, cami\u00e3o 1, p\u00e1ra\u201d durante o momento do incidente.","og_url":"https:\/\/portaltela.pt\/noticias\/2026\/03\/23\/audio-da-torre-de-laguardia-no-momento-da-colisao-e-divulgado\/","og_site_name":"Portal Tela Portugal","article_published_time":"2026-03-23T13:01:00+00:00","author":"Telinha","twitter_card":"summary_large_image","twitter_misc":{"Escrito por":"Telinha","Tempo estimado de leitura":"1 minuto"},"schema":{"@context":"https:\/\/schema.org","@graph":[{"@type":"Article","@id":"https:\/\/portaltela.pt\/noticias\/2026\/03\/23\/audio-da-torre-de-laguardia-no-momento-da-colisao-e-divulgado\/#article","isPartOf":{"@id":"https:\/\/portaltela.pt\/noticias\/2026\/03\/23\/audio-da-torre-de-laguardia-no-momento-da-colisao-e-divulgado\/"},"author":{"name":"Telinha","@id":"https:\/\/portaltela.pt\/#\/schema\/person\/c4278d4a6028830caff9ee44b42d32ed"},"headline":"\u00c1udio da torre de LaGuardia no momento da colis\u00e3o \u00e9 divulgado","datePublished":"2026-03-23T13:01:00+00:00","mainEntityOfPage":{"@id":"https:\/\/portaltela.pt\/noticias\/2026\/03\/23\/audio-da-torre-de-laguardia-no-momento-da-colisao-e-divulgado\/"},"wordCount":160,"image":{"@id":"https:\/\/portaltela.pt\/noticias\/2026\/03\/23\/audio-da-torre-de-laguardia-no-momento-da-colisao-e-divulgado\/#primaryimage"},"thumbnailUrl":"https:\/\/portaltela.pt\/s.01k8rhncp4jt1\/2026\/03\/img_1280x722uu2026-03-23-12-58-14-2274288.jpg","keywords":["acidente","avia\u00e7\u00e3o","avi\u00f5es","mortes","Nova Iorque","pilotos"],"articleSection":["Acidentes"],"inLanguage":"pt-PT"},{"@type":"WebPage","@id":"https:\/\/portaltela.pt\/noticias\/2026\/03\/23\/audio-da-torre-de-laguardia-no-momento-da-colisao-e-divulgado\/","url":"https:\/\/portaltela.pt\/noticias\/2026\/03\/23\/audio-da-torre-de-laguardia-no-momento-da-colisao-e-divulgado\/","name":"\u00c1udio da torre de LaGuardia no momento da colis\u00e3o \u00e9 divulgado - Portal Tela Portugal","isPartOf":{"@id":"https:\/\/portaltela.pt\/#website"},"primaryImageOfPage":{"@id":"https:\/\/portaltela.pt\/noticias\/2026\/03\/23\/audio-da-torre-de-laguardia-no-momento-da-colisao-e-divulgado\/#primaryimage"},"image":{"@id":"https:\/\/portaltela.pt\/noticias\/2026\/03\/23\/audio-da-torre-de-laguardia-no-momento-da-colisao-e-divulgado\/#primaryimage"},"thumbnailUrl":"https:\/\/portaltela.pt\/s.01k8rhncp4jt1\/2026\/03\/img_1280x722uu2026-03-23-12-58-14-2274288.jpg","datePublished":"2026-03-23T13:01:00+00:00","author":{"@id":"https:\/\/portaltela.pt\/#\/schema\/person\/c4278d4a6028830caff9ee44b42d32ed"},"breadcrumb":{"@id":"https:\/\/portaltela.pt\/noticias\/2026\/03\/23\/audio-da-torre-de-laguardia-no-momento-da-colisao-e-divulgado\/#breadcrumb"},"inLanguage":"pt-PT","potentialAction":[{"@type":"ReadAction","target":["https:\/\/portaltela.pt\/noticias\/2026\/03\/23\/audio-da-torre-de-laguardia-no-momento-da-colisao-e-divulgado\/"]}]},{"@type":"ImageObject","inLanguage":"pt-PT","@id":"https:\/\/portaltela.pt\/noticias\/2026\/03\/23\/audio-da-torre-de-laguardia-no-momento-da-colisao-e-divulgado\/#primaryimage","url":"https:\/\/portaltela.pt\/s.01k8rhncp4jt1\/2026\/03\/img_1280x722uu2026-03-23-12-58-14-2274288.jpg","contentUrl":"https:\/\/portaltela.pt\/s.01k8rhncp4jt1\/2026\/03\/img_1280x722uu2026-03-23-12-58-14-2274288.jpg","width":796,"height":448,"caption":"Grava\u00e7\u00f5es de \u00e1udio da torre de controlo do aeroporto de LaGuardia, em Nova Iorque, EUA, revelam alerta antes de um avi\u00e3o da Air Canada colidir com um cami\u00e3o dos bombeiros que se encontrava na pista, este domingo. Os dois pilotos da aeronave morreram."},{"@type":"BreadcrumbList","@id":"https:\/\/portaltela.pt\/noticias\/2026\/03\/23\/audio-da-torre-de-laguardia-no-momento-da-colisao-e-divulgado\/#breadcrumb","itemListElement":[{"@type":"ListItem","position":1,"name":"In\u00edcio","item":"https:\/\/portaltela.pt\/"},{"@type":"ListItem","position":2,"name":"\u00c1udio da torre de LaGuardia no momento da colis\u00e3o \u00e9 divulgado"}]},{"@type":"WebSite","@id":"https:\/\/portaltela.pt\/#website","url":"https:\/\/portaltela.pt\/","name":"Portal Tela Portugal","description":"","potentialAction":[{"@type":"SearchAction","target":{"@type":"EntryPoint","urlTemplate":"https:\/\/portaltela.pt\/?s={search_term_string}"},"query-input":{"@type":"PropertyValueSpecification","valueRequired":true,"valueName":"search_term_string"}}],"inLanguage":"pt-PT"},{"@type":"Person","@id":"https:\/\/portaltela.pt\/#\/schema\/person\/c4278d4a6028830caff9ee44b42d32ed","name":"Telinha","image":{"@type":"ImageObject","inLanguage":"pt-PT","@id":"https:\/\/portaltela.pt\/s.01k8rhncp4jt1\/2025\/11\/talking-bot-125x125.png","url":"https:\/\/portaltela.pt\/s.01k8rhncp4jt1\/2025\/11\/talking-bot-125x125.png","contentUrl":"https:\/\/portaltela.pt\/s.01k8rhncp4jt1\/2025\/11\/talking-bot-125x125.png","caption":"Telinha"},"sameAs":["https:\/\/portaltela.pt\/"],"url":"https:\/\/portaltela.pt\/por\/367410592786\/"}]}},"_links":{"self":[{"href":"https:\/\/portaltela.pt\/api\/wp\/v2\/posts\/418471","targetHints":{"allow":["GET"]}}],"collection":[{"href":"https:\/\/portaltela.pt\/api\/wp\/v2\/posts"}],"about":[{"href":"https:\/\/portaltela.pt\/api\/wp\/v2\/types\/post"}],"author":[{"embeddable":true,"href":"https:\/\/portaltela.pt\/api\/wp\/v2\/users\/2"}],"replies":[{"embeddable":true,"href":"https:\/\/portaltela.pt\/api\/wp\/v2\/comments?post=418471"}],"version-history":[{"count":0,"href":"https:\/\/portaltela.pt\/api\/wp\/v2\/posts\/418471\/revisions"}],"wp:featuredmedia":[{"embeddable":true,"href":"https:\/\/portaltela.pt\/api\/wp\/v2\/media\/418477"}],"wp:attachment":[{"href":"https:\/\/portaltela.pt\/api\/wp\/v2\/media?parent=418471"}],"wp:term":[{"taxonomy":"category","embeddable":true,"href":"https:\/\/portaltela.pt\/api\/wp\/v2\/categories?post=418471"},{"taxonomy":"post_tag","embeddable":true,"href":"https:\/\/portaltela.pt\/api\/wp\/v2\/tags?post=418471"}],"curies":[{"name":"wp","href":"https:\/\/api.w.org\/{rel}","templated":true}]}}