{"id":418469,"date":"2026-03-23T10:07:36","date_gmt":"2026-03-23T13:07:36","guid":{"rendered":"https:\/\/portaltela.pt\/noticias\/2026\/03\/23\/audio-da-torre-de-controlo-de-laguardia-revela-o-momento-da-colisao\/"},"modified":"2026-03-23T10:07:36","modified_gmt":"2026-03-23T13:07:36","slug":"audio-da-torre-de-controlo-de-laguardia-revela-o-momento-da-colisao","status":"publish","type":"post","link":"https:\/\/portaltela.pt\/acidentes\/2026\/03\/23\/audio-da-torre-de-controlo-de-laguardia-revela-o-momento-da-colisao\/","title":{"rendered":"\u00c1udio da torre de controlo de LaGuardia revela o momento da colis\u00e3o"},"content":{"rendered":"<p>O \u00e1udio da torre de controlo do aeroporto LaGuardia, em Nova Iorque, revela o momento anterior \u00e0 colis\u00e3o entre um avi\u00e3o da Air Canada e um cami\u00e3o dos bombeiros na pista. Segundo grava\u00e7\u00f5es divulgadas, houve um alerta sonoro solicitado pela equipa da torre.<\/p>\n<p>Segundo as informa\u00e7\u00f5es fornecidas, o incidente ocorreu neste domingo, no espa\u00e7o de LaGuardia, envolvendo uma aeronave da Air Canada e um ve\u00edculo de resposta a emerg\u00eancias que se encontrava na pista. N\u00e3o houve tentativa de manobra que evitasse o choque, pelo menos segundo o registo de \u00e1udio.<\/p>\n<p>A aeronave seguia para decolagem quando houve o embate com o cami\u00e3o, resultando na morte dos dois pilotos da Air Canada. As autoridades de avia\u00e7\u00e3o est\u00e3o a investigar as circunst\u00e2ncias que levaram ao acidente e a conferir se houve falha de comunica\u00e7\u00e3o ou de coordena\u00e7\u00e3o entre a tripula\u00e7\u00e3o e os servi\u00e7os de emerg\u00eancia.<\/p>\n<h3>\u00c1udio da torre de controlo<\/h3>\n<p>As grava\u00e7\u00f5es indicam que a torre tentou emitir instru\u00e7\u00f5es r\u00e1pidas para suspender a manobra do cami\u00e3o, mas o choque j\u00e1 era inevit\u00e1vel. As investiga\u00e7\u00f5es centradas nas comunica\u00e7\u00f5es entre a torre, a tripula\u00e7\u00e3o e o ve\u00edculo visam esclarecer como o acidente ocorreu. Autoridades aeron\u00e1uticas e de seguran\u00e7a p\u00fablica cumprem procedimentos normais de apuramento.<\/p>\n","protected":false},"excerpt":{"rendered":"<ul>\n<li>Grava\u00e7\u00f5es da torre de controlo do aeroporto de LaGuardia, em Nova Iorque, revelam um alerta antes da colis\u00e3o no domingo.<\/li>\n<li>Uma aeronave da Air Canada colidiu com um cami\u00e3o dos bombeiros que se encontrava na pista.<\/li>\n<li>A frase emitida pela torre foi \u201cP\u00e1ra, cami\u00e3o 1, p\u00e1ra\u201d.<\/li>\n<li>Os dois pilotos da aeronave morreram.<\/li>\n<li>O incidente ocorreu no aeroporto de LaGuardia, na cidade de Nova Iorque.<\/li>\n<\/ul>\n","protected":false},"author":2,"featured_media":418473,"comment_status":"closed","ping_status":"closed","sticky":false,"template":"","format":"standard","meta":{"footnotes":""},"categories":[6849],"tags":[5487,2625,3302,6789,215,5632],"class_list":["post-418469","post","type-post","status-publish","format-standard","has-post-thumbnail","hentry","category-acidentes","tag-acidente","tag-aeronautica","tag-aeroportos","tag-avioes","tag-investigacao","tag-nova-iorque"],"yoast_head":"<!-- This site is optimized with the Yoast SEO plugin v27.2 - https:\/\/yoast.com\/product\/yoast-seo-wordpress\/ -->\n<title>\u00c1udio da torre de controlo de LaGuardia revela o momento da colis\u00e3o - Portal Tela Portugal<\/title>\n<meta name=\"robots\" content=\"index, follow, max-snippet:-1, max-image-preview:large, max-video-preview:-1\" \/>\n<meta property=\"og:locale\" content=\"pt_PT\" \/>\n<meta property=\"og:type\" content=\"article\" \/>\n<meta property=\"og:title\" content=\"\u00c1udio da torre de controlo de LaGuardia revela o momento da colis\u00e3o - Portal Tela Portugal\" \/>\n<meta property=\"og:description\" content=\"Grava\u00e7\u00f5es da torre de controlo do aeroporto de LaGuardia, em Nova Iorque, revelam um alerta antes da colis\u00e3o no domingo. Uma aeronave da Air Canada colidiu com um cami\u00e3o dos bombeiros que se encontrava na pista. A frase emitida pela torre foi \u201cP\u00e1ra, cami\u00e3o 1, p\u00e1ra\u201d. Os dois pilotos da aeronave morreram. O incidente ocorreu no aeroporto de LaGuardia, na cidade de Nova Iorque.\" \/>\n<meta property=\"og:url\" content=\"https:\/\/portaltela.pt\/noticias\/2026\/03\/23\/audio-da-torre-de-controlo-de-laguardia-revela-o-momento-da-colisao\/\" \/>\n<meta property=\"og:site_name\" content=\"Portal Tela Portugal\" \/>\n<meta property=\"article:published_time\" content=\"2026-03-23T13:07:36+00:00\" \/>\n<meta name=\"author\" content=\"Telinha\" \/>\n<meta name=\"twitter:card\" content=\"summary_large_image\" \/>\n<meta name=\"twitter:label1\" content=\"Escrito por\" \/>\n\t<meta name=\"twitter:data1\" content=\"Telinha\" \/>\n\t<meta name=\"twitter:label2\" content=\"Tempo estimado de leitura\" \/>\n\t<meta name=\"twitter:data2\" content=\"1 minuto\" \/>\n<script type=\"application\/ld+json\" class=\"yoast-schema-graph\">{\"@context\":\"https:\/\/schema.org\",\"@graph\":[{\"@type\":\"Article\",\"@id\":\"https:\/\/portaltela.pt\/noticias\/2026\/03\/23\/audio-da-torre-de-controlo-de-laguardia-revela-o-momento-da-colisao\/#article\",\"isPartOf\":{\"@id\":\"https:\/\/portaltela.pt\/noticias\/2026\/03\/23\/audio-da-torre-de-controlo-de-laguardia-revela-o-momento-da-colisao\/\"},\"author\":{\"name\":\"Telinha\",\"@id\":\"https:\/\/portaltela.pt\/#\/schema\/person\/c4278d4a6028830caff9ee44b42d32ed\"},\"headline\":\"\u00c1udio da torre de controlo de LaGuardia revela o momento da colis\u00e3o\",\"datePublished\":\"2026-03-23T13:07:36+00:00\",\"mainEntityOfPage\":{\"@id\":\"https:\/\/portaltela.pt\/noticias\/2026\/03\/23\/audio-da-torre-de-controlo-de-laguardia-revela-o-momento-da-colisao\/\"},\"wordCount\":242,\"image\":{\"@id\":\"https:\/\/portaltela.pt\/noticias\/2026\/03\/23\/audio-da-torre-de-controlo-de-laguardia-revela-o-momento-da-colisao\/#primaryimage\"},\"thumbnailUrl\":\"https:\/\/portaltela.pt\/s.01k8rhncp4jt1\/2026\/03\/img_1200x721uu2026-03-23-13-06-22-2428879.jpg\",\"keywords\":[\"acidente\",\"aeron\u00e1utica\",\"aeroportos\",\"avi\u00f5es\",\"investiga\u00e7\u00e3o\",\"Nova Iorque\"],\"articleSection\":[\"Acidentes\"],\"inLanguage\":\"pt-PT\"},{\"@type\":\"WebPage\",\"@id\":\"https:\/\/portaltela.pt\/noticias\/2026\/03\/23\/audio-da-torre-de-controlo-de-laguardia-revela-o-momento-da-colisao\/\",\"url\":\"https:\/\/portaltela.pt\/noticias\/2026\/03\/23\/audio-da-torre-de-controlo-de-laguardia-revela-o-momento-da-colisao\/\",\"name\":\"\u00c1udio da torre de controlo de LaGuardia revela o momento da colis\u00e3o - Portal Tela Portugal\",\"isPartOf\":{\"@id\":\"https:\/\/portaltela.pt\/#website\"},\"primaryImageOfPage\":{\"@id\":\"https:\/\/portaltela.pt\/noticias\/2026\/03\/23\/audio-da-torre-de-controlo-de-laguardia-revela-o-momento-da-colisao\/#primaryimage\"},\"image\":{\"@id\":\"https:\/\/portaltela.pt\/noticias\/2026\/03\/23\/audio-da-torre-de-controlo-de-laguardia-revela-o-momento-da-colisao\/#primaryimage\"},\"thumbnailUrl\":\"https:\/\/portaltela.pt\/s.01k8rhncp4jt1\/2026\/03\/img_1200x721uu2026-03-23-13-06-22-2428879.jpg\",\"datePublished\":\"2026-03-23T13:07:36+00:00\",\"author\":{\"@id\":\"https:\/\/portaltela.pt\/#\/schema\/person\/c4278d4a6028830caff9ee44b42d32ed\"},\"breadcrumb\":{\"@id\":\"https:\/\/portaltela.pt\/noticias\/2026\/03\/23\/audio-da-torre-de-controlo-de-laguardia-revela-o-momento-da-colisao\/#breadcrumb\"},\"inLanguage\":\"pt-PT\",\"potentialAction\":[{\"@type\":\"ReadAction\",\"target\":[\"https:\/\/portaltela.pt\/noticias\/2026\/03\/23\/audio-da-torre-de-controlo-de-laguardia-revela-o-momento-da-colisao\/\"]}]},{\"@type\":\"ImageObject\",\"inLanguage\":\"pt-PT\",\"@id\":\"https:\/\/portaltela.pt\/noticias\/2026\/03\/23\/audio-da-torre-de-controlo-de-laguardia-revela-o-momento-da-colisao\/#primaryimage\",\"url\":\"https:\/\/portaltela.pt\/s.01k8rhncp4jt1\/2026\/03\/img_1200x721uu2026-03-23-13-06-22-2428879.jpg\",\"contentUrl\":\"https:\/\/portaltela.pt\/s.01k8rhncp4jt1\/2026\/03\/img_1200x721uu2026-03-23-13-06-22-2428879.jpg\",\"width\":796,\"height\":448,\"caption\":\"\u00abP\u00e1ra, cami\u00e3o 1, p\u00e1ra\u00bb: o \u00e1udio da torre de controlo no momento da colis\u00e3o no aeroporto de LaGuardia\"},{\"@type\":\"BreadcrumbList\",\"@id\":\"https:\/\/portaltela.pt\/noticias\/2026\/03\/23\/audio-da-torre-de-controlo-de-laguardia-revela-o-momento-da-colisao\/#breadcrumb\",\"itemListElement\":[{\"@type\":\"ListItem\",\"position\":1,\"name\":\"In\u00edcio\",\"item\":\"https:\/\/portaltela.pt\/\"},{\"@type\":\"ListItem\",\"position\":2,\"name\":\"\u00c1udio da torre de controlo de LaGuardia revela o momento da colis\u00e3o\"}]},{\"@type\":\"WebSite\",\"@id\":\"https:\/\/portaltela.pt\/#website\",\"url\":\"https:\/\/portaltela.pt\/\",\"name\":\"Portal Tela Portugal\",\"description\":\"\",\"potentialAction\":[{\"@type\":\"SearchAction\",\"target\":{\"@type\":\"EntryPoint\",\"urlTemplate\":\"https:\/\/portaltela.pt\/?s={search_term_string}\"},\"query-input\":{\"@type\":\"PropertyValueSpecification\",\"valueRequired\":true,\"valueName\":\"search_term_string\"}}],\"inLanguage\":\"pt-PT\"},{\"@type\":\"Person\",\"@id\":\"https:\/\/portaltela.pt\/#\/schema\/person\/c4278d4a6028830caff9ee44b42d32ed\",\"name\":\"Telinha\",\"image\":{\"@type\":\"ImageObject\",\"inLanguage\":\"pt-PT\",\"@id\":\"https:\/\/portaltela.pt\/s.01k8rhncp4jt1\/2025\/11\/talking-bot-125x125.png\",\"url\":\"https:\/\/portaltela.pt\/s.01k8rhncp4jt1\/2025\/11\/talking-bot-125x125.png\",\"contentUrl\":\"https:\/\/portaltela.pt\/s.01k8rhncp4jt1\/2025\/11\/talking-bot-125x125.png\",\"caption\":\"Telinha\"},\"sameAs\":[\"https:\/\/portaltela.pt\/\"],\"url\":\"https:\/\/portaltela.pt\/por\/367410592786\/\"}]}<\/script>\n<!-- \/ Yoast SEO plugin. -->","yoast_head_json":{"title":"\u00c1udio da torre de controlo de LaGuardia revela o momento da colis\u00e3o - Portal Tela Portugal","robots":{"index":"index","follow":"follow","max-snippet":"max-snippet:-1","max-image-preview":"max-image-preview:large","max-video-preview":"max-video-preview:-1"},"og_locale":"pt_PT","og_type":"article","og_title":"\u00c1udio da torre de controlo de LaGuardia revela o momento da colis\u00e3o - Portal Tela Portugal","og_description":"Grava\u00e7\u00f5es da torre de controlo do aeroporto de LaGuardia, em Nova Iorque, revelam um alerta antes da colis\u00e3o no domingo. Uma aeronave da Air Canada colidiu com um cami\u00e3o dos bombeiros que se encontrava na pista. A frase emitida pela torre foi \u201cP\u00e1ra, cami\u00e3o 1, p\u00e1ra\u201d. Os dois pilotos da aeronave morreram. O incidente ocorreu no aeroporto de LaGuardia, na cidade de Nova Iorque.","og_url":"https:\/\/portaltela.pt\/noticias\/2026\/03\/23\/audio-da-torre-de-controlo-de-laguardia-revela-o-momento-da-colisao\/","og_site_name":"Portal Tela Portugal","article_published_time":"2026-03-23T13:07:36+00:00","author":"Telinha","twitter_card":"summary_large_image","twitter_misc":{"Escrito por":"Telinha","Tempo estimado de leitura":"1 minuto"},"schema":{"@context":"https:\/\/schema.org","@graph":[{"@type":"Article","@id":"https:\/\/portaltela.pt\/noticias\/2026\/03\/23\/audio-da-torre-de-controlo-de-laguardia-revela-o-momento-da-colisao\/#article","isPartOf":{"@id":"https:\/\/portaltela.pt\/noticias\/2026\/03\/23\/audio-da-torre-de-controlo-de-laguardia-revela-o-momento-da-colisao\/"},"author":{"name":"Telinha","@id":"https:\/\/portaltela.pt\/#\/schema\/person\/c4278d4a6028830caff9ee44b42d32ed"},"headline":"\u00c1udio da torre de controlo de LaGuardia revela o momento da colis\u00e3o","datePublished":"2026-03-23T13:07:36+00:00","mainEntityOfPage":{"@id":"https:\/\/portaltela.pt\/noticias\/2026\/03\/23\/audio-da-torre-de-controlo-de-laguardia-revela-o-momento-da-colisao\/"},"wordCount":242,"image":{"@id":"https:\/\/portaltela.pt\/noticias\/2026\/03\/23\/audio-da-torre-de-controlo-de-laguardia-revela-o-momento-da-colisao\/#primaryimage"},"thumbnailUrl":"https:\/\/portaltela.pt\/s.01k8rhncp4jt1\/2026\/03\/img_1200x721uu2026-03-23-13-06-22-2428879.jpg","keywords":["acidente","aeron\u00e1utica","aeroportos","avi\u00f5es","investiga\u00e7\u00e3o","Nova Iorque"],"articleSection":["Acidentes"],"inLanguage":"pt-PT"},{"@type":"WebPage","@id":"https:\/\/portaltela.pt\/noticias\/2026\/03\/23\/audio-da-torre-de-controlo-de-laguardia-revela-o-momento-da-colisao\/","url":"https:\/\/portaltela.pt\/noticias\/2026\/03\/23\/audio-da-torre-de-controlo-de-laguardia-revela-o-momento-da-colisao\/","name":"\u00c1udio da torre de controlo de LaGuardia revela o momento da colis\u00e3o - Portal Tela Portugal","isPartOf":{"@id":"https:\/\/portaltela.pt\/#website"},"primaryImageOfPage":{"@id":"https:\/\/portaltela.pt\/noticias\/2026\/03\/23\/audio-da-torre-de-controlo-de-laguardia-revela-o-momento-da-colisao\/#primaryimage"},"image":{"@id":"https:\/\/portaltela.pt\/noticias\/2026\/03\/23\/audio-da-torre-de-controlo-de-laguardia-revela-o-momento-da-colisao\/#primaryimage"},"thumbnailUrl":"https:\/\/portaltela.pt\/s.01k8rhncp4jt1\/2026\/03\/img_1200x721uu2026-03-23-13-06-22-2428879.jpg","datePublished":"2026-03-23T13:07:36+00:00","author":{"@id":"https:\/\/portaltela.pt\/#\/schema\/person\/c4278d4a6028830caff9ee44b42d32ed"},"breadcrumb":{"@id":"https:\/\/portaltela.pt\/noticias\/2026\/03\/23\/audio-da-torre-de-controlo-de-laguardia-revela-o-momento-da-colisao\/#breadcrumb"},"inLanguage":"pt-PT","potentialAction":[{"@type":"ReadAction","target":["https:\/\/portaltela.pt\/noticias\/2026\/03\/23\/audio-da-torre-de-controlo-de-laguardia-revela-o-momento-da-colisao\/"]}]},{"@type":"ImageObject","inLanguage":"pt-PT","@id":"https:\/\/portaltela.pt\/noticias\/2026\/03\/23\/audio-da-torre-de-controlo-de-laguardia-revela-o-momento-da-colisao\/#primaryimage","url":"https:\/\/portaltela.pt\/s.01k8rhncp4jt1\/2026\/03\/img_1200x721uu2026-03-23-13-06-22-2428879.jpg","contentUrl":"https:\/\/portaltela.pt\/s.01k8rhncp4jt1\/2026\/03\/img_1200x721uu2026-03-23-13-06-22-2428879.jpg","width":796,"height":448,"caption":"\u00abP\u00e1ra, cami\u00e3o 1, p\u00e1ra\u00bb: o \u00e1udio da torre de controlo no momento da colis\u00e3o no aeroporto de LaGuardia"},{"@type":"BreadcrumbList","@id":"https:\/\/portaltela.pt\/noticias\/2026\/03\/23\/audio-da-torre-de-controlo-de-laguardia-revela-o-momento-da-colisao\/#breadcrumb","itemListElement":[{"@type":"ListItem","position":1,"name":"In\u00edcio","item":"https:\/\/portaltela.pt\/"},{"@type":"ListItem","position":2,"name":"\u00c1udio da torre de controlo de LaGuardia revela o momento da colis\u00e3o"}]},{"@type":"WebSite","@id":"https:\/\/portaltela.pt\/#website","url":"https:\/\/portaltela.pt\/","name":"Portal Tela Portugal","description":"","potentialAction":[{"@type":"SearchAction","target":{"@type":"EntryPoint","urlTemplate":"https:\/\/portaltela.pt\/?s={search_term_string}"},"query-input":{"@type":"PropertyValueSpecification","valueRequired":true,"valueName":"search_term_string"}}],"inLanguage":"pt-PT"},{"@type":"Person","@id":"https:\/\/portaltela.pt\/#\/schema\/person\/c4278d4a6028830caff9ee44b42d32ed","name":"Telinha","image":{"@type":"ImageObject","inLanguage":"pt-PT","@id":"https:\/\/portaltela.pt\/s.01k8rhncp4jt1\/2025\/11\/talking-bot-125x125.png","url":"https:\/\/portaltela.pt\/s.01k8rhncp4jt1\/2025\/11\/talking-bot-125x125.png","contentUrl":"https:\/\/portaltela.pt\/s.01k8rhncp4jt1\/2025\/11\/talking-bot-125x125.png","caption":"Telinha"},"sameAs":["https:\/\/portaltela.pt\/"],"url":"https:\/\/portaltela.pt\/por\/367410592786\/"}]}},"_links":{"self":[{"href":"https:\/\/portaltela.pt\/api\/wp\/v2\/posts\/418469","targetHints":{"allow":["GET"]}}],"collection":[{"href":"https:\/\/portaltela.pt\/api\/wp\/v2\/posts"}],"about":[{"href":"https:\/\/portaltela.pt\/api\/wp\/v2\/types\/post"}],"author":[{"embeddable":true,"href":"https:\/\/portaltela.pt\/api\/wp\/v2\/users\/2"}],"replies":[{"embeddable":true,"href":"https:\/\/portaltela.pt\/api\/wp\/v2\/comments?post=418469"}],"version-history":[{"count":0,"href":"https:\/\/portaltela.pt\/api\/wp\/v2\/posts\/418469\/revisions"}],"wp:featuredmedia":[{"embeddable":true,"href":"https:\/\/portaltela.pt\/api\/wp\/v2\/media\/418473"}],"wp:attachment":[{"href":"https:\/\/portaltela.pt\/api\/wp\/v2\/media?parent=418469"}],"wp:term":[{"taxonomy":"category","embeddable":true,"href":"https:\/\/portaltela.pt\/api\/wp\/v2\/categories?post=418469"},{"taxonomy":"post_tag","embeddable":true,"href":"https:\/\/portaltela.pt\/api\/wp\/v2\/tags?post=418469"}],"curies":[{"name":"wp","href":"https:\/\/api.w.org\/{rel}","templated":true}]}}