{"id":418450,"date":"2026-03-23T09:49:00","date_gmt":"2026-03-23T12:49:00","guid":{"rendered":"https:\/\/portaltela.pt\/noticias\/2026\/03\/23\/sarah-ferguson-chamada-a-testemunhar-nos-eua-ex-principe-andre-reaparece\/"},"modified":"2026-03-23T09:49:00","modified_gmt":"2026-03-23T12:49:00","slug":"sarah-ferguson-chamada-a-testemunhar-nos-eua-ex-principe-andre-reaparece","status":"publish","type":"post","link":"https:\/\/portaltela.pt\/celebridades\/2026\/03\/23\/sarah-ferguson-chamada-a-testemunhar-nos-eua-ex-principe-andre-reaparece\/","title":{"rendered":"Sarah Ferguson chamada a testemunhar nos EUA; ex-pr\u00edncipe Andr\u00e9 reaparece"},"content":{"rendered":"<p>Sarah Ferguson enfrenta nova press\u00e3o para testemunhar nos Estados Unidos sobre o caso Epstein, com a comiss\u00e3o da C\u00e2mara a considerar o depoimento sob juramento. A investiga\u00e7\u00e3o foca-se na condu\u00e7\u00e3o do processo judicial ligado ao criminoso sexual, envolvendo potenciais informa\u00e7\u00f5es da ex-duquesa.<\/p>\n<p>O tema ganha for\u00e7a ap\u00f3s declara\u00e7\u00f5es de pol\u00edticos norte-americanos. O congressista Suhas Subramanyam pediu que Ferguson deposte, mencionando informa\u00e7\u00f5es relevantes para a investiga\u00e7\u00e3o. A deputada Melanie Stansbury tamb\u00e9m defende ouvir quem tenha liga\u00e7\u00f5es ao assunto.<\/p>\n<p>Ao mesmo tempo, surgem relatos de propostas multimilion\u00e1rias para entrevistas e cr\u00edticas na imprensa brit\u00e2nica sobre o eventual apoio da filha Eugenie \u00e0 m\u00e3e. Ferguson n\u00e3o comenta a deten\u00e7\u00e3o de Andrew nem o seu contacto com Epstein.<\/p>\n<h3>Andrew de volta a p\u00fablico ap\u00f3s pris\u00e3o<\/h3>\n<p>O ex-pr\u00edncipe Andr\u00e9 foi visto com os seus c\u00e3es na propriedade de Sandringham, nos arredores de Windsor, protegido por um guarda-costas. Este foi o primeiro contacto p\u00fablico desde a deten\u00e7\u00e3o a 19 de Fevereiro por suspeita de m\u00e1 conduta no exerc\u00edcio de fun\u00e7\u00f5es p\u00fablicas.<\/p>\n<p>Andrew mant\u00e9m-se afastado da esfera medi\u00e1tica desde a deten\u00e7\u00e3o e desde que deixou o Royal Lodge. A \u00faltima fotografia p\u00fablica mostra-o na sa\u00edda da esquadra de Aylsham, em Norfolk, situa\u00e7\u00e3o que se tornou viral.<\/p>\n<h3>Rea\u00e7\u00e3o da fam\u00edlia e do c\u00edrculo pr\u00f3ximo<\/h3>\n<p>Fergie n\u00e3o comentou a deten\u00e7\u00e3o nem retomou contacto p\u00fablico desde o div\u00f3rcio de 1996. O Daily Mail avan\u00e7a que Eugenie n\u00e3o quer receber a m\u00e3e para evitar o embara\u00e7o, enquanto o marido, Jack Brooksbank, teme pelo impacto nos neg\u00f3cios da fam\u00edlia ligados ao setor de bebidas.<\/p>\n<p>as filhas do casal enfrentam consequ\u00eancias p\u00fablicas, com Eugenie a abandonar cargos de patrona e Beatrice sendo afastadas de eventos da fam\u00edlia, como o Royal Ascot, em Junho. Contudo, ambos os nomes permanecem na linha de sucess\u00e3o, ao lado de Andrew Mountbatten-Windsor, que j\u00e1 abdica formalmente de t\u00edtulos.<\/p>\n<h3>Contexto jur\u00eddico e opini\u00e3o p\u00fablica<\/h3>\n<p>Andrew nega as acusa\u00e7\u00f5es de abusos sexuais e a monarquia tem reiterado apoio \u00e0s v\u00edtimas. Documentos oficiais j\u00e1 indicam liga\u00e7\u00f5es entre Ferguson e Epstein, com refer\u00eancias a encontros familiares, o que alimenta o escrut\u00ednio p\u00fablico sobre a princesa.<\/p>\n<p>Estudos de opini\u00e3o apontam aprova\u00e7\u00e3o est\u00e1vel da monarquia no patamar entre 57% e 59%, com Carlos III a manter uma base s\u00f3lida de apoio. William e Kate continuam entre os membros mais populares.<\/p>\n","protected":false},"excerpt":{"rendered":"<ul>\n<li>O congressista Suhas Subramanyam pediu que Sarah Ferguson depor sob juramento perante a comiss\u00e3o dos EUA que investiga o caso Epstein.<\/li>\n<li>Ferguson \u00e9 alvo de press\u00e3o medi\u00e1tica, com relatos de propostas de milh\u00f5es para entrevistas; Eugenie, segundo rumores, teria afastado a m\u00e3e.<\/li>\n<li>O ex-pr\u00edncipe Andr\u00e9 foi visto pela primeira vez em p\u00fablico desde a pris\u00e3o de fevereiro, acompanhado de c\u00e3es na propriedade de Sandringham, sob prote\u00e7\u00e3o de um guarda-costas.<\/li>\n<li>Andr\u00e9 foi detido a 19 de fevereiro por suspeita de m\u00e1 conduta no exerc\u00edcio de fun\u00e7\u00f5es p\u00fablicas, alegadamente por ter encaminhado informa\u00e7\u00f5es confidenciais a Jeffrey Epstein, e nega acusa\u00e7\u00f5es de abusos sexuais.<\/li>\n<li>A proximidade de Ferguson a Epstein \u00e9 apontada como motivo de investiga\u00e7\u00e3o; n\u00e3o h\u00e1 confirma\u00e7\u00e3o de onde se encontra, com rumores sobre v\u00e1rios destinos, enquanto as filhas do casal enfrentam tamb\u00e9m repercuss\u00f5es.<\/li>\n<\/ul>\n","protected":false},"author":2,"featured_media":418454,"comment_status":"closed","ping_status":"closed","sticky":false,"template":"","format":"standard","meta":{"footnotes":""},"categories":[6675],"tags":[147,1600,64,81,2111,4963],"class_list":["post-418450","post","type-post","status-publish","format-standard","has-post-thumbnail","hentry","category-celebridades","tag-crime","tag-estados-unidos","tag-familia","tag-internacionais","tag-reino-unido","tag-sarah-ferguson"],"yoast_head":"<!-- This site is optimized with the Yoast SEO plugin v27.2 - https:\/\/yoast.com\/product\/yoast-seo-wordpress\/ -->\n<title>Sarah Ferguson chamada a testemunhar nos EUA; ex-pr\u00edncipe Andr\u00e9 reaparece - Portal Tela Portugal<\/title>\n<meta name=\"robots\" content=\"index, follow, max-snippet:-1, max-image-preview:large, max-video-preview:-1\" \/>\n<meta property=\"og:locale\" content=\"pt_PT\" \/>\n<meta property=\"og:type\" content=\"article\" \/>\n<meta property=\"og:title\" content=\"Sarah Ferguson chamada a testemunhar nos EUA; ex-pr\u00edncipe Andr\u00e9 reaparece - Portal Tela Portugal\" \/>\n<meta property=\"og:description\" content=\"O congressista Suhas Subramanyam pediu que Sarah Ferguson depor sob juramento perante a comiss\u00e3o dos EUA que investiga o caso Epstein. Ferguson \u00e9 alvo de press\u00e3o medi\u00e1tica, com relatos de propostas de milh\u00f5es para entrevistas; Eugenie, segundo rumores, teria afastado a m\u00e3e. O ex-pr\u00edncipe Andr\u00e9 foi visto pela primeira vez em p\u00fablico desde a pris\u00e3o de fevereiro, acompanhado de c\u00e3es na propriedade de Sandringham, sob prote\u00e7\u00e3o de um guarda-costas. Andr\u00e9 foi detido a 19 de fevereiro por suspeita de m\u00e1 conduta no exerc\u00edcio de fun\u00e7\u00f5es p\u00fablicas, alegadamente por ter encaminhado informa\u00e7\u00f5es confidenciais a Jeffrey Epstein, e nega acusa\u00e7\u00f5es de abusos sexuais. A proximidade de Ferguson a Epstein \u00e9 apontada como motivo de investiga\u00e7\u00e3o; n\u00e3o h\u00e1 confirma\u00e7\u00e3o de onde se encontra, com rumores sobre v\u00e1rios destinos, enquanto as filhas do casal enfrentam tamb\u00e9m repercuss\u00f5es.\" \/>\n<meta property=\"og:url\" content=\"https:\/\/portaltela.pt\/noticias\/2026\/03\/23\/sarah-ferguson-chamada-a-testemunhar-nos-eua-ex-principe-andre-reaparece\/\" \/>\n<meta property=\"og:site_name\" content=\"Portal Tela Portugal\" \/>\n<meta property=\"article:published_time\" content=\"2026-03-23T12:49:00+00:00\" \/>\n<meta name=\"author\" content=\"Telinha\" \/>\n<meta name=\"twitter:card\" content=\"summary_large_image\" \/>\n<meta name=\"twitter:label1\" content=\"Escrito por\" \/>\n\t<meta name=\"twitter:data1\" content=\"Telinha\" \/>\n\t<meta name=\"twitter:label2\" content=\"Tempo estimado de leitura\" \/>\n\t<meta name=\"twitter:data2\" content=\"2 minutos\" \/>\n<script type=\"application\/ld+json\" class=\"yoast-schema-graph\">{\"@context\":\"https:\/\/schema.org\",\"@graph\":[{\"@type\":\"Article\",\"@id\":\"https:\/\/portaltela.pt\/noticias\/2026\/03\/23\/sarah-ferguson-chamada-a-testemunhar-nos-eua-ex-principe-andre-reaparece\/#article\",\"isPartOf\":{\"@id\":\"https:\/\/portaltela.pt\/noticias\/2026\/03\/23\/sarah-ferguson-chamada-a-testemunhar-nos-eua-ex-principe-andre-reaparece\/\"},\"author\":{\"name\":\"Telinha\",\"@id\":\"https:\/\/portaltela.pt\/#\/schema\/person\/c4278d4a6028830caff9ee44b42d32ed\"},\"headline\":\"Sarah Ferguson chamada a testemunhar nos EUA; ex-pr\u00edncipe Andr\u00e9 reaparece\",\"datePublished\":\"2026-03-23T12:49:00+00:00\",\"mainEntityOfPage\":{\"@id\":\"https:\/\/portaltela.pt\/noticias\/2026\/03\/23\/sarah-ferguson-chamada-a-testemunhar-nos-eua-ex-principe-andre-reaparece\/\"},\"wordCount\":450,\"image\":{\"@id\":\"https:\/\/portaltela.pt\/noticias\/2026\/03\/23\/sarah-ferguson-chamada-a-testemunhar-nos-eua-ex-principe-andre-reaparece\/#primaryimage\"},\"thumbnailUrl\":\"https:\/\/portaltela.pt\/s.01k8rhncp4jt1\/2026\/03\/2076310.jpg\",\"keywords\":[\"crime\",\"Estados Unidos\",\"fam\u00edlia\",\"internacionais\",\"Reino Unido\",\"Sarah Ferguson\"],\"articleSection\":[\"Celebridades\"],\"inLanguage\":\"pt-PT\"},{\"@type\":\"WebPage\",\"@id\":\"https:\/\/portaltela.pt\/noticias\/2026\/03\/23\/sarah-ferguson-chamada-a-testemunhar-nos-eua-ex-principe-andre-reaparece\/\",\"url\":\"https:\/\/portaltela.pt\/noticias\/2026\/03\/23\/sarah-ferguson-chamada-a-testemunhar-nos-eua-ex-principe-andre-reaparece\/\",\"name\":\"Sarah Ferguson chamada a testemunhar nos EUA; ex-pr\u00edncipe Andr\u00e9 reaparece - Portal Tela Portugal\",\"isPartOf\":{\"@id\":\"https:\/\/portaltela.pt\/#website\"},\"primaryImageOfPage\":{\"@id\":\"https:\/\/portaltela.pt\/noticias\/2026\/03\/23\/sarah-ferguson-chamada-a-testemunhar-nos-eua-ex-principe-andre-reaparece\/#primaryimage\"},\"image\":{\"@id\":\"https:\/\/portaltela.pt\/noticias\/2026\/03\/23\/sarah-ferguson-chamada-a-testemunhar-nos-eua-ex-principe-andre-reaparece\/#primaryimage\"},\"thumbnailUrl\":\"https:\/\/portaltela.pt\/s.01k8rhncp4jt1\/2026\/03\/2076310.jpg\",\"datePublished\":\"2026-03-23T12:49:00+00:00\",\"author\":{\"@id\":\"https:\/\/portaltela.pt\/#\/schema\/person\/c4278d4a6028830caff9ee44b42d32ed\"},\"breadcrumb\":{\"@id\":\"https:\/\/portaltela.pt\/noticias\/2026\/03\/23\/sarah-ferguson-chamada-a-testemunhar-nos-eua-ex-principe-andre-reaparece\/#breadcrumb\"},\"inLanguage\":\"pt-PT\",\"potentialAction\":[{\"@type\":\"ReadAction\",\"target\":[\"https:\/\/portaltela.pt\/noticias\/2026\/03\/23\/sarah-ferguson-chamada-a-testemunhar-nos-eua-ex-principe-andre-reaparece\/\"]}]},{\"@type\":\"ImageObject\",\"inLanguage\":\"pt-PT\",\"@id\":\"https:\/\/portaltela.pt\/noticias\/2026\/03\/23\/sarah-ferguson-chamada-a-testemunhar-nos-eua-ex-principe-andre-reaparece\/#primaryimage\",\"url\":\"https:\/\/portaltela.pt\/s.01k8rhncp4jt1\/2026\/03\/2076310.jpg\",\"contentUrl\":\"https:\/\/portaltela.pt\/s.01k8rhncp4jt1\/2026\/03\/2076310.jpg\",\"width\":796,\"height\":448,\"caption\":\"Sarah Ferguson e o ex-pr\u00edncipe Andr\u00e9 foram vistos em p\u00fablico pela \u00faltima vez no funeral da duquesa de Kent, em Setembro\"},{\"@type\":\"BreadcrumbList\",\"@id\":\"https:\/\/portaltela.pt\/noticias\/2026\/03\/23\/sarah-ferguson-chamada-a-testemunhar-nos-eua-ex-principe-andre-reaparece\/#breadcrumb\",\"itemListElement\":[{\"@type\":\"ListItem\",\"position\":1,\"name\":\"In\u00edcio\",\"item\":\"https:\/\/portaltela.pt\/\"},{\"@type\":\"ListItem\",\"position\":2,\"name\":\"Sarah Ferguson chamada a testemunhar nos EUA; ex-pr\u00edncipe Andr\u00e9 reaparece\"}]},{\"@type\":\"WebSite\",\"@id\":\"https:\/\/portaltela.pt\/#website\",\"url\":\"https:\/\/portaltela.pt\/\",\"name\":\"Portal Tela Portugal\",\"description\":\"\",\"potentialAction\":[{\"@type\":\"SearchAction\",\"target\":{\"@type\":\"EntryPoint\",\"urlTemplate\":\"https:\/\/portaltela.pt\/?s={search_term_string}\"},\"query-input\":{\"@type\":\"PropertyValueSpecification\",\"valueRequired\":true,\"valueName\":\"search_term_string\"}}],\"inLanguage\":\"pt-PT\"},{\"@type\":\"Person\",\"@id\":\"https:\/\/portaltela.pt\/#\/schema\/person\/c4278d4a6028830caff9ee44b42d32ed\",\"name\":\"Telinha\",\"image\":{\"@type\":\"ImageObject\",\"inLanguage\":\"pt-PT\",\"@id\":\"https:\/\/portaltela.pt\/s.01k8rhncp4jt1\/2025\/11\/talking-bot-125x125.png\",\"url\":\"https:\/\/portaltela.pt\/s.01k8rhncp4jt1\/2025\/11\/talking-bot-125x125.png\",\"contentUrl\":\"https:\/\/portaltela.pt\/s.01k8rhncp4jt1\/2025\/11\/talking-bot-125x125.png\",\"caption\":\"Telinha\"},\"sameAs\":[\"https:\/\/portaltela.pt\/\"],\"url\":\"https:\/\/portaltela.pt\/por\/367410592786\/\"}]}<\/script>\n<!-- \/ Yoast SEO plugin. -->","yoast_head_json":{"title":"Sarah Ferguson chamada a testemunhar nos EUA; ex-pr\u00edncipe Andr\u00e9 reaparece - Portal Tela Portugal","robots":{"index":"index","follow":"follow","max-snippet":"max-snippet:-1","max-image-preview":"max-image-preview:large","max-video-preview":"max-video-preview:-1"},"og_locale":"pt_PT","og_type":"article","og_title":"Sarah Ferguson chamada a testemunhar nos EUA; ex-pr\u00edncipe Andr\u00e9 reaparece - Portal Tela Portugal","og_description":"O congressista Suhas Subramanyam pediu que Sarah Ferguson depor sob juramento perante a comiss\u00e3o dos EUA que investiga o caso Epstein. Ferguson \u00e9 alvo de press\u00e3o medi\u00e1tica, com relatos de propostas de milh\u00f5es para entrevistas; Eugenie, segundo rumores, teria afastado a m\u00e3e. O ex-pr\u00edncipe Andr\u00e9 foi visto pela primeira vez em p\u00fablico desde a pris\u00e3o de fevereiro, acompanhado de c\u00e3es na propriedade de Sandringham, sob prote\u00e7\u00e3o de um guarda-costas. Andr\u00e9 foi detido a 19 de fevereiro por suspeita de m\u00e1 conduta no exerc\u00edcio de fun\u00e7\u00f5es p\u00fablicas, alegadamente por ter encaminhado informa\u00e7\u00f5es confidenciais a Jeffrey Epstein, e nega acusa\u00e7\u00f5es de abusos sexuais. A proximidade de Ferguson a Epstein \u00e9 apontada como motivo de investiga\u00e7\u00e3o; n\u00e3o h\u00e1 confirma\u00e7\u00e3o de onde se encontra, com rumores sobre v\u00e1rios destinos, enquanto as filhas do casal enfrentam tamb\u00e9m repercuss\u00f5es.","og_url":"https:\/\/portaltela.pt\/noticias\/2026\/03\/23\/sarah-ferguson-chamada-a-testemunhar-nos-eua-ex-principe-andre-reaparece\/","og_site_name":"Portal Tela Portugal","article_published_time":"2026-03-23T12:49:00+00:00","author":"Telinha","twitter_card":"summary_large_image","twitter_misc":{"Escrito por":"Telinha","Tempo estimado de leitura":"2 minutos"},"schema":{"@context":"https:\/\/schema.org","@graph":[{"@type":"Article","@id":"https:\/\/portaltela.pt\/noticias\/2026\/03\/23\/sarah-ferguson-chamada-a-testemunhar-nos-eua-ex-principe-andre-reaparece\/#article","isPartOf":{"@id":"https:\/\/portaltela.pt\/noticias\/2026\/03\/23\/sarah-ferguson-chamada-a-testemunhar-nos-eua-ex-principe-andre-reaparece\/"},"author":{"name":"Telinha","@id":"https:\/\/portaltela.pt\/#\/schema\/person\/c4278d4a6028830caff9ee44b42d32ed"},"headline":"Sarah Ferguson chamada a testemunhar nos EUA; ex-pr\u00edncipe Andr\u00e9 reaparece","datePublished":"2026-03-23T12:49:00+00:00","mainEntityOfPage":{"@id":"https:\/\/portaltela.pt\/noticias\/2026\/03\/23\/sarah-ferguson-chamada-a-testemunhar-nos-eua-ex-principe-andre-reaparece\/"},"wordCount":450,"image":{"@id":"https:\/\/portaltela.pt\/noticias\/2026\/03\/23\/sarah-ferguson-chamada-a-testemunhar-nos-eua-ex-principe-andre-reaparece\/#primaryimage"},"thumbnailUrl":"https:\/\/portaltela.pt\/s.01k8rhncp4jt1\/2026\/03\/2076310.jpg","keywords":["crime","Estados Unidos","fam\u00edlia","internacionais","Reino Unido","Sarah Ferguson"],"articleSection":["Celebridades"],"inLanguage":"pt-PT"},{"@type":"WebPage","@id":"https:\/\/portaltela.pt\/noticias\/2026\/03\/23\/sarah-ferguson-chamada-a-testemunhar-nos-eua-ex-principe-andre-reaparece\/","url":"https:\/\/portaltela.pt\/noticias\/2026\/03\/23\/sarah-ferguson-chamada-a-testemunhar-nos-eua-ex-principe-andre-reaparece\/","name":"Sarah Ferguson chamada a testemunhar nos EUA; ex-pr\u00edncipe Andr\u00e9 reaparece - Portal Tela Portugal","isPartOf":{"@id":"https:\/\/portaltela.pt\/#website"},"primaryImageOfPage":{"@id":"https:\/\/portaltela.pt\/noticias\/2026\/03\/23\/sarah-ferguson-chamada-a-testemunhar-nos-eua-ex-principe-andre-reaparece\/#primaryimage"},"image":{"@id":"https:\/\/portaltela.pt\/noticias\/2026\/03\/23\/sarah-ferguson-chamada-a-testemunhar-nos-eua-ex-principe-andre-reaparece\/#primaryimage"},"thumbnailUrl":"https:\/\/portaltela.pt\/s.01k8rhncp4jt1\/2026\/03\/2076310.jpg","datePublished":"2026-03-23T12:49:00+00:00","author":{"@id":"https:\/\/portaltela.pt\/#\/schema\/person\/c4278d4a6028830caff9ee44b42d32ed"},"breadcrumb":{"@id":"https:\/\/portaltela.pt\/noticias\/2026\/03\/23\/sarah-ferguson-chamada-a-testemunhar-nos-eua-ex-principe-andre-reaparece\/#breadcrumb"},"inLanguage":"pt-PT","potentialAction":[{"@type":"ReadAction","target":["https:\/\/portaltela.pt\/noticias\/2026\/03\/23\/sarah-ferguson-chamada-a-testemunhar-nos-eua-ex-principe-andre-reaparece\/"]}]},{"@type":"ImageObject","inLanguage":"pt-PT","@id":"https:\/\/portaltela.pt\/noticias\/2026\/03\/23\/sarah-ferguson-chamada-a-testemunhar-nos-eua-ex-principe-andre-reaparece\/#primaryimage","url":"https:\/\/portaltela.pt\/s.01k8rhncp4jt1\/2026\/03\/2076310.jpg","contentUrl":"https:\/\/portaltela.pt\/s.01k8rhncp4jt1\/2026\/03\/2076310.jpg","width":796,"height":448,"caption":"Sarah Ferguson e o ex-pr\u00edncipe Andr\u00e9 foram vistos em p\u00fablico pela \u00faltima vez no funeral da duquesa de Kent, em Setembro"},{"@type":"BreadcrumbList","@id":"https:\/\/portaltela.pt\/noticias\/2026\/03\/23\/sarah-ferguson-chamada-a-testemunhar-nos-eua-ex-principe-andre-reaparece\/#breadcrumb","itemListElement":[{"@type":"ListItem","position":1,"name":"In\u00edcio","item":"https:\/\/portaltela.pt\/"},{"@type":"ListItem","position":2,"name":"Sarah Ferguson chamada a testemunhar nos EUA; ex-pr\u00edncipe Andr\u00e9 reaparece"}]},{"@type":"WebSite","@id":"https:\/\/portaltela.pt\/#website","url":"https:\/\/portaltela.pt\/","name":"Portal Tela Portugal","description":"","potentialAction":[{"@type":"SearchAction","target":{"@type":"EntryPoint","urlTemplate":"https:\/\/portaltela.pt\/?s={search_term_string}"},"query-input":{"@type":"PropertyValueSpecification","valueRequired":true,"valueName":"search_term_string"}}],"inLanguage":"pt-PT"},{"@type":"Person","@id":"https:\/\/portaltela.pt\/#\/schema\/person\/c4278d4a6028830caff9ee44b42d32ed","name":"Telinha","image":{"@type":"ImageObject","inLanguage":"pt-PT","@id":"https:\/\/portaltela.pt\/s.01k8rhncp4jt1\/2025\/11\/talking-bot-125x125.png","url":"https:\/\/portaltela.pt\/s.01k8rhncp4jt1\/2025\/11\/talking-bot-125x125.png","contentUrl":"https:\/\/portaltela.pt\/s.01k8rhncp4jt1\/2025\/11\/talking-bot-125x125.png","caption":"Telinha"},"sameAs":["https:\/\/portaltela.pt\/"],"url":"https:\/\/portaltela.pt\/por\/367410592786\/"}]}},"_links":{"self":[{"href":"https:\/\/portaltela.pt\/api\/wp\/v2\/posts\/418450","targetHints":{"allow":["GET"]}}],"collection":[{"href":"https:\/\/portaltela.pt\/api\/wp\/v2\/posts"}],"about":[{"href":"https:\/\/portaltela.pt\/api\/wp\/v2\/types\/post"}],"author":[{"embeddable":true,"href":"https:\/\/portaltela.pt\/api\/wp\/v2\/users\/2"}],"replies":[{"embeddable":true,"href":"https:\/\/portaltela.pt\/api\/wp\/v2\/comments?post=418450"}],"version-history":[{"count":0,"href":"https:\/\/portaltela.pt\/api\/wp\/v2\/posts\/418450\/revisions"}],"wp:featuredmedia":[{"embeddable":true,"href":"https:\/\/portaltela.pt\/api\/wp\/v2\/media\/418454"}],"wp:attachment":[{"href":"https:\/\/portaltela.pt\/api\/wp\/v2\/media?parent=418450"}],"wp:term":[{"taxonomy":"category","embeddable":true,"href":"https:\/\/portaltela.pt\/api\/wp\/v2\/categories?post=418450"},{"taxonomy":"post_tag","embeddable":true,"href":"https:\/\/portaltela.pt\/api\/wp\/v2\/tags?post=418450"}],"curies":[{"name":"wp","href":"https:\/\/api.w.org\/{rel}","templated":true}]}}