{"id":418431,"date":"2026-03-23T09:44:00","date_gmt":"2026-03-23T12:44:00","guid":{"rendered":"https:\/\/portaltela.pt\/noticias\/2026\/03\/23\/suspeito-de-rapto-de-gestor-de-restaurante-de-luxo-aguarda-julgamento-em-prisao\/"},"modified":"2026-03-23T09:44:00","modified_gmt":"2026-03-23T12:44:00","slug":"suspeito-de-rapto-de-gestor-de-restaurante-de-luxo-aguarda-julgamento-em-prisao","status":"publish","type":"post","link":"https:\/\/portaltela.pt\/justica\/2026\/03\/23\/suspeito-de-rapto-de-gestor-de-restaurante-de-luxo-aguarda-julgamento-em-prisao\/","title":{"rendered":"Suspeito de rapto de gestor de restaurante de luxo aguarda julgamento em pris\u00e3o"},"content":{"rendered":"<p>O homem detido por envolvimento no rapto do gestor e s\u00f3cio de um restaurante de luxo, em Vale do Lobo, Algarve, permanecer\u00e1 em pris\u00e3o preventiva at\u00e9 ao julgamento. O juiz de instru\u00e7\u00e3o criminal concluiu que existem motivos de perigo de fuga e de continua\u00e7\u00e3o da atividade criminosa.<\/p>\n<p>O suspeito continua a ser interrogado, num processo que envolve tamb\u00e9m alegada proximidade com a v\u00edtima e poss\u00edvel papel de mentor no crime. A Autoridade tem tamb\u00e9m a certeza de que existem mais dois suspeitos, que teriam participado no rapto e no roubo, e que permanecem em fuga.<\/p>\n<h3>Situa\u00e7\u00e3o processual<\/h3>\n<p>De acordo com o CM, o detido ter\u00e1 colaborado com as autoridades, embora negue qualquer participa\u00e7\u00e3o no homic\u00eddio da v\u00edtima. O mesmo jornal adianta que o roubo incluiu n\u00e3o apenas dinheiro das contas, mas tamb\u00e9m uma soma avultada retirada do cofre do restaurante.<\/p>\n<h3>Montante roubado<\/h3>\n<p>A PJ entende que o grupo levou uma quantidade significativa de dinheiro, proveniente de contas banc\u00e1rias e do cofre do estabelecimento. O estado atual do processo aponta para a exist\u00eancia de mais envolvidos a meio do crime, ainda n\u00e3o identificados.<\/p>\n","protected":false},"excerpt":{"rendered":"<ul>\n<li>Suspeito de rapto do gestor e s\u00f3cio de restaurante de luxo em Vale do Lobo, Algarve, ficar\u00e1 em pris\u00e3o preventiva at\u00e9 ao julgamento.<\/li>\n<li>Interrogat\u00f3rio por juiz de instru\u00e7\u00e3o criminal concluiu existir perigo de fuga e de continua\u00e7\u00e3o da atividade criminosa.<\/li>\n<li>Detido tinha rela\u00e7\u00e3o de muita proximidade com a v\u00edtima e poder\u00e1 ter sido o mentor do crime; h\u00e1 dois suspeitos em fuga considerados envolvidos no rapto e no roubo.<\/li>\n<li>O suspeito est\u00e1 a colaborar com as autoridades e nega participa\u00e7\u00e3o no homic\u00eddio; conhecia as rotinas de Ricardo Claro.<\/li>\n<li>Al\u00e9m do dinheiro das contas, foi roubada uma quantia consider\u00e1vel do cofre do restaurante onde a v\u00edtima trabalhava.<\/li>\n<\/ul>\n","protected":false},"author":2,"featured_media":418434,"comment_status":"closed","ping_status":"closed","sticky":false,"template":"","format":"standard","meta":{"footnotes":""},"categories":[7386,6815],"tags":[928,177,1802,4332,1931,203],"class_list":["post-418431","post","type-post","status-publish","format-standard","has-post-thumbnail","hentry","category-crimes-contra-a-pessoa","category-justica","tag-algarve","tag-crimes","tag-policia-judiciaria","tag-rapto-agravado","tag-restaurantes","tag-roubo"],"yoast_head":"<!-- This site is optimized with the Yoast SEO plugin v27.2 - https:\/\/yoast.com\/product\/yoast-seo-wordpress\/ -->\n<title>Suspeito de rapto de gestor de restaurante de luxo aguarda julgamento em pris\u00e3o - Portal Tela Portugal<\/title>\n<meta name=\"robots\" content=\"index, follow, max-snippet:-1, max-image-preview:large, max-video-preview:-1\" \/>\n<meta property=\"og:locale\" content=\"pt_PT\" \/>\n<meta property=\"og:type\" content=\"article\" \/>\n<meta property=\"og:title\" content=\"Suspeito de rapto de gestor de restaurante de luxo aguarda julgamento em pris\u00e3o - Portal Tela Portugal\" \/>\n<meta property=\"og:description\" content=\"Suspeito de rapto do gestor e s\u00f3cio de restaurante de luxo em Vale do Lobo, Algarve, ficar\u00e1 em pris\u00e3o preventiva at\u00e9 ao julgamento. Interrogat\u00f3rio por juiz de instru\u00e7\u00e3o criminal concluiu existir perigo de fuga e de continua\u00e7\u00e3o da atividade criminosa. Detido tinha rela\u00e7\u00e3o de muita proximidade com a v\u00edtima e poder\u00e1 ter sido o mentor do crime; h\u00e1 dois suspeitos em fuga considerados envolvidos no rapto e no roubo. O suspeito est\u00e1 a colaborar com as autoridades e nega participa\u00e7\u00e3o no homic\u00eddio; conhecia as rotinas de Ricardo Claro. Al\u00e9m do dinheiro das contas, foi roubada uma quantia consider\u00e1vel do cofre do restaurante onde a v\u00edtima trabalhava.\" \/>\n<meta property=\"og:url\" content=\"https:\/\/portaltela.pt\/noticias\/2026\/03\/23\/suspeito-de-rapto-de-gestor-de-restaurante-de-luxo-aguarda-julgamento-em-prisao\/\" \/>\n<meta property=\"og:site_name\" content=\"Portal Tela Portugal\" \/>\n<meta property=\"article:published_time\" content=\"2026-03-23T12:44:00+00:00\" \/>\n<meta name=\"author\" content=\"Telinha\" \/>\n<meta name=\"twitter:card\" content=\"summary_large_image\" \/>\n<meta name=\"twitter:label1\" content=\"Escrito por\" \/>\n\t<meta name=\"twitter:data1\" content=\"Telinha\" \/>\n\t<meta name=\"twitter:label2\" content=\"Tempo estimado de leitura\" \/>\n\t<meta name=\"twitter:data2\" content=\"1 minuto\" \/>\n<script type=\"application\/ld+json\" class=\"yoast-schema-graph\">{\"@context\":\"https:\/\/schema.org\",\"@graph\":[{\"@type\":\"Article\",\"@id\":\"https:\/\/portaltela.pt\/noticias\/2026\/03\/23\/suspeito-de-rapto-de-gestor-de-restaurante-de-luxo-aguarda-julgamento-em-prisao\/#article\",\"isPartOf\":{\"@id\":\"https:\/\/portaltela.pt\/noticias\/2026\/03\/23\/suspeito-de-rapto-de-gestor-de-restaurante-de-luxo-aguarda-julgamento-em-prisao\/\"},\"author\":{\"name\":\"Telinha\",\"@id\":\"https:\/\/portaltela.pt\/#\/schema\/person\/c4278d4a6028830caff9ee44b42d32ed\"},\"headline\":\"Suspeito de rapto de gestor de restaurante de luxo aguarda julgamento em pris\u00e3o\",\"datePublished\":\"2026-03-23T12:44:00+00:00\",\"mainEntityOfPage\":{\"@id\":\"https:\/\/portaltela.pt\/noticias\/2026\/03\/23\/suspeito-de-rapto-de-gestor-de-restaurante-de-luxo-aguarda-julgamento-em-prisao\/\"},\"wordCount\":213,\"image\":{\"@id\":\"https:\/\/portaltela.pt\/noticias\/2026\/03\/23\/suspeito-de-rapto-de-gestor-de-restaurante-de-luxo-aguarda-julgamento-em-prisao\/#primaryimage\"},\"thumbnailUrl\":\"https:\/\/portaltela.pt\/s.01k8rhncp4jt1\/2026\/03\/img_1500x1000uu2026-03-23-12-43-05-2274278-im-639098666166305385.jpg\",\"keywords\":[\"Algarve\",\"crimes\",\"Pol\u00edcia Judici\u00e1ria\",\"rapto agravado\",\"restaurantes\",\"roubo\"],\"articleSection\":[\"Crimes contra a pessoa\",\"Justi\u00e7a\"],\"inLanguage\":\"pt-PT\"},{\"@type\":\"WebPage\",\"@id\":\"https:\/\/portaltela.pt\/noticias\/2026\/03\/23\/suspeito-de-rapto-de-gestor-de-restaurante-de-luxo-aguarda-julgamento-em-prisao\/\",\"url\":\"https:\/\/portaltela.pt\/noticias\/2026\/03\/23\/suspeito-de-rapto-de-gestor-de-restaurante-de-luxo-aguarda-julgamento-em-prisao\/\",\"name\":\"Suspeito de rapto de gestor de restaurante de luxo aguarda julgamento em pris\u00e3o - Portal Tela Portugal\",\"isPartOf\":{\"@id\":\"https:\/\/portaltela.pt\/#website\"},\"primaryImageOfPage\":{\"@id\":\"https:\/\/portaltela.pt\/noticias\/2026\/03\/23\/suspeito-de-rapto-de-gestor-de-restaurante-de-luxo-aguarda-julgamento-em-prisao\/#primaryimage\"},\"image\":{\"@id\":\"https:\/\/portaltela.pt\/noticias\/2026\/03\/23\/suspeito-de-rapto-de-gestor-de-restaurante-de-luxo-aguarda-julgamento-em-prisao\/#primaryimage\"},\"thumbnailUrl\":\"https:\/\/portaltela.pt\/s.01k8rhncp4jt1\/2026\/03\/img_1500x1000uu2026-03-23-12-43-05-2274278-im-639098666166305385.jpg\",\"datePublished\":\"2026-03-23T12:44:00+00:00\",\"author\":{\"@id\":\"https:\/\/portaltela.pt\/#\/schema\/person\/c4278d4a6028830caff9ee44b42d32ed\"},\"breadcrumb\":{\"@id\":\"https:\/\/portaltela.pt\/noticias\/2026\/03\/23\/suspeito-de-rapto-de-gestor-de-restaurante-de-luxo-aguarda-julgamento-em-prisao\/#breadcrumb\"},\"inLanguage\":\"pt-PT\",\"potentialAction\":[{\"@type\":\"ReadAction\",\"target\":[\"https:\/\/portaltela.pt\/noticias\/2026\/03\/23\/suspeito-de-rapto-de-gestor-de-restaurante-de-luxo-aguarda-julgamento-em-prisao\/\"]}]},{\"@type\":\"ImageObject\",\"inLanguage\":\"pt-PT\",\"@id\":\"https:\/\/portaltela.pt\/noticias\/2026\/03\/23\/suspeito-de-rapto-de-gestor-de-restaurante-de-luxo-aguarda-julgamento-em-prisao\/#primaryimage\",\"url\":\"https:\/\/portaltela.pt\/s.01k8rhncp4jt1\/2026\/03\/img_1500x1000uu2026-03-23-12-43-05-2274278-im-639098666166305385.jpg\",\"contentUrl\":\"https:\/\/portaltela.pt\/s.01k8rhncp4jt1\/2026\/03\/img_1500x1000uu2026-03-23-12-43-05-2274278-im-639098666166305385.jpg\",\"width\":796,\"height\":448,\"caption\":\"Suspeito de rapto\"},{\"@type\":\"BreadcrumbList\",\"@id\":\"https:\/\/portaltela.pt\/noticias\/2026\/03\/23\/suspeito-de-rapto-de-gestor-de-restaurante-de-luxo-aguarda-julgamento-em-prisao\/#breadcrumb\",\"itemListElement\":[{\"@type\":\"ListItem\",\"position\":1,\"name\":\"In\u00edcio\",\"item\":\"https:\/\/portaltela.pt\/\"},{\"@type\":\"ListItem\",\"position\":2,\"name\":\"Suspeito de rapto de gestor de restaurante de luxo aguarda julgamento em pris\u00e3o\"}]},{\"@type\":\"WebSite\",\"@id\":\"https:\/\/portaltela.pt\/#website\",\"url\":\"https:\/\/portaltela.pt\/\",\"name\":\"Portal Tela Portugal\",\"description\":\"\",\"potentialAction\":[{\"@type\":\"SearchAction\",\"target\":{\"@type\":\"EntryPoint\",\"urlTemplate\":\"https:\/\/portaltela.pt\/?s={search_term_string}\"},\"query-input\":{\"@type\":\"PropertyValueSpecification\",\"valueRequired\":true,\"valueName\":\"search_term_string\"}}],\"inLanguage\":\"pt-PT\"},{\"@type\":\"Person\",\"@id\":\"https:\/\/portaltela.pt\/#\/schema\/person\/c4278d4a6028830caff9ee44b42d32ed\",\"name\":\"Telinha\",\"image\":{\"@type\":\"ImageObject\",\"inLanguage\":\"pt-PT\",\"@id\":\"https:\/\/portaltela.pt\/s.01k8rhncp4jt1\/2025\/11\/talking-bot-125x125.png\",\"url\":\"https:\/\/portaltela.pt\/s.01k8rhncp4jt1\/2025\/11\/talking-bot-125x125.png\",\"contentUrl\":\"https:\/\/portaltela.pt\/s.01k8rhncp4jt1\/2025\/11\/talking-bot-125x125.png\",\"caption\":\"Telinha\"},\"sameAs\":[\"https:\/\/portaltela.pt\/\"],\"url\":\"https:\/\/portaltela.pt\/por\/367410592786\/\"}]}<\/script>\n<!-- \/ Yoast SEO plugin. -->","yoast_head_json":{"title":"Suspeito de rapto de gestor de restaurante de luxo aguarda julgamento em pris\u00e3o - Portal Tela Portugal","robots":{"index":"index","follow":"follow","max-snippet":"max-snippet:-1","max-image-preview":"max-image-preview:large","max-video-preview":"max-video-preview:-1"},"og_locale":"pt_PT","og_type":"article","og_title":"Suspeito de rapto de gestor de restaurante de luxo aguarda julgamento em pris\u00e3o - Portal Tela Portugal","og_description":"Suspeito de rapto do gestor e s\u00f3cio de restaurante de luxo em Vale do Lobo, Algarve, ficar\u00e1 em pris\u00e3o preventiva at\u00e9 ao julgamento. Interrogat\u00f3rio por juiz de instru\u00e7\u00e3o criminal concluiu existir perigo de fuga e de continua\u00e7\u00e3o da atividade criminosa. Detido tinha rela\u00e7\u00e3o de muita proximidade com a v\u00edtima e poder\u00e1 ter sido o mentor do crime; h\u00e1 dois suspeitos em fuga considerados envolvidos no rapto e no roubo. O suspeito est\u00e1 a colaborar com as autoridades e nega participa\u00e7\u00e3o no homic\u00eddio; conhecia as rotinas de Ricardo Claro. Al\u00e9m do dinheiro das contas, foi roubada uma quantia consider\u00e1vel do cofre do restaurante onde a v\u00edtima trabalhava.","og_url":"https:\/\/portaltela.pt\/noticias\/2026\/03\/23\/suspeito-de-rapto-de-gestor-de-restaurante-de-luxo-aguarda-julgamento-em-prisao\/","og_site_name":"Portal Tela Portugal","article_published_time":"2026-03-23T12:44:00+00:00","author":"Telinha","twitter_card":"summary_large_image","twitter_misc":{"Escrito por":"Telinha","Tempo estimado de leitura":"1 minuto"},"schema":{"@context":"https:\/\/schema.org","@graph":[{"@type":"Article","@id":"https:\/\/portaltela.pt\/noticias\/2026\/03\/23\/suspeito-de-rapto-de-gestor-de-restaurante-de-luxo-aguarda-julgamento-em-prisao\/#article","isPartOf":{"@id":"https:\/\/portaltela.pt\/noticias\/2026\/03\/23\/suspeito-de-rapto-de-gestor-de-restaurante-de-luxo-aguarda-julgamento-em-prisao\/"},"author":{"name":"Telinha","@id":"https:\/\/portaltela.pt\/#\/schema\/person\/c4278d4a6028830caff9ee44b42d32ed"},"headline":"Suspeito de rapto de gestor de restaurante de luxo aguarda julgamento em pris\u00e3o","datePublished":"2026-03-23T12:44:00+00:00","mainEntityOfPage":{"@id":"https:\/\/portaltela.pt\/noticias\/2026\/03\/23\/suspeito-de-rapto-de-gestor-de-restaurante-de-luxo-aguarda-julgamento-em-prisao\/"},"wordCount":213,"image":{"@id":"https:\/\/portaltela.pt\/noticias\/2026\/03\/23\/suspeito-de-rapto-de-gestor-de-restaurante-de-luxo-aguarda-julgamento-em-prisao\/#primaryimage"},"thumbnailUrl":"https:\/\/portaltela.pt\/s.01k8rhncp4jt1\/2026\/03\/img_1500x1000uu2026-03-23-12-43-05-2274278-im-639098666166305385.jpg","keywords":["Algarve","crimes","Pol\u00edcia Judici\u00e1ria","rapto agravado","restaurantes","roubo"],"articleSection":["Crimes contra a pessoa","Justi\u00e7a"],"inLanguage":"pt-PT"},{"@type":"WebPage","@id":"https:\/\/portaltela.pt\/noticias\/2026\/03\/23\/suspeito-de-rapto-de-gestor-de-restaurante-de-luxo-aguarda-julgamento-em-prisao\/","url":"https:\/\/portaltela.pt\/noticias\/2026\/03\/23\/suspeito-de-rapto-de-gestor-de-restaurante-de-luxo-aguarda-julgamento-em-prisao\/","name":"Suspeito de rapto de gestor de restaurante de luxo aguarda julgamento em pris\u00e3o - Portal Tela Portugal","isPartOf":{"@id":"https:\/\/portaltela.pt\/#website"},"primaryImageOfPage":{"@id":"https:\/\/portaltela.pt\/noticias\/2026\/03\/23\/suspeito-de-rapto-de-gestor-de-restaurante-de-luxo-aguarda-julgamento-em-prisao\/#primaryimage"},"image":{"@id":"https:\/\/portaltela.pt\/noticias\/2026\/03\/23\/suspeito-de-rapto-de-gestor-de-restaurante-de-luxo-aguarda-julgamento-em-prisao\/#primaryimage"},"thumbnailUrl":"https:\/\/portaltela.pt\/s.01k8rhncp4jt1\/2026\/03\/img_1500x1000uu2026-03-23-12-43-05-2274278-im-639098666166305385.jpg","datePublished":"2026-03-23T12:44:00+00:00","author":{"@id":"https:\/\/portaltela.pt\/#\/schema\/person\/c4278d4a6028830caff9ee44b42d32ed"},"breadcrumb":{"@id":"https:\/\/portaltela.pt\/noticias\/2026\/03\/23\/suspeito-de-rapto-de-gestor-de-restaurante-de-luxo-aguarda-julgamento-em-prisao\/#breadcrumb"},"inLanguage":"pt-PT","potentialAction":[{"@type":"ReadAction","target":["https:\/\/portaltela.pt\/noticias\/2026\/03\/23\/suspeito-de-rapto-de-gestor-de-restaurante-de-luxo-aguarda-julgamento-em-prisao\/"]}]},{"@type":"ImageObject","inLanguage":"pt-PT","@id":"https:\/\/portaltela.pt\/noticias\/2026\/03\/23\/suspeito-de-rapto-de-gestor-de-restaurante-de-luxo-aguarda-julgamento-em-prisao\/#primaryimage","url":"https:\/\/portaltela.pt\/s.01k8rhncp4jt1\/2026\/03\/img_1500x1000uu2026-03-23-12-43-05-2274278-im-639098666166305385.jpg","contentUrl":"https:\/\/portaltela.pt\/s.01k8rhncp4jt1\/2026\/03\/img_1500x1000uu2026-03-23-12-43-05-2274278-im-639098666166305385.jpg","width":796,"height":448,"caption":"Suspeito de rapto"},{"@type":"BreadcrumbList","@id":"https:\/\/portaltela.pt\/noticias\/2026\/03\/23\/suspeito-de-rapto-de-gestor-de-restaurante-de-luxo-aguarda-julgamento-em-prisao\/#breadcrumb","itemListElement":[{"@type":"ListItem","position":1,"name":"In\u00edcio","item":"https:\/\/portaltela.pt\/"},{"@type":"ListItem","position":2,"name":"Suspeito de rapto de gestor de restaurante de luxo aguarda julgamento em pris\u00e3o"}]},{"@type":"WebSite","@id":"https:\/\/portaltela.pt\/#website","url":"https:\/\/portaltela.pt\/","name":"Portal Tela Portugal","description":"","potentialAction":[{"@type":"SearchAction","target":{"@type":"EntryPoint","urlTemplate":"https:\/\/portaltela.pt\/?s={search_term_string}"},"query-input":{"@type":"PropertyValueSpecification","valueRequired":true,"valueName":"search_term_string"}}],"inLanguage":"pt-PT"},{"@type":"Person","@id":"https:\/\/portaltela.pt\/#\/schema\/person\/c4278d4a6028830caff9ee44b42d32ed","name":"Telinha","image":{"@type":"ImageObject","inLanguage":"pt-PT","@id":"https:\/\/portaltela.pt\/s.01k8rhncp4jt1\/2025\/11\/talking-bot-125x125.png","url":"https:\/\/portaltela.pt\/s.01k8rhncp4jt1\/2025\/11\/talking-bot-125x125.png","contentUrl":"https:\/\/portaltela.pt\/s.01k8rhncp4jt1\/2025\/11\/talking-bot-125x125.png","caption":"Telinha"},"sameAs":["https:\/\/portaltela.pt\/"],"url":"https:\/\/portaltela.pt\/por\/367410592786\/"}]}},"_links":{"self":[{"href":"https:\/\/portaltela.pt\/api\/wp\/v2\/posts\/418431","targetHints":{"allow":["GET"]}}],"collection":[{"href":"https:\/\/portaltela.pt\/api\/wp\/v2\/posts"}],"about":[{"href":"https:\/\/portaltela.pt\/api\/wp\/v2\/types\/post"}],"author":[{"embeddable":true,"href":"https:\/\/portaltela.pt\/api\/wp\/v2\/users\/2"}],"replies":[{"embeddable":true,"href":"https:\/\/portaltela.pt\/api\/wp\/v2\/comments?post=418431"}],"version-history":[{"count":0,"href":"https:\/\/portaltela.pt\/api\/wp\/v2\/posts\/418431\/revisions"}],"wp:featuredmedia":[{"embeddable":true,"href":"https:\/\/portaltela.pt\/api\/wp\/v2\/media\/418434"}],"wp:attachment":[{"href":"https:\/\/portaltela.pt\/api\/wp\/v2\/media?parent=418431"}],"wp:term":[{"taxonomy":"category","embeddable":true,"href":"https:\/\/portaltela.pt\/api\/wp\/v2\/categories?post=418431"},{"taxonomy":"post_tag","embeddable":true,"href":"https:\/\/portaltela.pt\/api\/wp\/v2\/tags?post=418431"}],"curies":[{"name":"wp","href":"https:\/\/api.w.org\/{rel}","templated":true}]}}