{"id":418412,"date":"2026-03-23T09:21:01","date_gmt":"2026-03-23T12:21:01","guid":{"rendered":"https:\/\/portaltela.pt\/noticias\/2026\/03\/23\/prisoes-preventivas-de-dois-homens-suspeitos-de-assaltar-loja-cavalinho-lourosa\/"},"modified":"2026-03-23T09:21:01","modified_gmt":"2026-03-23T12:21:01","slug":"prisoes-preventivas-de-dois-homens-suspeitos-de-assaltar-loja-cavalinho-lourosa","status":"publish","type":"post","link":"https:\/\/portaltela.pt\/justica\/2026\/03\/23\/prisoes-preventivas-de-dois-homens-suspeitos-de-assaltar-loja-cavalinho-lourosa\/","title":{"rendered":"Pris\u00f5es preventivas de dois homens suspeitos de assaltar loja Cavalinho Lourosa"},"content":{"rendered":"<p>Os dois homens detidos pela suspeita de assaltos \u00e0 loja Cavalinho, em Lourosa, Feira, ficaram em pris\u00e3o preventiva ap\u00f3s audi\u00eancia no tribunal de instru\u00e7\u00e3o criminal da Feira, na sequ\u00eancia de atua\u00e7\u00e3o da GNR. Os arguidos foram apresentados ao tribunal pelo N\u00facleo de Investiga\u00e7\u00e3o Criminal de Lourosa.<\/p>\n<p>A GNR identificou ainda um terceiro suspeito durante as investiga\u00e7\u00f5es. Os acontecimentos ocorreram ao longo de tr\u00eas noites consecutivas, contra a mesma loja. O grupo causou um preju\u00edzo estimado de cerca de 15 mil euros.<\/p>\n<h3>Deten\u00e7\u00e3o e situa\u00e7\u00e3o processual<\/h3>\n<p>Entre os arguidos, a GNR detalhou que foram detidos por envolvimento nos assaltos. A carrinha utilizada nos crimes, furtada h\u00e1 tr\u00eas dias, foi apreendida e continha parte do material furtado, entre malas, carteira e sapatos.<\/p>\n<h3>Apreens\u00e3o de material e investiga\u00e7\u00e3o complementar<\/h3>\n<p>\u00c0 sequ\u00eancia das dilig\u00eancias, parte do produto furtado foi recuperado num estabelecimento comercial da \u00e1rea do Grande Porto. Para consumar as entradas nos estabelecimentos, os suspeitos partiram vidros da porta e da montra com pedras e uma picareta.<\/p>\n","protected":false},"excerpt":{"rendered":"<ul>\n<li>Pris\u00e3o preventiva para dois homens suspeitos de assaltar a loja Cavalinho, em Lourosa, Feira, ap\u00f3s serem apresentados ao tribunal de instru\u00e7\u00e3o criminal pela GNR.<\/li>\n<li>Os arguidos foram detidos na sequ\u00eancia de assaltos ocorridos em tr\u00eas noites seguidas; um terceiro suspeito foi identificado pela GNR.<\/li>\n<li>A loja Cavalinho foi visada na semana passada por tr\u00eas encapuzados; o grupo provocou um preju\u00edzo estimado em cerca de 15 mil euros.<\/li>\n<li>A carrinha usada nos assaltos, furtada tr\u00eas dias antes, foi apreendida, e no interior foram encontrados parte do produto furtado.<\/li>\n<li>Parte do material furtado foi recuperada num estabelecimento comercial na \u00e1rea do Grande Porto; para entrar nesses estabelecimentos, os suspeitos partiram vidra\u00e7as com pedras e uma picareta.<\/li>\n<\/ul>\n","protected":false},"author":2,"featured_media":418415,"comment_status":"closed","ping_status":"closed","sticky":false,"template":"","format":"standard","meta":{"footnotes":""},"categories":[6907,6815],"tags":[5674,1380,5343,215,4343,203],"class_list":["post-418412","post","type-post","status-publish","format-standard","has-post-thumbnail","hentry","category-crime","category-justica","tag-assaltos","tag-gnr","tag-grande-porto","tag-investigacao","tag-prisoes","tag-roubo"],"yoast_head":"<!-- This site is optimized with the Yoast SEO plugin v27.2 - https:\/\/yoast.com\/product\/yoast-seo-wordpress\/ -->\n<title>Pris\u00f5es preventivas de dois homens suspeitos de assaltar loja Cavalinho Lourosa - Portal Tela Portugal<\/title>\n<meta name=\"robots\" content=\"index, follow, max-snippet:-1, max-image-preview:large, max-video-preview:-1\" \/>\n<meta property=\"og:locale\" content=\"pt_PT\" \/>\n<meta property=\"og:type\" content=\"article\" \/>\n<meta property=\"og:title\" content=\"Pris\u00f5es preventivas de dois homens suspeitos de assaltar loja Cavalinho Lourosa - Portal Tela Portugal\" \/>\n<meta property=\"og:description\" content=\"Pris\u00e3o preventiva para dois homens suspeitos de assaltar a loja Cavalinho, em Lourosa, Feira, ap\u00f3s serem apresentados ao tribunal de instru\u00e7\u00e3o criminal pela GNR. Os arguidos foram detidos na sequ\u00eancia de assaltos ocorridos em tr\u00eas noites seguidas; um terceiro suspeito foi identificado pela GNR. A loja Cavalinho foi visada na semana passada por tr\u00eas encapuzados; o grupo provocou um preju\u00edzo estimado em cerca de 15 mil euros. A carrinha usada nos assaltos, furtada tr\u00eas dias antes, foi apreendida, e no interior foram encontrados parte do produto furtado. Parte do material furtado foi recuperada num estabelecimento comercial na \u00e1rea do Grande Porto; para entrar nesses estabelecimentos, os suspeitos partiram vidra\u00e7as com pedras e uma picareta.\" \/>\n<meta property=\"og:url\" content=\"https:\/\/portaltela.pt\/noticias\/2026\/03\/23\/prisoes-preventivas-de-dois-homens-suspeitos-de-assaltar-loja-cavalinho-lourosa\/\" \/>\n<meta property=\"og:site_name\" content=\"Portal Tela Portugal\" \/>\n<meta property=\"article:published_time\" content=\"2026-03-23T12:21:01+00:00\" \/>\n<meta name=\"author\" content=\"Telinha\" \/>\n<meta name=\"twitter:card\" content=\"summary_large_image\" \/>\n<meta name=\"twitter:label1\" content=\"Escrito por\" \/>\n\t<meta name=\"twitter:data1\" content=\"Telinha\" \/>\n\t<meta name=\"twitter:label2\" content=\"Tempo estimado de leitura\" \/>\n\t<meta name=\"twitter:data2\" content=\"1 minuto\" \/>\n<script type=\"application\/ld+json\" class=\"yoast-schema-graph\">{\"@context\":\"https:\/\/schema.org\",\"@graph\":[{\"@type\":\"Article\",\"@id\":\"https:\/\/portaltela.pt\/noticias\/2026\/03\/23\/prisoes-preventivas-de-dois-homens-suspeitos-de-assaltar-loja-cavalinho-lourosa\/#article\",\"isPartOf\":{\"@id\":\"https:\/\/portaltela.pt\/noticias\/2026\/03\/23\/prisoes-preventivas-de-dois-homens-suspeitos-de-assaltar-loja-cavalinho-lourosa\/\"},\"author\":{\"name\":\"Telinha\",\"@id\":\"https:\/\/portaltela.pt\/#\/schema\/person\/c4278d4a6028830caff9ee44b42d32ed\"},\"headline\":\"Pris\u00f5es preventivas de dois homens suspeitos de assaltar loja Cavalinho Lourosa\",\"datePublished\":\"2026-03-23T12:21:01+00:00\",\"mainEntityOfPage\":{\"@id\":\"https:\/\/portaltela.pt\/noticias\/2026\/03\/23\/prisoes-preventivas-de-dois-homens-suspeitos-de-assaltar-loja-cavalinho-lourosa\/\"},\"wordCount\":191,\"image\":{\"@id\":\"https:\/\/portaltela.pt\/noticias\/2026\/03\/23\/prisoes-preventivas-de-dois-homens-suspeitos-de-assaltar-loja-cavalinho-lourosa\/#primaryimage\"},\"thumbnailUrl\":\"https:\/\/portaltela.pt\/s.01k8rhncp4jt1\/2026\/03\/img_1500x1000uu2026-03-21-11-57-18-2273861.jpg\",\"keywords\":[\"assaltos\",\"GNR\",\"Grande Porto\",\"investiga\u00e7\u00e3o\",\"pris\u00f5es\",\"roubo\"],\"articleSection\":[\"Crime\",\"Justi\u00e7a\"],\"inLanguage\":\"pt-PT\"},{\"@type\":\"WebPage\",\"@id\":\"https:\/\/portaltela.pt\/noticias\/2026\/03\/23\/prisoes-preventivas-de-dois-homens-suspeitos-de-assaltar-loja-cavalinho-lourosa\/\",\"url\":\"https:\/\/portaltela.pt\/noticias\/2026\/03\/23\/prisoes-preventivas-de-dois-homens-suspeitos-de-assaltar-loja-cavalinho-lourosa\/\",\"name\":\"Pris\u00f5es preventivas de dois homens suspeitos de assaltar loja Cavalinho Lourosa - Portal Tela Portugal\",\"isPartOf\":{\"@id\":\"https:\/\/portaltela.pt\/#website\"},\"primaryImageOfPage\":{\"@id\":\"https:\/\/portaltela.pt\/noticias\/2026\/03\/23\/prisoes-preventivas-de-dois-homens-suspeitos-de-assaltar-loja-cavalinho-lourosa\/#primaryimage\"},\"image\":{\"@id\":\"https:\/\/portaltela.pt\/noticias\/2026\/03\/23\/prisoes-preventivas-de-dois-homens-suspeitos-de-assaltar-loja-cavalinho-lourosa\/#primaryimage\"},\"thumbnailUrl\":\"https:\/\/portaltela.pt\/s.01k8rhncp4jt1\/2026\/03\/img_1500x1000uu2026-03-21-11-57-18-2273861.jpg\",\"datePublished\":\"2026-03-23T12:21:01+00:00\",\"author\":{\"@id\":\"https:\/\/portaltela.pt\/#\/schema\/person\/c4278d4a6028830caff9ee44b42d32ed\"},\"breadcrumb\":{\"@id\":\"https:\/\/portaltela.pt\/noticias\/2026\/03\/23\/prisoes-preventivas-de-dois-homens-suspeitos-de-assaltar-loja-cavalinho-lourosa\/#breadcrumb\"},\"inLanguage\":\"pt-PT\",\"potentialAction\":[{\"@type\":\"ReadAction\",\"target\":[\"https:\/\/portaltela.pt\/noticias\/2026\/03\/23\/prisoes-preventivas-de-dois-homens-suspeitos-de-assaltar-loja-cavalinho-lourosa\/\"]}]},{\"@type\":\"ImageObject\",\"inLanguage\":\"pt-PT\",\"@id\":\"https:\/\/portaltela.pt\/noticias\/2026\/03\/23\/prisoes-preventivas-de-dois-homens-suspeitos-de-assaltar-loja-cavalinho-lourosa\/#primaryimage\",\"url\":\"https:\/\/portaltela.pt\/s.01k8rhncp4jt1\/2026\/03\/img_1500x1000uu2026-03-21-11-57-18-2273861.jpg\",\"contentUrl\":\"https:\/\/portaltela.pt\/s.01k8rhncp4jt1\/2026\/03\/img_1500x1000uu2026-03-21-11-57-18-2273861.jpg\",\"width\":796,\"height\":448,\"caption\":\"Dois detidos ap\u00f3s s\u00e9rie de assaltos a loja Cavalinho em Lourosa\"},{\"@type\":\"BreadcrumbList\",\"@id\":\"https:\/\/portaltela.pt\/noticias\/2026\/03\/23\/prisoes-preventivas-de-dois-homens-suspeitos-de-assaltar-loja-cavalinho-lourosa\/#breadcrumb\",\"itemListElement\":[{\"@type\":\"ListItem\",\"position\":1,\"name\":\"In\u00edcio\",\"item\":\"https:\/\/portaltela.pt\/\"},{\"@type\":\"ListItem\",\"position\":2,\"name\":\"Pris\u00f5es preventivas de dois homens suspeitos de assaltar loja Cavalinho Lourosa\"}]},{\"@type\":\"WebSite\",\"@id\":\"https:\/\/portaltela.pt\/#website\",\"url\":\"https:\/\/portaltela.pt\/\",\"name\":\"Portal Tela Portugal\",\"description\":\"\",\"potentialAction\":[{\"@type\":\"SearchAction\",\"target\":{\"@type\":\"EntryPoint\",\"urlTemplate\":\"https:\/\/portaltela.pt\/?s={search_term_string}\"},\"query-input\":{\"@type\":\"PropertyValueSpecification\",\"valueRequired\":true,\"valueName\":\"search_term_string\"}}],\"inLanguage\":\"pt-PT\"},{\"@type\":\"Person\",\"@id\":\"https:\/\/portaltela.pt\/#\/schema\/person\/c4278d4a6028830caff9ee44b42d32ed\",\"name\":\"Telinha\",\"image\":{\"@type\":\"ImageObject\",\"inLanguage\":\"pt-PT\",\"@id\":\"https:\/\/portaltela.pt\/s.01k8rhncp4jt1\/2025\/11\/talking-bot-125x125.png\",\"url\":\"https:\/\/portaltela.pt\/s.01k8rhncp4jt1\/2025\/11\/talking-bot-125x125.png\",\"contentUrl\":\"https:\/\/portaltela.pt\/s.01k8rhncp4jt1\/2025\/11\/talking-bot-125x125.png\",\"caption\":\"Telinha\"},\"sameAs\":[\"https:\/\/portaltela.pt\/\"],\"url\":\"https:\/\/portaltela.pt\/por\/367410592786\/\"}]}<\/script>\n<!-- \/ Yoast SEO plugin. -->","yoast_head_json":{"title":"Pris\u00f5es preventivas de dois homens suspeitos de assaltar loja Cavalinho Lourosa - Portal Tela Portugal","robots":{"index":"index","follow":"follow","max-snippet":"max-snippet:-1","max-image-preview":"max-image-preview:large","max-video-preview":"max-video-preview:-1"},"og_locale":"pt_PT","og_type":"article","og_title":"Pris\u00f5es preventivas de dois homens suspeitos de assaltar loja Cavalinho Lourosa - Portal Tela Portugal","og_description":"Pris\u00e3o preventiva para dois homens suspeitos de assaltar a loja Cavalinho, em Lourosa, Feira, ap\u00f3s serem apresentados ao tribunal de instru\u00e7\u00e3o criminal pela GNR. Os arguidos foram detidos na sequ\u00eancia de assaltos ocorridos em tr\u00eas noites seguidas; um terceiro suspeito foi identificado pela GNR. A loja Cavalinho foi visada na semana passada por tr\u00eas encapuzados; o grupo provocou um preju\u00edzo estimado em cerca de 15 mil euros. A carrinha usada nos assaltos, furtada tr\u00eas dias antes, foi apreendida, e no interior foram encontrados parte do produto furtado. Parte do material furtado foi recuperada num estabelecimento comercial na \u00e1rea do Grande Porto; para entrar nesses estabelecimentos, os suspeitos partiram vidra\u00e7as com pedras e uma picareta.","og_url":"https:\/\/portaltela.pt\/noticias\/2026\/03\/23\/prisoes-preventivas-de-dois-homens-suspeitos-de-assaltar-loja-cavalinho-lourosa\/","og_site_name":"Portal Tela Portugal","article_published_time":"2026-03-23T12:21:01+00:00","author":"Telinha","twitter_card":"summary_large_image","twitter_misc":{"Escrito por":"Telinha","Tempo estimado de leitura":"1 minuto"},"schema":{"@context":"https:\/\/schema.org","@graph":[{"@type":"Article","@id":"https:\/\/portaltela.pt\/noticias\/2026\/03\/23\/prisoes-preventivas-de-dois-homens-suspeitos-de-assaltar-loja-cavalinho-lourosa\/#article","isPartOf":{"@id":"https:\/\/portaltela.pt\/noticias\/2026\/03\/23\/prisoes-preventivas-de-dois-homens-suspeitos-de-assaltar-loja-cavalinho-lourosa\/"},"author":{"name":"Telinha","@id":"https:\/\/portaltela.pt\/#\/schema\/person\/c4278d4a6028830caff9ee44b42d32ed"},"headline":"Pris\u00f5es preventivas de dois homens suspeitos de assaltar loja Cavalinho Lourosa","datePublished":"2026-03-23T12:21:01+00:00","mainEntityOfPage":{"@id":"https:\/\/portaltela.pt\/noticias\/2026\/03\/23\/prisoes-preventivas-de-dois-homens-suspeitos-de-assaltar-loja-cavalinho-lourosa\/"},"wordCount":191,"image":{"@id":"https:\/\/portaltela.pt\/noticias\/2026\/03\/23\/prisoes-preventivas-de-dois-homens-suspeitos-de-assaltar-loja-cavalinho-lourosa\/#primaryimage"},"thumbnailUrl":"https:\/\/portaltela.pt\/s.01k8rhncp4jt1\/2026\/03\/img_1500x1000uu2026-03-21-11-57-18-2273861.jpg","keywords":["assaltos","GNR","Grande Porto","investiga\u00e7\u00e3o","pris\u00f5es","roubo"],"articleSection":["Crime","Justi\u00e7a"],"inLanguage":"pt-PT"},{"@type":"WebPage","@id":"https:\/\/portaltela.pt\/noticias\/2026\/03\/23\/prisoes-preventivas-de-dois-homens-suspeitos-de-assaltar-loja-cavalinho-lourosa\/","url":"https:\/\/portaltela.pt\/noticias\/2026\/03\/23\/prisoes-preventivas-de-dois-homens-suspeitos-de-assaltar-loja-cavalinho-lourosa\/","name":"Pris\u00f5es preventivas de dois homens suspeitos de assaltar loja Cavalinho Lourosa - Portal Tela Portugal","isPartOf":{"@id":"https:\/\/portaltela.pt\/#website"},"primaryImageOfPage":{"@id":"https:\/\/portaltela.pt\/noticias\/2026\/03\/23\/prisoes-preventivas-de-dois-homens-suspeitos-de-assaltar-loja-cavalinho-lourosa\/#primaryimage"},"image":{"@id":"https:\/\/portaltela.pt\/noticias\/2026\/03\/23\/prisoes-preventivas-de-dois-homens-suspeitos-de-assaltar-loja-cavalinho-lourosa\/#primaryimage"},"thumbnailUrl":"https:\/\/portaltela.pt\/s.01k8rhncp4jt1\/2026\/03\/img_1500x1000uu2026-03-21-11-57-18-2273861.jpg","datePublished":"2026-03-23T12:21:01+00:00","author":{"@id":"https:\/\/portaltela.pt\/#\/schema\/person\/c4278d4a6028830caff9ee44b42d32ed"},"breadcrumb":{"@id":"https:\/\/portaltela.pt\/noticias\/2026\/03\/23\/prisoes-preventivas-de-dois-homens-suspeitos-de-assaltar-loja-cavalinho-lourosa\/#breadcrumb"},"inLanguage":"pt-PT","potentialAction":[{"@type":"ReadAction","target":["https:\/\/portaltela.pt\/noticias\/2026\/03\/23\/prisoes-preventivas-de-dois-homens-suspeitos-de-assaltar-loja-cavalinho-lourosa\/"]}]},{"@type":"ImageObject","inLanguage":"pt-PT","@id":"https:\/\/portaltela.pt\/noticias\/2026\/03\/23\/prisoes-preventivas-de-dois-homens-suspeitos-de-assaltar-loja-cavalinho-lourosa\/#primaryimage","url":"https:\/\/portaltela.pt\/s.01k8rhncp4jt1\/2026\/03\/img_1500x1000uu2026-03-21-11-57-18-2273861.jpg","contentUrl":"https:\/\/portaltela.pt\/s.01k8rhncp4jt1\/2026\/03\/img_1500x1000uu2026-03-21-11-57-18-2273861.jpg","width":796,"height":448,"caption":"Dois detidos ap\u00f3s s\u00e9rie de assaltos a loja Cavalinho em Lourosa"},{"@type":"BreadcrumbList","@id":"https:\/\/portaltela.pt\/noticias\/2026\/03\/23\/prisoes-preventivas-de-dois-homens-suspeitos-de-assaltar-loja-cavalinho-lourosa\/#breadcrumb","itemListElement":[{"@type":"ListItem","position":1,"name":"In\u00edcio","item":"https:\/\/portaltela.pt\/"},{"@type":"ListItem","position":2,"name":"Pris\u00f5es preventivas de dois homens suspeitos de assaltar loja Cavalinho Lourosa"}]},{"@type":"WebSite","@id":"https:\/\/portaltela.pt\/#website","url":"https:\/\/portaltela.pt\/","name":"Portal Tela Portugal","description":"","potentialAction":[{"@type":"SearchAction","target":{"@type":"EntryPoint","urlTemplate":"https:\/\/portaltela.pt\/?s={search_term_string}"},"query-input":{"@type":"PropertyValueSpecification","valueRequired":true,"valueName":"search_term_string"}}],"inLanguage":"pt-PT"},{"@type":"Person","@id":"https:\/\/portaltela.pt\/#\/schema\/person\/c4278d4a6028830caff9ee44b42d32ed","name":"Telinha","image":{"@type":"ImageObject","inLanguage":"pt-PT","@id":"https:\/\/portaltela.pt\/s.01k8rhncp4jt1\/2025\/11\/talking-bot-125x125.png","url":"https:\/\/portaltela.pt\/s.01k8rhncp4jt1\/2025\/11\/talking-bot-125x125.png","contentUrl":"https:\/\/portaltela.pt\/s.01k8rhncp4jt1\/2025\/11\/talking-bot-125x125.png","caption":"Telinha"},"sameAs":["https:\/\/portaltela.pt\/"],"url":"https:\/\/portaltela.pt\/por\/367410592786\/"}]}},"_links":{"self":[{"href":"https:\/\/portaltela.pt\/api\/wp\/v2\/posts\/418412","targetHints":{"allow":["GET"]}}],"collection":[{"href":"https:\/\/portaltela.pt\/api\/wp\/v2\/posts"}],"about":[{"href":"https:\/\/portaltela.pt\/api\/wp\/v2\/types\/post"}],"author":[{"embeddable":true,"href":"https:\/\/portaltela.pt\/api\/wp\/v2\/users\/2"}],"replies":[{"embeddable":true,"href":"https:\/\/portaltela.pt\/api\/wp\/v2\/comments?post=418412"}],"version-history":[{"count":0,"href":"https:\/\/portaltela.pt\/api\/wp\/v2\/posts\/418412\/revisions"}],"wp:featuredmedia":[{"embeddable":true,"href":"https:\/\/portaltela.pt\/api\/wp\/v2\/media\/418415"}],"wp:attachment":[{"href":"https:\/\/portaltela.pt\/api\/wp\/v2\/media?parent=418412"}],"wp:term":[{"taxonomy":"category","embeddable":true,"href":"https:\/\/portaltela.pt\/api\/wp\/v2\/categories?post=418412"},{"taxonomy":"post_tag","embeddable":true,"href":"https:\/\/portaltela.pt\/api\/wp\/v2\/tags?post=418412"}],"curies":[{"name":"wp","href":"https:\/\/api.w.org\/{rel}","templated":true}]}}