{"id":418397,"date":"2026-03-23T09:14:00","date_gmt":"2026-03-23T12:14:00","guid":{"rendered":"https:\/\/portaltela.pt\/noticias\/2026\/03\/23\/cristiano-bacci-nega-violencia-admite-troca-de-palavras-mais-acesa\/"},"modified":"2026-03-23T09:14:00","modified_gmt":"2026-03-23T12:14:00","slug":"cristiano-bacci-nega-violencia-admite-troca-de-palavras-mais-acesa","status":"publish","type":"post","link":"https:\/\/portaltela.pt\/desporto\/futebol\/2026\/03\/23\/cristiano-bacci-nega-violencia-admite-troca-de-palavras-mais-acesa\/","title":{"rendered":"Cristiano Bacci nega viol\u00eancia; admite troca de palavras mais acesa"},"content":{"rendered":"<p>Cristiano Bacci recorreu a um comunicado para esclarecer os acontecimentos ap\u00f3s o empate sem goles entre CD Tondela e AVS SAD, em Beira Alta. O treinador afirma ter rejeitado qualquer ato de viol\u00eancia e confirma que houve apenas uma troca de palavras mais intensa. O encontro decorreu ap\u00f3s o jogo da S\u00e9rie B.<\/p>\n<p>O t\u00e9cnico afirma ter trabalhado durante muitos anos no futebol profissional com \u00e9tica, profissionalismo e modera\u00e7\u00e3o. Alega que a disc\u00f3rdia entre ele e o presidente do Tondela, Gilberto Coimbra, ter\u00e1 ficado apenas por uma troca de palavras acesa, comum em situa\u00e7\u00f5es de expectativa elevada.<\/p>\n<p>Bacci aponta ainda que a leitura dos relatos recentes causou-lhe transtorno. De sa\u00edda do CD Tondela, o treinador deseja sucesso ao clube para o futuro, mantendo, por\u00e9m, a sua posi\u00e7\u00e3o de n\u00e3o viol\u00eancia durante o incidente.<\/p>\n<h3>Contexto e desfecho do caso<\/h3>\n<p>Ontem, o Tondela emitiu um comunicado a confirmar o despedimento do treinador e reiterou que n\u00e3o houve qualquer ato de viol\u00eancia entre o t\u00e9cnico e o presidente do clube, Gilberto Coimbra. O clube n\u00e3o revelou detalhes adicionais sobre as raz\u00f5es administrativas para a sa\u00edda.<\/p>\n<p>Bacci, por sua vez, descreve o epis\u00f3dio como uma troca de palavras fortemente marcada pela press\u00e3o do resultado. O epis\u00f3dio coincide com a decis\u00e3o administrativa tomada pelo clube beir\u00e3o, j\u00e1 tornada p\u00fablica pela pr\u00f3pria institui\u00e7\u00e3o.<\/p>\n","protected":false},"excerpt":{"rendered":"<ul>\n<li>Cristiano Bacci afirmou em comunicado que rejeita qualquer ato de viol\u00eancia ap\u00f3s o empate entre CD Tondela e AVS SAD (0-0).<\/li>\n<li>O treinador explicou ter ocorrido apenas uma troca de palavras mais acesa com Gilberto Coimbra, presidente da SAD do Tondela.<\/li>\n<li>Bacci desejou \u201ca melhor das sortes ao clube\u201d e agradeceu pelos anos no futebol profissional.<\/li>\n<li>O Tondela j\u00e1 tinha anunciado a sa\u00edda do t\u00e9cnico, sem confirmar qualquer ato de viol\u00eancia entre as partes.<\/li>\n<li>O comunicado atual contrasta com a vers\u00e3o anterior do clube, que tamb\u00e9m negou viol\u00eancia entre o treinador e o presidente.<\/li>\n<\/ul>\n","protected":false},"author":2,"featured_media":418400,"comment_status":"closed","ping_status":"closed","sticky":false,"template":"","format":"standard","meta":{"footnotes":""},"categories":[21,24],"tags":[1984,1972,948,32,1005,2477],"class_list":["post-418397","post","type-post","status-publish","format-standard","has-post-thumbnail","hentry","category-desporto","category-futebol","tag-avs-sad","tag-beira-alta","tag-despedimento","tag-futebol","tag-tondela","tag-treinadores"],"yoast_head":"<!-- This site is optimized with the Yoast SEO plugin v27.2 - https:\/\/yoast.com\/product\/yoast-seo-wordpress\/ -->\n<title>Cristiano Bacci nega viol\u00eancia; admite troca de palavras mais acesa - Portal Tela Portugal<\/title>\n<meta name=\"robots\" content=\"index, follow, max-snippet:-1, max-image-preview:large, max-video-preview:-1\" \/>\n<meta property=\"og:locale\" content=\"pt_PT\" \/>\n<meta property=\"og:type\" content=\"article\" \/>\n<meta property=\"og:title\" content=\"Cristiano Bacci nega viol\u00eancia; admite troca de palavras mais acesa - Portal Tela Portugal\" \/>\n<meta property=\"og:description\" content=\"Cristiano Bacci afirmou em comunicado que rejeita qualquer ato de viol\u00eancia ap\u00f3s o empate entre CD Tondela e AVS SAD (0-0). O treinador explicou ter ocorrido apenas uma troca de palavras mais acesa com Gilberto Coimbra, presidente da SAD do Tondela. Bacci desejou \u201ca melhor das sortes ao clube\u201d e agradeceu pelos anos no futebol profissional. O Tondela j\u00e1 tinha anunciado a sa\u00edda do t\u00e9cnico, sem confirmar qualquer ato de viol\u00eancia entre as partes. O comunicado atual contrasta com a vers\u00e3o anterior do clube, que tamb\u00e9m negou viol\u00eancia entre o treinador e o presidente.\" \/>\n<meta property=\"og:url\" content=\"https:\/\/portaltela.pt\/noticias\/2026\/03\/23\/cristiano-bacci-nega-violencia-admite-troca-de-palavras-mais-acesa\/\" \/>\n<meta property=\"og:site_name\" content=\"Portal Tela Portugal\" \/>\n<meta property=\"article:published_time\" content=\"2026-03-23T12:14:00+00:00\" \/>\n<meta name=\"author\" content=\"Telinha\" \/>\n<meta name=\"twitter:card\" content=\"summary_large_image\" \/>\n<meta name=\"twitter:label1\" content=\"Escrito por\" \/>\n\t<meta name=\"twitter:data1\" content=\"Telinha\" \/>\n\t<meta name=\"twitter:label2\" content=\"Tempo estimado de leitura\" \/>\n\t<meta name=\"twitter:data2\" content=\"1 minuto\" \/>\n<script type=\"application\/ld+json\" class=\"yoast-schema-graph\">{\"@context\":\"https:\/\/schema.org\",\"@graph\":[{\"@type\":\"Article\",\"@id\":\"https:\/\/portaltela.pt\/noticias\/2026\/03\/23\/cristiano-bacci-nega-violencia-admite-troca-de-palavras-mais-acesa\/#article\",\"isPartOf\":{\"@id\":\"https:\/\/portaltela.pt\/noticias\/2026\/03\/23\/cristiano-bacci-nega-violencia-admite-troca-de-palavras-mais-acesa\/\"},\"author\":{\"name\":\"Telinha\",\"@id\":\"https:\/\/portaltela.pt\/#\/schema\/person\/c4278d4a6028830caff9ee44b42d32ed\"},\"headline\":\"Cristiano Bacci nega viol\u00eancia; admite troca de palavras mais acesa\",\"datePublished\":\"2026-03-23T12:14:00+00:00\",\"mainEntityOfPage\":{\"@id\":\"https:\/\/portaltela.pt\/noticias\/2026\/03\/23\/cristiano-bacci-nega-violencia-admite-troca-de-palavras-mais-acesa\/\"},\"wordCount\":255,\"image\":{\"@id\":\"https:\/\/portaltela.pt\/noticias\/2026\/03\/23\/cristiano-bacci-nega-violencia-admite-troca-de-palavras-mais-acesa\/#primaryimage\"},\"thumbnailUrl\":\"https:\/\/portaltela.pt\/s.01k8rhncp4jt1\/2026\/03\/img_920x518uu2025-12-06-15-18-46-2407541.jpg\",\"keywords\":[\"AVS SAD\",\"Beira Alta\",\"despedimento\",\"futebol\",\"Tondela\",\"treinadores\"],\"articleSection\":[\"Desporto\",\"Futebol\"],\"inLanguage\":\"pt-PT\"},{\"@type\":\"WebPage\",\"@id\":\"https:\/\/portaltela.pt\/noticias\/2026\/03\/23\/cristiano-bacci-nega-violencia-admite-troca-de-palavras-mais-acesa\/\",\"url\":\"https:\/\/portaltela.pt\/noticias\/2026\/03\/23\/cristiano-bacci-nega-violencia-admite-troca-de-palavras-mais-acesa\/\",\"name\":\"Cristiano Bacci nega viol\u00eancia; admite troca de palavras mais acesa - Portal Tela Portugal\",\"isPartOf\":{\"@id\":\"https:\/\/portaltela.pt\/#website\"},\"primaryImageOfPage\":{\"@id\":\"https:\/\/portaltela.pt\/noticias\/2026\/03\/23\/cristiano-bacci-nega-violencia-admite-troca-de-palavras-mais-acesa\/#primaryimage\"},\"image\":{\"@id\":\"https:\/\/portaltela.pt\/noticias\/2026\/03\/23\/cristiano-bacci-nega-violencia-admite-troca-de-palavras-mais-acesa\/#primaryimage\"},\"thumbnailUrl\":\"https:\/\/portaltela.pt\/s.01k8rhncp4jt1\/2026\/03\/img_920x518uu2025-12-06-15-18-46-2407541.jpg\",\"datePublished\":\"2026-03-23T12:14:00+00:00\",\"author\":{\"@id\":\"https:\/\/portaltela.pt\/#\/schema\/person\/c4278d4a6028830caff9ee44b42d32ed\"},\"breadcrumb\":{\"@id\":\"https:\/\/portaltela.pt\/noticias\/2026\/03\/23\/cristiano-bacci-nega-violencia-admite-troca-de-palavras-mais-acesa\/#breadcrumb\"},\"inLanguage\":\"pt-PT\",\"potentialAction\":[{\"@type\":\"ReadAction\",\"target\":[\"https:\/\/portaltela.pt\/noticias\/2026\/03\/23\/cristiano-bacci-nega-violencia-admite-troca-de-palavras-mais-acesa\/\"]}]},{\"@type\":\"ImageObject\",\"inLanguage\":\"pt-PT\",\"@id\":\"https:\/\/portaltela.pt\/noticias\/2026\/03\/23\/cristiano-bacci-nega-violencia-admite-troca-de-palavras-mais-acesa\/#primaryimage\",\"url\":\"https:\/\/portaltela.pt\/s.01k8rhncp4jt1\/2026\/03\/img_920x518uu2025-12-06-15-18-46-2407541.jpg\",\"contentUrl\":\"https:\/\/portaltela.pt\/s.01k8rhncp4jt1\/2026\/03\/img_920x518uu2025-12-06-15-18-46-2407541.jpg\",\"width\":796,\"height\":448,\"caption\":\"Cristiano Bacci\"},{\"@type\":\"BreadcrumbList\",\"@id\":\"https:\/\/portaltela.pt\/noticias\/2026\/03\/23\/cristiano-bacci-nega-violencia-admite-troca-de-palavras-mais-acesa\/#breadcrumb\",\"itemListElement\":[{\"@type\":\"ListItem\",\"position\":1,\"name\":\"In\u00edcio\",\"item\":\"https:\/\/portaltela.pt\/\"},{\"@type\":\"ListItem\",\"position\":2,\"name\":\"Cristiano Bacci nega viol\u00eancia; admite troca de palavras mais acesa\"}]},{\"@type\":\"WebSite\",\"@id\":\"https:\/\/portaltela.pt\/#website\",\"url\":\"https:\/\/portaltela.pt\/\",\"name\":\"Portal Tela Portugal\",\"description\":\"\",\"potentialAction\":[{\"@type\":\"SearchAction\",\"target\":{\"@type\":\"EntryPoint\",\"urlTemplate\":\"https:\/\/portaltela.pt\/?s={search_term_string}\"},\"query-input\":{\"@type\":\"PropertyValueSpecification\",\"valueRequired\":true,\"valueName\":\"search_term_string\"}}],\"inLanguage\":\"pt-PT\"},{\"@type\":\"Person\",\"@id\":\"https:\/\/portaltela.pt\/#\/schema\/person\/c4278d4a6028830caff9ee44b42d32ed\",\"name\":\"Telinha\",\"image\":{\"@type\":\"ImageObject\",\"inLanguage\":\"pt-PT\",\"@id\":\"https:\/\/portaltela.pt\/s.01k8rhncp4jt1\/2025\/11\/talking-bot-125x125.png\",\"url\":\"https:\/\/portaltela.pt\/s.01k8rhncp4jt1\/2025\/11\/talking-bot-125x125.png\",\"contentUrl\":\"https:\/\/portaltela.pt\/s.01k8rhncp4jt1\/2025\/11\/talking-bot-125x125.png\",\"caption\":\"Telinha\"},\"sameAs\":[\"https:\/\/portaltela.pt\/\"],\"url\":\"https:\/\/portaltela.pt\/por\/367410592786\/\"}]}<\/script>\n<!-- \/ Yoast SEO plugin. -->","yoast_head_json":{"title":"Cristiano Bacci nega viol\u00eancia; admite troca de palavras mais acesa - Portal Tela Portugal","robots":{"index":"index","follow":"follow","max-snippet":"max-snippet:-1","max-image-preview":"max-image-preview:large","max-video-preview":"max-video-preview:-1"},"og_locale":"pt_PT","og_type":"article","og_title":"Cristiano Bacci nega viol\u00eancia; admite troca de palavras mais acesa - Portal Tela Portugal","og_description":"Cristiano Bacci afirmou em comunicado que rejeita qualquer ato de viol\u00eancia ap\u00f3s o empate entre CD Tondela e AVS SAD (0-0). O treinador explicou ter ocorrido apenas uma troca de palavras mais acesa com Gilberto Coimbra, presidente da SAD do Tondela. Bacci desejou \u201ca melhor das sortes ao clube\u201d e agradeceu pelos anos no futebol profissional. O Tondela j\u00e1 tinha anunciado a sa\u00edda do t\u00e9cnico, sem confirmar qualquer ato de viol\u00eancia entre as partes. O comunicado atual contrasta com a vers\u00e3o anterior do clube, que tamb\u00e9m negou viol\u00eancia entre o treinador e o presidente.","og_url":"https:\/\/portaltela.pt\/noticias\/2026\/03\/23\/cristiano-bacci-nega-violencia-admite-troca-de-palavras-mais-acesa\/","og_site_name":"Portal Tela Portugal","article_published_time":"2026-03-23T12:14:00+00:00","author":"Telinha","twitter_card":"summary_large_image","twitter_misc":{"Escrito por":"Telinha","Tempo estimado de leitura":"1 minuto"},"schema":{"@context":"https:\/\/schema.org","@graph":[{"@type":"Article","@id":"https:\/\/portaltela.pt\/noticias\/2026\/03\/23\/cristiano-bacci-nega-violencia-admite-troca-de-palavras-mais-acesa\/#article","isPartOf":{"@id":"https:\/\/portaltela.pt\/noticias\/2026\/03\/23\/cristiano-bacci-nega-violencia-admite-troca-de-palavras-mais-acesa\/"},"author":{"name":"Telinha","@id":"https:\/\/portaltela.pt\/#\/schema\/person\/c4278d4a6028830caff9ee44b42d32ed"},"headline":"Cristiano Bacci nega viol\u00eancia; admite troca de palavras mais acesa","datePublished":"2026-03-23T12:14:00+00:00","mainEntityOfPage":{"@id":"https:\/\/portaltela.pt\/noticias\/2026\/03\/23\/cristiano-bacci-nega-violencia-admite-troca-de-palavras-mais-acesa\/"},"wordCount":255,"image":{"@id":"https:\/\/portaltela.pt\/noticias\/2026\/03\/23\/cristiano-bacci-nega-violencia-admite-troca-de-palavras-mais-acesa\/#primaryimage"},"thumbnailUrl":"https:\/\/portaltela.pt\/s.01k8rhncp4jt1\/2026\/03\/img_920x518uu2025-12-06-15-18-46-2407541.jpg","keywords":["AVS SAD","Beira Alta","despedimento","futebol","Tondela","treinadores"],"articleSection":["Desporto","Futebol"],"inLanguage":"pt-PT"},{"@type":"WebPage","@id":"https:\/\/portaltela.pt\/noticias\/2026\/03\/23\/cristiano-bacci-nega-violencia-admite-troca-de-palavras-mais-acesa\/","url":"https:\/\/portaltela.pt\/noticias\/2026\/03\/23\/cristiano-bacci-nega-violencia-admite-troca-de-palavras-mais-acesa\/","name":"Cristiano Bacci nega viol\u00eancia; admite troca de palavras mais acesa - Portal Tela Portugal","isPartOf":{"@id":"https:\/\/portaltela.pt\/#website"},"primaryImageOfPage":{"@id":"https:\/\/portaltela.pt\/noticias\/2026\/03\/23\/cristiano-bacci-nega-violencia-admite-troca-de-palavras-mais-acesa\/#primaryimage"},"image":{"@id":"https:\/\/portaltela.pt\/noticias\/2026\/03\/23\/cristiano-bacci-nega-violencia-admite-troca-de-palavras-mais-acesa\/#primaryimage"},"thumbnailUrl":"https:\/\/portaltela.pt\/s.01k8rhncp4jt1\/2026\/03\/img_920x518uu2025-12-06-15-18-46-2407541.jpg","datePublished":"2026-03-23T12:14:00+00:00","author":{"@id":"https:\/\/portaltela.pt\/#\/schema\/person\/c4278d4a6028830caff9ee44b42d32ed"},"breadcrumb":{"@id":"https:\/\/portaltela.pt\/noticias\/2026\/03\/23\/cristiano-bacci-nega-violencia-admite-troca-de-palavras-mais-acesa\/#breadcrumb"},"inLanguage":"pt-PT","potentialAction":[{"@type":"ReadAction","target":["https:\/\/portaltela.pt\/noticias\/2026\/03\/23\/cristiano-bacci-nega-violencia-admite-troca-de-palavras-mais-acesa\/"]}]},{"@type":"ImageObject","inLanguage":"pt-PT","@id":"https:\/\/portaltela.pt\/noticias\/2026\/03\/23\/cristiano-bacci-nega-violencia-admite-troca-de-palavras-mais-acesa\/#primaryimage","url":"https:\/\/portaltela.pt\/s.01k8rhncp4jt1\/2026\/03\/img_920x518uu2025-12-06-15-18-46-2407541.jpg","contentUrl":"https:\/\/portaltela.pt\/s.01k8rhncp4jt1\/2026\/03\/img_920x518uu2025-12-06-15-18-46-2407541.jpg","width":796,"height":448,"caption":"Cristiano Bacci"},{"@type":"BreadcrumbList","@id":"https:\/\/portaltela.pt\/noticias\/2026\/03\/23\/cristiano-bacci-nega-violencia-admite-troca-de-palavras-mais-acesa\/#breadcrumb","itemListElement":[{"@type":"ListItem","position":1,"name":"In\u00edcio","item":"https:\/\/portaltela.pt\/"},{"@type":"ListItem","position":2,"name":"Cristiano Bacci nega viol\u00eancia; admite troca de palavras mais acesa"}]},{"@type":"WebSite","@id":"https:\/\/portaltela.pt\/#website","url":"https:\/\/portaltela.pt\/","name":"Portal Tela Portugal","description":"","potentialAction":[{"@type":"SearchAction","target":{"@type":"EntryPoint","urlTemplate":"https:\/\/portaltela.pt\/?s={search_term_string}"},"query-input":{"@type":"PropertyValueSpecification","valueRequired":true,"valueName":"search_term_string"}}],"inLanguage":"pt-PT"},{"@type":"Person","@id":"https:\/\/portaltela.pt\/#\/schema\/person\/c4278d4a6028830caff9ee44b42d32ed","name":"Telinha","image":{"@type":"ImageObject","inLanguage":"pt-PT","@id":"https:\/\/portaltela.pt\/s.01k8rhncp4jt1\/2025\/11\/talking-bot-125x125.png","url":"https:\/\/portaltela.pt\/s.01k8rhncp4jt1\/2025\/11\/talking-bot-125x125.png","contentUrl":"https:\/\/portaltela.pt\/s.01k8rhncp4jt1\/2025\/11\/talking-bot-125x125.png","caption":"Telinha"},"sameAs":["https:\/\/portaltela.pt\/"],"url":"https:\/\/portaltela.pt\/por\/367410592786\/"}]}},"_links":{"self":[{"href":"https:\/\/portaltela.pt\/api\/wp\/v2\/posts\/418397","targetHints":{"allow":["GET"]}}],"collection":[{"href":"https:\/\/portaltela.pt\/api\/wp\/v2\/posts"}],"about":[{"href":"https:\/\/portaltela.pt\/api\/wp\/v2\/types\/post"}],"author":[{"embeddable":true,"href":"https:\/\/portaltela.pt\/api\/wp\/v2\/users\/2"}],"replies":[{"embeddable":true,"href":"https:\/\/portaltela.pt\/api\/wp\/v2\/comments?post=418397"}],"version-history":[{"count":0,"href":"https:\/\/portaltela.pt\/api\/wp\/v2\/posts\/418397\/revisions"}],"wp:featuredmedia":[{"embeddable":true,"href":"https:\/\/portaltela.pt\/api\/wp\/v2\/media\/418400"}],"wp:attachment":[{"href":"https:\/\/portaltela.pt\/api\/wp\/v2\/media?parent=418397"}],"wp:term":[{"taxonomy":"category","embeddable":true,"href":"https:\/\/portaltela.pt\/api\/wp\/v2\/categories?post=418397"},{"taxonomy":"post_tag","embeddable":true,"href":"https:\/\/portaltela.pt\/api\/wp\/v2\/tags?post=418397"}],"curies":[{"name":"wp","href":"https:\/\/api.w.org\/{rel}","templated":true}]}}