{"id":418394,"date":"2026-03-23T09:17:16","date_gmt":"2026-03-23T12:17:16","guid":{"rendered":"https:\/\/portaltela.pt\/noticias\/2026\/03\/23\/policia-britanica-investiga-ataque-a-ambulancia-de-instituicao-judaica-por-odio\/"},"modified":"2026-03-23T09:17:16","modified_gmt":"2026-03-23T12:17:16","slug":"policia-britanica-investiga-ataque-a-ambulancia-de-instituicao-judaica-por-odio","status":"publish","type":"post","link":"https:\/\/portaltela.pt\/policia\/2026\/03\/23\/policia-britanica-investiga-ataque-a-ambulancia-de-instituicao-judaica-por-odio\/","title":{"rendered":"Pol\u00edcia brit\u00e2nica investiga ataque a ambul\u00e2ncia de institui\u00e7\u00e3o judaica por \u00f3dio"},"content":{"rendered":"<p>Em Londres, quatro ambul\u00e2ncias da organiza\u00e7\u00e3o judaica Hatzolah foram incendiadas numa a\u00e7\u00e3o considerada pela pol\u00edcia como crime de \u00f3dio antissemita. O incidente ocorreu na manh\u00e3 de segunda-feira no bairro de Golders Green, uma \u00e1rea com forte presen\u00e7a de comunidades judaicas. A pol\u00edcia investiga a motiva\u00e7\u00e3o antissemita do fogo posto.<\/p>\n<p>As autoridades indicam que potentes garrafas de g\u00e1s nos ve\u00edculos entraram em explos\u00e3o, causando danos em um bloco de apartamentos vizinho. N\u00e3o houve feridos, mas as casas vizinhas foram evacuadas como precau\u00e7\u00e3o. A investiga\u00e7\u00e3o foca-se na recolha de imagens de videovigil\u00e2ncia e na identifica\u00e7\u00e3o de tr\u00eas suspeitos.<\/p>\n<p>A Pol\u00edcia Metropolitana iniciou a avalia\u00e7\u00e3o do caso como crime de \u00f3dio e permanece no local para recolha de provas. O primeiro-ministro, Keir Starmer, condenou o ataque como chocante e afirmou solidariedade com a comunidade judaica. Organiza\u00e7\u00f5es comunit\u00e1rias e de vigil\u00e2ncia prestam apoio \u00e0s autoridades.<\/p>\n<h3>Rea\u00e7\u00e3o e apoio comunit\u00e1rio<\/h3>\n<p>A Shomrim, organiza\u00e7\u00e3o de vigil\u00e2ncia local, criticou o ataque e destacou a import\u00e2ncia de um servi\u00e7o de emerg\u00eancia para a comunidade. A Community Security Trust, tamb\u00e9m envolvida, disse apoiar as autoridades nas averigua\u00e7\u00f5es. A investiga\u00e7\u00e3o continua sem deten\u00e7\u00f5es at\u00e9 ao momento.<\/p>\n<h3>Sobre a Hatzolah<\/h3>\n<p>Fundada em 1979, a Hatzolah \u00e9 gerida por volunt\u00e1rios e presta transporte m\u00e9dico gratuito e resposta de emerg\u00eancia no norte de Londres. O servi\u00e7o confirma que est\u00e1 a colaborar com as autoridades para esclarecer os factos.<\/p>\n","protected":false},"excerpt":{"rendered":"<ul>\n<li>A pol\u00edcia do Reino Unido est\u00e1 a investigar um presum\u00edvel ataque incendi\u00e1rio como crime de \u00f3dio antissemita contra quatro ambul\u00e2ncias da organiza\u00e7\u00e3o judaica Hatzalah, em Londres.<\/li>\n<li>Os ve\u00edculos foram incendiados em Golders Green; v\u00e1rias botijas de g\u00e1s explodiram, causando danos num bloco de apartamentos vizinho e levando \u00e0 evacua\u00e7\u00e3o de residentes sem feridos reportados.<\/li>\n<li>A Pol\u00edcia Metropolitana procura tr\u00eas suspeitos e est\u00e1 a analisar imagens de c\u00e2maras de vigil\u00e2ncia, sem deten\u00e7\u00f5es at\u00e9 ao momento.<\/li>\n<li>O primeiro-ministro, Keir Starmer, condenou o ataque e expressou apoio \u00e0 comunidade judaica.<\/li>\n<li>A Shomrim condenou o incidente; a Community Security Trust (CST) est\u00e1 a apoiar as investiga\u00e7\u00f5es, e a Hatzola presta transporte m\u00e9dico volunt\u00e1rio no norte de Londres.<\/li>\n<\/ul>\n","protected":false},"author":2,"featured_media":418399,"comment_status":"closed","ping_status":"closed","sticky":false,"template":"","format":"standard","meta":{"footnotes":""},"categories":[6907,6781],"tags":[1617,903,3696,2376,3418,250],"class_list":["post-418394","post","type-post","status-publish","format-standard","has-post-thumbnail","hentry","category-crime","category-policia","tag-antisemitismo","tag-comunidades","tag-crime-de-odio","tag-londres","tag-policia-de-seguranca-publica","tag-seguranca-publica"],"yoast_head":"<!-- This site is optimized with the Yoast SEO plugin v27.2 - https:\/\/yoast.com\/product\/yoast-seo-wordpress\/ -->\n<title>Pol\u00edcia brit\u00e2nica investiga ataque a ambul\u00e2ncia de institui\u00e7\u00e3o judaica por \u00f3dio - Portal Tela Portugal<\/title>\n<meta name=\"robots\" content=\"index, follow, max-snippet:-1, max-image-preview:large, max-video-preview:-1\" \/>\n<meta property=\"og:locale\" content=\"pt_PT\" \/>\n<meta property=\"og:type\" content=\"article\" \/>\n<meta property=\"og:title\" content=\"Pol\u00edcia brit\u00e2nica investiga ataque a ambul\u00e2ncia de institui\u00e7\u00e3o judaica por \u00f3dio - Portal Tela Portugal\" \/>\n<meta property=\"og:description\" content=\"A pol\u00edcia do Reino Unido est\u00e1 a investigar um presum\u00edvel ataque incendi\u00e1rio como crime de \u00f3dio antissemita contra quatro ambul\u00e2ncias da organiza\u00e7\u00e3o judaica Hatzalah, em Londres. Os ve\u00edculos foram incendiados em Golders Green; v\u00e1rias botijas de g\u00e1s explodiram, causando danos num bloco de apartamentos vizinho e levando \u00e0 evacua\u00e7\u00e3o de residentes sem feridos reportados. A Pol\u00edcia Metropolitana procura tr\u00eas suspeitos e est\u00e1 a analisar imagens de c\u00e2maras de vigil\u00e2ncia, sem deten\u00e7\u00f5es at\u00e9 ao momento. O primeiro-ministro, Keir Starmer, condenou o ataque e expressou apoio \u00e0 comunidade judaica. A Shomrim condenou o incidente; a Community Security Trust (CST) est\u00e1 a apoiar as investiga\u00e7\u00f5es, e a Hatzola presta transporte m\u00e9dico volunt\u00e1rio no norte de Londres.\" \/>\n<meta property=\"og:url\" content=\"https:\/\/portaltela.pt\/noticias\/2026\/03\/23\/policia-britanica-investiga-ataque-a-ambulancia-de-instituicao-judaica-por-odio\/\" \/>\n<meta property=\"og:site_name\" content=\"Portal Tela Portugal\" \/>\n<meta property=\"article:published_time\" content=\"2026-03-23T12:17:16+00:00\" \/>\n<meta name=\"author\" content=\"Telinha\" \/>\n<meta name=\"twitter:card\" content=\"summary_large_image\" \/>\n<meta name=\"twitter:label1\" content=\"Escrito por\" \/>\n\t<meta name=\"twitter:data1\" content=\"Telinha\" \/>\n\t<meta name=\"twitter:label2\" content=\"Tempo estimado de leitura\" \/>\n\t<meta name=\"twitter:data2\" content=\"1 minuto\" \/>\n<script type=\"application\/ld+json\" class=\"yoast-schema-graph\">{\"@context\":\"https:\/\/schema.org\",\"@graph\":[{\"@type\":\"Article\",\"@id\":\"https:\/\/portaltela.pt\/noticias\/2026\/03\/23\/policia-britanica-investiga-ataque-a-ambulancia-de-instituicao-judaica-por-odio\/#article\",\"isPartOf\":{\"@id\":\"https:\/\/portaltela.pt\/noticias\/2026\/03\/23\/policia-britanica-investiga-ataque-a-ambulancia-de-instituicao-judaica-por-odio\/\"},\"author\":{\"name\":\"Telinha\",\"@id\":\"https:\/\/portaltela.pt\/#\/schema\/person\/c4278d4a6028830caff9ee44b42d32ed\"},\"headline\":\"Pol\u00edcia brit\u00e2nica investiga ataque a ambul\u00e2ncia de institui\u00e7\u00e3o judaica por \u00f3dio\",\"datePublished\":\"2026-03-23T12:17:16+00:00\",\"mainEntityOfPage\":{\"@id\":\"https:\/\/portaltela.pt\/noticias\/2026\/03\/23\/policia-britanica-investiga-ataque-a-ambulancia-de-instituicao-judaica-por-odio\/\"},\"wordCount\":274,\"image\":{\"@id\":\"https:\/\/portaltela.pt\/noticias\/2026\/03\/23\/policia-britanica-investiga-ataque-a-ambulancia-de-instituicao-judaica-por-odio\/#primaryimage\"},\"thumbnailUrl\":\"https:\/\/portaltela.pt\/s.01k8rhncp4jt1\/2026\/03\/1536x864_cmsv2_5a0475da-ee27-50d3-99bf-45cc1e15bcda-9694943.jpg\",\"keywords\":[\"antisemitismo\",\"comunidades\",\"crime de \u00f3dio\",\"Londres\",\"Pol\u00edcia de Seguran\u00e7a P\u00fablica\",\"seguran\u00e7a p\u00fablica\"],\"articleSection\":[\"Crime\",\"Pol\u00edcia\"],\"inLanguage\":\"pt-PT\"},{\"@type\":\"WebPage\",\"@id\":\"https:\/\/portaltela.pt\/noticias\/2026\/03\/23\/policia-britanica-investiga-ataque-a-ambulancia-de-instituicao-judaica-por-odio\/\",\"url\":\"https:\/\/portaltela.pt\/noticias\/2026\/03\/23\/policia-britanica-investiga-ataque-a-ambulancia-de-instituicao-judaica-por-odio\/\",\"name\":\"Pol\u00edcia brit\u00e2nica investiga ataque a ambul\u00e2ncia de institui\u00e7\u00e3o judaica por \u00f3dio - Portal Tela Portugal\",\"isPartOf\":{\"@id\":\"https:\/\/portaltela.pt\/#website\"},\"primaryImageOfPage\":{\"@id\":\"https:\/\/portaltela.pt\/noticias\/2026\/03\/23\/policia-britanica-investiga-ataque-a-ambulancia-de-instituicao-judaica-por-odio\/#primaryimage\"},\"image\":{\"@id\":\"https:\/\/portaltela.pt\/noticias\/2026\/03\/23\/policia-britanica-investiga-ataque-a-ambulancia-de-instituicao-judaica-por-odio\/#primaryimage\"},\"thumbnailUrl\":\"https:\/\/portaltela.pt\/s.01k8rhncp4jt1\/2026\/03\/1536x864_cmsv2_5a0475da-ee27-50d3-99bf-45cc1e15bcda-9694943.jpg\",\"datePublished\":\"2026-03-23T12:17:16+00:00\",\"author\":{\"@id\":\"https:\/\/portaltela.pt\/#\/schema\/person\/c4278d4a6028830caff9ee44b42d32ed\"},\"breadcrumb\":{\"@id\":\"https:\/\/portaltela.pt\/noticias\/2026\/03\/23\/policia-britanica-investiga-ataque-a-ambulancia-de-instituicao-judaica-por-odio\/#breadcrumb\"},\"inLanguage\":\"pt-PT\",\"potentialAction\":[{\"@type\":\"ReadAction\",\"target\":[\"https:\/\/portaltela.pt\/noticias\/2026\/03\/23\/policia-britanica-investiga-ataque-a-ambulancia-de-instituicao-judaica-por-odio\/\"]}]},{\"@type\":\"ImageObject\",\"inLanguage\":\"pt-PT\",\"@id\":\"https:\/\/portaltela.pt\/noticias\/2026\/03\/23\/policia-britanica-investiga-ataque-a-ambulancia-de-instituicao-judaica-por-odio\/#primaryimage\",\"url\":\"https:\/\/portaltela.pt\/s.01k8rhncp4jt1\/2026\/03\/1536x864_cmsv2_5a0475da-ee27-50d3-99bf-45cc1e15bcda-9694943.jpg\",\"contentUrl\":\"https:\/\/portaltela.pt\/s.01k8rhncp4jt1\/2026\/03\/1536x864_cmsv2_5a0475da-ee27-50d3-99bf-45cc1e15bcda-9694943.jpg\",\"width\":796,\"height\":448,\"caption\":\"Ambul\u00e2ncias queimadas num parque de estacionamento em Golders Green, em Londres, segunda-feira, 23 de mar\u00e7o de 2026, ap\u00f3s um aparente ataque incendi\u00e1rio a quatro ve\u00edculos pertencentes a um servi\u00e7o de ambul\u00e2ncias judeu.\"},{\"@type\":\"BreadcrumbList\",\"@id\":\"https:\/\/portaltela.pt\/noticias\/2026\/03\/23\/policia-britanica-investiga-ataque-a-ambulancia-de-instituicao-judaica-por-odio\/#breadcrumb\",\"itemListElement\":[{\"@type\":\"ListItem\",\"position\":1,\"name\":\"In\u00edcio\",\"item\":\"https:\/\/portaltela.pt\/\"},{\"@type\":\"ListItem\",\"position\":2,\"name\":\"Pol\u00edcia brit\u00e2nica investiga ataque a ambul\u00e2ncia de institui\u00e7\u00e3o judaica por \u00f3dio\"}]},{\"@type\":\"WebSite\",\"@id\":\"https:\/\/portaltela.pt\/#website\",\"url\":\"https:\/\/portaltela.pt\/\",\"name\":\"Portal Tela Portugal\",\"description\":\"\",\"potentialAction\":[{\"@type\":\"SearchAction\",\"target\":{\"@type\":\"EntryPoint\",\"urlTemplate\":\"https:\/\/portaltela.pt\/?s={search_term_string}\"},\"query-input\":{\"@type\":\"PropertyValueSpecification\",\"valueRequired\":true,\"valueName\":\"search_term_string\"}}],\"inLanguage\":\"pt-PT\"},{\"@type\":\"Person\",\"@id\":\"https:\/\/portaltela.pt\/#\/schema\/person\/c4278d4a6028830caff9ee44b42d32ed\",\"name\":\"Telinha\",\"image\":{\"@type\":\"ImageObject\",\"inLanguage\":\"pt-PT\",\"@id\":\"https:\/\/portaltela.pt\/s.01k8rhncp4jt1\/2025\/11\/talking-bot-125x125.png\",\"url\":\"https:\/\/portaltela.pt\/s.01k8rhncp4jt1\/2025\/11\/talking-bot-125x125.png\",\"contentUrl\":\"https:\/\/portaltela.pt\/s.01k8rhncp4jt1\/2025\/11\/talking-bot-125x125.png\",\"caption\":\"Telinha\"},\"sameAs\":[\"https:\/\/portaltela.pt\/\"],\"url\":\"https:\/\/portaltela.pt\/por\/367410592786\/\"}]}<\/script>\n<!-- \/ Yoast SEO plugin. -->","yoast_head_json":{"title":"Pol\u00edcia brit\u00e2nica investiga ataque a ambul\u00e2ncia de institui\u00e7\u00e3o judaica por \u00f3dio - Portal Tela Portugal","robots":{"index":"index","follow":"follow","max-snippet":"max-snippet:-1","max-image-preview":"max-image-preview:large","max-video-preview":"max-video-preview:-1"},"og_locale":"pt_PT","og_type":"article","og_title":"Pol\u00edcia brit\u00e2nica investiga ataque a ambul\u00e2ncia de institui\u00e7\u00e3o judaica por \u00f3dio - Portal Tela Portugal","og_description":"A pol\u00edcia do Reino Unido est\u00e1 a investigar um presum\u00edvel ataque incendi\u00e1rio como crime de \u00f3dio antissemita contra quatro ambul\u00e2ncias da organiza\u00e7\u00e3o judaica Hatzalah, em Londres. Os ve\u00edculos foram incendiados em Golders Green; v\u00e1rias botijas de g\u00e1s explodiram, causando danos num bloco de apartamentos vizinho e levando \u00e0 evacua\u00e7\u00e3o de residentes sem feridos reportados. A Pol\u00edcia Metropolitana procura tr\u00eas suspeitos e est\u00e1 a analisar imagens de c\u00e2maras de vigil\u00e2ncia, sem deten\u00e7\u00f5es at\u00e9 ao momento. O primeiro-ministro, Keir Starmer, condenou o ataque e expressou apoio \u00e0 comunidade judaica. A Shomrim condenou o incidente; a Community Security Trust (CST) est\u00e1 a apoiar as investiga\u00e7\u00f5es, e a Hatzola presta transporte m\u00e9dico volunt\u00e1rio no norte de Londres.","og_url":"https:\/\/portaltela.pt\/noticias\/2026\/03\/23\/policia-britanica-investiga-ataque-a-ambulancia-de-instituicao-judaica-por-odio\/","og_site_name":"Portal Tela Portugal","article_published_time":"2026-03-23T12:17:16+00:00","author":"Telinha","twitter_card":"summary_large_image","twitter_misc":{"Escrito por":"Telinha","Tempo estimado de leitura":"1 minuto"},"schema":{"@context":"https:\/\/schema.org","@graph":[{"@type":"Article","@id":"https:\/\/portaltela.pt\/noticias\/2026\/03\/23\/policia-britanica-investiga-ataque-a-ambulancia-de-instituicao-judaica-por-odio\/#article","isPartOf":{"@id":"https:\/\/portaltela.pt\/noticias\/2026\/03\/23\/policia-britanica-investiga-ataque-a-ambulancia-de-instituicao-judaica-por-odio\/"},"author":{"name":"Telinha","@id":"https:\/\/portaltela.pt\/#\/schema\/person\/c4278d4a6028830caff9ee44b42d32ed"},"headline":"Pol\u00edcia brit\u00e2nica investiga ataque a ambul\u00e2ncia de institui\u00e7\u00e3o judaica por \u00f3dio","datePublished":"2026-03-23T12:17:16+00:00","mainEntityOfPage":{"@id":"https:\/\/portaltela.pt\/noticias\/2026\/03\/23\/policia-britanica-investiga-ataque-a-ambulancia-de-instituicao-judaica-por-odio\/"},"wordCount":274,"image":{"@id":"https:\/\/portaltela.pt\/noticias\/2026\/03\/23\/policia-britanica-investiga-ataque-a-ambulancia-de-instituicao-judaica-por-odio\/#primaryimage"},"thumbnailUrl":"https:\/\/portaltela.pt\/s.01k8rhncp4jt1\/2026\/03\/1536x864_cmsv2_5a0475da-ee27-50d3-99bf-45cc1e15bcda-9694943.jpg","keywords":["antisemitismo","comunidades","crime de \u00f3dio","Londres","Pol\u00edcia de Seguran\u00e7a P\u00fablica","seguran\u00e7a p\u00fablica"],"articleSection":["Crime","Pol\u00edcia"],"inLanguage":"pt-PT"},{"@type":"WebPage","@id":"https:\/\/portaltela.pt\/noticias\/2026\/03\/23\/policia-britanica-investiga-ataque-a-ambulancia-de-instituicao-judaica-por-odio\/","url":"https:\/\/portaltela.pt\/noticias\/2026\/03\/23\/policia-britanica-investiga-ataque-a-ambulancia-de-instituicao-judaica-por-odio\/","name":"Pol\u00edcia brit\u00e2nica investiga ataque a ambul\u00e2ncia de institui\u00e7\u00e3o judaica por \u00f3dio - Portal Tela Portugal","isPartOf":{"@id":"https:\/\/portaltela.pt\/#website"},"primaryImageOfPage":{"@id":"https:\/\/portaltela.pt\/noticias\/2026\/03\/23\/policia-britanica-investiga-ataque-a-ambulancia-de-instituicao-judaica-por-odio\/#primaryimage"},"image":{"@id":"https:\/\/portaltela.pt\/noticias\/2026\/03\/23\/policia-britanica-investiga-ataque-a-ambulancia-de-instituicao-judaica-por-odio\/#primaryimage"},"thumbnailUrl":"https:\/\/portaltela.pt\/s.01k8rhncp4jt1\/2026\/03\/1536x864_cmsv2_5a0475da-ee27-50d3-99bf-45cc1e15bcda-9694943.jpg","datePublished":"2026-03-23T12:17:16+00:00","author":{"@id":"https:\/\/portaltela.pt\/#\/schema\/person\/c4278d4a6028830caff9ee44b42d32ed"},"breadcrumb":{"@id":"https:\/\/portaltela.pt\/noticias\/2026\/03\/23\/policia-britanica-investiga-ataque-a-ambulancia-de-instituicao-judaica-por-odio\/#breadcrumb"},"inLanguage":"pt-PT","potentialAction":[{"@type":"ReadAction","target":["https:\/\/portaltela.pt\/noticias\/2026\/03\/23\/policia-britanica-investiga-ataque-a-ambulancia-de-instituicao-judaica-por-odio\/"]}]},{"@type":"ImageObject","inLanguage":"pt-PT","@id":"https:\/\/portaltela.pt\/noticias\/2026\/03\/23\/policia-britanica-investiga-ataque-a-ambulancia-de-instituicao-judaica-por-odio\/#primaryimage","url":"https:\/\/portaltela.pt\/s.01k8rhncp4jt1\/2026\/03\/1536x864_cmsv2_5a0475da-ee27-50d3-99bf-45cc1e15bcda-9694943.jpg","contentUrl":"https:\/\/portaltela.pt\/s.01k8rhncp4jt1\/2026\/03\/1536x864_cmsv2_5a0475da-ee27-50d3-99bf-45cc1e15bcda-9694943.jpg","width":796,"height":448,"caption":"Ambul\u00e2ncias queimadas num parque de estacionamento em Golders Green, em Londres, segunda-feira, 23 de mar\u00e7o de 2026, ap\u00f3s um aparente ataque incendi\u00e1rio a quatro ve\u00edculos pertencentes a um servi\u00e7o de ambul\u00e2ncias judeu."},{"@type":"BreadcrumbList","@id":"https:\/\/portaltela.pt\/noticias\/2026\/03\/23\/policia-britanica-investiga-ataque-a-ambulancia-de-instituicao-judaica-por-odio\/#breadcrumb","itemListElement":[{"@type":"ListItem","position":1,"name":"In\u00edcio","item":"https:\/\/portaltela.pt\/"},{"@type":"ListItem","position":2,"name":"Pol\u00edcia brit\u00e2nica investiga ataque a ambul\u00e2ncia de institui\u00e7\u00e3o judaica por \u00f3dio"}]},{"@type":"WebSite","@id":"https:\/\/portaltela.pt\/#website","url":"https:\/\/portaltela.pt\/","name":"Portal Tela Portugal","description":"","potentialAction":[{"@type":"SearchAction","target":{"@type":"EntryPoint","urlTemplate":"https:\/\/portaltela.pt\/?s={search_term_string}"},"query-input":{"@type":"PropertyValueSpecification","valueRequired":true,"valueName":"search_term_string"}}],"inLanguage":"pt-PT"},{"@type":"Person","@id":"https:\/\/portaltela.pt\/#\/schema\/person\/c4278d4a6028830caff9ee44b42d32ed","name":"Telinha","image":{"@type":"ImageObject","inLanguage":"pt-PT","@id":"https:\/\/portaltela.pt\/s.01k8rhncp4jt1\/2025\/11\/talking-bot-125x125.png","url":"https:\/\/portaltela.pt\/s.01k8rhncp4jt1\/2025\/11\/talking-bot-125x125.png","contentUrl":"https:\/\/portaltela.pt\/s.01k8rhncp4jt1\/2025\/11\/talking-bot-125x125.png","caption":"Telinha"},"sameAs":["https:\/\/portaltela.pt\/"],"url":"https:\/\/portaltela.pt\/por\/367410592786\/"}]}},"_links":{"self":[{"href":"https:\/\/portaltela.pt\/api\/wp\/v2\/posts\/418394","targetHints":{"allow":["GET"]}}],"collection":[{"href":"https:\/\/portaltela.pt\/api\/wp\/v2\/posts"}],"about":[{"href":"https:\/\/portaltela.pt\/api\/wp\/v2\/types\/post"}],"author":[{"embeddable":true,"href":"https:\/\/portaltela.pt\/api\/wp\/v2\/users\/2"}],"replies":[{"embeddable":true,"href":"https:\/\/portaltela.pt\/api\/wp\/v2\/comments?post=418394"}],"version-history":[{"count":0,"href":"https:\/\/portaltela.pt\/api\/wp\/v2\/posts\/418394\/revisions"}],"wp:featuredmedia":[{"embeddable":true,"href":"https:\/\/portaltela.pt\/api\/wp\/v2\/media\/418399"}],"wp:attachment":[{"href":"https:\/\/portaltela.pt\/api\/wp\/v2\/media?parent=418394"}],"wp:term":[{"taxonomy":"category","embeddable":true,"href":"https:\/\/portaltela.pt\/api\/wp\/v2\/categories?post=418394"},{"taxonomy":"post_tag","embeddable":true,"href":"https:\/\/portaltela.pt\/api\/wp\/v2\/tags?post=418394"}],"curies":[{"name":"wp","href":"https:\/\/api.w.org\/{rel}","templated":true}]}}