{"id":418339,"date":"2026-03-23T08:19:27","date_gmt":"2026-03-23T11:19:27","guid":{"rendered":"https:\/\/portaltela.pt\/noticias\/2026\/03\/23\/como-combinar-madeira-e-tecidos-naturais-para-conforto-em-casa\/"},"modified":"2026-03-23T08:19:27","modified_gmt":"2026-03-23T11:19:27","slug":"como-combinar-madeira-e-tecidos-naturais-para-conforto-em-casa","status":"publish","type":"post","link":"https:\/\/portaltela.pt\/lazer\/2026\/03\/23\/como-combinar-madeira-e-tecidos-naturais-para-conforto-em-casa\/","title":{"rendered":"Como combinar madeira e tecidos naturais para conforto em casa"},"content":{"rendered":"<p>A combina\u00e7\u00e3o entre madeira e tecidos naturais transforma espa\u00e7os frios em ref\u00fagios acolhedores. A madeira maci\u00e7a e os tecidos naturais destacam-se pela sua capacidade de conferir personalidade a qualquer ambiente, sem exigir solu\u00e7\u00f5es complicadas.<\/p>\n<p>Para o quarto, a escolha recai sobre cabeceiras de madeira que imprimem car\u00e1cter. A Boreal, em mangueira, transmite robustez, enquanto a Nusa, em teca, tem uma eleg\u00e2ncia mais leve. Em conjunto com linho ou algod\u00e3o lavado, o resultado \u00e9 um ambiente de hotel boutique, com conforto di\u00e1rio.<\/p>\n<p>Na sala de estar, o equil\u00edbrio entre funcionalidade e calor ganha forma com pe\u00e7as-chave. A mesa de centro Bosto combina madeira maci\u00e7a e metal, oferecendo um toque contempor\u00e2neo sem perder a naturalidade. A Oblak, em arauc\u00e1ria com acabamento branco, adiciona luminosidade e um toque rom\u00e2ntico.<\/p>\n<p>Na sala de jantar, cadeiras estofadas unem madeira e tecido para encontros confort\u00e1veis. A Bimba, com estofamento bege, garante versatilidade, enquanto a Elisa oferece eleg\u00e2ncia para conversas longas. A Giza equilibra madeira com um estofo suave, adaptando-se a estilos modernos ou mais cl\u00e1ssicos.<\/p>\n<p>Em suma, a combina\u00e7\u00e3o de madeira e tecidos naturais depende de escolhas com car\u00e1cter e da mistura de texturas. Quando a sele\u00e7\u00e3o recai sobre uma marca reconhecida, o resultado tende a ser uma casa bonita, confort\u00e1vel e com personalidade, onde o bem-estar domina.<\/p>\n","protected":false},"excerpt":{"rendered":"<ul>\n<li>A madeira maci\u00e7a e os tecidos naturais ajudam a transformar espa\u00e7os frios em ambientes acolhedores, com car\u00e1cter definido pelo material.<\/li>\n<li>No quarto, a cabeceira Boreal, em mangueira, imprime robustez, enquanto a cabeceira Nusa, em teca maci\u00e7a, tem uma eleg\u00e2ncia mais leve; combinar com roupa de cama em linho ou algod\u00e3o lavado.<\/li>\n<li>Na sala de estar, a mesa de centro Bosto mistura madeira maci\u00e7a e metal para um toque contempor\u00e2neo; a mesa Oblak, em arauc\u00e1ria com acabamento branco, oferece um charme luminoso e rom\u00e2ntico.<\/li>\n<li>Na sala de jantar, as cadeiras estofadas complementam a madeira; a Bimba, com estofos bege, \u00e9 simples e vers\u00e1til, e a Elisa apresenta design elegante para longas conversas.<\/li>\n<li>O objetivo \u00e9 escolher pe\u00e7as com car\u00e1cter e misturar texturas, criando um espa\u00e7o confort\u00e1vel e com personalidade, sem complica\u00e7\u00f5es.<\/li>\n<\/ul>\n","protected":false},"author":2,"featured_media":418345,"comment_status":"closed","ping_status":"closed","sticky":false,"template":"","format":"standard","meta":{"footnotes":""},"categories":[7381],"tags":[6393,142,6085,143,6376,845],"class_list":["post-418339","post","type-post","status-publish","format-standard","has-post-thumbnail","hentry","category-lazer","tag-a-casa","tag-arquitetura","tag-carpintaria","tag-design","tag-madeiras","tag-mobiliario"],"yoast_head":"<!-- This site is optimized with the Yoast SEO plugin v27.2 - https:\/\/yoast.com\/product\/yoast-seo-wordpress\/ -->\n<title>Como combinar madeira e tecidos naturais para conforto em casa - Portal Tela Portugal<\/title>\n<meta name=\"robots\" content=\"index, follow, max-snippet:-1, max-image-preview:large, max-video-preview:-1\" \/>\n<meta property=\"og:locale\" content=\"pt_PT\" \/>\n<meta property=\"og:type\" content=\"article\" \/>\n<meta property=\"og:title\" content=\"Como combinar madeira e tecidos naturais para conforto em casa - Portal Tela Portugal\" \/>\n<meta property=\"og:description\" content=\"A madeira maci\u00e7a e os tecidos naturais ajudam a transformar espa\u00e7os frios em ambientes acolhedores, com car\u00e1cter definido pelo material. No quarto, a cabeceira Boreal, em mangueira, imprime robustez, enquanto a cabeceira Nusa, em teca maci\u00e7a, tem uma eleg\u00e2ncia mais leve; combinar com roupa de cama em linho ou algod\u00e3o lavado. Na sala de estar, a mesa de centro Bosto mistura madeira maci\u00e7a e metal para um toque contempor\u00e2neo; a mesa Oblak, em arauc\u00e1ria com acabamento branco, oferece um charme luminoso e rom\u00e2ntico. Na sala de jantar, as cadeiras estofadas complementam a madeira; a Bimba, com estofos bege, \u00e9 simples e vers\u00e1til, e a Elisa apresenta design elegante para longas conversas. O objetivo \u00e9 escolher pe\u00e7as com car\u00e1cter e misturar texturas, criando um espa\u00e7o confort\u00e1vel e com personalidade, sem complica\u00e7\u00f5es.\" \/>\n<meta property=\"og:url\" content=\"https:\/\/portaltela.pt\/noticias\/2026\/03\/23\/como-combinar-madeira-e-tecidos-naturais-para-conforto-em-casa\/\" \/>\n<meta property=\"og:site_name\" content=\"Portal Tela Portugal\" \/>\n<meta property=\"article:published_time\" content=\"2026-03-23T11:19:27+00:00\" \/>\n<meta name=\"author\" content=\"Telinha\" \/>\n<meta name=\"twitter:card\" content=\"summary_large_image\" \/>\n<meta name=\"twitter:label1\" content=\"Escrito por\" \/>\n\t<meta name=\"twitter:data1\" content=\"Telinha\" \/>\n\t<meta name=\"twitter:label2\" content=\"Tempo estimado de leitura\" \/>\n\t<meta name=\"twitter:data2\" content=\"1 minuto\" \/>\n<script type=\"application\/ld+json\" class=\"yoast-schema-graph\">{\"@context\":\"https:\/\/schema.org\",\"@graph\":[{\"@type\":\"Article\",\"@id\":\"https:\/\/portaltela.pt\/noticias\/2026\/03\/23\/como-combinar-madeira-e-tecidos-naturais-para-conforto-em-casa\/#article\",\"isPartOf\":{\"@id\":\"https:\/\/portaltela.pt\/noticias\/2026\/03\/23\/como-combinar-madeira-e-tecidos-naturais-para-conforto-em-casa\/\"},\"author\":{\"name\":\"Telinha\",\"@id\":\"https:\/\/portaltela.pt\/#\/schema\/person\/c4278d4a6028830caff9ee44b42d32ed\"},\"headline\":\"Como combinar madeira e tecidos naturais para conforto em casa\",\"datePublished\":\"2026-03-23T11:19:27+00:00\",\"mainEntityOfPage\":{\"@id\":\"https:\/\/portaltela.pt\/noticias\/2026\/03\/23\/como-combinar-madeira-e-tecidos-naturais-para-conforto-em-casa\/\"},\"wordCount\":243,\"image\":{\"@id\":\"https:\/\/portaltela.pt\/noticias\/2026\/03\/23\/como-combinar-madeira-e-tecidos-naturais-para-conforto-em-casa\/#primaryimage\"},\"thumbnailUrl\":\"https:\/\/portaltela.pt\/s.01k8rhncp4jt1\/2026\/03\/img_1280x721uu2026-03-20-00-12-08-2273594.jpg\",\"keywords\":[\"a casa\",\"arquitetura\",\"carpintaria\",\"design\",\"madeiras\",\"mobili\u00e1rio\"],\"articleSection\":[\"Lazer\"],\"inLanguage\":\"pt-PT\"},{\"@type\":\"WebPage\",\"@id\":\"https:\/\/portaltela.pt\/noticias\/2026\/03\/23\/como-combinar-madeira-e-tecidos-naturais-para-conforto-em-casa\/\",\"url\":\"https:\/\/portaltela.pt\/noticias\/2026\/03\/23\/como-combinar-madeira-e-tecidos-naturais-para-conforto-em-casa\/\",\"name\":\"Como combinar madeira e tecidos naturais para conforto em casa - Portal Tela Portugal\",\"isPartOf\":{\"@id\":\"https:\/\/portaltela.pt\/#website\"},\"primaryImageOfPage\":{\"@id\":\"https:\/\/portaltela.pt\/noticias\/2026\/03\/23\/como-combinar-madeira-e-tecidos-naturais-para-conforto-em-casa\/#primaryimage\"},\"image\":{\"@id\":\"https:\/\/portaltela.pt\/noticias\/2026\/03\/23\/como-combinar-madeira-e-tecidos-naturais-para-conforto-em-casa\/#primaryimage\"},\"thumbnailUrl\":\"https:\/\/portaltela.pt\/s.01k8rhncp4jt1\/2026\/03\/img_1280x721uu2026-03-20-00-12-08-2273594.jpg\",\"datePublished\":\"2026-03-23T11:19:27+00:00\",\"author\":{\"@id\":\"https:\/\/portaltela.pt\/#\/schema\/person\/c4278d4a6028830caff9ee44b42d32ed\"},\"breadcrumb\":{\"@id\":\"https:\/\/portaltela.pt\/noticias\/2026\/03\/23\/como-combinar-madeira-e-tecidos-naturais-para-conforto-em-casa\/#breadcrumb\"},\"inLanguage\":\"pt-PT\",\"potentialAction\":[{\"@type\":\"ReadAction\",\"target\":[\"https:\/\/portaltela.pt\/noticias\/2026\/03\/23\/como-combinar-madeira-e-tecidos-naturais-para-conforto-em-casa\/\"]}]},{\"@type\":\"ImageObject\",\"inLanguage\":\"pt-PT\",\"@id\":\"https:\/\/portaltela.pt\/noticias\/2026\/03\/23\/como-combinar-madeira-e-tecidos-naturais-para-conforto-em-casa\/#primaryimage\",\"url\":\"https:\/\/portaltela.pt\/s.01k8rhncp4jt1\/2026\/03\/img_1280x721uu2026-03-20-00-12-08-2273594.jpg\",\"contentUrl\":\"https:\/\/portaltela.pt\/s.01k8rhncp4jt1\/2026\/03\/img_1280x721uu2026-03-20-00-12-08-2273594.jpg\",\"width\":796,\"height\":448,\"caption\":\"Quarto com cama de madeira e tecidos naturais, para um ambiente confort\u00e1vel e acolhedor\"},{\"@type\":\"BreadcrumbList\",\"@id\":\"https:\/\/portaltela.pt\/noticias\/2026\/03\/23\/como-combinar-madeira-e-tecidos-naturais-para-conforto-em-casa\/#breadcrumb\",\"itemListElement\":[{\"@type\":\"ListItem\",\"position\":1,\"name\":\"In\u00edcio\",\"item\":\"https:\/\/portaltela.pt\/\"},{\"@type\":\"ListItem\",\"position\":2,\"name\":\"Como combinar madeira e tecidos naturais para conforto em casa\"}]},{\"@type\":\"WebSite\",\"@id\":\"https:\/\/portaltela.pt\/#website\",\"url\":\"https:\/\/portaltela.pt\/\",\"name\":\"Portal Tela Portugal\",\"description\":\"\",\"potentialAction\":[{\"@type\":\"SearchAction\",\"target\":{\"@type\":\"EntryPoint\",\"urlTemplate\":\"https:\/\/portaltela.pt\/?s={search_term_string}\"},\"query-input\":{\"@type\":\"PropertyValueSpecification\",\"valueRequired\":true,\"valueName\":\"search_term_string\"}}],\"inLanguage\":\"pt-PT\"},{\"@type\":\"Person\",\"@id\":\"https:\/\/portaltela.pt\/#\/schema\/person\/c4278d4a6028830caff9ee44b42d32ed\",\"name\":\"Telinha\",\"image\":{\"@type\":\"ImageObject\",\"inLanguage\":\"pt-PT\",\"@id\":\"https:\/\/portaltela.pt\/s.01k8rhncp4jt1\/2025\/11\/talking-bot-125x125.png\",\"url\":\"https:\/\/portaltela.pt\/s.01k8rhncp4jt1\/2025\/11\/talking-bot-125x125.png\",\"contentUrl\":\"https:\/\/portaltela.pt\/s.01k8rhncp4jt1\/2025\/11\/talking-bot-125x125.png\",\"caption\":\"Telinha\"},\"sameAs\":[\"https:\/\/portaltela.pt\/\"],\"url\":\"https:\/\/portaltela.pt\/por\/367410592786\/\"}]}<\/script>\n<!-- \/ Yoast SEO plugin. -->","yoast_head_json":{"title":"Como combinar madeira e tecidos naturais para conforto em casa - Portal Tela Portugal","robots":{"index":"index","follow":"follow","max-snippet":"max-snippet:-1","max-image-preview":"max-image-preview:large","max-video-preview":"max-video-preview:-1"},"og_locale":"pt_PT","og_type":"article","og_title":"Como combinar madeira e tecidos naturais para conforto em casa - Portal Tela Portugal","og_description":"A madeira maci\u00e7a e os tecidos naturais ajudam a transformar espa\u00e7os frios em ambientes acolhedores, com car\u00e1cter definido pelo material. No quarto, a cabeceira Boreal, em mangueira, imprime robustez, enquanto a cabeceira Nusa, em teca maci\u00e7a, tem uma eleg\u00e2ncia mais leve; combinar com roupa de cama em linho ou algod\u00e3o lavado. Na sala de estar, a mesa de centro Bosto mistura madeira maci\u00e7a e metal para um toque contempor\u00e2neo; a mesa Oblak, em arauc\u00e1ria com acabamento branco, oferece um charme luminoso e rom\u00e2ntico. Na sala de jantar, as cadeiras estofadas complementam a madeira; a Bimba, com estofos bege, \u00e9 simples e vers\u00e1til, e a Elisa apresenta design elegante para longas conversas. O objetivo \u00e9 escolher pe\u00e7as com car\u00e1cter e misturar texturas, criando um espa\u00e7o confort\u00e1vel e com personalidade, sem complica\u00e7\u00f5es.","og_url":"https:\/\/portaltela.pt\/noticias\/2026\/03\/23\/como-combinar-madeira-e-tecidos-naturais-para-conforto-em-casa\/","og_site_name":"Portal Tela Portugal","article_published_time":"2026-03-23T11:19:27+00:00","author":"Telinha","twitter_card":"summary_large_image","twitter_misc":{"Escrito por":"Telinha","Tempo estimado de leitura":"1 minuto"},"schema":{"@context":"https:\/\/schema.org","@graph":[{"@type":"Article","@id":"https:\/\/portaltela.pt\/noticias\/2026\/03\/23\/como-combinar-madeira-e-tecidos-naturais-para-conforto-em-casa\/#article","isPartOf":{"@id":"https:\/\/portaltela.pt\/noticias\/2026\/03\/23\/como-combinar-madeira-e-tecidos-naturais-para-conforto-em-casa\/"},"author":{"name":"Telinha","@id":"https:\/\/portaltela.pt\/#\/schema\/person\/c4278d4a6028830caff9ee44b42d32ed"},"headline":"Como combinar madeira e tecidos naturais para conforto em casa","datePublished":"2026-03-23T11:19:27+00:00","mainEntityOfPage":{"@id":"https:\/\/portaltela.pt\/noticias\/2026\/03\/23\/como-combinar-madeira-e-tecidos-naturais-para-conforto-em-casa\/"},"wordCount":243,"image":{"@id":"https:\/\/portaltela.pt\/noticias\/2026\/03\/23\/como-combinar-madeira-e-tecidos-naturais-para-conforto-em-casa\/#primaryimage"},"thumbnailUrl":"https:\/\/portaltela.pt\/s.01k8rhncp4jt1\/2026\/03\/img_1280x721uu2026-03-20-00-12-08-2273594.jpg","keywords":["a casa","arquitetura","carpintaria","design","madeiras","mobili\u00e1rio"],"articleSection":["Lazer"],"inLanguage":"pt-PT"},{"@type":"WebPage","@id":"https:\/\/portaltela.pt\/noticias\/2026\/03\/23\/como-combinar-madeira-e-tecidos-naturais-para-conforto-em-casa\/","url":"https:\/\/portaltela.pt\/noticias\/2026\/03\/23\/como-combinar-madeira-e-tecidos-naturais-para-conforto-em-casa\/","name":"Como combinar madeira e tecidos naturais para conforto em casa - Portal Tela Portugal","isPartOf":{"@id":"https:\/\/portaltela.pt\/#website"},"primaryImageOfPage":{"@id":"https:\/\/portaltela.pt\/noticias\/2026\/03\/23\/como-combinar-madeira-e-tecidos-naturais-para-conforto-em-casa\/#primaryimage"},"image":{"@id":"https:\/\/portaltela.pt\/noticias\/2026\/03\/23\/como-combinar-madeira-e-tecidos-naturais-para-conforto-em-casa\/#primaryimage"},"thumbnailUrl":"https:\/\/portaltela.pt\/s.01k8rhncp4jt1\/2026\/03\/img_1280x721uu2026-03-20-00-12-08-2273594.jpg","datePublished":"2026-03-23T11:19:27+00:00","author":{"@id":"https:\/\/portaltela.pt\/#\/schema\/person\/c4278d4a6028830caff9ee44b42d32ed"},"breadcrumb":{"@id":"https:\/\/portaltela.pt\/noticias\/2026\/03\/23\/como-combinar-madeira-e-tecidos-naturais-para-conforto-em-casa\/#breadcrumb"},"inLanguage":"pt-PT","potentialAction":[{"@type":"ReadAction","target":["https:\/\/portaltela.pt\/noticias\/2026\/03\/23\/como-combinar-madeira-e-tecidos-naturais-para-conforto-em-casa\/"]}]},{"@type":"ImageObject","inLanguage":"pt-PT","@id":"https:\/\/portaltela.pt\/noticias\/2026\/03\/23\/como-combinar-madeira-e-tecidos-naturais-para-conforto-em-casa\/#primaryimage","url":"https:\/\/portaltela.pt\/s.01k8rhncp4jt1\/2026\/03\/img_1280x721uu2026-03-20-00-12-08-2273594.jpg","contentUrl":"https:\/\/portaltela.pt\/s.01k8rhncp4jt1\/2026\/03\/img_1280x721uu2026-03-20-00-12-08-2273594.jpg","width":796,"height":448,"caption":"Quarto com cama de madeira e tecidos naturais, para um ambiente confort\u00e1vel e acolhedor"},{"@type":"BreadcrumbList","@id":"https:\/\/portaltela.pt\/noticias\/2026\/03\/23\/como-combinar-madeira-e-tecidos-naturais-para-conforto-em-casa\/#breadcrumb","itemListElement":[{"@type":"ListItem","position":1,"name":"In\u00edcio","item":"https:\/\/portaltela.pt\/"},{"@type":"ListItem","position":2,"name":"Como combinar madeira e tecidos naturais para conforto em casa"}]},{"@type":"WebSite","@id":"https:\/\/portaltela.pt\/#website","url":"https:\/\/portaltela.pt\/","name":"Portal Tela Portugal","description":"","potentialAction":[{"@type":"SearchAction","target":{"@type":"EntryPoint","urlTemplate":"https:\/\/portaltela.pt\/?s={search_term_string}"},"query-input":{"@type":"PropertyValueSpecification","valueRequired":true,"valueName":"search_term_string"}}],"inLanguage":"pt-PT"},{"@type":"Person","@id":"https:\/\/portaltela.pt\/#\/schema\/person\/c4278d4a6028830caff9ee44b42d32ed","name":"Telinha","image":{"@type":"ImageObject","inLanguage":"pt-PT","@id":"https:\/\/portaltela.pt\/s.01k8rhncp4jt1\/2025\/11\/talking-bot-125x125.png","url":"https:\/\/portaltela.pt\/s.01k8rhncp4jt1\/2025\/11\/talking-bot-125x125.png","contentUrl":"https:\/\/portaltela.pt\/s.01k8rhncp4jt1\/2025\/11\/talking-bot-125x125.png","caption":"Telinha"},"sameAs":["https:\/\/portaltela.pt\/"],"url":"https:\/\/portaltela.pt\/por\/367410592786\/"}]}},"_links":{"self":[{"href":"https:\/\/portaltela.pt\/api\/wp\/v2\/posts\/418339","targetHints":{"allow":["GET"]}}],"collection":[{"href":"https:\/\/portaltela.pt\/api\/wp\/v2\/posts"}],"about":[{"href":"https:\/\/portaltela.pt\/api\/wp\/v2\/types\/post"}],"author":[{"embeddable":true,"href":"https:\/\/portaltela.pt\/api\/wp\/v2\/users\/2"}],"replies":[{"embeddable":true,"href":"https:\/\/portaltela.pt\/api\/wp\/v2\/comments?post=418339"}],"version-history":[{"count":0,"href":"https:\/\/portaltela.pt\/api\/wp\/v2\/posts\/418339\/revisions"}],"wp:featuredmedia":[{"embeddable":true,"href":"https:\/\/portaltela.pt\/api\/wp\/v2\/media\/418345"}],"wp:attachment":[{"href":"https:\/\/portaltela.pt\/api\/wp\/v2\/media?parent=418339"}],"wp:term":[{"taxonomy":"category","embeddable":true,"href":"https:\/\/portaltela.pt\/api\/wp\/v2\/categories?post=418339"},{"taxonomy":"post_tag","embeddable":true,"href":"https:\/\/portaltela.pt\/api\/wp\/v2\/tags?post=418339"}],"curies":[{"name":"wp","href":"https:\/\/api.w.org\/{rel}","templated":true}]}}