{"id":418299,"date":"2026-03-23T08:17:12","date_gmt":"2026-03-23T11:17:12","guid":{"rendered":"https:\/\/portaltela.pt\/noticias\/2026\/03\/23\/orban-ordena-investigacao-a-escutas-ao-ministro-dos-negocios-estrangeiros\/"},"modified":"2026-03-23T08:17:12","modified_gmt":"2026-03-23T11:17:12","slug":"orban-ordena-investigacao-a-escutas-ao-ministro-dos-negocios-estrangeiros","status":"publish","type":"post","link":"https:\/\/portaltela.pt\/noticias\/internacional\/2026\/03\/23\/orban-ordena-investigacao-a-escutas-ao-ministro-dos-negocios-estrangeiros\/","title":{"rendered":"Orb\u00e1n ordena investiga\u00e7\u00e3o a escutas ao ministro dos Neg\u00f3cios Estrangeiros"},"content":{"rendered":"<p>Viktor Orb\u00e1n ordenou uma investiga\u00e7\u00e3o sobre alegadas escutas ao ministro dos Neg\u00f3cios Estrangeiros, P\u00e9ter Szijj\u00e1rt\u00f3. O aviso foi divulgado pelo pr\u00f3prio primeiro-ministro numa publica\u00e7\u00e3o na rede social, onde reiterou que as escutas representam um ataque grave \u00e0 Hungria. O Governo pediu aos servi\u00e7os da Justi\u00e7a para analisar o caso.<\/p>\n<p>O Mandiner, \u00f3rg\u00e3o pr\u00f3-governamental, afirma que um jornalista de investiga\u00e7\u00e3o, Szabolcs Panyi, ter\u00e1 passado o n\u00famero de telefone do ministro aos servi\u00e7os secretos estrangeiros, para facilitar a interceta\u00e7\u00e3o das suas comunica\u00e7\u00f5es. A publica\u00e7\u00e3o tamb\u00e9m mostra uma grava\u00e7\u00e3o de Panyi em conversa com uma mulher, incluindo o contacto do ministro.<\/p>\n<h3>Contexto de interfer\u00eancia externa e rea\u00e7\u00e3o oficial<\/h3>\n<p>Relatos de Moscovo alega interfer\u00eancia russa na campanha eleitoral h\u00fangara t\u00eam vindo a ganhar relev\u00e2ncia. Panyi tem sido uma das fontes que adiantou informa\u00e7\u00f5es sobre alegada atividade de agentes russos no pa\u00eds para influenciar o governo de Orban. Em resposta, a embaixada russa em Budapeste qualificou as informa\u00e7\u00f5es de falsas.<\/p>\n<p>Recentemente, o Washington Post avan\u00e7ou que servi\u00e7os secretos russos teriam feito uma proposta de descri\u00e7\u00e3o de uma opera\u00e7\u00e3o para impactar o cen\u00e1rio eleitoral h\u00fangaro, informa\u00e7\u00e3o que gerou rea\u00e7\u00e3o entre o governo. Panyi afirmou que conte\u00fados de origem russa teriam sido difundidos para influenciar a opini\u00e3o p\u00fablica.<\/p>\n<h3>Rea\u00e7\u00f5es de P\u00e9ter Szijj\u00e1rt\u00f3 e enquadramento do caso<\/h3>\n<p>P\u00e9ter Szijj\u00e1rt\u00f3 reagiu em v\u00eddeo, referindo choque pela alega\u00e7\u00e3o de que um jornalista tenha sido interceptado com a participa\u00e7\u00e3o de servi\u00e7os secretos estrangeiros. O ministro afirmou ainda que a liga\u00e7\u00e3o entre o jornalista e interesses externos coloca em causa a integridade de quem trabalha no c\u00edrculo pol\u00edtico.<\/p>\n<p>Panyi continuou a partilhar, nas suas redes, que o artigo do Mandiner pode ser visto como uma manobra de enquadramento da investiga\u00e7\u00e3o sobre fugas de informa\u00e7\u00e3o atribu\u00eddas aos servi\u00e7os russos. A publica\u00e7\u00e3o tamb\u00e9m mencionou que o jornalista ter\u00e1 sustentado contactos pr\u00f3ximos com Anita Orb\u00e1n, candidata do partido Tisza a ministra dos Neg\u00f3cios Estrangeiros.<\/p>\n","protected":false},"excerpt":{"rendered":"<ul>\n<li>O primeiro-ministro h\u00fangaro, Viktor Orb\u00e1n, ordenou uma investiga\u00e7\u00e3o sobre alegadas escutas telef\u00f3nicas ao ministro dos Neg\u00f3cios Estrangeiros, P\u00e9ter Szijj\u00e1rt\u00f3.<\/li>\n<li>O Mandiner, jornal pr\u00f3-governamental, acusa o jornalista Szabolcs Panyi de ter fornecido o n\u00famero do ministro a servi\u00e7os secretos estrangeiros.<\/li>\n<li>Orb\u00e1n disse, numa publica\u00e7\u00e3o no Facebook, ter instru\u00eddo o ministro da Justi\u00e7a a investigar rapidamente as informa\u00e7\u00f5es sobre as escutas.<\/li>\n<li>Panyi alega que o Mandiner distorceu os factos e divulgou uma grava\u00e7\u00e3o dele e o contacto telef\u00f3nico, que recusou ter entregue voluntariamente.<\/li>\n<li>O contexto envolve alega\u00e7\u00f5es de interfer\u00eancia russa na campanha eleitoral h\u00fangara, com v\u00e1rias informa\u00e7\u00f5es e rea\u00e7\u00f5es de pol\u00edticos e meios de comunica\u00e7\u00e3o a sustentar diferentes vers\u00f5es.<\/li>\n<\/ul>\n","protected":false},"author":2,"featured_media":418307,"comment_status":"closed","ping_status":"closed","sticky":false,"template":"","format":"standard","meta":{"footnotes":""},"categories":[4,7127],"tags":[29,2579,2460,7439,5698,3110],"class_list":["post-418299","post","type-post","status-publish","format-standard","has-post-thumbnail","hentry","category-internacional","category-politica-internacional","tag-diplomacia","tag-hungria","tag-interferencia-internacional","tag-politica-externa","tag-politica-internacional","tag-russia"],"yoast_head":"<!-- This site is optimized with the Yoast SEO plugin v27.2 - https:\/\/yoast.com\/product\/yoast-seo-wordpress\/ -->\n<title>Orb\u00e1n ordena investiga\u00e7\u00e3o a escutas ao ministro dos Neg\u00f3cios Estrangeiros - Portal Tela Portugal<\/title>\n<meta name=\"robots\" content=\"index, follow, max-snippet:-1, max-image-preview:large, max-video-preview:-1\" \/>\n<meta property=\"og:locale\" content=\"pt_PT\" \/>\n<meta property=\"og:type\" content=\"article\" \/>\n<meta property=\"og:title\" content=\"Orb\u00e1n ordena investiga\u00e7\u00e3o a escutas ao ministro dos Neg\u00f3cios Estrangeiros - Portal Tela Portugal\" \/>\n<meta property=\"og:description\" content=\"O primeiro-ministro h\u00fangaro, Viktor Orb\u00e1n, ordenou uma investiga\u00e7\u00e3o sobre alegadas escutas telef\u00f3nicas ao ministro dos Neg\u00f3cios Estrangeiros, P\u00e9ter Szijj\u00e1rt\u00f3. O Mandiner, jornal pr\u00f3-governamental, acusa o jornalista Szabolcs Panyi de ter fornecido o n\u00famero do ministro a servi\u00e7os secretos estrangeiros. Orb\u00e1n disse, numa publica\u00e7\u00e3o no Facebook, ter instru\u00eddo o ministro da Justi\u00e7a a investigar rapidamente as informa\u00e7\u00f5es sobre as escutas. Panyi alega que o Mandiner distorceu os factos e divulgou uma grava\u00e7\u00e3o dele e o contacto telef\u00f3nico, que recusou ter entregue voluntariamente. O contexto envolve alega\u00e7\u00f5es de interfer\u00eancia russa na campanha eleitoral h\u00fangara, com v\u00e1rias informa\u00e7\u00f5es e rea\u00e7\u00f5es de pol\u00edticos e meios de comunica\u00e7\u00e3o a sustentar diferentes vers\u00f5es.\" \/>\n<meta property=\"og:url\" content=\"https:\/\/portaltela.pt\/noticias\/2026\/03\/23\/orban-ordena-investigacao-a-escutas-ao-ministro-dos-negocios-estrangeiros\/\" \/>\n<meta property=\"og:site_name\" content=\"Portal Tela Portugal\" \/>\n<meta property=\"article:published_time\" content=\"2026-03-23T11:17:12+00:00\" \/>\n<meta name=\"author\" content=\"Telinha\" \/>\n<meta name=\"twitter:card\" content=\"summary_large_image\" \/>\n<meta name=\"twitter:label1\" content=\"Escrito por\" \/>\n\t<meta name=\"twitter:data1\" content=\"Telinha\" \/>\n\t<meta name=\"twitter:label2\" content=\"Tempo estimado de leitura\" \/>\n\t<meta name=\"twitter:data2\" content=\"2 minutos\" \/>\n<script type=\"application\/ld+json\" class=\"yoast-schema-graph\">{\"@context\":\"https:\/\/schema.org\",\"@graph\":[{\"@type\":\"Article\",\"@id\":\"https:\/\/portaltela.pt\/noticias\/2026\/03\/23\/orban-ordena-investigacao-a-escutas-ao-ministro-dos-negocios-estrangeiros\/#article\",\"isPartOf\":{\"@id\":\"https:\/\/portaltela.pt\/noticias\/2026\/03\/23\/orban-ordena-investigacao-a-escutas-ao-ministro-dos-negocios-estrangeiros\/\"},\"author\":{\"name\":\"Telinha\",\"@id\":\"https:\/\/portaltela.pt\/#\/schema\/person\/c4278d4a6028830caff9ee44b42d32ed\"},\"headline\":\"Orb\u00e1n ordena investiga\u00e7\u00e3o a escutas ao ministro dos Neg\u00f3cios Estrangeiros\",\"datePublished\":\"2026-03-23T11:17:12+00:00\",\"mainEntityOfPage\":{\"@id\":\"https:\/\/portaltela.pt\/noticias\/2026\/03\/23\/orban-ordena-investigacao-a-escutas-ao-ministro-dos-negocios-estrangeiros\/\"},\"wordCount\":381,\"image\":{\"@id\":\"https:\/\/portaltela.pt\/noticias\/2026\/03\/23\/orban-ordena-investigacao-a-escutas-ao-ministro-dos-negocios-estrangeiros\/#primaryimage\"},\"thumbnailUrl\":\"https:\/\/portaltela.pt\/s.01k8rhncp4jt1\/2026\/03\/1536x864_cmsv2_7c5f634a-2a79-58bd-a1d8-b4b89d81db00-9694826.jpg\",\"keywords\":[\"diplomacia\",\"Hungria\",\"interfer\u00eancia internacional\",\"pol\u00edtica externa\",\"pol\u00edtica internacional\",\"R\u00fassia\"],\"articleSection\":[\"Internacional\",\"Pol\u00edtica Internacional\"],\"inLanguage\":\"pt-PT\"},{\"@type\":\"WebPage\",\"@id\":\"https:\/\/portaltela.pt\/noticias\/2026\/03\/23\/orban-ordena-investigacao-a-escutas-ao-ministro-dos-negocios-estrangeiros\/\",\"url\":\"https:\/\/portaltela.pt\/noticias\/2026\/03\/23\/orban-ordena-investigacao-a-escutas-ao-ministro-dos-negocios-estrangeiros\/\",\"name\":\"Orb\u00e1n ordena investiga\u00e7\u00e3o a escutas ao ministro dos Neg\u00f3cios Estrangeiros - Portal Tela Portugal\",\"isPartOf\":{\"@id\":\"https:\/\/portaltela.pt\/#website\"},\"primaryImageOfPage\":{\"@id\":\"https:\/\/portaltela.pt\/noticias\/2026\/03\/23\/orban-ordena-investigacao-a-escutas-ao-ministro-dos-negocios-estrangeiros\/#primaryimage\"},\"image\":{\"@id\":\"https:\/\/portaltela.pt\/noticias\/2026\/03\/23\/orban-ordena-investigacao-a-escutas-ao-ministro-dos-negocios-estrangeiros\/#primaryimage\"},\"thumbnailUrl\":\"https:\/\/portaltela.pt\/s.01k8rhncp4jt1\/2026\/03\/1536x864_cmsv2_7c5f634a-2a79-58bd-a1d8-b4b89d81db00-9694826.jpg\",\"datePublished\":\"2026-03-23T11:17:12+00:00\",\"author\":{\"@id\":\"https:\/\/portaltela.pt\/#\/schema\/person\/c4278d4a6028830caff9ee44b42d32ed\"},\"breadcrumb\":{\"@id\":\"https:\/\/portaltela.pt\/noticias\/2026\/03\/23\/orban-ordena-investigacao-a-escutas-ao-ministro-dos-negocios-estrangeiros\/#breadcrumb\"},\"inLanguage\":\"pt-PT\",\"potentialAction\":[{\"@type\":\"ReadAction\",\"target\":[\"https:\/\/portaltela.pt\/noticias\/2026\/03\/23\/orban-ordena-investigacao-a-escutas-ao-ministro-dos-negocios-estrangeiros\/\"]}]},{\"@type\":\"ImageObject\",\"inLanguage\":\"pt-PT\",\"@id\":\"https:\/\/portaltela.pt\/noticias\/2026\/03\/23\/orban-ordena-investigacao-a-escutas-ao-ministro-dos-negocios-estrangeiros\/#primaryimage\",\"url\":\"https:\/\/portaltela.pt\/s.01k8rhncp4jt1\/2026\/03\/1536x864_cmsv2_7c5f634a-2a79-58bd-a1d8-b4b89d81db00-9694826.jpg\",\"contentUrl\":\"https:\/\/portaltela.pt\/s.01k8rhncp4jt1\/2026\/03\/1536x864_cmsv2_7c5f634a-2a79-58bd-a1d8-b4b89d81db00-9694826.jpg\",\"width\":1536,\"height\":864,\"caption\":\"P\u00e9ter Szijj\u00e1rt\u00f3, Ministro dos Neg\u00f3cios Estrangeiros e do Com\u00e9rcio, numa confer\u00eancia de imprensa para anunciar o novo investimento do Reino do Metal no Minist\u00e9rio dos Neg\u00f3cios Estrangeiros e do Com\u00e9rcio em 17 de mar\u00e7o de 2026.\"},{\"@type\":\"BreadcrumbList\",\"@id\":\"https:\/\/portaltela.pt\/noticias\/2026\/03\/23\/orban-ordena-investigacao-a-escutas-ao-ministro-dos-negocios-estrangeiros\/#breadcrumb\",\"itemListElement\":[{\"@type\":\"ListItem\",\"position\":1,\"name\":\"In\u00edcio\",\"item\":\"https:\/\/portaltela.pt\/\"},{\"@type\":\"ListItem\",\"position\":2,\"name\":\"Orb\u00e1n ordena investiga\u00e7\u00e3o a escutas ao ministro dos Neg\u00f3cios Estrangeiros\"}]},{\"@type\":\"WebSite\",\"@id\":\"https:\/\/portaltela.pt\/#website\",\"url\":\"https:\/\/portaltela.pt\/\",\"name\":\"Portal Tela Portugal\",\"description\":\"\",\"potentialAction\":[{\"@type\":\"SearchAction\",\"target\":{\"@type\":\"EntryPoint\",\"urlTemplate\":\"https:\/\/portaltela.pt\/?s={search_term_string}\"},\"query-input\":{\"@type\":\"PropertyValueSpecification\",\"valueRequired\":true,\"valueName\":\"search_term_string\"}}],\"inLanguage\":\"pt-PT\"},{\"@type\":\"Person\",\"@id\":\"https:\/\/portaltela.pt\/#\/schema\/person\/c4278d4a6028830caff9ee44b42d32ed\",\"name\":\"Telinha\",\"image\":{\"@type\":\"ImageObject\",\"inLanguage\":\"pt-PT\",\"@id\":\"https:\/\/portaltela.pt\/s.01k8rhncp4jt1\/2025\/11\/talking-bot-125x125.png\",\"url\":\"https:\/\/portaltela.pt\/s.01k8rhncp4jt1\/2025\/11\/talking-bot-125x125.png\",\"contentUrl\":\"https:\/\/portaltela.pt\/s.01k8rhncp4jt1\/2025\/11\/talking-bot-125x125.png\",\"caption\":\"Telinha\"},\"sameAs\":[\"https:\/\/portaltela.pt\/\"],\"url\":\"https:\/\/portaltela.pt\/por\/367410592786\/\"}]}<\/script>\n<!-- \/ Yoast SEO plugin. -->","yoast_head_json":{"title":"Orb\u00e1n ordena investiga\u00e7\u00e3o a escutas ao ministro dos Neg\u00f3cios Estrangeiros - Portal Tela Portugal","robots":{"index":"index","follow":"follow","max-snippet":"max-snippet:-1","max-image-preview":"max-image-preview:large","max-video-preview":"max-video-preview:-1"},"og_locale":"pt_PT","og_type":"article","og_title":"Orb\u00e1n ordena investiga\u00e7\u00e3o a escutas ao ministro dos Neg\u00f3cios Estrangeiros - Portal Tela Portugal","og_description":"O primeiro-ministro h\u00fangaro, Viktor Orb\u00e1n, ordenou uma investiga\u00e7\u00e3o sobre alegadas escutas telef\u00f3nicas ao ministro dos Neg\u00f3cios Estrangeiros, P\u00e9ter Szijj\u00e1rt\u00f3. O Mandiner, jornal pr\u00f3-governamental, acusa o jornalista Szabolcs Panyi de ter fornecido o n\u00famero do ministro a servi\u00e7os secretos estrangeiros. Orb\u00e1n disse, numa publica\u00e7\u00e3o no Facebook, ter instru\u00eddo o ministro da Justi\u00e7a a investigar rapidamente as informa\u00e7\u00f5es sobre as escutas. Panyi alega que o Mandiner distorceu os factos e divulgou uma grava\u00e7\u00e3o dele e o contacto telef\u00f3nico, que recusou ter entregue voluntariamente. O contexto envolve alega\u00e7\u00f5es de interfer\u00eancia russa na campanha eleitoral h\u00fangara, com v\u00e1rias informa\u00e7\u00f5es e rea\u00e7\u00f5es de pol\u00edticos e meios de comunica\u00e7\u00e3o a sustentar diferentes vers\u00f5es.","og_url":"https:\/\/portaltela.pt\/noticias\/2026\/03\/23\/orban-ordena-investigacao-a-escutas-ao-ministro-dos-negocios-estrangeiros\/","og_site_name":"Portal Tela Portugal","article_published_time":"2026-03-23T11:17:12+00:00","author":"Telinha","twitter_card":"summary_large_image","twitter_misc":{"Escrito por":"Telinha","Tempo estimado de leitura":"2 minutos"},"schema":{"@context":"https:\/\/schema.org","@graph":[{"@type":"Article","@id":"https:\/\/portaltela.pt\/noticias\/2026\/03\/23\/orban-ordena-investigacao-a-escutas-ao-ministro-dos-negocios-estrangeiros\/#article","isPartOf":{"@id":"https:\/\/portaltela.pt\/noticias\/2026\/03\/23\/orban-ordena-investigacao-a-escutas-ao-ministro-dos-negocios-estrangeiros\/"},"author":{"name":"Telinha","@id":"https:\/\/portaltela.pt\/#\/schema\/person\/c4278d4a6028830caff9ee44b42d32ed"},"headline":"Orb\u00e1n ordena investiga\u00e7\u00e3o a escutas ao ministro dos Neg\u00f3cios Estrangeiros","datePublished":"2026-03-23T11:17:12+00:00","mainEntityOfPage":{"@id":"https:\/\/portaltela.pt\/noticias\/2026\/03\/23\/orban-ordena-investigacao-a-escutas-ao-ministro-dos-negocios-estrangeiros\/"},"wordCount":381,"image":{"@id":"https:\/\/portaltela.pt\/noticias\/2026\/03\/23\/orban-ordena-investigacao-a-escutas-ao-ministro-dos-negocios-estrangeiros\/#primaryimage"},"thumbnailUrl":"https:\/\/portaltela.pt\/s.01k8rhncp4jt1\/2026\/03\/1536x864_cmsv2_7c5f634a-2a79-58bd-a1d8-b4b89d81db00-9694826.jpg","keywords":["diplomacia","Hungria","interfer\u00eancia internacional","pol\u00edtica externa","pol\u00edtica internacional","R\u00fassia"],"articleSection":["Internacional","Pol\u00edtica Internacional"],"inLanguage":"pt-PT"},{"@type":"WebPage","@id":"https:\/\/portaltela.pt\/noticias\/2026\/03\/23\/orban-ordena-investigacao-a-escutas-ao-ministro-dos-negocios-estrangeiros\/","url":"https:\/\/portaltela.pt\/noticias\/2026\/03\/23\/orban-ordena-investigacao-a-escutas-ao-ministro-dos-negocios-estrangeiros\/","name":"Orb\u00e1n ordena investiga\u00e7\u00e3o a escutas ao ministro dos Neg\u00f3cios Estrangeiros - Portal Tela Portugal","isPartOf":{"@id":"https:\/\/portaltela.pt\/#website"},"primaryImageOfPage":{"@id":"https:\/\/portaltela.pt\/noticias\/2026\/03\/23\/orban-ordena-investigacao-a-escutas-ao-ministro-dos-negocios-estrangeiros\/#primaryimage"},"image":{"@id":"https:\/\/portaltela.pt\/noticias\/2026\/03\/23\/orban-ordena-investigacao-a-escutas-ao-ministro-dos-negocios-estrangeiros\/#primaryimage"},"thumbnailUrl":"https:\/\/portaltela.pt\/s.01k8rhncp4jt1\/2026\/03\/1536x864_cmsv2_7c5f634a-2a79-58bd-a1d8-b4b89d81db00-9694826.jpg","datePublished":"2026-03-23T11:17:12+00:00","author":{"@id":"https:\/\/portaltela.pt\/#\/schema\/person\/c4278d4a6028830caff9ee44b42d32ed"},"breadcrumb":{"@id":"https:\/\/portaltela.pt\/noticias\/2026\/03\/23\/orban-ordena-investigacao-a-escutas-ao-ministro-dos-negocios-estrangeiros\/#breadcrumb"},"inLanguage":"pt-PT","potentialAction":[{"@type":"ReadAction","target":["https:\/\/portaltela.pt\/noticias\/2026\/03\/23\/orban-ordena-investigacao-a-escutas-ao-ministro-dos-negocios-estrangeiros\/"]}]},{"@type":"ImageObject","inLanguage":"pt-PT","@id":"https:\/\/portaltela.pt\/noticias\/2026\/03\/23\/orban-ordena-investigacao-a-escutas-ao-ministro-dos-negocios-estrangeiros\/#primaryimage","url":"https:\/\/portaltela.pt\/s.01k8rhncp4jt1\/2026\/03\/1536x864_cmsv2_7c5f634a-2a79-58bd-a1d8-b4b89d81db00-9694826.jpg","contentUrl":"https:\/\/portaltela.pt\/s.01k8rhncp4jt1\/2026\/03\/1536x864_cmsv2_7c5f634a-2a79-58bd-a1d8-b4b89d81db00-9694826.jpg","width":1536,"height":864,"caption":"P\u00e9ter Szijj\u00e1rt\u00f3, Ministro dos Neg\u00f3cios Estrangeiros e do Com\u00e9rcio, numa confer\u00eancia de imprensa para anunciar o novo investimento do Reino do Metal no Minist\u00e9rio dos Neg\u00f3cios Estrangeiros e do Com\u00e9rcio em 17 de mar\u00e7o de 2026."},{"@type":"BreadcrumbList","@id":"https:\/\/portaltela.pt\/noticias\/2026\/03\/23\/orban-ordena-investigacao-a-escutas-ao-ministro-dos-negocios-estrangeiros\/#breadcrumb","itemListElement":[{"@type":"ListItem","position":1,"name":"In\u00edcio","item":"https:\/\/portaltela.pt\/"},{"@type":"ListItem","position":2,"name":"Orb\u00e1n ordena investiga\u00e7\u00e3o a escutas ao ministro dos Neg\u00f3cios Estrangeiros"}]},{"@type":"WebSite","@id":"https:\/\/portaltela.pt\/#website","url":"https:\/\/portaltela.pt\/","name":"Portal Tela Portugal","description":"","potentialAction":[{"@type":"SearchAction","target":{"@type":"EntryPoint","urlTemplate":"https:\/\/portaltela.pt\/?s={search_term_string}"},"query-input":{"@type":"PropertyValueSpecification","valueRequired":true,"valueName":"search_term_string"}}],"inLanguage":"pt-PT"},{"@type":"Person","@id":"https:\/\/portaltela.pt\/#\/schema\/person\/c4278d4a6028830caff9ee44b42d32ed","name":"Telinha","image":{"@type":"ImageObject","inLanguage":"pt-PT","@id":"https:\/\/portaltela.pt\/s.01k8rhncp4jt1\/2025\/11\/talking-bot-125x125.png","url":"https:\/\/portaltela.pt\/s.01k8rhncp4jt1\/2025\/11\/talking-bot-125x125.png","contentUrl":"https:\/\/portaltela.pt\/s.01k8rhncp4jt1\/2025\/11\/talking-bot-125x125.png","caption":"Telinha"},"sameAs":["https:\/\/portaltela.pt\/"],"url":"https:\/\/portaltela.pt\/por\/367410592786\/"}]}},"_links":{"self":[{"href":"https:\/\/portaltela.pt\/api\/wp\/v2\/posts\/418299","targetHints":{"allow":["GET"]}}],"collection":[{"href":"https:\/\/portaltela.pt\/api\/wp\/v2\/posts"}],"about":[{"href":"https:\/\/portaltela.pt\/api\/wp\/v2\/types\/post"}],"author":[{"embeddable":true,"href":"https:\/\/portaltela.pt\/api\/wp\/v2\/users\/2"}],"replies":[{"embeddable":true,"href":"https:\/\/portaltela.pt\/api\/wp\/v2\/comments?post=418299"}],"version-history":[{"count":0,"href":"https:\/\/portaltela.pt\/api\/wp\/v2\/posts\/418299\/revisions"}],"wp:featuredmedia":[{"embeddable":true,"href":"https:\/\/portaltela.pt\/api\/wp\/v2\/media\/418307"}],"wp:attachment":[{"href":"https:\/\/portaltela.pt\/api\/wp\/v2\/media?parent=418299"}],"wp:term":[{"taxonomy":"category","embeddable":true,"href":"https:\/\/portaltela.pt\/api\/wp\/v2\/categories?post=418299"},{"taxonomy":"post_tag","embeddable":true,"href":"https:\/\/portaltela.pt\/api\/wp\/v2\/tags?post=418299"}],"curies":[{"name":"wp","href":"https:\/\/api.w.org\/{rel}","templated":true}]}}