{"id":418279,"date":"2026-03-23T08:00:00","date_gmt":"2026-03-23T11:00:00","guid":{"rendered":"https:\/\/portaltela.pt\/noticias\/2026\/03\/23\/euribor-a-6-e-12-meses-sobem-para-maximos-de-mais-de-um-ano\/"},"modified":"2026-03-23T08:00:00","modified_gmt":"2026-03-23T11:00:00","slug":"euribor-a-6-e-12-meses-sobem-para-maximos-de-mais-de-um-ano","status":"publish","type":"post","link":"https:\/\/portaltela.pt\/noticias\/economia\/2026\/03\/23\/euribor-a-6-e-12-meses-sobem-para-maximos-de-mais-de-um-ano\/","title":{"rendered":"Euribor a 6 e 12 meses sobem para m\u00e1ximos de mais de um ano"},"content":{"rendered":"<p>As Euribor a 6 e a 12 meses atingiram m\u00e1ximos de mais de um ano, indicam uma subida acentuada nas taxas de refer\u00eancia para dep\u00f3sitos a prazo na zona euro. O movimento ocorreu na sess\u00e3o de hoje, refletindo perspetivas de pol\u00edtica monet\u00e1ria e condi\u00e7\u00f5es de mercado.<\/p>\n<p>Fontes do mercado indicam um cen\u00e1rio de maior volatilidade nas taxas a curto prazo, com investidores a ajustarem posicionamentos face \u00e0s expectativas de decis\u00f5es futuras do BCE. O ritmo de subida sugere ajustamentos relevantes paraisto: empr\u00e9stimos, hipotecas e produtos financeiros indexados \u00e0s Euribor.<\/p>\n<p>Quem est\u00e1 envolvido? Bancos, institui\u00e7\u00f5es financeiras e investidores que utilizam as Euribor como refer\u00eancia para contratos de cr\u00e9dito e de rendimento. O impacto mais direto recai sobre clientes com contratos de taxa vari\u00e1vel ou renova\u00e7\u00e3o de cr\u00e9dito imobili\u00e1rio a curto prazo.<\/p>\n<p>Quando e onde? Em Portugal e na \u00e1rea do euro, durante a sess\u00e3o de hoje, com o efeito sentido na negocia\u00e7\u00e3o de instrumentos de dep\u00f3sito e de cr\u00e9dito de curto prazo. A movimenta\u00e7\u00e3o espelha a evolu\u00e7\u00e3o do ambiente econ\u00f3mico e as perspetivas de subida de juros pelo BCE.<\/p>\n<p>Porqu\u00ea? A subida reflete expectativas sobre pol\u00edticas monet\u00e1rias futuras e ajustes de mercado perante indicadores de infla\u00e7\u00e3o e crescimento. A varia\u00e7\u00e3o das Euribor afeta diretamente custos de financiamento de residentes e empresas na regi\u00e3o. O conte\u00fado completo permanece dispon\u00edvel apenas para subscritores.<\/p>\n","protected":false},"excerpt":{"rendered":"<ul>\n<li>Euribor a seis meses atingiu o maior n\u00edvel de mais de um ano.<\/li>\n<li>Euribor a doze meses atingiu tamb\u00e9m o maior n\u00edvel de mais de um ano.<\/li>\n<li>O ajuste acontece num contexto de subida das taxas de refer\u00eancia na zona euro.<\/li>\n<li>A not\u00edcia completa est\u00e1 dispon\u00edvel apenas para subscritores.<\/li>\n<\/ul>\n","protected":false},"author":2,"featured_media":418281,"comment_status":"closed","ping_status":"closed","sticky":false,"template":"","format":"standard","meta":{"footnotes":""},"categories":[2,6850],"tags":[6115,1960,2324,28,150,1014],"class_list":["post-418279","post","type-post","status-publish","format-standard","has-post-thumbnail","hentry","category-economia","category-financas","tag-_economia","tag-credito","tag-credito-ao-consumo","tag-economia","tag-habitacao","tag-portugal"],"yoast_head":"<!-- This site is optimized with the Yoast SEO plugin v27.2 - https:\/\/yoast.com\/product\/yoast-seo-wordpress\/ -->\n<title>Euribor a 6 e 12 meses sobem para m\u00e1ximos de mais de um ano - Portal Tela Portugal<\/title>\n<meta name=\"robots\" content=\"index, follow, max-snippet:-1, max-image-preview:large, max-video-preview:-1\" \/>\n<meta property=\"og:locale\" content=\"pt_PT\" \/>\n<meta property=\"og:type\" content=\"article\" \/>\n<meta property=\"og:title\" content=\"Euribor a 6 e 12 meses sobem para m\u00e1ximos de mais de um ano - Portal Tela Portugal\" \/>\n<meta property=\"og:description\" content=\"Euribor a seis meses atingiu o maior n\u00edvel de mais de um ano. Euribor a doze meses atingiu tamb\u00e9m o maior n\u00edvel de mais de um ano. O ajuste acontece num contexto de subida das taxas de refer\u00eancia na zona euro. A not\u00edcia completa est\u00e1 dispon\u00edvel apenas para subscritores.\" \/>\n<meta property=\"og:url\" content=\"https:\/\/portaltela.pt\/noticias\/2026\/03\/23\/euribor-a-6-e-12-meses-sobem-para-maximos-de-mais-de-um-ano\/\" \/>\n<meta property=\"og:site_name\" content=\"Portal Tela Portugal\" \/>\n<meta property=\"article:published_time\" content=\"2026-03-23T11:00:00+00:00\" \/>\n<meta name=\"author\" content=\"Telinha\" \/>\n<meta name=\"twitter:card\" content=\"summary_large_image\" \/>\n<meta name=\"twitter:label1\" content=\"Escrito por\" \/>\n\t<meta name=\"twitter:data1\" content=\"Telinha\" \/>\n\t<meta name=\"twitter:label2\" content=\"Tempo estimado de leitura\" \/>\n\t<meta name=\"twitter:data2\" content=\"1 minuto\" \/>\n<script type=\"application\/ld+json\" class=\"yoast-schema-graph\">{\"@context\":\"https:\/\/schema.org\",\"@graph\":[{\"@type\":\"Article\",\"@id\":\"https:\/\/portaltela.pt\/noticias\/2026\/03\/23\/euribor-a-6-e-12-meses-sobem-para-maximos-de-mais-de-um-ano\/#article\",\"isPartOf\":{\"@id\":\"https:\/\/portaltela.pt\/noticias\/2026\/03\/23\/euribor-a-6-e-12-meses-sobem-para-maximos-de-mais-de-um-ano\/\"},\"author\":{\"name\":\"Telinha\",\"@id\":\"https:\/\/portaltela.pt\/#\/schema\/person\/c4278d4a6028830caff9ee44b42d32ed\"},\"headline\":\"Euribor a 6 e 12 meses sobem para m\u00e1ximos de mais de um ano\",\"datePublished\":\"2026-03-23T11:00:00+00:00\",\"mainEntityOfPage\":{\"@id\":\"https:\/\/portaltela.pt\/noticias\/2026\/03\/23\/euribor-a-6-e-12-meses-sobem-para-maximos-de-mais-de-um-ano\/\"},\"wordCount\":262,\"image\":{\"@id\":\"https:\/\/portaltela.pt\/noticias\/2026\/03\/23\/euribor-a-6-e-12-meses-sobem-para-maximos-de-mais-de-um-ano\/#primaryimage\"},\"thumbnailUrl\":\"https:\/\/portaltela.pt\/s.01k8rhncp4jt1\/2026\/03\/CACHE_780X1200_ANALOG_WATERMARKED_26448953_5930570_18032022105236.jpg\",\"keywords\":[\"_economia\",\"cr\u00e9dito\",\"Cr\u00e9dito ao Consumo\",\"economia\",\"habita\u00e7\u00e3o\",\"Portugal\"],\"articleSection\":[\"Economia\",\"Finan\u00e7as\"],\"inLanguage\":\"pt-PT\"},{\"@type\":\"WebPage\",\"@id\":\"https:\/\/portaltela.pt\/noticias\/2026\/03\/23\/euribor-a-6-e-12-meses-sobem-para-maximos-de-mais-de-um-ano\/\",\"url\":\"https:\/\/portaltela.pt\/noticias\/2026\/03\/23\/euribor-a-6-e-12-meses-sobem-para-maximos-de-mais-de-um-ano\/\",\"name\":\"Euribor a 6 e 12 meses sobem para m\u00e1ximos de mais de um ano - Portal Tela Portugal\",\"isPartOf\":{\"@id\":\"https:\/\/portaltela.pt\/#website\"},\"primaryImageOfPage\":{\"@id\":\"https:\/\/portaltela.pt\/noticias\/2026\/03\/23\/euribor-a-6-e-12-meses-sobem-para-maximos-de-mais-de-um-ano\/#primaryimage\"},\"image\":{\"@id\":\"https:\/\/portaltela.pt\/noticias\/2026\/03\/23\/euribor-a-6-e-12-meses-sobem-para-maximos-de-mais-de-um-ano\/#primaryimage\"},\"thumbnailUrl\":\"https:\/\/portaltela.pt\/s.01k8rhncp4jt1\/2026\/03\/CACHE_780X1200_ANALOG_WATERMARKED_26448953_5930570_18032022105236.jpg\",\"datePublished\":\"2026-03-23T11:00:00+00:00\",\"author\":{\"@id\":\"https:\/\/portaltela.pt\/#\/schema\/person\/c4278d4a6028830caff9ee44b42d32ed\"},\"breadcrumb\":{\"@id\":\"https:\/\/portaltela.pt\/noticias\/2026\/03\/23\/euribor-a-6-e-12-meses-sobem-para-maximos-de-mais-de-um-ano\/#breadcrumb\"},\"inLanguage\":\"pt-PT\",\"potentialAction\":[{\"@type\":\"ReadAction\",\"target\":[\"https:\/\/portaltela.pt\/noticias\/2026\/03\/23\/euribor-a-6-e-12-meses-sobem-para-maximos-de-mais-de-um-ano\/\"]}]},{\"@type\":\"ImageObject\",\"inLanguage\":\"pt-PT\",\"@id\":\"https:\/\/portaltela.pt\/noticias\/2026\/03\/23\/euribor-a-6-e-12-meses-sobem-para-maximos-de-mais-de-um-ano\/#primaryimage\",\"url\":\"https:\/\/portaltela.pt\/s.01k8rhncp4jt1\/2026\/03\/CACHE_780X1200_ANALOG_WATERMARKED_26448953_5930570_18032022105236.jpg\",\"contentUrl\":\"https:\/\/portaltela.pt\/s.01k8rhncp4jt1\/2026\/03\/CACHE_780X1200_ANALOG_WATERMARKED_26448953_5930570_18032022105236.jpg\",\"width\":796,\"height\":448,\"caption\":\"Taxas Euribor sobem a 6 e a 12 meses para m\u00e1ximos de mais de um ano\"},{\"@type\":\"BreadcrumbList\",\"@id\":\"https:\/\/portaltela.pt\/noticias\/2026\/03\/23\/euribor-a-6-e-12-meses-sobem-para-maximos-de-mais-de-um-ano\/#breadcrumb\",\"itemListElement\":[{\"@type\":\"ListItem\",\"position\":1,\"name\":\"In\u00edcio\",\"item\":\"https:\/\/portaltela.pt\/\"},{\"@type\":\"ListItem\",\"position\":2,\"name\":\"Euribor a 6 e 12 meses sobem para m\u00e1ximos de mais de um ano\"}]},{\"@type\":\"WebSite\",\"@id\":\"https:\/\/portaltela.pt\/#website\",\"url\":\"https:\/\/portaltela.pt\/\",\"name\":\"Portal Tela Portugal\",\"description\":\"\",\"potentialAction\":[{\"@type\":\"SearchAction\",\"target\":{\"@type\":\"EntryPoint\",\"urlTemplate\":\"https:\/\/portaltela.pt\/?s={search_term_string}\"},\"query-input\":{\"@type\":\"PropertyValueSpecification\",\"valueRequired\":true,\"valueName\":\"search_term_string\"}}],\"inLanguage\":\"pt-PT\"},{\"@type\":\"Person\",\"@id\":\"https:\/\/portaltela.pt\/#\/schema\/person\/c4278d4a6028830caff9ee44b42d32ed\",\"name\":\"Telinha\",\"image\":{\"@type\":\"ImageObject\",\"inLanguage\":\"pt-PT\",\"@id\":\"https:\/\/portaltela.pt\/s.01k8rhncp4jt1\/2025\/11\/talking-bot-125x125.png\",\"url\":\"https:\/\/portaltela.pt\/s.01k8rhncp4jt1\/2025\/11\/talking-bot-125x125.png\",\"contentUrl\":\"https:\/\/portaltela.pt\/s.01k8rhncp4jt1\/2025\/11\/talking-bot-125x125.png\",\"caption\":\"Telinha\"},\"sameAs\":[\"https:\/\/portaltela.pt\/\"],\"url\":\"https:\/\/portaltela.pt\/por\/367410592786\/\"}]}<\/script>\n<!-- \/ Yoast SEO plugin. -->","yoast_head_json":{"title":"Euribor a 6 e 12 meses sobem para m\u00e1ximos de mais de um ano - Portal Tela Portugal","robots":{"index":"index","follow":"follow","max-snippet":"max-snippet:-1","max-image-preview":"max-image-preview:large","max-video-preview":"max-video-preview:-1"},"og_locale":"pt_PT","og_type":"article","og_title":"Euribor a 6 e 12 meses sobem para m\u00e1ximos de mais de um ano - Portal Tela Portugal","og_description":"Euribor a seis meses atingiu o maior n\u00edvel de mais de um ano. Euribor a doze meses atingiu tamb\u00e9m o maior n\u00edvel de mais de um ano. O ajuste acontece num contexto de subida das taxas de refer\u00eancia na zona euro. A not\u00edcia completa est\u00e1 dispon\u00edvel apenas para subscritores.","og_url":"https:\/\/portaltela.pt\/noticias\/2026\/03\/23\/euribor-a-6-e-12-meses-sobem-para-maximos-de-mais-de-um-ano\/","og_site_name":"Portal Tela Portugal","article_published_time":"2026-03-23T11:00:00+00:00","author":"Telinha","twitter_card":"summary_large_image","twitter_misc":{"Escrito por":"Telinha","Tempo estimado de leitura":"1 minuto"},"schema":{"@context":"https:\/\/schema.org","@graph":[{"@type":"Article","@id":"https:\/\/portaltela.pt\/noticias\/2026\/03\/23\/euribor-a-6-e-12-meses-sobem-para-maximos-de-mais-de-um-ano\/#article","isPartOf":{"@id":"https:\/\/portaltela.pt\/noticias\/2026\/03\/23\/euribor-a-6-e-12-meses-sobem-para-maximos-de-mais-de-um-ano\/"},"author":{"name":"Telinha","@id":"https:\/\/portaltela.pt\/#\/schema\/person\/c4278d4a6028830caff9ee44b42d32ed"},"headline":"Euribor a 6 e 12 meses sobem para m\u00e1ximos de mais de um ano","datePublished":"2026-03-23T11:00:00+00:00","mainEntityOfPage":{"@id":"https:\/\/portaltela.pt\/noticias\/2026\/03\/23\/euribor-a-6-e-12-meses-sobem-para-maximos-de-mais-de-um-ano\/"},"wordCount":262,"image":{"@id":"https:\/\/portaltela.pt\/noticias\/2026\/03\/23\/euribor-a-6-e-12-meses-sobem-para-maximos-de-mais-de-um-ano\/#primaryimage"},"thumbnailUrl":"https:\/\/portaltela.pt\/s.01k8rhncp4jt1\/2026\/03\/CACHE_780X1200_ANALOG_WATERMARKED_26448953_5930570_18032022105236.jpg","keywords":["_economia","cr\u00e9dito","Cr\u00e9dito ao Consumo","economia","habita\u00e7\u00e3o","Portugal"],"articleSection":["Economia","Finan\u00e7as"],"inLanguage":"pt-PT"},{"@type":"WebPage","@id":"https:\/\/portaltela.pt\/noticias\/2026\/03\/23\/euribor-a-6-e-12-meses-sobem-para-maximos-de-mais-de-um-ano\/","url":"https:\/\/portaltela.pt\/noticias\/2026\/03\/23\/euribor-a-6-e-12-meses-sobem-para-maximos-de-mais-de-um-ano\/","name":"Euribor a 6 e 12 meses sobem para m\u00e1ximos de mais de um ano - Portal Tela Portugal","isPartOf":{"@id":"https:\/\/portaltela.pt\/#website"},"primaryImageOfPage":{"@id":"https:\/\/portaltela.pt\/noticias\/2026\/03\/23\/euribor-a-6-e-12-meses-sobem-para-maximos-de-mais-de-um-ano\/#primaryimage"},"image":{"@id":"https:\/\/portaltela.pt\/noticias\/2026\/03\/23\/euribor-a-6-e-12-meses-sobem-para-maximos-de-mais-de-um-ano\/#primaryimage"},"thumbnailUrl":"https:\/\/portaltela.pt\/s.01k8rhncp4jt1\/2026\/03\/CACHE_780X1200_ANALOG_WATERMARKED_26448953_5930570_18032022105236.jpg","datePublished":"2026-03-23T11:00:00+00:00","author":{"@id":"https:\/\/portaltela.pt\/#\/schema\/person\/c4278d4a6028830caff9ee44b42d32ed"},"breadcrumb":{"@id":"https:\/\/portaltela.pt\/noticias\/2026\/03\/23\/euribor-a-6-e-12-meses-sobem-para-maximos-de-mais-de-um-ano\/#breadcrumb"},"inLanguage":"pt-PT","potentialAction":[{"@type":"ReadAction","target":["https:\/\/portaltela.pt\/noticias\/2026\/03\/23\/euribor-a-6-e-12-meses-sobem-para-maximos-de-mais-de-um-ano\/"]}]},{"@type":"ImageObject","inLanguage":"pt-PT","@id":"https:\/\/portaltela.pt\/noticias\/2026\/03\/23\/euribor-a-6-e-12-meses-sobem-para-maximos-de-mais-de-um-ano\/#primaryimage","url":"https:\/\/portaltela.pt\/s.01k8rhncp4jt1\/2026\/03\/CACHE_780X1200_ANALOG_WATERMARKED_26448953_5930570_18032022105236.jpg","contentUrl":"https:\/\/portaltela.pt\/s.01k8rhncp4jt1\/2026\/03\/CACHE_780X1200_ANALOG_WATERMARKED_26448953_5930570_18032022105236.jpg","width":796,"height":448,"caption":"Taxas Euribor sobem a 6 e a 12 meses para m\u00e1ximos de mais de um ano"},{"@type":"BreadcrumbList","@id":"https:\/\/portaltela.pt\/noticias\/2026\/03\/23\/euribor-a-6-e-12-meses-sobem-para-maximos-de-mais-de-um-ano\/#breadcrumb","itemListElement":[{"@type":"ListItem","position":1,"name":"In\u00edcio","item":"https:\/\/portaltela.pt\/"},{"@type":"ListItem","position":2,"name":"Euribor a 6 e 12 meses sobem para m\u00e1ximos de mais de um ano"}]},{"@type":"WebSite","@id":"https:\/\/portaltela.pt\/#website","url":"https:\/\/portaltela.pt\/","name":"Portal Tela Portugal","description":"","potentialAction":[{"@type":"SearchAction","target":{"@type":"EntryPoint","urlTemplate":"https:\/\/portaltela.pt\/?s={search_term_string}"},"query-input":{"@type":"PropertyValueSpecification","valueRequired":true,"valueName":"search_term_string"}}],"inLanguage":"pt-PT"},{"@type":"Person","@id":"https:\/\/portaltela.pt\/#\/schema\/person\/c4278d4a6028830caff9ee44b42d32ed","name":"Telinha","image":{"@type":"ImageObject","inLanguage":"pt-PT","@id":"https:\/\/portaltela.pt\/s.01k8rhncp4jt1\/2025\/11\/talking-bot-125x125.png","url":"https:\/\/portaltela.pt\/s.01k8rhncp4jt1\/2025\/11\/talking-bot-125x125.png","contentUrl":"https:\/\/portaltela.pt\/s.01k8rhncp4jt1\/2025\/11\/talking-bot-125x125.png","caption":"Telinha"},"sameAs":["https:\/\/portaltela.pt\/"],"url":"https:\/\/portaltela.pt\/por\/367410592786\/"}]}},"_links":{"self":[{"href":"https:\/\/portaltela.pt\/api\/wp\/v2\/posts\/418279","targetHints":{"allow":["GET"]}}],"collection":[{"href":"https:\/\/portaltela.pt\/api\/wp\/v2\/posts"}],"about":[{"href":"https:\/\/portaltela.pt\/api\/wp\/v2\/types\/post"}],"author":[{"embeddable":true,"href":"https:\/\/portaltela.pt\/api\/wp\/v2\/users\/2"}],"replies":[{"embeddable":true,"href":"https:\/\/portaltela.pt\/api\/wp\/v2\/comments?post=418279"}],"version-history":[{"count":0,"href":"https:\/\/portaltela.pt\/api\/wp\/v2\/posts\/418279\/revisions"}],"wp:featuredmedia":[{"embeddable":true,"href":"https:\/\/portaltela.pt\/api\/wp\/v2\/media\/418281"}],"wp:attachment":[{"href":"https:\/\/portaltela.pt\/api\/wp\/v2\/media?parent=418279"}],"wp:term":[{"taxonomy":"category","embeddable":true,"href":"https:\/\/portaltela.pt\/api\/wp\/v2\/categories?post=418279"},{"taxonomy":"post_tag","embeddable":true,"href":"https:\/\/portaltela.pt\/api\/wp\/v2\/tags?post=418279"}],"curies":[{"name":"wp","href":"https:\/\/api.w.org\/{rel}","templated":true}]}}