{"id":418276,"date":"2026-03-23T07:30:00","date_gmt":"2026-03-23T10:30:00","guid":{"rendered":"https:\/\/portaltela.pt\/noticias\/2026\/03\/23\/portugal-nao-ve-riscos-com-a-revisao-da-directiva-quadro-da-agua\/"},"modified":"2026-03-23T07:30:00","modified_gmt":"2026-03-23T10:30:00","slug":"portugal-nao-ve-riscos-com-a-revisao-da-directiva-quadro-da-agua","status":"publish","type":"post","link":"https:\/\/portaltela.pt\/meio-ambiente\/2026\/03\/23\/portugal-nao-ve-riscos-com-a-revisao-da-directiva-quadro-da-agua\/","title":{"rendered":"Portugal n\u00e3o v\u00ea riscos com a revis\u00e3o da Directiva-Quadro da \u00c1gua"},"content":{"rendered":"<p>A associa\u00e7\u00e3o ambientalista Zero alertou para riscos na prote\u00e7\u00e3o da \u00e1gua na Europa caso avance a revis\u00e3o da Directiva-Quadro da \u00c1gua. A proposta visa facilitar o acesso a mat\u00e9rias-primas cr\u00edticas e \u00e9 apresentada como medida de efici\u00eancia, mas a Zero considera que pode desvalorizar a prote\u00e7\u00e3o dos recursos h\u00eddricos. O processo deve ficar conclu\u00eddo at\u00e9 junho.<\/p>\n<p>A organiza\u00e7\u00e3o sustenta que, em Portugal, a revis\u00e3o pode abrir espa\u00e7o para projetos com impactos profundos nos recursos h\u00eddricos e em zonas ambientalmente sens\u00edveis. A Zero sublinha ainda que o pa\u00eds j\u00e1 enfrenta fragilidades vinculadas \u00e0 gest\u00e3o da \u00e1gua e \u00e0 escassez causada pela altera\u00e7\u00f5es clim\u00e1ticas.<\/p>\n<p>A Uni\u00e3o Europeia prepara planos para a Estrat\u00e9gia de Resili\u00eancia da \u00c1gua 2024-2029, com foco na escassez, nas secas e na press\u00e3o agr\u00edcola, polui\u00e7\u00e3o e urbaniza\u00e7\u00e3o. A maioria das massas de \u00e1gua de superf\u00edcie da UE est\u00e1 polu\u00edda e pode n\u00e3o cumprir metas de qualidade at\u00e9 2027.<\/p>\n<p>Impacto em Portugal<\/p>\n<p>A Zero acusa o Governo portugu\u00eas de falta de pol\u00edticas coerentes na gest\u00e3o da \u00e1gua. A associa\u00e7\u00e3o critica a Estrat\u00e9gia \u00c1gua que Une, por considerar que privilegia novas barragens em detrimento de medidas de redu\u00e7\u00e3o de perdas, efici\u00eancia no uso da \u00e1gua e recupera\u00e7\u00e3o de massas degradadas.<\/p>\n<p>A organiza\u00e7\u00e3o sustenta que a Directiva-Quadro \u00e9 essencial para padr\u00f5es m\u00ednimos de prote\u00e7\u00e3o, gest\u00e3o por bacia e equil\u00edbrio entre usos da \u00e1gua. Altera\u00e7\u00f5es podem facilitar projetos de interesse p\u00fablico, mas tamb\u00e9m atividades extractivas em \u00e1reas sens\u00edveis, colocando aqu\u00edferos em risco.<\/p>\n<p>Apelos finais<\/p>\n<p>A Zero afirma n\u00e3o haver evid\u00eancias de benef\u00edcios reais com a revis\u00e3o da diretiva e lembra que a legisla\u00e7\u00e3o atual j\u00e1 prev\u00ea flexibilidade suficiente. Em Portugal, a \u00e1gua \u00e9 tratada como recurso estrat\u00e9gico, segundo a associa\u00e7\u00e3o, o que exige uma posi\u00e7\u00e3o clara do Governo.<\/p>\n<p>A Zero apelou ao Governo para defender a Directiva-Quadro da \u00c1gua nas negocia\u00e7\u00f5es europeias, mantendo os objetivos ambientais no contexto das pol\u00edticas nacionais. A organiza\u00e7\u00e3o refor\u00e7ou a necessidade de manter a prote\u00e7\u00e3o dos recursos h\u00eddricos como prioridade.<\/p>\n","protected":false},"excerpt":{"rendered":"<ul>\n<li>A associa\u00e7\u00e3o ambiental Zero alerta para riscos de enfraquecimento da Directiva-Quadro da \u00c1gua na Europa, com impactos previstos em Portugal.<\/li>\n<li>A revis\u00e3o proposta visa eliminar constrangimentos ao acesso a mat\u00e9rias-primas cr\u00edticas, apresentada como medida de efici\u00eancia, mas considerada pela Zero como desvaloriza\u00e7\u00e3o da prote\u00e7\u00e3o dos recursos h\u00eddricos.<\/li>\n<li>A Comiss\u00e3o Europeia prepara a Estrat\u00e9gia de Resili\u00eancia da \u00c1gua para 2024-2029, face \u00e0 escassez e \u00e0s secas, com\u0637\u0628 press\u00e3o da agricultura, polui\u00e7\u00e3o e urbaniza\u00e7\u00e3o sobre o abastecimento.<\/li>\n<li>A Zero acusa o Governo portugu\u00eas de n\u00e3o ter pol\u00edticas coerentes e critica a estrat\u00e9gia \u00c1gua que Une, defendendo prioridade a medidas como redu\u00e7\u00e3o de perdas e melhoria da efici\u00eancia no uso da \u00e1gua.<\/li>\n<li>A associa\u00e7\u00e3o defende que altera\u00e7\u00f5es \u00e0 Directiva-Quadro podem abrir caminho a projetos com impactos profundos e duradouros sobre recursos h\u00eddricos e ecossistemas, incluindo atividades extractivas em zonas ambientalmente sens\u00edveis.<\/li>\n<\/ul>\n","protected":false},"author":2,"featured_media":418278,"comment_status":"closed","ping_status":"closed","sticky":false,"template":"","format":"standard","meta":{"footnotes":""},"categories":[6725],"tags":[1090,2665,3147,3750,2055],"class_list":["post-418276","post","type-post","status-publish","format-standard","has-post-thumbnail","hentry","category-meio-ambiente","tag-agua","tag-alteracoes-climaticas","tag-gestao-de-recursos-hidricos","tag-poluicao-ambiental","tag-uniao-europeia"],"yoast_head":"<!-- This site is optimized with the Yoast SEO plugin v27.2 - https:\/\/yoast.com\/product\/yoast-seo-wordpress\/ -->\n<title>Portugal n\u00e3o v\u00ea riscos com a revis\u00e3o da Directiva-Quadro da \u00c1gua - Portal Tela Portugal<\/title>\n<meta name=\"robots\" content=\"index, follow, max-snippet:-1, max-image-preview:large, max-video-preview:-1\" \/>\n<meta property=\"og:locale\" content=\"pt_PT\" \/>\n<meta property=\"og:type\" content=\"article\" \/>\n<meta property=\"og:title\" content=\"Portugal n\u00e3o v\u00ea riscos com a revis\u00e3o da Directiva-Quadro da \u00c1gua - Portal Tela Portugal\" \/>\n<meta property=\"og:description\" content=\"A associa\u00e7\u00e3o ambiental Zero alerta para riscos de enfraquecimento da Directiva-Quadro da \u00c1gua na Europa, com impactos previstos em Portugal. A revis\u00e3o proposta visa eliminar constrangimentos ao acesso a mat\u00e9rias-primas cr\u00edticas, apresentada como medida de efici\u00eancia, mas considerada pela Zero como desvaloriza\u00e7\u00e3o da prote\u00e7\u00e3o dos recursos h\u00eddricos. A Comiss\u00e3o Europeia prepara a Estrat\u00e9gia de Resili\u00eancia da \u00c1gua para 2024-2029, face \u00e0 escassez e \u00e0s secas, com\u0637\u0628 press\u00e3o da agricultura, polui\u00e7\u00e3o e urbaniza\u00e7\u00e3o sobre o abastecimento. A Zero acusa o Governo portugu\u00eas de n\u00e3o ter pol\u00edticas coerentes e critica a estrat\u00e9gia \u00c1gua que Une, defendendo prioridade a medidas como redu\u00e7\u00e3o de perdas e melhoria da efici\u00eancia no uso da \u00e1gua. A associa\u00e7\u00e3o defende que altera\u00e7\u00f5es \u00e0 Directiva-Quadro podem abrir caminho a projetos com impactos profundos e duradouros sobre recursos h\u00eddricos e ecossistemas, incluindo atividades extractivas em zonas ambientalmente sens\u00edveis.\" \/>\n<meta property=\"og:url\" content=\"https:\/\/portaltela.pt\/noticias\/2026\/03\/23\/portugal-nao-ve-riscos-com-a-revisao-da-directiva-quadro-da-agua\/\" \/>\n<meta property=\"og:site_name\" content=\"Portal Tela Portugal\" \/>\n<meta property=\"article:published_time\" content=\"2026-03-23T10:30:00+00:00\" \/>\n<meta name=\"author\" content=\"Telinha\" \/>\n<meta name=\"twitter:card\" content=\"summary_large_image\" \/>\n<meta name=\"twitter:label1\" content=\"Escrito por\" \/>\n\t<meta name=\"twitter:data1\" content=\"Telinha\" \/>\n\t<meta name=\"twitter:label2\" content=\"Tempo estimado de leitura\" \/>\n\t<meta name=\"twitter:data2\" content=\"2 minutos\" \/>\n<script type=\"application\/ld+json\" class=\"yoast-schema-graph\">{\"@context\":\"https:\/\/schema.org\",\"@graph\":[{\"@type\":\"Article\",\"@id\":\"https:\/\/portaltela.pt\/noticias\/2026\/03\/23\/portugal-nao-ve-riscos-com-a-revisao-da-directiva-quadro-da-agua\/#article\",\"isPartOf\":{\"@id\":\"https:\/\/portaltela.pt\/noticias\/2026\/03\/23\/portugal-nao-ve-riscos-com-a-revisao-da-directiva-quadro-da-agua\/\"},\"author\":{\"name\":\"Telinha\",\"@id\":\"https:\/\/portaltela.pt\/#\/schema\/person\/c4278d4a6028830caff9ee44b42d32ed\"},\"headline\":\"Portugal n\u00e3o v\u00ea riscos com a revis\u00e3o da Directiva-Quadro da \u00c1gua\",\"datePublished\":\"2026-03-23T10:30:00+00:00\",\"mainEntityOfPage\":{\"@id\":\"https:\/\/portaltela.pt\/noticias\/2026\/03\/23\/portugal-nao-ve-riscos-com-a-revisao-da-directiva-quadro-da-agua\/\"},\"wordCount\":390,\"image\":{\"@id\":\"https:\/\/portaltela.pt\/noticias\/2026\/03\/23\/portugal-nao-ve-riscos-com-a-revisao-da-directiva-quadro-da-agua\/#primaryimage\"},\"thumbnailUrl\":\"https:\/\/portaltela.pt\/s.01k8rhncp4jt1\/2026\/03\/2076286.jpg\",\"keywords\":[\"\u00e1gua\",\"Altera\u00e7\u00f5es Clim\u00e1ticas\",\"Gest\u00e3o de Recursos H\u00eddricos\",\"polui\u00e7\u00e3o ambiental\",\"Uni\u00e3o Europeia\"],\"articleSection\":[\"Meio Ambiente\"],\"inLanguage\":\"pt-PT\"},{\"@type\":\"WebPage\",\"@id\":\"https:\/\/portaltela.pt\/noticias\/2026\/03\/23\/portugal-nao-ve-riscos-com-a-revisao-da-directiva-quadro-da-agua\/\",\"url\":\"https:\/\/portaltela.pt\/noticias\/2026\/03\/23\/portugal-nao-ve-riscos-com-a-revisao-da-directiva-quadro-da-agua\/\",\"name\":\"Portugal n\u00e3o v\u00ea riscos com a revis\u00e3o da Directiva-Quadro da \u00c1gua - Portal Tela Portugal\",\"isPartOf\":{\"@id\":\"https:\/\/portaltela.pt\/#website\"},\"primaryImageOfPage\":{\"@id\":\"https:\/\/portaltela.pt\/noticias\/2026\/03\/23\/portugal-nao-ve-riscos-com-a-revisao-da-directiva-quadro-da-agua\/#primaryimage\"},\"image\":{\"@id\":\"https:\/\/portaltela.pt\/noticias\/2026\/03\/23\/portugal-nao-ve-riscos-com-a-revisao-da-directiva-quadro-da-agua\/#primaryimage\"},\"thumbnailUrl\":\"https:\/\/portaltela.pt\/s.01k8rhncp4jt1\/2026\/03\/2076286.jpg\",\"datePublished\":\"2026-03-23T10:30:00+00:00\",\"author\":{\"@id\":\"https:\/\/portaltela.pt\/#\/schema\/person\/c4278d4a6028830caff9ee44b42d32ed\"},\"breadcrumb\":{\"@id\":\"https:\/\/portaltela.pt\/noticias\/2026\/03\/23\/portugal-nao-ve-riscos-com-a-revisao-da-directiva-quadro-da-agua\/#breadcrumb\"},\"inLanguage\":\"pt-PT\",\"potentialAction\":[{\"@type\":\"ReadAction\",\"target\":[\"https:\/\/portaltela.pt\/noticias\/2026\/03\/23\/portugal-nao-ve-riscos-com-a-revisao-da-directiva-quadro-da-agua\/\"]}]},{\"@type\":\"ImageObject\",\"inLanguage\":\"pt-PT\",\"@id\":\"https:\/\/portaltela.pt\/noticias\/2026\/03\/23\/portugal-nao-ve-riscos-com-a-revisao-da-directiva-quadro-da-agua\/#primaryimage\",\"url\":\"https:\/\/portaltela.pt\/s.01k8rhncp4jt1\/2026\/03\/2076286.jpg\",\"contentUrl\":\"https:\/\/portaltela.pt\/s.01k8rhncp4jt1\/2026\/03\/2076286.jpg\",\"width\":796,\"height\":448,\"caption\":\"Passeio num barco tradicional do rio Lima\"},{\"@type\":\"BreadcrumbList\",\"@id\":\"https:\/\/portaltela.pt\/noticias\/2026\/03\/23\/portugal-nao-ve-riscos-com-a-revisao-da-directiva-quadro-da-agua\/#breadcrumb\",\"itemListElement\":[{\"@type\":\"ListItem\",\"position\":1,\"name\":\"In\u00edcio\",\"item\":\"https:\/\/portaltela.pt\/\"},{\"@type\":\"ListItem\",\"position\":2,\"name\":\"Portugal n\u00e3o v\u00ea riscos com a revis\u00e3o da Directiva-Quadro da \u00c1gua\"}]},{\"@type\":\"WebSite\",\"@id\":\"https:\/\/portaltela.pt\/#website\",\"url\":\"https:\/\/portaltela.pt\/\",\"name\":\"Portal Tela Portugal\",\"description\":\"\",\"potentialAction\":[{\"@type\":\"SearchAction\",\"target\":{\"@type\":\"EntryPoint\",\"urlTemplate\":\"https:\/\/portaltela.pt\/?s={search_term_string}\"},\"query-input\":{\"@type\":\"PropertyValueSpecification\",\"valueRequired\":true,\"valueName\":\"search_term_string\"}}],\"inLanguage\":\"pt-PT\"},{\"@type\":\"Person\",\"@id\":\"https:\/\/portaltela.pt\/#\/schema\/person\/c4278d4a6028830caff9ee44b42d32ed\",\"name\":\"Telinha\",\"image\":{\"@type\":\"ImageObject\",\"inLanguage\":\"pt-PT\",\"@id\":\"https:\/\/portaltela.pt\/s.01k8rhncp4jt1\/2025\/11\/talking-bot-125x125.png\",\"url\":\"https:\/\/portaltela.pt\/s.01k8rhncp4jt1\/2025\/11\/talking-bot-125x125.png\",\"contentUrl\":\"https:\/\/portaltela.pt\/s.01k8rhncp4jt1\/2025\/11\/talking-bot-125x125.png\",\"caption\":\"Telinha\"},\"sameAs\":[\"https:\/\/portaltela.pt\/\"],\"url\":\"https:\/\/portaltela.pt\/por\/367410592786\/\"}]}<\/script>\n<!-- \/ Yoast SEO plugin. -->","yoast_head_json":{"title":"Portugal n\u00e3o v\u00ea riscos com a revis\u00e3o da Directiva-Quadro da \u00c1gua - Portal Tela Portugal","robots":{"index":"index","follow":"follow","max-snippet":"max-snippet:-1","max-image-preview":"max-image-preview:large","max-video-preview":"max-video-preview:-1"},"og_locale":"pt_PT","og_type":"article","og_title":"Portugal n\u00e3o v\u00ea riscos com a revis\u00e3o da Directiva-Quadro da \u00c1gua - Portal Tela Portugal","og_description":"A associa\u00e7\u00e3o ambiental Zero alerta para riscos de enfraquecimento da Directiva-Quadro da \u00c1gua na Europa, com impactos previstos em Portugal. A revis\u00e3o proposta visa eliminar constrangimentos ao acesso a mat\u00e9rias-primas cr\u00edticas, apresentada como medida de efici\u00eancia, mas considerada pela Zero como desvaloriza\u00e7\u00e3o da prote\u00e7\u00e3o dos recursos h\u00eddricos. A Comiss\u00e3o Europeia prepara a Estrat\u00e9gia de Resili\u00eancia da \u00c1gua para 2024-2029, face \u00e0 escassez e \u00e0s secas, com\u0637\u0628 press\u00e3o da agricultura, polui\u00e7\u00e3o e urbaniza\u00e7\u00e3o sobre o abastecimento. A Zero acusa o Governo portugu\u00eas de n\u00e3o ter pol\u00edticas coerentes e critica a estrat\u00e9gia \u00c1gua que Une, defendendo prioridade a medidas como redu\u00e7\u00e3o de perdas e melhoria da efici\u00eancia no uso da \u00e1gua. A associa\u00e7\u00e3o defende que altera\u00e7\u00f5es \u00e0 Directiva-Quadro podem abrir caminho a projetos com impactos profundos e duradouros sobre recursos h\u00eddricos e ecossistemas, incluindo atividades extractivas em zonas ambientalmente sens\u00edveis.","og_url":"https:\/\/portaltela.pt\/noticias\/2026\/03\/23\/portugal-nao-ve-riscos-com-a-revisao-da-directiva-quadro-da-agua\/","og_site_name":"Portal Tela Portugal","article_published_time":"2026-03-23T10:30:00+00:00","author":"Telinha","twitter_card":"summary_large_image","twitter_misc":{"Escrito por":"Telinha","Tempo estimado de leitura":"2 minutos"},"schema":{"@context":"https:\/\/schema.org","@graph":[{"@type":"Article","@id":"https:\/\/portaltela.pt\/noticias\/2026\/03\/23\/portugal-nao-ve-riscos-com-a-revisao-da-directiva-quadro-da-agua\/#article","isPartOf":{"@id":"https:\/\/portaltela.pt\/noticias\/2026\/03\/23\/portugal-nao-ve-riscos-com-a-revisao-da-directiva-quadro-da-agua\/"},"author":{"name":"Telinha","@id":"https:\/\/portaltela.pt\/#\/schema\/person\/c4278d4a6028830caff9ee44b42d32ed"},"headline":"Portugal n\u00e3o v\u00ea riscos com a revis\u00e3o da Directiva-Quadro da \u00c1gua","datePublished":"2026-03-23T10:30:00+00:00","mainEntityOfPage":{"@id":"https:\/\/portaltela.pt\/noticias\/2026\/03\/23\/portugal-nao-ve-riscos-com-a-revisao-da-directiva-quadro-da-agua\/"},"wordCount":390,"image":{"@id":"https:\/\/portaltela.pt\/noticias\/2026\/03\/23\/portugal-nao-ve-riscos-com-a-revisao-da-directiva-quadro-da-agua\/#primaryimage"},"thumbnailUrl":"https:\/\/portaltela.pt\/s.01k8rhncp4jt1\/2026\/03\/2076286.jpg","keywords":["\u00e1gua","Altera\u00e7\u00f5es Clim\u00e1ticas","Gest\u00e3o de Recursos H\u00eddricos","polui\u00e7\u00e3o ambiental","Uni\u00e3o Europeia"],"articleSection":["Meio Ambiente"],"inLanguage":"pt-PT"},{"@type":"WebPage","@id":"https:\/\/portaltela.pt\/noticias\/2026\/03\/23\/portugal-nao-ve-riscos-com-a-revisao-da-directiva-quadro-da-agua\/","url":"https:\/\/portaltela.pt\/noticias\/2026\/03\/23\/portugal-nao-ve-riscos-com-a-revisao-da-directiva-quadro-da-agua\/","name":"Portugal n\u00e3o v\u00ea riscos com a revis\u00e3o da Directiva-Quadro da \u00c1gua - Portal Tela Portugal","isPartOf":{"@id":"https:\/\/portaltela.pt\/#website"},"primaryImageOfPage":{"@id":"https:\/\/portaltela.pt\/noticias\/2026\/03\/23\/portugal-nao-ve-riscos-com-a-revisao-da-directiva-quadro-da-agua\/#primaryimage"},"image":{"@id":"https:\/\/portaltela.pt\/noticias\/2026\/03\/23\/portugal-nao-ve-riscos-com-a-revisao-da-directiva-quadro-da-agua\/#primaryimage"},"thumbnailUrl":"https:\/\/portaltela.pt\/s.01k8rhncp4jt1\/2026\/03\/2076286.jpg","datePublished":"2026-03-23T10:30:00+00:00","author":{"@id":"https:\/\/portaltela.pt\/#\/schema\/person\/c4278d4a6028830caff9ee44b42d32ed"},"breadcrumb":{"@id":"https:\/\/portaltela.pt\/noticias\/2026\/03\/23\/portugal-nao-ve-riscos-com-a-revisao-da-directiva-quadro-da-agua\/#breadcrumb"},"inLanguage":"pt-PT","potentialAction":[{"@type":"ReadAction","target":["https:\/\/portaltela.pt\/noticias\/2026\/03\/23\/portugal-nao-ve-riscos-com-a-revisao-da-directiva-quadro-da-agua\/"]}]},{"@type":"ImageObject","inLanguage":"pt-PT","@id":"https:\/\/portaltela.pt\/noticias\/2026\/03\/23\/portugal-nao-ve-riscos-com-a-revisao-da-directiva-quadro-da-agua\/#primaryimage","url":"https:\/\/portaltela.pt\/s.01k8rhncp4jt1\/2026\/03\/2076286.jpg","contentUrl":"https:\/\/portaltela.pt\/s.01k8rhncp4jt1\/2026\/03\/2076286.jpg","width":796,"height":448,"caption":"Passeio num barco tradicional do rio Lima"},{"@type":"BreadcrumbList","@id":"https:\/\/portaltela.pt\/noticias\/2026\/03\/23\/portugal-nao-ve-riscos-com-a-revisao-da-directiva-quadro-da-agua\/#breadcrumb","itemListElement":[{"@type":"ListItem","position":1,"name":"In\u00edcio","item":"https:\/\/portaltela.pt\/"},{"@type":"ListItem","position":2,"name":"Portugal n\u00e3o v\u00ea riscos com a revis\u00e3o da Directiva-Quadro da \u00c1gua"}]},{"@type":"WebSite","@id":"https:\/\/portaltela.pt\/#website","url":"https:\/\/portaltela.pt\/","name":"Portal Tela Portugal","description":"","potentialAction":[{"@type":"SearchAction","target":{"@type":"EntryPoint","urlTemplate":"https:\/\/portaltela.pt\/?s={search_term_string}"},"query-input":{"@type":"PropertyValueSpecification","valueRequired":true,"valueName":"search_term_string"}}],"inLanguage":"pt-PT"},{"@type":"Person","@id":"https:\/\/portaltela.pt\/#\/schema\/person\/c4278d4a6028830caff9ee44b42d32ed","name":"Telinha","image":{"@type":"ImageObject","inLanguage":"pt-PT","@id":"https:\/\/portaltela.pt\/s.01k8rhncp4jt1\/2025\/11\/talking-bot-125x125.png","url":"https:\/\/portaltela.pt\/s.01k8rhncp4jt1\/2025\/11\/talking-bot-125x125.png","contentUrl":"https:\/\/portaltela.pt\/s.01k8rhncp4jt1\/2025\/11\/talking-bot-125x125.png","caption":"Telinha"},"sameAs":["https:\/\/portaltela.pt\/"],"url":"https:\/\/portaltela.pt\/por\/367410592786\/"}]}},"_links":{"self":[{"href":"https:\/\/portaltela.pt\/api\/wp\/v2\/posts\/418276","targetHints":{"allow":["GET"]}}],"collection":[{"href":"https:\/\/portaltela.pt\/api\/wp\/v2\/posts"}],"about":[{"href":"https:\/\/portaltela.pt\/api\/wp\/v2\/types\/post"}],"author":[{"embeddable":true,"href":"https:\/\/portaltela.pt\/api\/wp\/v2\/users\/2"}],"replies":[{"embeddable":true,"href":"https:\/\/portaltela.pt\/api\/wp\/v2\/comments?post=418276"}],"version-history":[{"count":0,"href":"https:\/\/portaltela.pt\/api\/wp\/v2\/posts\/418276\/revisions"}],"wp:featuredmedia":[{"embeddable":true,"href":"https:\/\/portaltela.pt\/api\/wp\/v2\/media\/418278"}],"wp:attachment":[{"href":"https:\/\/portaltela.pt\/api\/wp\/v2\/media?parent=418276"}],"wp:term":[{"taxonomy":"category","embeddable":true,"href":"https:\/\/portaltela.pt\/api\/wp\/v2\/categories?post=418276"},{"taxonomy":"post_tag","embeddable":true,"href":"https:\/\/portaltela.pt\/api\/wp\/v2\/tags?post=418276"}],"curies":[{"name":"wp","href":"https:\/\/api.w.org\/{rel}","templated":true}]}}