{"id":418273,"date":"2026-03-23T07:45:00","date_gmt":"2026-03-23T10:45:00","guid":{"rendered":"https:\/\/portaltela.pt\/noticias\/2026\/03\/23\/lusodescendentes-fortalecem-curling-portugues-com-base-no-canada\/"},"modified":"2026-03-23T07:45:00","modified_gmt":"2026-03-23T10:45:00","slug":"lusodescendentes-fortalecem-curling-portugues-com-base-no-canada","status":"publish","type":"post","link":"https:\/\/portaltela.pt\/desporto\/futebol\/2026\/03\/23\/lusodescendentes-fortalecem-curling-portugues-com-base-no-canada\/","title":{"rendered":"Lusodescendentes fortalecem curling portugu\u00eas com base no Canad\u00e1"},"content":{"rendered":"<p>O conte\u00fado dispon\u00edvel aponta para que lusodescendentes estejam a dinamizar o curling portugu\u00eas a partir do Canad\u00e1. A not\u00edcia, tal como apresentada, n\u00e3o detalha quem exatamente est\u00e1 envolvido al\u00e9m da refer\u00eancia \u00e0 comunidade lusodescendente, nem especifica o how e o why de forma completa.<\/p>\n<p>Informa\u00e7\u00e3o acess\u00edvel n\u00e3o permite identificar datas, locais precisos ou o alcance pretendido da iniciativa. O texto n\u00e3o divulga dados sobre institui\u00e7\u00f5es participantes, patrocinadores ou resultados esperados no curto prazo.<\/p>\n<p>O que se sabe, para j\u00e1, \u00e9 que existe uma leitura de impulso internacional para o curling em Portugal ligada ao Canad\u00e1, segundo o material disponibilizado apenas a subscritores. N\u00e3o h\u00e1, neste extracto, indica\u00e7\u00f5es de declara\u00e7\u00f5es oficiais ou entrevistas.<\/p>\n<h3>Subt\u00edtulo<\/h3>\n<ul>\n<li>Elemento: tecnologia e treino a partir do Canad\u00e1<\/li>\n<\/ul>\n<p>&gt; Este artigo mant\u00e9m o foco estritamente factual com base no conte\u00fado fornecido, sem incluir informa\u00e7\u00f5es n\u00e3o verificados.<\/p>\n","protected":false},"excerpt":{"rendered":"<ul>\n<li>Lusodescendentes est\u00e3o a impulsionar o curling portugu\u00eas a partir do Canad\u00e1.<\/li>\n<li>O conte\u00fado completo est\u00e1 dispon\u00edvel apenas para subscritores.<\/li>\n<li>O tema sugere uma liga\u00e7\u00e3o entre comunidades lusas no Canad\u00e1 e o desenvolvimento do curling em Portugal.<\/li>\n<li>O excerto fornecido n\u00e3o traz detalhes adicionais sobre a\u00e7\u00f5es espec\u00edficas ou pessoas envolvidas.<\/li>\n<li>A not\u00edcia destaca uma liga\u00e7\u00e3o internacional que influencia o curling em Portugal.<\/li>\n<\/ul>\n","protected":false},"author":2,"featured_media":418274,"comment_status":"closed","ping_status":"closed","sticky":false,"template":"","format":"standard","meta":{"footnotes":""},"categories":[21,24],"tags":[2015,3035,5548,152,81,1014],"class_list":["post-418273","post","type-post","status-publish","format-standard","has-post-thumbnail","hentry","category-desporto","category-futebol","tag-canada","tag-comunidade","tag-comunidades-internacionais","tag-desporto","tag-internacionais","tag-portugal"],"yoast_head":"<!-- This site is optimized with the Yoast SEO plugin v27.2 - https:\/\/yoast.com\/product\/yoast-seo-wordpress\/ -->\n<title>Lusodescendentes fortalecem curling portugu\u00eas com base no Canad\u00e1 - Portal Tela Portugal<\/title>\n<meta name=\"robots\" content=\"index, follow, max-snippet:-1, max-image-preview:large, max-video-preview:-1\" \/>\n<meta property=\"og:locale\" content=\"pt_PT\" \/>\n<meta property=\"og:type\" content=\"article\" \/>\n<meta property=\"og:title\" content=\"Lusodescendentes fortalecem curling portugu\u00eas com base no Canad\u00e1 - Portal Tela Portugal\" \/>\n<meta property=\"og:description\" content=\"Lusodescendentes est\u00e3o a impulsionar o curling portugu\u00eas a partir do Canad\u00e1. O conte\u00fado completo est\u00e1 dispon\u00edvel apenas para subscritores. O tema sugere uma liga\u00e7\u00e3o entre comunidades lusas no Canad\u00e1 e o desenvolvimento do curling em Portugal. O excerto fornecido n\u00e3o traz detalhes adicionais sobre a\u00e7\u00f5es espec\u00edficas ou pessoas envolvidas. A not\u00edcia destaca uma liga\u00e7\u00e3o internacional que influencia o curling em Portugal.\" \/>\n<meta property=\"og:url\" content=\"https:\/\/portaltela.pt\/noticias\/2026\/03\/23\/lusodescendentes-fortalecem-curling-portugues-com-base-no-canada\/\" \/>\n<meta property=\"og:site_name\" content=\"Portal Tela Portugal\" \/>\n<meta property=\"article:published_time\" content=\"2026-03-23T10:45:00+00:00\" \/>\n<meta name=\"author\" content=\"Telinha\" \/>\n<meta name=\"twitter:card\" content=\"summary_large_image\" \/>\n<meta name=\"twitter:label1\" content=\"Escrito por\" \/>\n\t<meta name=\"twitter:data1\" content=\"Telinha\" \/>\n\t<meta name=\"twitter:label2\" content=\"Tempo estimado de leitura\" \/>\n\t<meta name=\"twitter:data2\" content=\"1 minuto\" \/>\n<script type=\"application\/ld+json\" class=\"yoast-schema-graph\">{\"@context\":\"https:\/\/schema.org\",\"@graph\":[{\"@type\":\"Article\",\"@id\":\"https:\/\/portaltela.pt\/noticias\/2026\/03\/23\/lusodescendentes-fortalecem-curling-portugues-com-base-no-canada\/#article\",\"isPartOf\":{\"@id\":\"https:\/\/portaltela.pt\/noticias\/2026\/03\/23\/lusodescendentes-fortalecem-curling-portugues-com-base-no-canada\/\"},\"author\":{\"name\":\"Telinha\",\"@id\":\"https:\/\/portaltela.pt\/#\/schema\/person\/c4278d4a6028830caff9ee44b42d32ed\"},\"headline\":\"Lusodescendentes fortalecem curling portugu\u00eas com base no Canad\u00e1\",\"datePublished\":\"2026-03-23T10:45:00+00:00\",\"mainEntityOfPage\":{\"@id\":\"https:\/\/portaltela.pt\/noticias\/2026\/03\/23\/lusodescendentes-fortalecem-curling-portugues-com-base-no-canada\/\"},\"wordCount\":166,\"image\":{\"@id\":\"https:\/\/portaltela.pt\/noticias\/2026\/03\/23\/lusodescendentes-fortalecem-curling-portugues-com-base-no-canada\/#primaryimage\"},\"thumbnailUrl\":\"https:\/\/portaltela.pt\/s.01k8rhncp4jt1\/2026\/03\/CACHE_780X1200_ANALOG_WATERMARKED_46807772_4400032_23032026104826.jpg\",\"keywords\":[\"Canad\u00e1\",\"comunidade\",\"comunidades internacionais\",\"desporto\",\"internacionais\",\"Portugal\"],\"articleSection\":[\"Desporto\",\"Futebol\"],\"inLanguage\":\"pt-PT\"},{\"@type\":\"WebPage\",\"@id\":\"https:\/\/portaltela.pt\/noticias\/2026\/03\/23\/lusodescendentes-fortalecem-curling-portugues-com-base-no-canada\/\",\"url\":\"https:\/\/portaltela.pt\/noticias\/2026\/03\/23\/lusodescendentes-fortalecem-curling-portugues-com-base-no-canada\/\",\"name\":\"Lusodescendentes fortalecem curling portugu\u00eas com base no Canad\u00e1 - Portal Tela Portugal\",\"isPartOf\":{\"@id\":\"https:\/\/portaltela.pt\/#website\"},\"primaryImageOfPage\":{\"@id\":\"https:\/\/portaltela.pt\/noticias\/2026\/03\/23\/lusodescendentes-fortalecem-curling-portugues-com-base-no-canada\/#primaryimage\"},\"image\":{\"@id\":\"https:\/\/portaltela.pt\/noticias\/2026\/03\/23\/lusodescendentes-fortalecem-curling-portugues-com-base-no-canada\/#primaryimage\"},\"thumbnailUrl\":\"https:\/\/portaltela.pt\/s.01k8rhncp4jt1\/2026\/03\/CACHE_780X1200_ANALOG_WATERMARKED_46807772_4400032_23032026104826.jpg\",\"datePublished\":\"2026-03-23T10:45:00+00:00\",\"author\":{\"@id\":\"https:\/\/portaltela.pt\/#\/schema\/person\/c4278d4a6028830caff9ee44b42d32ed\"},\"breadcrumb\":{\"@id\":\"https:\/\/portaltela.pt\/noticias\/2026\/03\/23\/lusodescendentes-fortalecem-curling-portugues-com-base-no-canada\/#breadcrumb\"},\"inLanguage\":\"pt-PT\",\"potentialAction\":[{\"@type\":\"ReadAction\",\"target\":[\"https:\/\/portaltela.pt\/noticias\/2026\/03\/23\/lusodescendentes-fortalecem-curling-portugues-com-base-no-canada\/\"]}]},{\"@type\":\"ImageObject\",\"inLanguage\":\"pt-PT\",\"@id\":\"https:\/\/portaltela.pt\/noticias\/2026\/03\/23\/lusodescendentes-fortalecem-curling-portugues-com-base-no-canada\/#primaryimage\",\"url\":\"https:\/\/portaltela.pt\/s.01k8rhncp4jt1\/2026\/03\/CACHE_780X1200_ANALOG_WATERMARKED_46807772_4400032_23032026104826.jpg\",\"contentUrl\":\"https:\/\/portaltela.pt\/s.01k8rhncp4jt1\/2026\/03\/CACHE_780X1200_ANALOG_WATERMARKED_46807772_4400032_23032026104826.jpg\",\"width\":768,\"height\":512,\"caption\":\"Lusodescendentes impulsionam curling portugu\u00eas a partir do Canad\u00e1\"},{\"@type\":\"BreadcrumbList\",\"@id\":\"https:\/\/portaltela.pt\/noticias\/2026\/03\/23\/lusodescendentes-fortalecem-curling-portugues-com-base-no-canada\/#breadcrumb\",\"itemListElement\":[{\"@type\":\"ListItem\",\"position\":1,\"name\":\"In\u00edcio\",\"item\":\"https:\/\/portaltela.pt\/\"},{\"@type\":\"ListItem\",\"position\":2,\"name\":\"Lusodescendentes fortalecem curling portugu\u00eas com base no Canad\u00e1\"}]},{\"@type\":\"WebSite\",\"@id\":\"https:\/\/portaltela.pt\/#website\",\"url\":\"https:\/\/portaltela.pt\/\",\"name\":\"Portal Tela Portugal\",\"description\":\"\",\"potentialAction\":[{\"@type\":\"SearchAction\",\"target\":{\"@type\":\"EntryPoint\",\"urlTemplate\":\"https:\/\/portaltela.pt\/?s={search_term_string}\"},\"query-input\":{\"@type\":\"PropertyValueSpecification\",\"valueRequired\":true,\"valueName\":\"search_term_string\"}}],\"inLanguage\":\"pt-PT\"},{\"@type\":\"Person\",\"@id\":\"https:\/\/portaltela.pt\/#\/schema\/person\/c4278d4a6028830caff9ee44b42d32ed\",\"name\":\"Telinha\",\"image\":{\"@type\":\"ImageObject\",\"inLanguage\":\"pt-PT\",\"@id\":\"https:\/\/portaltela.pt\/s.01k8rhncp4jt1\/2025\/11\/talking-bot-125x125.png\",\"url\":\"https:\/\/portaltela.pt\/s.01k8rhncp4jt1\/2025\/11\/talking-bot-125x125.png\",\"contentUrl\":\"https:\/\/portaltela.pt\/s.01k8rhncp4jt1\/2025\/11\/talking-bot-125x125.png\",\"caption\":\"Telinha\"},\"sameAs\":[\"https:\/\/portaltela.pt\/\"],\"url\":\"https:\/\/portaltela.pt\/por\/367410592786\/\"}]}<\/script>\n<!-- \/ Yoast SEO plugin. -->","yoast_head_json":{"title":"Lusodescendentes fortalecem curling portugu\u00eas com base no Canad\u00e1 - Portal Tela Portugal","robots":{"index":"index","follow":"follow","max-snippet":"max-snippet:-1","max-image-preview":"max-image-preview:large","max-video-preview":"max-video-preview:-1"},"og_locale":"pt_PT","og_type":"article","og_title":"Lusodescendentes fortalecem curling portugu\u00eas com base no Canad\u00e1 - Portal Tela Portugal","og_description":"Lusodescendentes est\u00e3o a impulsionar o curling portugu\u00eas a partir do Canad\u00e1. O conte\u00fado completo est\u00e1 dispon\u00edvel apenas para subscritores. O tema sugere uma liga\u00e7\u00e3o entre comunidades lusas no Canad\u00e1 e o desenvolvimento do curling em Portugal. O excerto fornecido n\u00e3o traz detalhes adicionais sobre a\u00e7\u00f5es espec\u00edficas ou pessoas envolvidas. A not\u00edcia destaca uma liga\u00e7\u00e3o internacional que influencia o curling em Portugal.","og_url":"https:\/\/portaltela.pt\/noticias\/2026\/03\/23\/lusodescendentes-fortalecem-curling-portugues-com-base-no-canada\/","og_site_name":"Portal Tela Portugal","article_published_time":"2026-03-23T10:45:00+00:00","author":"Telinha","twitter_card":"summary_large_image","twitter_misc":{"Escrito por":"Telinha","Tempo estimado de leitura":"1 minuto"},"schema":{"@context":"https:\/\/schema.org","@graph":[{"@type":"Article","@id":"https:\/\/portaltela.pt\/noticias\/2026\/03\/23\/lusodescendentes-fortalecem-curling-portugues-com-base-no-canada\/#article","isPartOf":{"@id":"https:\/\/portaltela.pt\/noticias\/2026\/03\/23\/lusodescendentes-fortalecem-curling-portugues-com-base-no-canada\/"},"author":{"name":"Telinha","@id":"https:\/\/portaltela.pt\/#\/schema\/person\/c4278d4a6028830caff9ee44b42d32ed"},"headline":"Lusodescendentes fortalecem curling portugu\u00eas com base no Canad\u00e1","datePublished":"2026-03-23T10:45:00+00:00","mainEntityOfPage":{"@id":"https:\/\/portaltela.pt\/noticias\/2026\/03\/23\/lusodescendentes-fortalecem-curling-portugues-com-base-no-canada\/"},"wordCount":166,"image":{"@id":"https:\/\/portaltela.pt\/noticias\/2026\/03\/23\/lusodescendentes-fortalecem-curling-portugues-com-base-no-canada\/#primaryimage"},"thumbnailUrl":"https:\/\/portaltela.pt\/s.01k8rhncp4jt1\/2026\/03\/CACHE_780X1200_ANALOG_WATERMARKED_46807772_4400032_23032026104826.jpg","keywords":["Canad\u00e1","comunidade","comunidades internacionais","desporto","internacionais","Portugal"],"articleSection":["Desporto","Futebol"],"inLanguage":"pt-PT"},{"@type":"WebPage","@id":"https:\/\/portaltela.pt\/noticias\/2026\/03\/23\/lusodescendentes-fortalecem-curling-portugues-com-base-no-canada\/","url":"https:\/\/portaltela.pt\/noticias\/2026\/03\/23\/lusodescendentes-fortalecem-curling-portugues-com-base-no-canada\/","name":"Lusodescendentes fortalecem curling portugu\u00eas com base no Canad\u00e1 - Portal Tela Portugal","isPartOf":{"@id":"https:\/\/portaltela.pt\/#website"},"primaryImageOfPage":{"@id":"https:\/\/portaltela.pt\/noticias\/2026\/03\/23\/lusodescendentes-fortalecem-curling-portugues-com-base-no-canada\/#primaryimage"},"image":{"@id":"https:\/\/portaltela.pt\/noticias\/2026\/03\/23\/lusodescendentes-fortalecem-curling-portugues-com-base-no-canada\/#primaryimage"},"thumbnailUrl":"https:\/\/portaltela.pt\/s.01k8rhncp4jt1\/2026\/03\/CACHE_780X1200_ANALOG_WATERMARKED_46807772_4400032_23032026104826.jpg","datePublished":"2026-03-23T10:45:00+00:00","author":{"@id":"https:\/\/portaltela.pt\/#\/schema\/person\/c4278d4a6028830caff9ee44b42d32ed"},"breadcrumb":{"@id":"https:\/\/portaltela.pt\/noticias\/2026\/03\/23\/lusodescendentes-fortalecem-curling-portugues-com-base-no-canada\/#breadcrumb"},"inLanguage":"pt-PT","potentialAction":[{"@type":"ReadAction","target":["https:\/\/portaltela.pt\/noticias\/2026\/03\/23\/lusodescendentes-fortalecem-curling-portugues-com-base-no-canada\/"]}]},{"@type":"ImageObject","inLanguage":"pt-PT","@id":"https:\/\/portaltela.pt\/noticias\/2026\/03\/23\/lusodescendentes-fortalecem-curling-portugues-com-base-no-canada\/#primaryimage","url":"https:\/\/portaltela.pt\/s.01k8rhncp4jt1\/2026\/03\/CACHE_780X1200_ANALOG_WATERMARKED_46807772_4400032_23032026104826.jpg","contentUrl":"https:\/\/portaltela.pt\/s.01k8rhncp4jt1\/2026\/03\/CACHE_780X1200_ANALOG_WATERMARKED_46807772_4400032_23032026104826.jpg","width":768,"height":512,"caption":"Lusodescendentes impulsionam curling portugu\u00eas a partir do Canad\u00e1"},{"@type":"BreadcrumbList","@id":"https:\/\/portaltela.pt\/noticias\/2026\/03\/23\/lusodescendentes-fortalecem-curling-portugues-com-base-no-canada\/#breadcrumb","itemListElement":[{"@type":"ListItem","position":1,"name":"In\u00edcio","item":"https:\/\/portaltela.pt\/"},{"@type":"ListItem","position":2,"name":"Lusodescendentes fortalecem curling portugu\u00eas com base no Canad\u00e1"}]},{"@type":"WebSite","@id":"https:\/\/portaltela.pt\/#website","url":"https:\/\/portaltela.pt\/","name":"Portal Tela Portugal","description":"","potentialAction":[{"@type":"SearchAction","target":{"@type":"EntryPoint","urlTemplate":"https:\/\/portaltela.pt\/?s={search_term_string}"},"query-input":{"@type":"PropertyValueSpecification","valueRequired":true,"valueName":"search_term_string"}}],"inLanguage":"pt-PT"},{"@type":"Person","@id":"https:\/\/portaltela.pt\/#\/schema\/person\/c4278d4a6028830caff9ee44b42d32ed","name":"Telinha","image":{"@type":"ImageObject","inLanguage":"pt-PT","@id":"https:\/\/portaltela.pt\/s.01k8rhncp4jt1\/2025\/11\/talking-bot-125x125.png","url":"https:\/\/portaltela.pt\/s.01k8rhncp4jt1\/2025\/11\/talking-bot-125x125.png","contentUrl":"https:\/\/portaltela.pt\/s.01k8rhncp4jt1\/2025\/11\/talking-bot-125x125.png","caption":"Telinha"},"sameAs":["https:\/\/portaltela.pt\/"],"url":"https:\/\/portaltela.pt\/por\/367410592786\/"}]}},"_links":{"self":[{"href":"https:\/\/portaltela.pt\/api\/wp\/v2\/posts\/418273","targetHints":{"allow":["GET"]}}],"collection":[{"href":"https:\/\/portaltela.pt\/api\/wp\/v2\/posts"}],"about":[{"href":"https:\/\/portaltela.pt\/api\/wp\/v2\/types\/post"}],"author":[{"embeddable":true,"href":"https:\/\/portaltela.pt\/api\/wp\/v2\/users\/2"}],"replies":[{"embeddable":true,"href":"https:\/\/portaltela.pt\/api\/wp\/v2\/comments?post=418273"}],"version-history":[{"count":0,"href":"https:\/\/portaltela.pt\/api\/wp\/v2\/posts\/418273\/revisions"}],"wp:featuredmedia":[{"embeddable":true,"href":"https:\/\/portaltela.pt\/api\/wp\/v2\/media\/418274"}],"wp:attachment":[{"href":"https:\/\/portaltela.pt\/api\/wp\/v2\/media?parent=418273"}],"wp:term":[{"taxonomy":"category","embeddable":true,"href":"https:\/\/portaltela.pt\/api\/wp\/v2\/categories?post=418273"},{"taxonomy":"post_tag","embeddable":true,"href":"https:\/\/portaltela.pt\/api\/wp\/v2\/tags?post=418273"}],"curies":[{"name":"wp","href":"https:\/\/api.w.org\/{rel}","templated":true}]}}