{"id":418269,"date":"2026-03-23T07:31:58","date_gmt":"2026-03-23T10:31:58","guid":{"rendered":"https:\/\/portaltela.pt\/noticias\/2026\/03\/23\/obras-no-ip3-geram-desvios-noturnos-entre-santa-comba-e-tondela\/"},"modified":"2026-03-23T07:31:58","modified_gmt":"2026-03-23T10:31:58","slug":"obras-no-ip3-geram-desvios-noturnos-entre-santa-comba-e-tondela","status":"publish","type":"post","link":"https:\/\/portaltela.pt\/noticias\/economia\/2026\/03\/23\/obras-no-ip3-geram-desvios-noturnos-entre-santa-comba-e-tondela\/","title":{"rendered":"Obras no IP3 geram desvios noturnos entre Santa Comba e Tondela"},"content":{"rendered":"<p>Os trabalhos de duplica\u00e7\u00e3o e requalifica\u00e7\u00e3o do IP3 entre Santa Comba D\u00e3o e Viseu v\u00e3o obrigar novos desvios de tr\u00e2nsito durante as noites de hoje e de ter\u00e7a-feira. A interven\u00e7\u00e3o, anunciada pela Infraestruturas de Portugal, ocorre no tro\u00e7o entre o n\u00f3 de Vila Cova\/Treixedo e o n\u00f3 de Tondela Sul, devido \u00e0 expans\u00e3o da passagem agr\u00edcola junto ao quil\u00f3metro 96,8.<\/p>\n<p>Condu\u00e7\u00e3o de tr\u00e2nsito em ambos os sentidos ser\u00e1 desvia entre as 21h00 e as 6h00, de hoje para amanh\u00e3 e de ter\u00e7a para quarta. Durante os condicionamentos, os condutores dever\u00e3o utilizar a EN2 a partir do n\u00f3 de Vila Cova\/Treixedo, atravessar a Zona Industrial da Adi\u00e7a e reentrar no IP3 no n\u00f3 de Tondela Sul.<\/p>\n<h3>Detalhes da empreitada<\/h3>\n<p>A interven\u00e7\u00e3o integra o projeto de duplica\u00e7\u00e3o e requalifica\u00e7\u00e3o do IP3, numa dist\u00e2ncia de 27,5 quil\u00f3metros. O investimento total ronda os 103 milh\u00f5es de euros, com objetivo de melhorar qualidade, conforto e seguran\u00e7a rodovi\u00e1ria, bem como reduzir tempos de percurso entre Santa Comba D\u00e3o e Viseu.<\/p>\n<p>O tro\u00e7o alvo fica entre o quil\u00f3metro 90,200, a norte do N\u00f3 de Vila Pouca, e o quil\u00f3metro 117,722, junto \u00e0 passagem superior de interce\u00e7\u00e3o com a A25\/IP5. A obra abrange Santa Comba D\u00e3o, Tondela e Viseu, no distrito de Viseu.<\/p>\n<p>No \u00e2mbito da empreitada, ser\u00e1 alargada a plataforma para 2&#215;2 vias, ajustado o tra\u00e7ado, otimizadas liga\u00e7\u00f5es locais, refor\u00e7ado o pavimento e melhorado o sistema de sinaliza\u00e7\u00e3o e seguran\u00e7a. A IP afirma tratar-se de uma pe\u00e7a central no programa de requalifica\u00e7\u00e3o do IP3, com impacto regional significativo.<\/p>\n","protected":false},"excerpt":{"rendered":"<ul>\n<li>Obras de duplica\u00e7\u00e3o e requalifica\u00e7\u00e3o do IP3 entre Santa Comba D\u00e3o e Viseu implicam novos desvios de tr\u00e2nsito durante a noite, hoje e ter\u00e7a-feira.<\/li>\n<li>O desvio, em ambos os sentidos, vai ligar o n\u00f3 de Vila Cova\/Treixedo ao n\u00f3 de Tondela Sul, com passagem pela EN 2 a partir de Vila Cova\/Treixedo e entrada no IP3 no n\u00f3 de Tondela Sul.<\/li>\n<li>Os condicionamentos decorrem entre as 21h00 de hoje e as 6h00 de ter\u00e7a-feira, e entre as 21h00 de ter\u00e7a-feira e as 6h00 de quarta-feira.<\/li>\n<li>A empreitada tem um investimento de cerca de 103 milh\u00f5es de euros e prev\u00ea 27,5 quil\u00f3metros de duplica\u00e7\u00e3o da plataforma, visando melhorar qualidade, conforto, seguran\u00e7a e reduzir tempos de percurso.<\/li>\n<li>O tro\u00e7o em interven\u00e7\u00e3o vai do quil\u00f3metro 90,200, norte ao n\u00f3 de Vila Pouca, at\u00e9 ao quil\u00f3metro 117,722, junto \u00e0 passagem superior com a A25\/IP5, abrangendo Santa Comba D\u00e3o, Tondela e Viseu.<\/li>\n<\/ul>\n","protected":false},"author":2,"featured_media":418270,"comment_status":"closed","ping_status":"closed","sticky":false,"template":"","format":"standard","meta":{"footnotes":""},"categories":[2,1],"tags":[1083,1615,5691,5915,192,1171],"class_list":["post-418269","post","type-post","status-publish","format-standard","has-post-thumbnail","hentry","category-economia","category-noticias","tag-estradas","tag-infraestrutura","tag-obras","tag-rodoviarios","tag-transporte","tag-viseu"],"yoast_head":"<!-- This site is optimized with the Yoast SEO plugin v27.2 - https:\/\/yoast.com\/product\/yoast-seo-wordpress\/ -->\n<title>Obras no IP3 geram desvios noturnos entre Santa Comba e Tondela - Portal Tela Portugal<\/title>\n<meta name=\"robots\" content=\"index, follow, max-snippet:-1, max-image-preview:large, max-video-preview:-1\" \/>\n<meta property=\"og:locale\" content=\"pt_PT\" \/>\n<meta property=\"og:type\" content=\"article\" \/>\n<meta property=\"og:title\" content=\"Obras no IP3 geram desvios noturnos entre Santa Comba e Tondela - Portal Tela Portugal\" \/>\n<meta property=\"og:description\" content=\"Obras de duplica\u00e7\u00e3o e requalifica\u00e7\u00e3o do IP3 entre Santa Comba D\u00e3o e Viseu implicam novos desvios de tr\u00e2nsito durante a noite, hoje e ter\u00e7a-feira. O desvio, em ambos os sentidos, vai ligar o n\u00f3 de Vila Cova\/Treixedo ao n\u00f3 de Tondela Sul, com passagem pela EN 2 a partir de Vila Cova\/Treixedo e entrada no IP3 no n\u00f3 de Tondela Sul. Os condicionamentos decorrem entre as 21h00 de hoje e as 6h00 de ter\u00e7a-feira, e entre as 21h00 de ter\u00e7a-feira e as 6h00 de quarta-feira. A empreitada tem um investimento de cerca de 103 milh\u00f5es de euros e prev\u00ea 27,5 quil\u00f3metros de duplica\u00e7\u00e3o da plataforma, visando melhorar qualidade, conforto, seguran\u00e7a e reduzir tempos de percurso. O tro\u00e7o em interven\u00e7\u00e3o vai do quil\u00f3metro 90,200, norte ao n\u00f3 de Vila Pouca, at\u00e9 ao quil\u00f3metro 117,722, junto \u00e0 passagem superior com a A25\/IP5, abrangendo Santa Comba D\u00e3o, Tondela e Viseu.\" \/>\n<meta property=\"og:url\" content=\"https:\/\/portaltela.pt\/noticias\/2026\/03\/23\/obras-no-ip3-geram-desvios-noturnos-entre-santa-comba-e-tondela\/\" \/>\n<meta property=\"og:site_name\" content=\"Portal Tela Portugal\" \/>\n<meta property=\"article:published_time\" content=\"2026-03-23T10:31:58+00:00\" \/>\n<meta name=\"author\" content=\"Telinha\" \/>\n<meta name=\"twitter:card\" content=\"summary_large_image\" \/>\n<meta name=\"twitter:label1\" content=\"Escrito por\" \/>\n\t<meta name=\"twitter:data1\" content=\"Telinha\" \/>\n\t<meta name=\"twitter:label2\" content=\"Tempo estimado de leitura\" \/>\n\t<meta name=\"twitter:data2\" content=\"1 minuto\" \/>\n<script type=\"application\/ld+json\" class=\"yoast-schema-graph\">{\"@context\":\"https:\/\/schema.org\",\"@graph\":[{\"@type\":\"Article\",\"@id\":\"https:\/\/portaltela.pt\/noticias\/2026\/03\/23\/obras-no-ip3-geram-desvios-noturnos-entre-santa-comba-e-tondela\/#article\",\"isPartOf\":{\"@id\":\"https:\/\/portaltela.pt\/noticias\/2026\/03\/23\/obras-no-ip3-geram-desvios-noturnos-entre-santa-comba-e-tondela\/\"},\"author\":{\"name\":\"Telinha\",\"@id\":\"https:\/\/portaltela.pt\/#\/schema\/person\/c4278d4a6028830caff9ee44b42d32ed\"},\"headline\":\"Obras no IP3 geram desvios noturnos entre Santa Comba e Tondela\",\"datePublished\":\"2026-03-23T10:31:58+00:00\",\"mainEntityOfPage\":{\"@id\":\"https:\/\/portaltela.pt\/noticias\/2026\/03\/23\/obras-no-ip3-geram-desvios-noturnos-entre-santa-comba-e-tondela\/\"},\"wordCount\":295,\"image\":{\"@id\":\"https:\/\/portaltela.pt\/noticias\/2026\/03\/23\/obras-no-ip3-geram-desvios-noturnos-entre-santa-comba-e-tondela\/#primaryimage\"},\"thumbnailUrl\":\"https:\/\/portaltela.pt\/s.01k8rhncp4jt1\/2026\/03\/img_1500x1000uu2017-10-29-08-27-00-680562.jpg\",\"keywords\":[\"estradas\",\"infraestrutura\",\"obras\",\"rodovi\u00e1rios\",\"transporte\",\"Viseu\"],\"articleSection\":[\"Economia\",\"Not\u00edcias\"],\"inLanguage\":\"pt-PT\"},{\"@type\":\"WebPage\",\"@id\":\"https:\/\/portaltela.pt\/noticias\/2026\/03\/23\/obras-no-ip3-geram-desvios-noturnos-entre-santa-comba-e-tondela\/\",\"url\":\"https:\/\/portaltela.pt\/noticias\/2026\/03\/23\/obras-no-ip3-geram-desvios-noturnos-entre-santa-comba-e-tondela\/\",\"name\":\"Obras no IP3 geram desvios noturnos entre Santa Comba e Tondela - Portal Tela Portugal\",\"isPartOf\":{\"@id\":\"https:\/\/portaltela.pt\/#website\"},\"primaryImageOfPage\":{\"@id\":\"https:\/\/portaltela.pt\/noticias\/2026\/03\/23\/obras-no-ip3-geram-desvios-noturnos-entre-santa-comba-e-tondela\/#primaryimage\"},\"image\":{\"@id\":\"https:\/\/portaltela.pt\/noticias\/2026\/03\/23\/obras-no-ip3-geram-desvios-noturnos-entre-santa-comba-e-tondela\/#primaryimage\"},\"thumbnailUrl\":\"https:\/\/portaltela.pt\/s.01k8rhncp4jt1\/2026\/03\/img_1500x1000uu2017-10-29-08-27-00-680562.jpg\",\"datePublished\":\"2026-03-23T10:31:58+00:00\",\"author\":{\"@id\":\"https:\/\/portaltela.pt\/#\/schema\/person\/c4278d4a6028830caff9ee44b42d32ed\"},\"breadcrumb\":{\"@id\":\"https:\/\/portaltela.pt\/noticias\/2026\/03\/23\/obras-no-ip3-geram-desvios-noturnos-entre-santa-comba-e-tondela\/#breadcrumb\"},\"inLanguage\":\"pt-PT\",\"potentialAction\":[{\"@type\":\"ReadAction\",\"target\":[\"https:\/\/portaltela.pt\/noticias\/2026\/03\/23\/obras-no-ip3-geram-desvios-noturnos-entre-santa-comba-e-tondela\/\"]}]},{\"@type\":\"ImageObject\",\"inLanguage\":\"pt-PT\",\"@id\":\"https:\/\/portaltela.pt\/noticias\/2026\/03\/23\/obras-no-ip3-geram-desvios-noturnos-entre-santa-comba-e-tondela\/#primaryimage\",\"url\":\"https:\/\/portaltela.pt\/s.01k8rhncp4jt1\/2026\/03\/img_1500x1000uu2017-10-29-08-27-00-680562.jpg\",\"contentUrl\":\"https:\/\/portaltela.pt\/s.01k8rhncp4jt1\/2026\/03\/img_1500x1000uu2017-10-29-08-27-00-680562.jpg\",\"width\":796,\"height\":448,\"caption\":\"Obras no IP3 obrigam a novos desvios entre Santa Comba e Tondela durante a noite\"},{\"@type\":\"BreadcrumbList\",\"@id\":\"https:\/\/portaltela.pt\/noticias\/2026\/03\/23\/obras-no-ip3-geram-desvios-noturnos-entre-santa-comba-e-tondela\/#breadcrumb\",\"itemListElement\":[{\"@type\":\"ListItem\",\"position\":1,\"name\":\"In\u00edcio\",\"item\":\"https:\/\/portaltela.pt\/\"},{\"@type\":\"ListItem\",\"position\":2,\"name\":\"Obras no IP3 geram desvios noturnos entre Santa Comba e Tondela\"}]},{\"@type\":\"WebSite\",\"@id\":\"https:\/\/portaltela.pt\/#website\",\"url\":\"https:\/\/portaltela.pt\/\",\"name\":\"Portal Tela Portugal\",\"description\":\"\",\"potentialAction\":[{\"@type\":\"SearchAction\",\"target\":{\"@type\":\"EntryPoint\",\"urlTemplate\":\"https:\/\/portaltela.pt\/?s={search_term_string}\"},\"query-input\":{\"@type\":\"PropertyValueSpecification\",\"valueRequired\":true,\"valueName\":\"search_term_string\"}}],\"inLanguage\":\"pt-PT\"},{\"@type\":\"Person\",\"@id\":\"https:\/\/portaltela.pt\/#\/schema\/person\/c4278d4a6028830caff9ee44b42d32ed\",\"name\":\"Telinha\",\"image\":{\"@type\":\"ImageObject\",\"inLanguage\":\"pt-PT\",\"@id\":\"https:\/\/portaltela.pt\/s.01k8rhncp4jt1\/2025\/11\/talking-bot-125x125.png\",\"url\":\"https:\/\/portaltela.pt\/s.01k8rhncp4jt1\/2025\/11\/talking-bot-125x125.png\",\"contentUrl\":\"https:\/\/portaltela.pt\/s.01k8rhncp4jt1\/2025\/11\/talking-bot-125x125.png\",\"caption\":\"Telinha\"},\"sameAs\":[\"https:\/\/portaltela.pt\/\"],\"url\":\"https:\/\/portaltela.pt\/por\/367410592786\/\"}]}<\/script>\n<!-- \/ Yoast SEO plugin. -->","yoast_head_json":{"title":"Obras no IP3 geram desvios noturnos entre Santa Comba e Tondela - Portal Tela Portugal","robots":{"index":"index","follow":"follow","max-snippet":"max-snippet:-1","max-image-preview":"max-image-preview:large","max-video-preview":"max-video-preview:-1"},"og_locale":"pt_PT","og_type":"article","og_title":"Obras no IP3 geram desvios noturnos entre Santa Comba e Tondela - Portal Tela Portugal","og_description":"Obras de duplica\u00e7\u00e3o e requalifica\u00e7\u00e3o do IP3 entre Santa Comba D\u00e3o e Viseu implicam novos desvios de tr\u00e2nsito durante a noite, hoje e ter\u00e7a-feira. O desvio, em ambos os sentidos, vai ligar o n\u00f3 de Vila Cova\/Treixedo ao n\u00f3 de Tondela Sul, com passagem pela EN 2 a partir de Vila Cova\/Treixedo e entrada no IP3 no n\u00f3 de Tondela Sul. Os condicionamentos decorrem entre as 21h00 de hoje e as 6h00 de ter\u00e7a-feira, e entre as 21h00 de ter\u00e7a-feira e as 6h00 de quarta-feira. A empreitada tem um investimento de cerca de 103 milh\u00f5es de euros e prev\u00ea 27,5 quil\u00f3metros de duplica\u00e7\u00e3o da plataforma, visando melhorar qualidade, conforto, seguran\u00e7a e reduzir tempos de percurso. O tro\u00e7o em interven\u00e7\u00e3o vai do quil\u00f3metro 90,200, norte ao n\u00f3 de Vila Pouca, at\u00e9 ao quil\u00f3metro 117,722, junto \u00e0 passagem superior com a A25\/IP5, abrangendo Santa Comba D\u00e3o, Tondela e Viseu.","og_url":"https:\/\/portaltela.pt\/noticias\/2026\/03\/23\/obras-no-ip3-geram-desvios-noturnos-entre-santa-comba-e-tondela\/","og_site_name":"Portal Tela Portugal","article_published_time":"2026-03-23T10:31:58+00:00","author":"Telinha","twitter_card":"summary_large_image","twitter_misc":{"Escrito por":"Telinha","Tempo estimado de leitura":"1 minuto"},"schema":{"@context":"https:\/\/schema.org","@graph":[{"@type":"Article","@id":"https:\/\/portaltela.pt\/noticias\/2026\/03\/23\/obras-no-ip3-geram-desvios-noturnos-entre-santa-comba-e-tondela\/#article","isPartOf":{"@id":"https:\/\/portaltela.pt\/noticias\/2026\/03\/23\/obras-no-ip3-geram-desvios-noturnos-entre-santa-comba-e-tondela\/"},"author":{"name":"Telinha","@id":"https:\/\/portaltela.pt\/#\/schema\/person\/c4278d4a6028830caff9ee44b42d32ed"},"headline":"Obras no IP3 geram desvios noturnos entre Santa Comba e Tondela","datePublished":"2026-03-23T10:31:58+00:00","mainEntityOfPage":{"@id":"https:\/\/portaltela.pt\/noticias\/2026\/03\/23\/obras-no-ip3-geram-desvios-noturnos-entre-santa-comba-e-tondela\/"},"wordCount":295,"image":{"@id":"https:\/\/portaltela.pt\/noticias\/2026\/03\/23\/obras-no-ip3-geram-desvios-noturnos-entre-santa-comba-e-tondela\/#primaryimage"},"thumbnailUrl":"https:\/\/portaltela.pt\/s.01k8rhncp4jt1\/2026\/03\/img_1500x1000uu2017-10-29-08-27-00-680562.jpg","keywords":["estradas","infraestrutura","obras","rodovi\u00e1rios","transporte","Viseu"],"articleSection":["Economia","Not\u00edcias"],"inLanguage":"pt-PT"},{"@type":"WebPage","@id":"https:\/\/portaltela.pt\/noticias\/2026\/03\/23\/obras-no-ip3-geram-desvios-noturnos-entre-santa-comba-e-tondela\/","url":"https:\/\/portaltela.pt\/noticias\/2026\/03\/23\/obras-no-ip3-geram-desvios-noturnos-entre-santa-comba-e-tondela\/","name":"Obras no IP3 geram desvios noturnos entre Santa Comba e Tondela - Portal Tela Portugal","isPartOf":{"@id":"https:\/\/portaltela.pt\/#website"},"primaryImageOfPage":{"@id":"https:\/\/portaltela.pt\/noticias\/2026\/03\/23\/obras-no-ip3-geram-desvios-noturnos-entre-santa-comba-e-tondela\/#primaryimage"},"image":{"@id":"https:\/\/portaltela.pt\/noticias\/2026\/03\/23\/obras-no-ip3-geram-desvios-noturnos-entre-santa-comba-e-tondela\/#primaryimage"},"thumbnailUrl":"https:\/\/portaltela.pt\/s.01k8rhncp4jt1\/2026\/03\/img_1500x1000uu2017-10-29-08-27-00-680562.jpg","datePublished":"2026-03-23T10:31:58+00:00","author":{"@id":"https:\/\/portaltela.pt\/#\/schema\/person\/c4278d4a6028830caff9ee44b42d32ed"},"breadcrumb":{"@id":"https:\/\/portaltela.pt\/noticias\/2026\/03\/23\/obras-no-ip3-geram-desvios-noturnos-entre-santa-comba-e-tondela\/#breadcrumb"},"inLanguage":"pt-PT","potentialAction":[{"@type":"ReadAction","target":["https:\/\/portaltela.pt\/noticias\/2026\/03\/23\/obras-no-ip3-geram-desvios-noturnos-entre-santa-comba-e-tondela\/"]}]},{"@type":"ImageObject","inLanguage":"pt-PT","@id":"https:\/\/portaltela.pt\/noticias\/2026\/03\/23\/obras-no-ip3-geram-desvios-noturnos-entre-santa-comba-e-tondela\/#primaryimage","url":"https:\/\/portaltela.pt\/s.01k8rhncp4jt1\/2026\/03\/img_1500x1000uu2017-10-29-08-27-00-680562.jpg","contentUrl":"https:\/\/portaltela.pt\/s.01k8rhncp4jt1\/2026\/03\/img_1500x1000uu2017-10-29-08-27-00-680562.jpg","width":796,"height":448,"caption":"Obras no IP3 obrigam a novos desvios entre Santa Comba e Tondela durante a noite"},{"@type":"BreadcrumbList","@id":"https:\/\/portaltela.pt\/noticias\/2026\/03\/23\/obras-no-ip3-geram-desvios-noturnos-entre-santa-comba-e-tondela\/#breadcrumb","itemListElement":[{"@type":"ListItem","position":1,"name":"In\u00edcio","item":"https:\/\/portaltela.pt\/"},{"@type":"ListItem","position":2,"name":"Obras no IP3 geram desvios noturnos entre Santa Comba e Tondela"}]},{"@type":"WebSite","@id":"https:\/\/portaltela.pt\/#website","url":"https:\/\/portaltela.pt\/","name":"Portal Tela Portugal","description":"","potentialAction":[{"@type":"SearchAction","target":{"@type":"EntryPoint","urlTemplate":"https:\/\/portaltela.pt\/?s={search_term_string}"},"query-input":{"@type":"PropertyValueSpecification","valueRequired":true,"valueName":"search_term_string"}}],"inLanguage":"pt-PT"},{"@type":"Person","@id":"https:\/\/portaltela.pt\/#\/schema\/person\/c4278d4a6028830caff9ee44b42d32ed","name":"Telinha","image":{"@type":"ImageObject","inLanguage":"pt-PT","@id":"https:\/\/portaltela.pt\/s.01k8rhncp4jt1\/2025\/11\/talking-bot-125x125.png","url":"https:\/\/portaltela.pt\/s.01k8rhncp4jt1\/2025\/11\/talking-bot-125x125.png","contentUrl":"https:\/\/portaltela.pt\/s.01k8rhncp4jt1\/2025\/11\/talking-bot-125x125.png","caption":"Telinha"},"sameAs":["https:\/\/portaltela.pt\/"],"url":"https:\/\/portaltela.pt\/por\/367410592786\/"}]}},"_links":{"self":[{"href":"https:\/\/portaltela.pt\/api\/wp\/v2\/posts\/418269","targetHints":{"allow":["GET"]}}],"collection":[{"href":"https:\/\/portaltela.pt\/api\/wp\/v2\/posts"}],"about":[{"href":"https:\/\/portaltela.pt\/api\/wp\/v2\/types\/post"}],"author":[{"embeddable":true,"href":"https:\/\/portaltela.pt\/api\/wp\/v2\/users\/2"}],"replies":[{"embeddable":true,"href":"https:\/\/portaltela.pt\/api\/wp\/v2\/comments?post=418269"}],"version-history":[{"count":0,"href":"https:\/\/portaltela.pt\/api\/wp\/v2\/posts\/418269\/revisions"}],"wp:featuredmedia":[{"embeddable":true,"href":"https:\/\/portaltela.pt\/api\/wp\/v2\/media\/418270"}],"wp:attachment":[{"href":"https:\/\/portaltela.pt\/api\/wp\/v2\/media?parent=418269"}],"wp:term":[{"taxonomy":"category","embeddable":true,"href":"https:\/\/portaltela.pt\/api\/wp\/v2\/categories?post=418269"},{"taxonomy":"post_tag","embeddable":true,"href":"https:\/\/portaltela.pt\/api\/wp\/v2\/tags?post=418269"}],"curies":[{"name":"wp","href":"https:\/\/api.w.org\/{rel}","templated":true}]}}