{"id":418257,"date":"2026-03-23T07:23:51","date_gmt":"2026-03-23T10:23:51","guid":{"rendered":"https:\/\/portaltela.pt\/noticias\/2026\/03\/23\/greve-na-funcao-publica-com-adesao-a-rondar-os-80-2\/"},"modified":"2026-03-23T07:23:51","modified_gmt":"2026-03-23T10:23:51","slug":"greve-na-funcao-publica-com-adesao-a-rondar-os-80-2","status":"publish","type":"post","link":"https:\/\/portaltela.pt\/sociedade\/2026\/03\/23\/greve-na-funcao-publica-com-adesao-a-rondar-os-80-2\/","title":{"rendered":"Greve na fun\u00e7\u00e3o p\u00fablica com ades\u00e3o a rondar os 80%"},"content":{"rendered":"<p>O greve na fun\u00e7\u00e3o p\u00fablica em Portugal continental, convocada pela Fesinap, registava \u00e0s 09h45 uma ades\u00e3o de 80%. Os setores mais afetados eram educa\u00e7\u00e3o e sa\u00fade, segundo o presidente da federa\u00e7\u00e3o. A greve decorre desde meia-noite at\u00e9 \u00e0s 23h59, abrangendo a administra\u00e7\u00e3o central, regional e local.<\/p>\n<p>Na educa\u00e7\u00e3o, a ades\u00e3o est\u00e1 nos 90% no continente. A maioria das escolas encerrou e as que est\u00e3o abertas devem fechar \u00e0 tarde por falta de trabalhadores, indicou M\u00e1rio Rui. O impacto concentra-se na paralisa\u00e7\u00e3o de atividades e de servi\u00e7os.<\/p>\n<p>Na sa\u00fade, a participa\u00e7\u00e3o ronda os 80%, com efeitos em hospitais e Unidades Locais de Sa\u00fade. Os servi\u00e7os enfrentam redu\u00e7\u00f5es de pessoal, o que pode implicar atrasos e reorganiza\u00e7\u00f5es operacionais.<\/p>\n<p>Ainda em avalia\u00e7\u00e3o, encontram-se dados sobre ades\u00e3o no Instituto dos Registos e do Notariado, na Dire\u00e7\u00e3o-Geral da Administra\u00e7\u00e3o da Justi\u00e7a, na Ag\u00eancia para a Integra\u00e7\u00e3o Migra\u00e7\u00f5es e Asilo, bem como no Instituto da Seguran\u00e7a Social, explicou o presidente da Fesinap.<\/p>\n<p>Nos A\u00e7ores e na Madeira, a ades\u00e3o \u00e9 expressiva, mas os n\u00fameros oficiais para aquele territ\u00f3rio ainda n\u00e3o estavam dispon\u00edveis no momento de fecho desta nota.<\/p>\n<p>Entre os motivos que levaram \u00e0 greve destacam-se atrasos na avalia\u00e7\u00e3o de desempenho da Administra\u00e7\u00e3o P\u00fablica, a cria\u00e7\u00e3o da carreira de t\u00e9cnico auxiliar de a\u00e7\u00e3o educativa e o refor\u00e7o de contrata\u00e7\u00f5es para a sa\u00fade. A Fesinap tamb\u00e9m reivindica a revis\u00e3o do SIADAP, com elimina\u00e7\u00e3o de quotas, paralelamente aos acordos existentes.<\/p>\n<p>A revis\u00e3o do SIADAP consta do novo acordo plurianual para a valoriza\u00e7\u00e3o dos trabalhadores da Administra\u00e7\u00e3o P\u00fablica, assinado em janeiro entre o Governo, a Fesap e o STE. O processo de negocia\u00e7\u00e3o est\u00e1 previsto para o segundo semestre deste ano.<\/p>\n<p>M\u00e1rio Rui informou que a Fesinap pretende ser recebida pelo Governo para apresentar propostas e integrar as negocia\u00e7\u00f5es habituais entre o Executivo e os representantes da Administra\u00e7\u00e3o P\u00fablica.<\/p>\n","protected":false},"excerpt":{"rendered":"<ul>\n<li>A greve na fun\u00e7\u00e3o p\u00fablica em Portugal continental, \u00e0s 09h45, registava cerca de 80% de ades\u00e3o, com maior impacto nos setores da educa\u00e7\u00e3o e da sa\u00fade.<\/li>\n<li>No setor da educa\u00e7\u00e3o, a ades\u00e3o no continente era de 90%, levando ao encerramento da maioria das escolas ou ao encerramento previsto para a parte da tarde.<\/li>\n<li>No setor da sa\u00fade, a participa\u00e7\u00e3o rondava os 80%, afetando hospitais e Unidades Locais de Sa\u00fade.<\/li>\n<li>A greve come\u00e7ou \u00e0 meia-noite e prolonga-se at\u00e9 \u00e0s 23h59, cobrindo a administra\u00e7\u00e3o central, regional e local; informa\u00e7\u00e3o adicional sobre alguns organismos est\u00e1 a ser recolhida.<\/li>\n<li>Motivos da greve incluem atrasos na avalia\u00e7\u00e3o de desempenho, cria\u00e7\u00e3o da carreira de t\u00e9cnico auxiliar de a\u00e7\u00e3o educativa e refor\u00e7o das contrata\u00e7\u00f5es para a sa\u00fade; a Federa\u00e7\u00e3o Nacional de Sindicatos Independentes da Administra\u00e7\u00e3o P\u00fablica (Fesinap) defende a revis\u00e3o do Sistema Integrado de Gest\u00e3o e Avalia\u00e7\u00e3o do Desempenho da Administra\u00e7\u00e3o P\u00fablica (SIADAP) e pretende ser recebida pelo Governo para negociar.<\/li>\n<\/ul>\n","protected":false},"author":2,"featured_media":418258,"comment_status":"closed","ping_status":"closed","sticky":false,"template":"","format":"standard","meta":{"footnotes":""},"categories":[1,6871],"tags":[168,163,34,1164,172,3740],"class_list":["post-418257","post","type-post","status-publish","format-standard","has-post-thumbnail","hentry","category-noticias","category-sociedade","tag-administracao-publica","tag-educacao","tag-governo","tag-greve","tag-saude","tag-siadap"],"yoast_head":"<!-- This site is optimized with the Yoast SEO plugin v27.2 - https:\/\/yoast.com\/product\/yoast-seo-wordpress\/ -->\n<title>Greve na fun\u00e7\u00e3o p\u00fablica com ades\u00e3o a rondar os 80% - Portal Tela Portugal<\/title>\n<meta name=\"robots\" content=\"index, follow, max-snippet:-1, max-image-preview:large, max-video-preview:-1\" \/>\n<meta property=\"og:locale\" content=\"pt_PT\" \/>\n<meta property=\"og:type\" content=\"article\" \/>\n<meta property=\"og:title\" content=\"Greve na fun\u00e7\u00e3o p\u00fablica com ades\u00e3o a rondar os 80% - Portal Tela Portugal\" \/>\n<meta property=\"og:description\" content=\"A greve na fun\u00e7\u00e3o p\u00fablica em Portugal continental, \u00e0s 09h45, registava cerca de 80% de ades\u00e3o, com maior impacto nos setores da educa\u00e7\u00e3o e da sa\u00fade. No setor da educa\u00e7\u00e3o, a ades\u00e3o no continente era de 90%, levando ao encerramento da maioria das escolas ou ao encerramento previsto para a parte da tarde. No setor da sa\u00fade, a participa\u00e7\u00e3o rondava os 80%, afetando hospitais e Unidades Locais de Sa\u00fade. A greve come\u00e7ou \u00e0 meia-noite e prolonga-se at\u00e9 \u00e0s 23h59, cobrindo a administra\u00e7\u00e3o central, regional e local; informa\u00e7\u00e3o adicional sobre alguns organismos est\u00e1 a ser recolhida. Motivos da greve incluem atrasos na avalia\u00e7\u00e3o de desempenho, cria\u00e7\u00e3o da carreira de t\u00e9cnico auxiliar de a\u00e7\u00e3o educativa e refor\u00e7o das contrata\u00e7\u00f5es para a sa\u00fade; a Federa\u00e7\u00e3o Nacional de Sindicatos Independentes da Administra\u00e7\u00e3o P\u00fablica (Fesinap) defende a revis\u00e3o do Sistema Integrado de Gest\u00e3o e Avalia\u00e7\u00e3o do Desempenho da Administra\u00e7\u00e3o P\u00fablica (SIADAP) e pretende ser recebida pelo Governo para negociar.\" \/>\n<meta property=\"og:url\" content=\"https:\/\/portaltela.pt\/noticias\/2026\/03\/23\/greve-na-funcao-publica-com-adesao-a-rondar-os-80-2\/\" \/>\n<meta property=\"og:site_name\" content=\"Portal Tela Portugal\" \/>\n<meta property=\"article:published_time\" content=\"2026-03-23T10:23:51+00:00\" \/>\n<meta name=\"author\" content=\"Telinha\" \/>\n<meta name=\"twitter:card\" content=\"summary_large_image\" \/>\n<meta name=\"twitter:label1\" content=\"Escrito por\" \/>\n\t<meta name=\"twitter:data1\" content=\"Telinha\" \/>\n\t<meta name=\"twitter:label2\" content=\"Tempo estimado de leitura\" \/>\n\t<meta name=\"twitter:data2\" content=\"2 minutos\" \/>\n<script type=\"application\/ld+json\" class=\"yoast-schema-graph\">{\"@context\":\"https:\/\/schema.org\",\"@graph\":[{\"@type\":\"Article\",\"@id\":\"https:\/\/portaltela.pt\/noticias\/2026\/03\/23\/greve-na-funcao-publica-com-adesao-a-rondar-os-80-2\/#article\",\"isPartOf\":{\"@id\":\"https:\/\/portaltela.pt\/noticias\/2026\/03\/23\/greve-na-funcao-publica-com-adesao-a-rondar-os-80-2\/\"},\"author\":{\"name\":\"Telinha\",\"@id\":\"https:\/\/portaltela.pt\/#\/schema\/person\/c4278d4a6028830caff9ee44b42d32ed\"},\"headline\":\"Greve na fun\u00e7\u00e3o p\u00fablica com ades\u00e3o a rondar os 80%\",\"datePublished\":\"2026-03-23T10:23:51+00:00\",\"mainEntityOfPage\":{\"@id\":\"https:\/\/portaltela.pt\/noticias\/2026\/03\/23\/greve-na-funcao-publica-com-adesao-a-rondar-os-80-2\/\"},\"wordCount\":361,\"image\":{\"@id\":\"https:\/\/portaltela.pt\/noticias\/2026\/03\/23\/greve-na-funcao-publica-com-adesao-a-rondar-os-80-2\/#primaryimage\"},\"thumbnailUrl\":\"https:\/\/portaltela.pt\/s.01k8rhncp4jt1\/2026\/03\/img_1500x1000uu2021-04-17-21-56-35-1030456.jpg\",\"keywords\":[\"administra\u00e7\u00e3o p\u00fablica\",\"educa\u00e7\u00e3o\",\"governo\",\"greve\",\"sa\u00fade\",\"SIADAP\"],\"articleSection\":[\"Not\u00edcias\",\"Sociedade\"],\"inLanguage\":\"pt-PT\"},{\"@type\":\"WebPage\",\"@id\":\"https:\/\/portaltela.pt\/noticias\/2026\/03\/23\/greve-na-funcao-publica-com-adesao-a-rondar-os-80-2\/\",\"url\":\"https:\/\/portaltela.pt\/noticias\/2026\/03\/23\/greve-na-funcao-publica-com-adesao-a-rondar-os-80-2\/\",\"name\":\"Greve na fun\u00e7\u00e3o p\u00fablica com ades\u00e3o a rondar os 80% - Portal Tela Portugal\",\"isPartOf\":{\"@id\":\"https:\/\/portaltela.pt\/#website\"},\"primaryImageOfPage\":{\"@id\":\"https:\/\/portaltela.pt\/noticias\/2026\/03\/23\/greve-na-funcao-publica-com-adesao-a-rondar-os-80-2\/#primaryimage\"},\"image\":{\"@id\":\"https:\/\/portaltela.pt\/noticias\/2026\/03\/23\/greve-na-funcao-publica-com-adesao-a-rondar-os-80-2\/#primaryimage\"},\"thumbnailUrl\":\"https:\/\/portaltela.pt\/s.01k8rhncp4jt1\/2026\/03\/img_1500x1000uu2021-04-17-21-56-35-1030456.jpg\",\"datePublished\":\"2026-03-23T10:23:51+00:00\",\"author\":{\"@id\":\"https:\/\/portaltela.pt\/#\/schema\/person\/c4278d4a6028830caff9ee44b42d32ed\"},\"breadcrumb\":{\"@id\":\"https:\/\/portaltela.pt\/noticias\/2026\/03\/23\/greve-na-funcao-publica-com-adesao-a-rondar-os-80-2\/#breadcrumb\"},\"inLanguage\":\"pt-PT\",\"potentialAction\":[{\"@type\":\"ReadAction\",\"target\":[\"https:\/\/portaltela.pt\/noticias\/2026\/03\/23\/greve-na-funcao-publica-com-adesao-a-rondar-os-80-2\/\"]}]},{\"@type\":\"ImageObject\",\"inLanguage\":\"pt-PT\",\"@id\":\"https:\/\/portaltela.pt\/noticias\/2026\/03\/23\/greve-na-funcao-publica-com-adesao-a-rondar-os-80-2\/#primaryimage\",\"url\":\"https:\/\/portaltela.pt\/s.01k8rhncp4jt1\/2026\/03\/img_1500x1000uu2021-04-17-21-56-35-1030456.jpg\",\"contentUrl\":\"https:\/\/portaltela.pt\/s.01k8rhncp4jt1\/2026\/03\/img_1500x1000uu2021-04-17-21-56-35-1030456.jpg\",\"width\":796,\"height\":448,\"caption\":\"Fun\u00e7\u00e3o P\u00fablica\"},{\"@type\":\"BreadcrumbList\",\"@id\":\"https:\/\/portaltela.pt\/noticias\/2026\/03\/23\/greve-na-funcao-publica-com-adesao-a-rondar-os-80-2\/#breadcrumb\",\"itemListElement\":[{\"@type\":\"ListItem\",\"position\":1,\"name\":\"In\u00edcio\",\"item\":\"https:\/\/portaltela.pt\/\"},{\"@type\":\"ListItem\",\"position\":2,\"name\":\"Greve na fun\u00e7\u00e3o p\u00fablica com ades\u00e3o a rondar os 80%\"}]},{\"@type\":\"WebSite\",\"@id\":\"https:\/\/portaltela.pt\/#website\",\"url\":\"https:\/\/portaltela.pt\/\",\"name\":\"Portal Tela Portugal\",\"description\":\"\",\"potentialAction\":[{\"@type\":\"SearchAction\",\"target\":{\"@type\":\"EntryPoint\",\"urlTemplate\":\"https:\/\/portaltela.pt\/?s={search_term_string}\"},\"query-input\":{\"@type\":\"PropertyValueSpecification\",\"valueRequired\":true,\"valueName\":\"search_term_string\"}}],\"inLanguage\":\"pt-PT\"},{\"@type\":\"Person\",\"@id\":\"https:\/\/portaltela.pt\/#\/schema\/person\/c4278d4a6028830caff9ee44b42d32ed\",\"name\":\"Telinha\",\"image\":{\"@type\":\"ImageObject\",\"inLanguage\":\"pt-PT\",\"@id\":\"https:\/\/portaltela.pt\/s.01k8rhncp4jt1\/2025\/11\/talking-bot-125x125.png\",\"url\":\"https:\/\/portaltela.pt\/s.01k8rhncp4jt1\/2025\/11\/talking-bot-125x125.png\",\"contentUrl\":\"https:\/\/portaltela.pt\/s.01k8rhncp4jt1\/2025\/11\/talking-bot-125x125.png\",\"caption\":\"Telinha\"},\"sameAs\":[\"https:\/\/portaltela.pt\/\"],\"url\":\"https:\/\/portaltela.pt\/por\/367410592786\/\"}]}<\/script>\n<!-- \/ Yoast SEO plugin. -->","yoast_head_json":{"title":"Greve na fun\u00e7\u00e3o p\u00fablica com ades\u00e3o a rondar os 80% - Portal Tela Portugal","robots":{"index":"index","follow":"follow","max-snippet":"max-snippet:-1","max-image-preview":"max-image-preview:large","max-video-preview":"max-video-preview:-1"},"og_locale":"pt_PT","og_type":"article","og_title":"Greve na fun\u00e7\u00e3o p\u00fablica com ades\u00e3o a rondar os 80% - Portal Tela Portugal","og_description":"A greve na fun\u00e7\u00e3o p\u00fablica em Portugal continental, \u00e0s 09h45, registava cerca de 80% de ades\u00e3o, com maior impacto nos setores da educa\u00e7\u00e3o e da sa\u00fade. No setor da educa\u00e7\u00e3o, a ades\u00e3o no continente era de 90%, levando ao encerramento da maioria das escolas ou ao encerramento previsto para a parte da tarde. No setor da sa\u00fade, a participa\u00e7\u00e3o rondava os 80%, afetando hospitais e Unidades Locais de Sa\u00fade. A greve come\u00e7ou \u00e0 meia-noite e prolonga-se at\u00e9 \u00e0s 23h59, cobrindo a administra\u00e7\u00e3o central, regional e local; informa\u00e7\u00e3o adicional sobre alguns organismos est\u00e1 a ser recolhida. Motivos da greve incluem atrasos na avalia\u00e7\u00e3o de desempenho, cria\u00e7\u00e3o da carreira de t\u00e9cnico auxiliar de a\u00e7\u00e3o educativa e refor\u00e7o das contrata\u00e7\u00f5es para a sa\u00fade; a Federa\u00e7\u00e3o Nacional de Sindicatos Independentes da Administra\u00e7\u00e3o P\u00fablica (Fesinap) defende a revis\u00e3o do Sistema Integrado de Gest\u00e3o e Avalia\u00e7\u00e3o do Desempenho da Administra\u00e7\u00e3o P\u00fablica (SIADAP) e pretende ser recebida pelo Governo para negociar.","og_url":"https:\/\/portaltela.pt\/noticias\/2026\/03\/23\/greve-na-funcao-publica-com-adesao-a-rondar-os-80-2\/","og_site_name":"Portal Tela Portugal","article_published_time":"2026-03-23T10:23:51+00:00","author":"Telinha","twitter_card":"summary_large_image","twitter_misc":{"Escrito por":"Telinha","Tempo estimado de leitura":"2 minutos"},"schema":{"@context":"https:\/\/schema.org","@graph":[{"@type":"Article","@id":"https:\/\/portaltela.pt\/noticias\/2026\/03\/23\/greve-na-funcao-publica-com-adesao-a-rondar-os-80-2\/#article","isPartOf":{"@id":"https:\/\/portaltela.pt\/noticias\/2026\/03\/23\/greve-na-funcao-publica-com-adesao-a-rondar-os-80-2\/"},"author":{"name":"Telinha","@id":"https:\/\/portaltela.pt\/#\/schema\/person\/c4278d4a6028830caff9ee44b42d32ed"},"headline":"Greve na fun\u00e7\u00e3o p\u00fablica com ades\u00e3o a rondar os 80%","datePublished":"2026-03-23T10:23:51+00:00","mainEntityOfPage":{"@id":"https:\/\/portaltela.pt\/noticias\/2026\/03\/23\/greve-na-funcao-publica-com-adesao-a-rondar-os-80-2\/"},"wordCount":361,"image":{"@id":"https:\/\/portaltela.pt\/noticias\/2026\/03\/23\/greve-na-funcao-publica-com-adesao-a-rondar-os-80-2\/#primaryimage"},"thumbnailUrl":"https:\/\/portaltela.pt\/s.01k8rhncp4jt1\/2026\/03\/img_1500x1000uu2021-04-17-21-56-35-1030456.jpg","keywords":["administra\u00e7\u00e3o p\u00fablica","educa\u00e7\u00e3o","governo","greve","sa\u00fade","SIADAP"],"articleSection":["Not\u00edcias","Sociedade"],"inLanguage":"pt-PT"},{"@type":"WebPage","@id":"https:\/\/portaltela.pt\/noticias\/2026\/03\/23\/greve-na-funcao-publica-com-adesao-a-rondar-os-80-2\/","url":"https:\/\/portaltela.pt\/noticias\/2026\/03\/23\/greve-na-funcao-publica-com-adesao-a-rondar-os-80-2\/","name":"Greve na fun\u00e7\u00e3o p\u00fablica com ades\u00e3o a rondar os 80% - Portal Tela Portugal","isPartOf":{"@id":"https:\/\/portaltela.pt\/#website"},"primaryImageOfPage":{"@id":"https:\/\/portaltela.pt\/noticias\/2026\/03\/23\/greve-na-funcao-publica-com-adesao-a-rondar-os-80-2\/#primaryimage"},"image":{"@id":"https:\/\/portaltela.pt\/noticias\/2026\/03\/23\/greve-na-funcao-publica-com-adesao-a-rondar-os-80-2\/#primaryimage"},"thumbnailUrl":"https:\/\/portaltela.pt\/s.01k8rhncp4jt1\/2026\/03\/img_1500x1000uu2021-04-17-21-56-35-1030456.jpg","datePublished":"2026-03-23T10:23:51+00:00","author":{"@id":"https:\/\/portaltela.pt\/#\/schema\/person\/c4278d4a6028830caff9ee44b42d32ed"},"breadcrumb":{"@id":"https:\/\/portaltela.pt\/noticias\/2026\/03\/23\/greve-na-funcao-publica-com-adesao-a-rondar-os-80-2\/#breadcrumb"},"inLanguage":"pt-PT","potentialAction":[{"@type":"ReadAction","target":["https:\/\/portaltela.pt\/noticias\/2026\/03\/23\/greve-na-funcao-publica-com-adesao-a-rondar-os-80-2\/"]}]},{"@type":"ImageObject","inLanguage":"pt-PT","@id":"https:\/\/portaltela.pt\/noticias\/2026\/03\/23\/greve-na-funcao-publica-com-adesao-a-rondar-os-80-2\/#primaryimage","url":"https:\/\/portaltela.pt\/s.01k8rhncp4jt1\/2026\/03\/img_1500x1000uu2021-04-17-21-56-35-1030456.jpg","contentUrl":"https:\/\/portaltela.pt\/s.01k8rhncp4jt1\/2026\/03\/img_1500x1000uu2021-04-17-21-56-35-1030456.jpg","width":796,"height":448,"caption":"Fun\u00e7\u00e3o P\u00fablica"},{"@type":"BreadcrumbList","@id":"https:\/\/portaltela.pt\/noticias\/2026\/03\/23\/greve-na-funcao-publica-com-adesao-a-rondar-os-80-2\/#breadcrumb","itemListElement":[{"@type":"ListItem","position":1,"name":"In\u00edcio","item":"https:\/\/portaltela.pt\/"},{"@type":"ListItem","position":2,"name":"Greve na fun\u00e7\u00e3o p\u00fablica com ades\u00e3o a rondar os 80%"}]},{"@type":"WebSite","@id":"https:\/\/portaltela.pt\/#website","url":"https:\/\/portaltela.pt\/","name":"Portal Tela Portugal","description":"","potentialAction":[{"@type":"SearchAction","target":{"@type":"EntryPoint","urlTemplate":"https:\/\/portaltela.pt\/?s={search_term_string}"},"query-input":{"@type":"PropertyValueSpecification","valueRequired":true,"valueName":"search_term_string"}}],"inLanguage":"pt-PT"},{"@type":"Person","@id":"https:\/\/portaltela.pt\/#\/schema\/person\/c4278d4a6028830caff9ee44b42d32ed","name":"Telinha","image":{"@type":"ImageObject","inLanguage":"pt-PT","@id":"https:\/\/portaltela.pt\/s.01k8rhncp4jt1\/2025\/11\/talking-bot-125x125.png","url":"https:\/\/portaltela.pt\/s.01k8rhncp4jt1\/2025\/11\/talking-bot-125x125.png","contentUrl":"https:\/\/portaltela.pt\/s.01k8rhncp4jt1\/2025\/11\/talking-bot-125x125.png","caption":"Telinha"},"sameAs":["https:\/\/portaltela.pt\/"],"url":"https:\/\/portaltela.pt\/por\/367410592786\/"}]}},"_links":{"self":[{"href":"https:\/\/portaltela.pt\/api\/wp\/v2\/posts\/418257","targetHints":{"allow":["GET"]}}],"collection":[{"href":"https:\/\/portaltela.pt\/api\/wp\/v2\/posts"}],"about":[{"href":"https:\/\/portaltela.pt\/api\/wp\/v2\/types\/post"}],"author":[{"embeddable":true,"href":"https:\/\/portaltela.pt\/api\/wp\/v2\/users\/2"}],"replies":[{"embeddable":true,"href":"https:\/\/portaltela.pt\/api\/wp\/v2\/comments?post=418257"}],"version-history":[{"count":0,"href":"https:\/\/portaltela.pt\/api\/wp\/v2\/posts\/418257\/revisions"}],"wp:featuredmedia":[{"embeddable":true,"href":"https:\/\/portaltela.pt\/api\/wp\/v2\/media\/418258"}],"wp:attachment":[{"href":"https:\/\/portaltela.pt\/api\/wp\/v2\/media?parent=418257"}],"wp:term":[{"taxonomy":"category","embeddable":true,"href":"https:\/\/portaltela.pt\/api\/wp\/v2\/categories?post=418257"},{"taxonomy":"post_tag","embeddable":true,"href":"https:\/\/portaltela.pt\/api\/wp\/v2\/tags?post=418257"}],"curies":[{"name":"wp","href":"https:\/\/api.w.org\/{rel}","templated":true}]}}