{"id":418251,"date":"2026-03-23T07:32:35","date_gmt":"2026-03-23T10:32:35","guid":{"rendered":"https:\/\/portaltela.pt\/noticias\/2026\/03\/23\/resultados-preliminares-na-eslovenia-mostram-corrida-entre-liberais-e-direita\/"},"modified":"2026-03-23T07:32:35","modified_gmt":"2026-03-23T10:32:35","slug":"resultados-preliminares-na-eslovenia-mostram-corrida-entre-liberais-e-direita","status":"publish","type":"post","link":"https:\/\/portaltela.pt\/noticias\/politica\/2026\/03\/23\/resultados-preliminares-na-eslovenia-mostram-corrida-entre-liberais-e-direita\/","title":{"rendered":"Resultados preliminares na Eslov\u00e9nia mostram corrida entre liberais e direita"},"content":{"rendered":"<p>O escrut\u00ednio das legislativas na Eslov\u00e9nia, conclu\u00eddo j\u00e1 quase na totalidade, mostra uma corrida muito equilibrada entre o Movimento da Liberdade, de Robert Golob, e o SDS, de Janez Jan\u0161a. A vota\u00e7\u00e3o ocorreu no domingo, em Liubliana, com a contagem de cerca de 99% dos votos.<\/p>\n<p>Conforme a Comiss\u00e3o Eleitoral Estatal, o Movimento da Liberdade soma 28,5% dos votos, enquanto o SDS fica com 28,1%. Os resultados indicam que nenhum dos dois representantes ter\u00e1 a maioria no parlamento de 90 cadeiras, exigindo acordos com partidos menores para a forma\u00e7\u00e3o do governo.<\/p>\n<p>Golob demonstra confian\u00e7a na capacidade do seu partido para constituir o pr\u00f3ximo executivo, sublinhando o esfor\u00e7o de militantes, deputados e apoiantes ao longo do \u00faltimo ano. Jan\u0161a, por sua vez, afirma n\u00e3o ter havido interfer\u00eancia externa no processo eleitoral, negando as alega\u00e7\u00f5es associadas a grava\u00e7\u00f5es de v\u00eddeo secretas.<\/p>\n<h3>Resultados eleitorais e desdobramentos<\/h3>\n<p>A vota\u00e7\u00e3o reflete as profundas divis\u00f5es entre os 1,7 milh\u00f5es de eleitores da Eslov\u00e9nia. O governo de Golob tem sido visto como liberal no seio da UE, enquanto Jan\u0161a tem vindo a apoiar uma ret\u00f3rica nacionalista. As grava\u00e7\u00f5es em foco envolvem acusa\u00e7\u00f5es de corrup\u00e7\u00e3o associadas ao governo e est\u00e3o a ser investigadas, com a participa\u00e7\u00e3o de uma ag\u00eancia privada estrangeira na discuss\u00e3o.<\/p>\n","protected":false},"excerpt":{"rendered":"<ul>\n<li>Em Nesse Eslov\u00e9nia, resultados quase finais indicam empate entre o Movimento da Liberdade, de Robert Golob, e o SDS, de Janez Jan\u0161a, no parlamento de 90 deputados.<\/li>\n<li>Ap\u00f3s cerca de 99% da contagem, o Movimento da Liberdade ficou com 28,5% dos votos e o SDS com 28,1%, impossibilitando maioria parlamentar no momento.<\/li>\n<li>Golob expressou confian\u00e7a em formar o pr\u00f3ximo governo, embora dependa de apoios a partir de partidos mais pequenos.<\/li>\n<li>A contenda decorre em meio a alega\u00e7\u00f5es de corrup\u00e7\u00e3o associadas ao governo e a uma investiga\u00e7\u00e3o que envolve a liga\u00e7\u00e3o entre o partido de Jan\u0161a, uma ag\u00eancia privada estrangeira e grava\u00e7\u00f5es secretas, com Jan\u0161a a negar interfer\u00eancia eleitoral.<\/li>\n<\/ul>\n","protected":false},"author":2,"featured_media":418253,"comment_status":"closed","ping_status":"closed","sticky":false,"template":"","format":"standard","meta":{"footnotes":""},"categories":[6912,5],"tags":[83,68,2167,34,1732,2832],"class_list":["post-418251","post","type-post","status-publish","format-standard","has-post-thumbnail","hentry","category-internacionais","category-politica","tag-corrupcao","tag-eleicoes","tag-eslovenia","tag-governo","tag-partidos","tag-politica"],"yoast_head":"<!-- This site is optimized with the Yoast SEO plugin v27.2 - https:\/\/yoast.com\/product\/yoast-seo-wordpress\/ -->\n<title>Resultados preliminares na Eslov\u00e9nia mostram corrida entre liberais e direita - Portal Tela Portugal<\/title>\n<meta name=\"robots\" content=\"index, follow, max-snippet:-1, max-image-preview:large, max-video-preview:-1\" \/>\n<meta property=\"og:locale\" content=\"pt_PT\" \/>\n<meta property=\"og:type\" content=\"article\" \/>\n<meta property=\"og:title\" content=\"Resultados preliminares na Eslov\u00e9nia mostram corrida entre liberais e direita - Portal Tela Portugal\" \/>\n<meta property=\"og:description\" content=\"Em Nesse Eslov\u00e9nia, resultados quase finais indicam empate entre o Movimento da Liberdade, de Robert Golob, e o SDS, de Janez Jan\u0161a, no parlamento de 90 deputados. Ap\u00f3s cerca de 99% da contagem, o Movimento da Liberdade ficou com 28,5% dos votos e o SDS com 28,1%, impossibilitando maioria parlamentar no momento. Golob expressou confian\u00e7a em formar o pr\u00f3ximo governo, embora dependa de apoios a partir de partidos mais pequenos. A contenda decorre em meio a alega\u00e7\u00f5es de corrup\u00e7\u00e3o associadas ao governo e a uma investiga\u00e7\u00e3o que envolve a liga\u00e7\u00e3o entre o partido de Jan\u0161a, uma ag\u00eancia privada estrangeira e grava\u00e7\u00f5es secretas, com Jan\u0161a a negar interfer\u00eancia eleitoral.\" \/>\n<meta property=\"og:url\" content=\"https:\/\/portaltela.pt\/noticias\/2026\/03\/23\/resultados-preliminares-na-eslovenia-mostram-corrida-entre-liberais-e-direita\/\" \/>\n<meta property=\"og:site_name\" content=\"Portal Tela Portugal\" \/>\n<meta property=\"article:published_time\" content=\"2026-03-23T10:32:35+00:00\" \/>\n<meta name=\"author\" content=\"Telinha\" \/>\n<meta name=\"twitter:card\" content=\"summary_large_image\" \/>\n<meta name=\"twitter:label1\" content=\"Escrito por\" \/>\n\t<meta name=\"twitter:data1\" content=\"Telinha\" \/>\n\t<meta name=\"twitter:label2\" content=\"Tempo estimado de leitura\" \/>\n\t<meta name=\"twitter:data2\" content=\"1 minuto\" \/>\n<script type=\"application\/ld+json\" class=\"yoast-schema-graph\">{\"@context\":\"https:\/\/schema.org\",\"@graph\":[{\"@type\":\"Article\",\"@id\":\"https:\/\/portaltela.pt\/noticias\/2026\/03\/23\/resultados-preliminares-na-eslovenia-mostram-corrida-entre-liberais-e-direita\/#article\",\"isPartOf\":{\"@id\":\"https:\/\/portaltela.pt\/noticias\/2026\/03\/23\/resultados-preliminares-na-eslovenia-mostram-corrida-entre-liberais-e-direita\/\"},\"author\":{\"name\":\"Telinha\",\"@id\":\"https:\/\/portaltela.pt\/#\/schema\/person\/c4278d4a6028830caff9ee44b42d32ed\"},\"headline\":\"Resultados preliminares na Eslov\u00e9nia mostram corrida entre liberais e direita\",\"datePublished\":\"2026-03-23T10:32:35+00:00\",\"mainEntityOfPage\":{\"@id\":\"https:\/\/portaltela.pt\/noticias\/2026\/03\/23\/resultados-preliminares-na-eslovenia-mostram-corrida-entre-liberais-e-direita\/\"},\"wordCount\":240,\"image\":{\"@id\":\"https:\/\/portaltela.pt\/noticias\/2026\/03\/23\/resultados-preliminares-na-eslovenia-mostram-corrida-entre-liberais-e-direita\/#primaryimage\"},\"thumbnailUrl\":\"https:\/\/portaltela.pt\/s.01k8rhncp4jt1\/2026\/03\/1536x864_cmsv2_530ac9d2-df25-52e7-aac1-21af80b79fd2-9694464.jpg\",\"keywords\":[\"corrup\u00e7\u00e3o\",\"elei\u00e7\u00f5es\",\"Eslov\u00e9nia\",\"governo\",\"partidos\",\"pol\u00edtica\"],\"articleSection\":[\"Internacionais\",\"Pol\u00edtica\"],\"inLanguage\":\"pt-PT\"},{\"@type\":\"WebPage\",\"@id\":\"https:\/\/portaltela.pt\/noticias\/2026\/03\/23\/resultados-preliminares-na-eslovenia-mostram-corrida-entre-liberais-e-direita\/\",\"url\":\"https:\/\/portaltela.pt\/noticias\/2026\/03\/23\/resultados-preliminares-na-eslovenia-mostram-corrida-entre-liberais-e-direita\/\",\"name\":\"Resultados preliminares na Eslov\u00e9nia mostram corrida entre liberais e direita - Portal Tela Portugal\",\"isPartOf\":{\"@id\":\"https:\/\/portaltela.pt\/#website\"},\"primaryImageOfPage\":{\"@id\":\"https:\/\/portaltela.pt\/noticias\/2026\/03\/23\/resultados-preliminares-na-eslovenia-mostram-corrida-entre-liberais-e-direita\/#primaryimage\"},\"image\":{\"@id\":\"https:\/\/portaltela.pt\/noticias\/2026\/03\/23\/resultados-preliminares-na-eslovenia-mostram-corrida-entre-liberais-e-direita\/#primaryimage\"},\"thumbnailUrl\":\"https:\/\/portaltela.pt\/s.01k8rhncp4jt1\/2026\/03\/1536x864_cmsv2_530ac9d2-df25-52e7-aac1-21af80b79fd2-9694464.jpg\",\"datePublished\":\"2026-03-23T10:32:35+00:00\",\"author\":{\"@id\":\"https:\/\/portaltela.pt\/#\/schema\/person\/c4278d4a6028830caff9ee44b42d32ed\"},\"breadcrumb\":{\"@id\":\"https:\/\/portaltela.pt\/noticias\/2026\/03\/23\/resultados-preliminares-na-eslovenia-mostram-corrida-entre-liberais-e-direita\/#breadcrumb\"},\"inLanguage\":\"pt-PT\",\"potentialAction\":[{\"@type\":\"ReadAction\",\"target\":[\"https:\/\/portaltela.pt\/noticias\/2026\/03\/23\/resultados-preliminares-na-eslovenia-mostram-corrida-entre-liberais-e-direita\/\"]}]},{\"@type\":\"ImageObject\",\"inLanguage\":\"pt-PT\",\"@id\":\"https:\/\/portaltela.pt\/noticias\/2026\/03\/23\/resultados-preliminares-na-eslovenia-mostram-corrida-entre-liberais-e-direita\/#primaryimage\",\"url\":\"https:\/\/portaltela.pt\/s.01k8rhncp4jt1\/2026\/03\/1536x864_cmsv2_530ac9d2-df25-52e7-aac1-21af80b79fd2-9694464.jpg\",\"contentUrl\":\"https:\/\/portaltela.pt\/s.01k8rhncp4jt1\/2026\/03\/1536x864_cmsv2_530ac9d2-df25-52e7-aac1-21af80b79fd2-9694464.jpg\",\"width\":796,\"height\":448,\"caption\":\"O primeiro-ministro em exerc\u00edcio, Robert Golob, fala aos meios de comunica\u00e7\u00e3o social depois de o seu movimento \\\"Svoboda\\\" ter obtido a maioria dos votos nas elei\u00e7\u00f5es, em Liubliana, Eslov\u00e9nia, domingo, 22 de mar\u00e7o de 2026\"},{\"@type\":\"BreadcrumbList\",\"@id\":\"https:\/\/portaltela.pt\/noticias\/2026\/03\/23\/resultados-preliminares-na-eslovenia-mostram-corrida-entre-liberais-e-direita\/#breadcrumb\",\"itemListElement\":[{\"@type\":\"ListItem\",\"position\":1,\"name\":\"In\u00edcio\",\"item\":\"https:\/\/portaltela.pt\/\"},{\"@type\":\"ListItem\",\"position\":2,\"name\":\"Resultados preliminares na Eslov\u00e9nia mostram corrida entre liberais e direita\"}]},{\"@type\":\"WebSite\",\"@id\":\"https:\/\/portaltela.pt\/#website\",\"url\":\"https:\/\/portaltela.pt\/\",\"name\":\"Portal Tela Portugal\",\"description\":\"\",\"potentialAction\":[{\"@type\":\"SearchAction\",\"target\":{\"@type\":\"EntryPoint\",\"urlTemplate\":\"https:\/\/portaltela.pt\/?s={search_term_string}\"},\"query-input\":{\"@type\":\"PropertyValueSpecification\",\"valueRequired\":true,\"valueName\":\"search_term_string\"}}],\"inLanguage\":\"pt-PT\"},{\"@type\":\"Person\",\"@id\":\"https:\/\/portaltela.pt\/#\/schema\/person\/c4278d4a6028830caff9ee44b42d32ed\",\"name\":\"Telinha\",\"image\":{\"@type\":\"ImageObject\",\"inLanguage\":\"pt-PT\",\"@id\":\"https:\/\/portaltela.pt\/s.01k8rhncp4jt1\/2025\/11\/talking-bot-125x125.png\",\"url\":\"https:\/\/portaltela.pt\/s.01k8rhncp4jt1\/2025\/11\/talking-bot-125x125.png\",\"contentUrl\":\"https:\/\/portaltela.pt\/s.01k8rhncp4jt1\/2025\/11\/talking-bot-125x125.png\",\"caption\":\"Telinha\"},\"sameAs\":[\"https:\/\/portaltela.pt\/\"],\"url\":\"https:\/\/portaltela.pt\/por\/367410592786\/\"}]}<\/script>\n<!-- \/ Yoast SEO plugin. -->","yoast_head_json":{"title":"Resultados preliminares na Eslov\u00e9nia mostram corrida entre liberais e direita - Portal Tela Portugal","robots":{"index":"index","follow":"follow","max-snippet":"max-snippet:-1","max-image-preview":"max-image-preview:large","max-video-preview":"max-video-preview:-1"},"og_locale":"pt_PT","og_type":"article","og_title":"Resultados preliminares na Eslov\u00e9nia mostram corrida entre liberais e direita - Portal Tela Portugal","og_description":"Em Nesse Eslov\u00e9nia, resultados quase finais indicam empate entre o Movimento da Liberdade, de Robert Golob, e o SDS, de Janez Jan\u0161a, no parlamento de 90 deputados. Ap\u00f3s cerca de 99% da contagem, o Movimento da Liberdade ficou com 28,5% dos votos e o SDS com 28,1%, impossibilitando maioria parlamentar no momento. Golob expressou confian\u00e7a em formar o pr\u00f3ximo governo, embora dependa de apoios a partir de partidos mais pequenos. A contenda decorre em meio a alega\u00e7\u00f5es de corrup\u00e7\u00e3o associadas ao governo e a uma investiga\u00e7\u00e3o que envolve a liga\u00e7\u00e3o entre o partido de Jan\u0161a, uma ag\u00eancia privada estrangeira e grava\u00e7\u00f5es secretas, com Jan\u0161a a negar interfer\u00eancia eleitoral.","og_url":"https:\/\/portaltela.pt\/noticias\/2026\/03\/23\/resultados-preliminares-na-eslovenia-mostram-corrida-entre-liberais-e-direita\/","og_site_name":"Portal Tela Portugal","article_published_time":"2026-03-23T10:32:35+00:00","author":"Telinha","twitter_card":"summary_large_image","twitter_misc":{"Escrito por":"Telinha","Tempo estimado de leitura":"1 minuto"},"schema":{"@context":"https:\/\/schema.org","@graph":[{"@type":"Article","@id":"https:\/\/portaltela.pt\/noticias\/2026\/03\/23\/resultados-preliminares-na-eslovenia-mostram-corrida-entre-liberais-e-direita\/#article","isPartOf":{"@id":"https:\/\/portaltela.pt\/noticias\/2026\/03\/23\/resultados-preliminares-na-eslovenia-mostram-corrida-entre-liberais-e-direita\/"},"author":{"name":"Telinha","@id":"https:\/\/portaltela.pt\/#\/schema\/person\/c4278d4a6028830caff9ee44b42d32ed"},"headline":"Resultados preliminares na Eslov\u00e9nia mostram corrida entre liberais e direita","datePublished":"2026-03-23T10:32:35+00:00","mainEntityOfPage":{"@id":"https:\/\/portaltela.pt\/noticias\/2026\/03\/23\/resultados-preliminares-na-eslovenia-mostram-corrida-entre-liberais-e-direita\/"},"wordCount":240,"image":{"@id":"https:\/\/portaltela.pt\/noticias\/2026\/03\/23\/resultados-preliminares-na-eslovenia-mostram-corrida-entre-liberais-e-direita\/#primaryimage"},"thumbnailUrl":"https:\/\/portaltela.pt\/s.01k8rhncp4jt1\/2026\/03\/1536x864_cmsv2_530ac9d2-df25-52e7-aac1-21af80b79fd2-9694464.jpg","keywords":["corrup\u00e7\u00e3o","elei\u00e7\u00f5es","Eslov\u00e9nia","governo","partidos","pol\u00edtica"],"articleSection":["Internacionais","Pol\u00edtica"],"inLanguage":"pt-PT"},{"@type":"WebPage","@id":"https:\/\/portaltela.pt\/noticias\/2026\/03\/23\/resultados-preliminares-na-eslovenia-mostram-corrida-entre-liberais-e-direita\/","url":"https:\/\/portaltela.pt\/noticias\/2026\/03\/23\/resultados-preliminares-na-eslovenia-mostram-corrida-entre-liberais-e-direita\/","name":"Resultados preliminares na Eslov\u00e9nia mostram corrida entre liberais e direita - Portal Tela Portugal","isPartOf":{"@id":"https:\/\/portaltela.pt\/#website"},"primaryImageOfPage":{"@id":"https:\/\/portaltela.pt\/noticias\/2026\/03\/23\/resultados-preliminares-na-eslovenia-mostram-corrida-entre-liberais-e-direita\/#primaryimage"},"image":{"@id":"https:\/\/portaltela.pt\/noticias\/2026\/03\/23\/resultados-preliminares-na-eslovenia-mostram-corrida-entre-liberais-e-direita\/#primaryimage"},"thumbnailUrl":"https:\/\/portaltela.pt\/s.01k8rhncp4jt1\/2026\/03\/1536x864_cmsv2_530ac9d2-df25-52e7-aac1-21af80b79fd2-9694464.jpg","datePublished":"2026-03-23T10:32:35+00:00","author":{"@id":"https:\/\/portaltela.pt\/#\/schema\/person\/c4278d4a6028830caff9ee44b42d32ed"},"breadcrumb":{"@id":"https:\/\/portaltela.pt\/noticias\/2026\/03\/23\/resultados-preliminares-na-eslovenia-mostram-corrida-entre-liberais-e-direita\/#breadcrumb"},"inLanguage":"pt-PT","potentialAction":[{"@type":"ReadAction","target":["https:\/\/portaltela.pt\/noticias\/2026\/03\/23\/resultados-preliminares-na-eslovenia-mostram-corrida-entre-liberais-e-direita\/"]}]},{"@type":"ImageObject","inLanguage":"pt-PT","@id":"https:\/\/portaltela.pt\/noticias\/2026\/03\/23\/resultados-preliminares-na-eslovenia-mostram-corrida-entre-liberais-e-direita\/#primaryimage","url":"https:\/\/portaltela.pt\/s.01k8rhncp4jt1\/2026\/03\/1536x864_cmsv2_530ac9d2-df25-52e7-aac1-21af80b79fd2-9694464.jpg","contentUrl":"https:\/\/portaltela.pt\/s.01k8rhncp4jt1\/2026\/03\/1536x864_cmsv2_530ac9d2-df25-52e7-aac1-21af80b79fd2-9694464.jpg","width":796,"height":448,"caption":"O primeiro-ministro em exerc\u00edcio, Robert Golob, fala aos meios de comunica\u00e7\u00e3o social depois de o seu movimento \"Svoboda\" ter obtido a maioria dos votos nas elei\u00e7\u00f5es, em Liubliana, Eslov\u00e9nia, domingo, 22 de mar\u00e7o de 2026"},{"@type":"BreadcrumbList","@id":"https:\/\/portaltela.pt\/noticias\/2026\/03\/23\/resultados-preliminares-na-eslovenia-mostram-corrida-entre-liberais-e-direita\/#breadcrumb","itemListElement":[{"@type":"ListItem","position":1,"name":"In\u00edcio","item":"https:\/\/portaltela.pt\/"},{"@type":"ListItem","position":2,"name":"Resultados preliminares na Eslov\u00e9nia mostram corrida entre liberais e direita"}]},{"@type":"WebSite","@id":"https:\/\/portaltela.pt\/#website","url":"https:\/\/portaltela.pt\/","name":"Portal Tela Portugal","description":"","potentialAction":[{"@type":"SearchAction","target":{"@type":"EntryPoint","urlTemplate":"https:\/\/portaltela.pt\/?s={search_term_string}"},"query-input":{"@type":"PropertyValueSpecification","valueRequired":true,"valueName":"search_term_string"}}],"inLanguage":"pt-PT"},{"@type":"Person","@id":"https:\/\/portaltela.pt\/#\/schema\/person\/c4278d4a6028830caff9ee44b42d32ed","name":"Telinha","image":{"@type":"ImageObject","inLanguage":"pt-PT","@id":"https:\/\/portaltela.pt\/s.01k8rhncp4jt1\/2025\/11\/talking-bot-125x125.png","url":"https:\/\/portaltela.pt\/s.01k8rhncp4jt1\/2025\/11\/talking-bot-125x125.png","contentUrl":"https:\/\/portaltela.pt\/s.01k8rhncp4jt1\/2025\/11\/talking-bot-125x125.png","caption":"Telinha"},"sameAs":["https:\/\/portaltela.pt\/"],"url":"https:\/\/portaltela.pt\/por\/367410592786\/"}]}},"_links":{"self":[{"href":"https:\/\/portaltela.pt\/api\/wp\/v2\/posts\/418251","targetHints":{"allow":["GET"]}}],"collection":[{"href":"https:\/\/portaltela.pt\/api\/wp\/v2\/posts"}],"about":[{"href":"https:\/\/portaltela.pt\/api\/wp\/v2\/types\/post"}],"author":[{"embeddable":true,"href":"https:\/\/portaltela.pt\/api\/wp\/v2\/users\/2"}],"replies":[{"embeddable":true,"href":"https:\/\/portaltela.pt\/api\/wp\/v2\/comments?post=418251"}],"version-history":[{"count":0,"href":"https:\/\/portaltela.pt\/api\/wp\/v2\/posts\/418251\/revisions"}],"wp:featuredmedia":[{"embeddable":true,"href":"https:\/\/portaltela.pt\/api\/wp\/v2\/media\/418253"}],"wp:attachment":[{"href":"https:\/\/portaltela.pt\/api\/wp\/v2\/media?parent=418251"}],"wp:term":[{"taxonomy":"category","embeddable":true,"href":"https:\/\/portaltela.pt\/api\/wp\/v2\/categories?post=418251"},{"taxonomy":"post_tag","embeddable":true,"href":"https:\/\/portaltela.pt\/api\/wp\/v2\/tags?post=418251"}],"curies":[{"name":"wp","href":"https:\/\/api.w.org\/{rel}","templated":true}]}}