{"id":418242,"date":"2026-03-23T07:17:15","date_gmt":"2026-03-23T10:17:15","guid":{"rendered":"https:\/\/portaltela.pt\/noticias\/2026\/03\/23\/casos-de-meningite-b-no-surto-de-kent-reduzem-apos-reclassificacao-laboratorial\/"},"modified":"2026-03-23T07:17:15","modified_gmt":"2026-03-23T10:17:15","slug":"casos-de-meningite-b-no-surto-de-kent-reduzem-apos-reclassificacao-laboratorial","status":"publish","type":"post","link":"https:\/\/portaltela.pt\/saude\/2026\/03\/23\/casos-de-meningite-b-no-surto-de-kent-reduzem-apos-reclassificacao-laboratorial\/","title":{"rendered":"Casos de meningite B no surto de Kent reduzem ap\u00f3s reclassifica\u00e7\u00e3o laboratorial"},"content":{"rendered":"<p>O n\u00famero de casos de meningite B no surto em Kent, no Reino Unido, caiu para 29, ap\u00f3s uma reclassifica\u00e7\u00e3o laboratorial. O recorte anterior indicava 34 casos. As duas mortes associadas permanecem confirmadas.<\/p>\n<p>A UK Health Security Agency (UKHSA) explica que alguns casos inicialmente considerados confirmados foram reclassificados com base em novos resultados de laborat\u00f3rio e investiga\u00e7\u00f5es cl\u00ednicas. Espera-se que outras reavalia\u00e7\u00f5es ocorram \u00e0 medida que novas an\u00e1lises s\u00e3o conclu\u00eddas.<\/p>\n<p>A UKHSA mant\u00e9m vigil\u00e2ncia acentuada e trabalha com o NHS England e autoridades locais para assegurar resposta r\u00e1pida quando novas ocorr\u00eancias surgem. O surto est\u00e1 ligado a uma discoteca de Canterbury, onde se suspeita de um caso envolvendo meningite B.<\/p>\n<p>Medidas de resposta e vacina\u00e7\u00e3o<\/p>\n<p>Universidade de Kent tem distribu\u00eddo m\u00e1scaras e antibi\u00f3ticos aos estudantes. O governo anunciou que os alunos ter\u00e3o acesso \u00e0 vacina contra meningite B. A vacina\u00e7\u00e3o \u00e9 recomendada como prote\u00e7\u00e3o a longo prazo, com antibi\u00f3ticos preventivos como medida imediata mais importante.<\/p>\n<p>Quem j\u00e1 regressou a casa pode receber vacina\u00e7\u00e3o e antibi\u00f3ticos preventivos atrav\u00e9s do m\u00e9dico de fam\u00edlia. A autoridade de sa\u00fade lembra que o risco para o p\u00fablico em geral continua baixo, mas \u00e9 essencial reconhecer sintomas da meningococical invasiva e procurar atendimento m\u00e9dico imediato se surgirem.<\/p>\n<p>Contexto t\u00e9cnico<\/p>\n<p>A meningite envolve inflama\u00e7\u00e3o das meninges, membranas que envolvem c\u00e9rebro e medula. A estirpe respons\u00e1vel no surto \u00e9 meningite B, que tende a ser mais grave do que formas virais. A doen\u00e7a transmite-se por contacto pr\u00f3ximo, como tosse, beijo ou partilha de utens\u00edlios.<\/p>\n<p>A vacina\u00e7\u00e3o rutin\u00e1ria de meningite B no Reino Unido come\u00e7ou em 2015 para beb\u00e9s. Crian\u00e7as nascidas antes de 1 de maio de 2015 n\u00e3o t\u00eam direito \u00e0 MenB, salvo exce\u00e7\u00f5es cl\u00ednicas. O Centro Europeu de Preven\u00e7\u00e3o e Controlo de Doen\u00e7as classifica o risco para a popula\u00e7\u00e3o da UE\/EEE como muito baixo.<\/p>\n","protected":false},"excerpt":{"rendered":"<ul>\n<li>O surto de meningite B em Kent baixou para 29 casos, face aos 34 comunicados no s\u00e1bado, segundo a UK Health Security Agency (UKHSA).<\/li>\n<li>Permanecem duas mortes confirmadas: um estudante de 21 anos da University of Kent e um aluno do ensino secund\u00e1rio de Faversham.<\/li>\n<li>Alguns casos inicialmente considerados confirmados foram reclassificados ap\u00f3s novos resultados laboratoriais e investiga\u00e7\u00e3o cl\u00ednica.<\/li>\n<li>O surto est\u00e1 ligado a uma discoteca em Canterbury, com um trabalhador suspeito de meningite B.<\/li>\n<li>Estudantes eleg\u00edveis da University of Kent j\u00e1 em casa podem aceder \u00e0 vacina MenB e a antibi\u00f3ticos preventivos atrav\u00e9s do m\u00e9dico de fam\u00edlia.<\/li>\n<\/ul>\n","protected":false},"author":2,"featured_media":418243,"comment_status":"closed","ping_status":"closed","sticky":false,"template":"","format":"standard","meta":{"footnotes":""},"categories":[1,6745],"tags":[61,4684,3239,271,3949],"class_list":["post-418242","post","type-post","status-publish","format-standard","has-post-thumbnail","hentry","category-noticias","category-saude","tag-doencas","tag-epidemiologia","tag-infeccao","tag-saude-publica","tag-vacinacoes"],"yoast_head":"<!-- This site is optimized with the Yoast SEO plugin v27.2 - https:\/\/yoast.com\/product\/yoast-seo-wordpress\/ -->\n<title>Casos de meningite B no surto de Kent reduzem ap\u00f3s reclassifica\u00e7\u00e3o laboratorial - Portal Tela Portugal<\/title>\n<meta name=\"robots\" content=\"index, follow, max-snippet:-1, max-image-preview:large, max-video-preview:-1\" \/>\n<meta property=\"og:locale\" content=\"pt_PT\" \/>\n<meta property=\"og:type\" content=\"article\" \/>\n<meta property=\"og:title\" content=\"Casos de meningite B no surto de Kent reduzem ap\u00f3s reclassifica\u00e7\u00e3o laboratorial - Portal Tela Portugal\" \/>\n<meta property=\"og:description\" content=\"O surto de meningite B em Kent baixou para 29 casos, face aos 34 comunicados no s\u00e1bado, segundo a UK Health Security Agency (UKHSA). Permanecem duas mortes confirmadas: um estudante de 21 anos da University of Kent e um aluno do ensino secund\u00e1rio de Faversham. Alguns casos inicialmente considerados confirmados foram reclassificados ap\u00f3s novos resultados laboratoriais e investiga\u00e7\u00e3o cl\u00ednica. O surto est\u00e1 ligado a uma discoteca em Canterbury, com um trabalhador suspeito de meningite B. Estudantes eleg\u00edveis da University of Kent j\u00e1 em casa podem aceder \u00e0 vacina MenB e a antibi\u00f3ticos preventivos atrav\u00e9s do m\u00e9dico de fam\u00edlia.\" \/>\n<meta property=\"og:url\" content=\"https:\/\/portaltela.pt\/noticias\/2026\/03\/23\/casos-de-meningite-b-no-surto-de-kent-reduzem-apos-reclassificacao-laboratorial\/\" \/>\n<meta property=\"og:site_name\" content=\"Portal Tela Portugal\" \/>\n<meta property=\"article:published_time\" content=\"2026-03-23T10:17:15+00:00\" \/>\n<meta name=\"author\" content=\"Telinha\" \/>\n<meta name=\"twitter:card\" content=\"summary_large_image\" \/>\n<meta name=\"twitter:label1\" content=\"Escrito por\" \/>\n\t<meta name=\"twitter:data1\" content=\"Telinha\" \/>\n\t<meta name=\"twitter:label2\" content=\"Tempo estimado de leitura\" \/>\n\t<meta name=\"twitter:data2\" content=\"2 minutos\" \/>\n<script type=\"application\/ld+json\" class=\"yoast-schema-graph\">{\"@context\":\"https:\/\/schema.org\",\"@graph\":[{\"@type\":\"Article\",\"@id\":\"https:\/\/portaltela.pt\/noticias\/2026\/03\/23\/casos-de-meningite-b-no-surto-de-kent-reduzem-apos-reclassificacao-laboratorial\/#article\",\"isPartOf\":{\"@id\":\"https:\/\/portaltela.pt\/noticias\/2026\/03\/23\/casos-de-meningite-b-no-surto-de-kent-reduzem-apos-reclassificacao-laboratorial\/\"},\"author\":{\"name\":\"Telinha\",\"@id\":\"https:\/\/portaltela.pt\/#\/schema\/person\/c4278d4a6028830caff9ee44b42d32ed\"},\"headline\":\"Casos de meningite B no surto de Kent reduzem ap\u00f3s reclassifica\u00e7\u00e3o laboratorial\",\"datePublished\":\"2026-03-23T10:17:15+00:00\",\"mainEntityOfPage\":{\"@id\":\"https:\/\/portaltela.pt\/noticias\/2026\/03\/23\/casos-de-meningite-b-no-surto-de-kent-reduzem-apos-reclassificacao-laboratorial\/\"},\"wordCount\":350,\"image\":{\"@id\":\"https:\/\/portaltela.pt\/noticias\/2026\/03\/23\/casos-de-meningite-b-no-surto-de-kent-reduzem-apos-reclassificacao-laboratorial\/#primaryimage\"},\"thumbnailUrl\":\"https:\/\/portaltela.pt\/s.01k8rhncp4jt1\/2026\/03\/1536x864_cmsv2_01d21b30-da8f-5c1d-93ce-5b1c66006b3d-9694944.jpg\",\"keywords\":[\"doen\u00e7as\",\"epidemiologia\",\"infec\u00e7\u00e3o\",\"sa\u00fade p\u00fablica\",\"vacina\u00e7\u00f5es\"],\"articleSection\":[\"Not\u00edcias\",\"Sa\u00fade\"],\"inLanguage\":\"pt-PT\"},{\"@type\":\"WebPage\",\"@id\":\"https:\/\/portaltela.pt\/noticias\/2026\/03\/23\/casos-de-meningite-b-no-surto-de-kent-reduzem-apos-reclassificacao-laboratorial\/\",\"url\":\"https:\/\/portaltela.pt\/noticias\/2026\/03\/23\/casos-de-meningite-b-no-surto-de-kent-reduzem-apos-reclassificacao-laboratorial\/\",\"name\":\"Casos de meningite B no surto de Kent reduzem ap\u00f3s reclassifica\u00e7\u00e3o laboratorial - Portal Tela Portugal\",\"isPartOf\":{\"@id\":\"https:\/\/portaltela.pt\/#website\"},\"primaryImageOfPage\":{\"@id\":\"https:\/\/portaltela.pt\/noticias\/2026\/03\/23\/casos-de-meningite-b-no-surto-de-kent-reduzem-apos-reclassificacao-laboratorial\/#primaryimage\"},\"image\":{\"@id\":\"https:\/\/portaltela.pt\/noticias\/2026\/03\/23\/casos-de-meningite-b-no-surto-de-kent-reduzem-apos-reclassificacao-laboratorial\/#primaryimage\"},\"thumbnailUrl\":\"https:\/\/portaltela.pt\/s.01k8rhncp4jt1\/2026\/03\/1536x864_cmsv2_01d21b30-da8f-5c1d-93ce-5b1c66006b3d-9694944.jpg\",\"datePublished\":\"2026-03-23T10:17:15+00:00\",\"author\":{\"@id\":\"https:\/\/portaltela.pt\/#\/schema\/person\/c4278d4a6028830caff9ee44b42d32ed\"},\"breadcrumb\":{\"@id\":\"https:\/\/portaltela.pt\/noticias\/2026\/03\/23\/casos-de-meningite-b-no-surto-de-kent-reduzem-apos-reclassificacao-laboratorial\/#breadcrumb\"},\"inLanguage\":\"pt-PT\",\"potentialAction\":[{\"@type\":\"ReadAction\",\"target\":[\"https:\/\/portaltela.pt\/noticias\/2026\/03\/23\/casos-de-meningite-b-no-surto-de-kent-reduzem-apos-reclassificacao-laboratorial\/\"]}]},{\"@type\":\"ImageObject\",\"inLanguage\":\"pt-PT\",\"@id\":\"https:\/\/portaltela.pt\/noticias\/2026\/03\/23\/casos-de-meningite-b-no-surto-de-kent-reduzem-apos-reclassificacao-laboratorial\/#primaryimage\",\"url\":\"https:\/\/portaltela.pt\/s.01k8rhncp4jt1\/2026\/03\/1536x864_cmsv2_01d21b30-da8f-5c1d-93ce-5b1c66006b3d-9694944.jpg\",\"contentUrl\":\"https:\/\/portaltela.pt\/s.01k8rhncp4jt1\/2026\/03\/1536x864_cmsv2_01d21b30-da8f-5c1d-93ce-5b1c66006b3d-9694944.jpg\",\"width\":796,\"height\":448,\"caption\":\"O n\u00famero de casos do surto de meningite em Kent, no Reino Unido, desceu para 29, face aos 34 registados no s\u00e1bado.\"},{\"@type\":\"BreadcrumbList\",\"@id\":\"https:\/\/portaltela.pt\/noticias\/2026\/03\/23\/casos-de-meningite-b-no-surto-de-kent-reduzem-apos-reclassificacao-laboratorial\/#breadcrumb\",\"itemListElement\":[{\"@type\":\"ListItem\",\"position\":1,\"name\":\"In\u00edcio\",\"item\":\"https:\/\/portaltela.pt\/\"},{\"@type\":\"ListItem\",\"position\":2,\"name\":\"Casos de meningite B no surto de Kent reduzem ap\u00f3s reclassifica\u00e7\u00e3o laboratorial\"}]},{\"@type\":\"WebSite\",\"@id\":\"https:\/\/portaltela.pt\/#website\",\"url\":\"https:\/\/portaltela.pt\/\",\"name\":\"Portal Tela Portugal\",\"description\":\"\",\"potentialAction\":[{\"@type\":\"SearchAction\",\"target\":{\"@type\":\"EntryPoint\",\"urlTemplate\":\"https:\/\/portaltela.pt\/?s={search_term_string}\"},\"query-input\":{\"@type\":\"PropertyValueSpecification\",\"valueRequired\":true,\"valueName\":\"search_term_string\"}}],\"inLanguage\":\"pt-PT\"},{\"@type\":\"Person\",\"@id\":\"https:\/\/portaltela.pt\/#\/schema\/person\/c4278d4a6028830caff9ee44b42d32ed\",\"name\":\"Telinha\",\"image\":{\"@type\":\"ImageObject\",\"inLanguage\":\"pt-PT\",\"@id\":\"https:\/\/portaltela.pt\/s.01k8rhncp4jt1\/2025\/11\/talking-bot-125x125.png\",\"url\":\"https:\/\/portaltela.pt\/s.01k8rhncp4jt1\/2025\/11\/talking-bot-125x125.png\",\"contentUrl\":\"https:\/\/portaltela.pt\/s.01k8rhncp4jt1\/2025\/11\/talking-bot-125x125.png\",\"caption\":\"Telinha\"},\"sameAs\":[\"https:\/\/portaltela.pt\/\"],\"url\":\"https:\/\/portaltela.pt\/por\/367410592786\/\"}]}<\/script>\n<!-- \/ Yoast SEO plugin. -->","yoast_head_json":{"title":"Casos de meningite B no surto de Kent reduzem ap\u00f3s reclassifica\u00e7\u00e3o laboratorial - Portal Tela Portugal","robots":{"index":"index","follow":"follow","max-snippet":"max-snippet:-1","max-image-preview":"max-image-preview:large","max-video-preview":"max-video-preview:-1"},"og_locale":"pt_PT","og_type":"article","og_title":"Casos de meningite B no surto de Kent reduzem ap\u00f3s reclassifica\u00e7\u00e3o laboratorial - Portal Tela Portugal","og_description":"O surto de meningite B em Kent baixou para 29 casos, face aos 34 comunicados no s\u00e1bado, segundo a UK Health Security Agency (UKHSA). Permanecem duas mortes confirmadas: um estudante de 21 anos da University of Kent e um aluno do ensino secund\u00e1rio de Faversham. Alguns casos inicialmente considerados confirmados foram reclassificados ap\u00f3s novos resultados laboratoriais e investiga\u00e7\u00e3o cl\u00ednica. O surto est\u00e1 ligado a uma discoteca em Canterbury, com um trabalhador suspeito de meningite B. Estudantes eleg\u00edveis da University of Kent j\u00e1 em casa podem aceder \u00e0 vacina MenB e a antibi\u00f3ticos preventivos atrav\u00e9s do m\u00e9dico de fam\u00edlia.","og_url":"https:\/\/portaltela.pt\/noticias\/2026\/03\/23\/casos-de-meningite-b-no-surto-de-kent-reduzem-apos-reclassificacao-laboratorial\/","og_site_name":"Portal Tela Portugal","article_published_time":"2026-03-23T10:17:15+00:00","author":"Telinha","twitter_card":"summary_large_image","twitter_misc":{"Escrito por":"Telinha","Tempo estimado de leitura":"2 minutos"},"schema":{"@context":"https:\/\/schema.org","@graph":[{"@type":"Article","@id":"https:\/\/portaltela.pt\/noticias\/2026\/03\/23\/casos-de-meningite-b-no-surto-de-kent-reduzem-apos-reclassificacao-laboratorial\/#article","isPartOf":{"@id":"https:\/\/portaltela.pt\/noticias\/2026\/03\/23\/casos-de-meningite-b-no-surto-de-kent-reduzem-apos-reclassificacao-laboratorial\/"},"author":{"name":"Telinha","@id":"https:\/\/portaltela.pt\/#\/schema\/person\/c4278d4a6028830caff9ee44b42d32ed"},"headline":"Casos de meningite B no surto de Kent reduzem ap\u00f3s reclassifica\u00e7\u00e3o laboratorial","datePublished":"2026-03-23T10:17:15+00:00","mainEntityOfPage":{"@id":"https:\/\/portaltela.pt\/noticias\/2026\/03\/23\/casos-de-meningite-b-no-surto-de-kent-reduzem-apos-reclassificacao-laboratorial\/"},"wordCount":350,"image":{"@id":"https:\/\/portaltela.pt\/noticias\/2026\/03\/23\/casos-de-meningite-b-no-surto-de-kent-reduzem-apos-reclassificacao-laboratorial\/#primaryimage"},"thumbnailUrl":"https:\/\/portaltela.pt\/s.01k8rhncp4jt1\/2026\/03\/1536x864_cmsv2_01d21b30-da8f-5c1d-93ce-5b1c66006b3d-9694944.jpg","keywords":["doen\u00e7as","epidemiologia","infec\u00e7\u00e3o","sa\u00fade p\u00fablica","vacina\u00e7\u00f5es"],"articleSection":["Not\u00edcias","Sa\u00fade"],"inLanguage":"pt-PT"},{"@type":"WebPage","@id":"https:\/\/portaltela.pt\/noticias\/2026\/03\/23\/casos-de-meningite-b-no-surto-de-kent-reduzem-apos-reclassificacao-laboratorial\/","url":"https:\/\/portaltela.pt\/noticias\/2026\/03\/23\/casos-de-meningite-b-no-surto-de-kent-reduzem-apos-reclassificacao-laboratorial\/","name":"Casos de meningite B no surto de Kent reduzem ap\u00f3s reclassifica\u00e7\u00e3o laboratorial - Portal Tela Portugal","isPartOf":{"@id":"https:\/\/portaltela.pt\/#website"},"primaryImageOfPage":{"@id":"https:\/\/portaltela.pt\/noticias\/2026\/03\/23\/casos-de-meningite-b-no-surto-de-kent-reduzem-apos-reclassificacao-laboratorial\/#primaryimage"},"image":{"@id":"https:\/\/portaltela.pt\/noticias\/2026\/03\/23\/casos-de-meningite-b-no-surto-de-kent-reduzem-apos-reclassificacao-laboratorial\/#primaryimage"},"thumbnailUrl":"https:\/\/portaltela.pt\/s.01k8rhncp4jt1\/2026\/03\/1536x864_cmsv2_01d21b30-da8f-5c1d-93ce-5b1c66006b3d-9694944.jpg","datePublished":"2026-03-23T10:17:15+00:00","author":{"@id":"https:\/\/portaltela.pt\/#\/schema\/person\/c4278d4a6028830caff9ee44b42d32ed"},"breadcrumb":{"@id":"https:\/\/portaltela.pt\/noticias\/2026\/03\/23\/casos-de-meningite-b-no-surto-de-kent-reduzem-apos-reclassificacao-laboratorial\/#breadcrumb"},"inLanguage":"pt-PT","potentialAction":[{"@type":"ReadAction","target":["https:\/\/portaltela.pt\/noticias\/2026\/03\/23\/casos-de-meningite-b-no-surto-de-kent-reduzem-apos-reclassificacao-laboratorial\/"]}]},{"@type":"ImageObject","inLanguage":"pt-PT","@id":"https:\/\/portaltela.pt\/noticias\/2026\/03\/23\/casos-de-meningite-b-no-surto-de-kent-reduzem-apos-reclassificacao-laboratorial\/#primaryimage","url":"https:\/\/portaltela.pt\/s.01k8rhncp4jt1\/2026\/03\/1536x864_cmsv2_01d21b30-da8f-5c1d-93ce-5b1c66006b3d-9694944.jpg","contentUrl":"https:\/\/portaltela.pt\/s.01k8rhncp4jt1\/2026\/03\/1536x864_cmsv2_01d21b30-da8f-5c1d-93ce-5b1c66006b3d-9694944.jpg","width":796,"height":448,"caption":"O n\u00famero de casos do surto de meningite em Kent, no Reino Unido, desceu para 29, face aos 34 registados no s\u00e1bado."},{"@type":"BreadcrumbList","@id":"https:\/\/portaltela.pt\/noticias\/2026\/03\/23\/casos-de-meningite-b-no-surto-de-kent-reduzem-apos-reclassificacao-laboratorial\/#breadcrumb","itemListElement":[{"@type":"ListItem","position":1,"name":"In\u00edcio","item":"https:\/\/portaltela.pt\/"},{"@type":"ListItem","position":2,"name":"Casos de meningite B no surto de Kent reduzem ap\u00f3s reclassifica\u00e7\u00e3o laboratorial"}]},{"@type":"WebSite","@id":"https:\/\/portaltela.pt\/#website","url":"https:\/\/portaltela.pt\/","name":"Portal Tela Portugal","description":"","potentialAction":[{"@type":"SearchAction","target":{"@type":"EntryPoint","urlTemplate":"https:\/\/portaltela.pt\/?s={search_term_string}"},"query-input":{"@type":"PropertyValueSpecification","valueRequired":true,"valueName":"search_term_string"}}],"inLanguage":"pt-PT"},{"@type":"Person","@id":"https:\/\/portaltela.pt\/#\/schema\/person\/c4278d4a6028830caff9ee44b42d32ed","name":"Telinha","image":{"@type":"ImageObject","inLanguage":"pt-PT","@id":"https:\/\/portaltela.pt\/s.01k8rhncp4jt1\/2025\/11\/talking-bot-125x125.png","url":"https:\/\/portaltela.pt\/s.01k8rhncp4jt1\/2025\/11\/talking-bot-125x125.png","contentUrl":"https:\/\/portaltela.pt\/s.01k8rhncp4jt1\/2025\/11\/talking-bot-125x125.png","caption":"Telinha"},"sameAs":["https:\/\/portaltela.pt\/"],"url":"https:\/\/portaltela.pt\/por\/367410592786\/"}]}},"_links":{"self":[{"href":"https:\/\/portaltela.pt\/api\/wp\/v2\/posts\/418242","targetHints":{"allow":["GET"]}}],"collection":[{"href":"https:\/\/portaltela.pt\/api\/wp\/v2\/posts"}],"about":[{"href":"https:\/\/portaltela.pt\/api\/wp\/v2\/types\/post"}],"author":[{"embeddable":true,"href":"https:\/\/portaltela.pt\/api\/wp\/v2\/users\/2"}],"replies":[{"embeddable":true,"href":"https:\/\/portaltela.pt\/api\/wp\/v2\/comments?post=418242"}],"version-history":[{"count":0,"href":"https:\/\/portaltela.pt\/api\/wp\/v2\/posts\/418242\/revisions"}],"wp:featuredmedia":[{"embeddable":true,"href":"https:\/\/portaltela.pt\/api\/wp\/v2\/media\/418243"}],"wp:attachment":[{"href":"https:\/\/portaltela.pt\/api\/wp\/v2\/media?parent=418242"}],"wp:term":[{"taxonomy":"category","embeddable":true,"href":"https:\/\/portaltela.pt\/api\/wp\/v2\/categories?post=418242"},{"taxonomy":"post_tag","embeddable":true,"href":"https:\/\/portaltela.pt\/api\/wp\/v2\/tags?post=418242"}],"curies":[{"name":"wp","href":"https:\/\/api.w.org\/{rel}","templated":true}]}}