{"id":418240,"date":"2026-03-23T07:03:28","date_gmt":"2026-03-23T10:03:28","guid":{"rendered":"https:\/\/portaltela.pt\/noticias\/2026\/03\/23\/israel-e-eua-trabalham-pelo-bem-do-mundo-diz-netanyahu\/"},"modified":"2026-03-23T07:03:28","modified_gmt":"2026-03-23T10:03:28","slug":"israel-e-eua-trabalham-pelo-bem-do-mundo-diz-netanyahu","status":"publish","type":"post","link":"https:\/\/portaltela.pt\/guerra\/2026\/03\/23\/israel-e-eua-trabalham-pelo-bem-do-mundo-diz-netanyahu\/","title":{"rendered":"Israel e EUA trabalham pelo bem do mundo, diz Netanyahu"},"content":{"rendered":"<p>O primeiro-ministro de Israel, Benjamin Netanyahu, afirmou que Israel e os EUA atuam pelo bem do mundo, numa resposta ao atual conflito regional. Pediu aos l\u00edderes internacionais que respondam ao apelo de Trump e se juntem \u00e0 guerra.<\/p>\n<p>A declara\u00e7\u00e3o surge num contexto de tens\u00f5es entre Israel e grupos no L\u00edbano, com Netanyahu a apelar a envolvimento global para acelerar a\u00e7\u00f5es militares e press\u00f5es pol\u00edticas.<\/p>\n<p>Segundo o envio do CM ao L\u00edbano, foi mostrado o estado de destrui\u00e7\u00e3o de uma ponte bombardeada por Israel, evidenciando o impacto direto sobre infraestruturas no sul do L\u00edbano.<\/p>\n<p>Israel sinaliza manter a ofensiva com foco em pontes no sul do L\u00edbano, numa estrat\u00e9gia para complicar vias de retirada e limitar a\u00e7\u00f5es de insurg\u00eancia, conforme relatos dispon\u00edveis.<\/p>\n<p>N\u00e3o houve confirma\u00e7\u00e3o de compromissos por parte de outros pa\u00edses, e o comunicado oficial n\u00e3o apresenta conclus\u00f5es finais. O cen\u00e1rio permanece tenso, com a\u00e7\u00f5es militares em curso.<\/p>\n","protected":false},"excerpt":{"rendered":"<ul>\n<li>O Primeiro-ministro de Israel, Benjamin Netanyahu, disse que Israel e os Estados Unidos trabalham pelo bem do mundo e pediu aos l\u00edderes internacionais que respondam ao apelo de Donald Trump e se juntem \u00e0 guerra.<\/li>\n<li>Um envio do Correio da Manh\u00e3 mostrou a destrui\u00e7\u00e3o de uma ponte no L\u00edbano bombardeada por Israel.<\/li>\n<li>Israel quer eliminar todas as pontes no sul do L\u00edbano.<\/li>\n<\/ul>\n","protected":false},"author":2,"featured_media":418245,"comment_status":"closed","ping_status":"closed","sticky":false,"template":"","format":"standard","meta":{"footnotes":""},"categories":[6790,6804],"tags":[2792,1600,62,3708,6635,6275],"class_list":["post-418240","post","type-post","status-publish","format-standard","has-post-thumbnail","hentry","category-conflitos","category-guerra","tag-conflito-internacional","tag-estados-unidos","tag-guerra","tag-israel","tag-libano","tag-pontes"],"yoast_head":"<!-- This site is optimized with the Yoast SEO plugin v27.2 - https:\/\/yoast.com\/product\/yoast-seo-wordpress\/ -->\n<title>Israel e EUA trabalham pelo bem do mundo, diz Netanyahu - Portal Tela Portugal<\/title>\n<meta name=\"robots\" content=\"index, follow, max-snippet:-1, max-image-preview:large, max-video-preview:-1\" \/>\n<meta property=\"og:locale\" content=\"pt_PT\" \/>\n<meta property=\"og:type\" content=\"article\" \/>\n<meta property=\"og:title\" content=\"Israel e EUA trabalham pelo bem do mundo, diz Netanyahu - Portal Tela Portugal\" \/>\n<meta property=\"og:description\" content=\"O Primeiro-ministro de Israel, Benjamin Netanyahu, disse que Israel e os Estados Unidos trabalham pelo bem do mundo e pediu aos l\u00edderes internacionais que respondam ao apelo de Donald Trump e se juntem \u00e0 guerra. Um envio do Correio da Manh\u00e3 mostrou a destrui\u00e7\u00e3o de uma ponte no L\u00edbano bombardeada por Israel. Israel quer eliminar todas as pontes no sul do L\u00edbano.\" \/>\n<meta property=\"og:url\" content=\"https:\/\/portaltela.pt\/noticias\/2026\/03\/23\/israel-e-eua-trabalham-pelo-bem-do-mundo-diz-netanyahu\/\" \/>\n<meta property=\"og:site_name\" content=\"Portal Tela Portugal\" \/>\n<meta property=\"article:published_time\" content=\"2026-03-23T10:03:28+00:00\" \/>\n<meta name=\"author\" content=\"Telinha\" \/>\n<meta name=\"twitter:card\" content=\"summary_large_image\" \/>\n<meta name=\"twitter:label1\" content=\"Escrito por\" \/>\n\t<meta name=\"twitter:data1\" content=\"Telinha\" \/>\n\t<meta name=\"twitter:label2\" content=\"Tempo estimado de leitura\" \/>\n\t<meta name=\"twitter:data2\" content=\"1 minuto\" \/>\n<script type=\"application\/ld+json\" class=\"yoast-schema-graph\">{\"@context\":\"https:\/\/schema.org\",\"@graph\":[{\"@type\":\"Article\",\"@id\":\"https:\/\/portaltela.pt\/noticias\/2026\/03\/23\/israel-e-eua-trabalham-pelo-bem-do-mundo-diz-netanyahu\/#article\",\"isPartOf\":{\"@id\":\"https:\/\/portaltela.pt\/noticias\/2026\/03\/23\/israel-e-eua-trabalham-pelo-bem-do-mundo-diz-netanyahu\/\"},\"author\":{\"name\":\"Telinha\",\"@id\":\"https:\/\/portaltela.pt\/#\/schema\/person\/c4278d4a6028830caff9ee44b42d32ed\"},\"headline\":\"Israel e EUA trabalham pelo bem do mundo, diz Netanyahu\",\"datePublished\":\"2026-03-23T10:03:28+00:00\",\"mainEntityOfPage\":{\"@id\":\"https:\/\/portaltela.pt\/noticias\/2026\/03\/23\/israel-e-eua-trabalham-pelo-bem-do-mundo-diz-netanyahu\/\"},\"wordCount\":180,\"image\":{\"@id\":\"https:\/\/portaltela.pt\/noticias\/2026\/03\/23\/israel-e-eua-trabalham-pelo-bem-do-mundo-diz-netanyahu\/#primaryimage\"},\"thumbnailUrl\":\"https:\/\/portaltela.pt\/s.01k8rhncp4jt1\/2026\/03\/img_1280x722uu2026-03-23-09-58-36-2274255.jpg\",\"keywords\":[\"conflito internacional\",\"Estados Unidos\",\"guerra\",\"Israel\",\"L\u00edbano\",\"pontes\"],\"articleSection\":[\"Conflitos\",\"Guerra\"],\"inLanguage\":\"pt-PT\"},{\"@type\":\"WebPage\",\"@id\":\"https:\/\/portaltela.pt\/noticias\/2026\/03\/23\/israel-e-eua-trabalham-pelo-bem-do-mundo-diz-netanyahu\/\",\"url\":\"https:\/\/portaltela.pt\/noticias\/2026\/03\/23\/israel-e-eua-trabalham-pelo-bem-do-mundo-diz-netanyahu\/\",\"name\":\"Israel e EUA trabalham pelo bem do mundo, diz Netanyahu - Portal Tela Portugal\",\"isPartOf\":{\"@id\":\"https:\/\/portaltela.pt\/#website\"},\"primaryImageOfPage\":{\"@id\":\"https:\/\/portaltela.pt\/noticias\/2026\/03\/23\/israel-e-eua-trabalham-pelo-bem-do-mundo-diz-netanyahu\/#primaryimage\"},\"image\":{\"@id\":\"https:\/\/portaltela.pt\/noticias\/2026\/03\/23\/israel-e-eua-trabalham-pelo-bem-do-mundo-diz-netanyahu\/#primaryimage\"},\"thumbnailUrl\":\"https:\/\/portaltela.pt\/s.01k8rhncp4jt1\/2026\/03\/img_1280x722uu2026-03-23-09-58-36-2274255.jpg\",\"datePublished\":\"2026-03-23T10:03:28+00:00\",\"author\":{\"@id\":\"https:\/\/portaltela.pt\/#\/schema\/person\/c4278d4a6028830caff9ee44b42d32ed\"},\"breadcrumb\":{\"@id\":\"https:\/\/portaltela.pt\/noticias\/2026\/03\/23\/israel-e-eua-trabalham-pelo-bem-do-mundo-diz-netanyahu\/#breadcrumb\"},\"inLanguage\":\"pt-PT\",\"potentialAction\":[{\"@type\":\"ReadAction\",\"target\":[\"https:\/\/portaltela.pt\/noticias\/2026\/03\/23\/israel-e-eua-trabalham-pelo-bem-do-mundo-diz-netanyahu\/\"]}]},{\"@type\":\"ImageObject\",\"inLanguage\":\"pt-PT\",\"@id\":\"https:\/\/portaltela.pt\/noticias\/2026\/03\/23\/israel-e-eua-trabalham-pelo-bem-do-mundo-diz-netanyahu\/#primaryimage\",\"url\":\"https:\/\/portaltela.pt\/s.01k8rhncp4jt1\/2026\/03\/img_1280x722uu2026-03-23-09-58-36-2274255.jpg\",\"contentUrl\":\"https:\/\/portaltela.pt\/s.01k8rhncp4jt1\/2026\/03\/img_1280x722uu2026-03-23-09-58-36-2274255.jpg\",\"width\":796,\"height\":448,\"caption\":\"Photo\"},{\"@type\":\"BreadcrumbList\",\"@id\":\"https:\/\/portaltela.pt\/noticias\/2026\/03\/23\/israel-e-eua-trabalham-pelo-bem-do-mundo-diz-netanyahu\/#breadcrumb\",\"itemListElement\":[{\"@type\":\"ListItem\",\"position\":1,\"name\":\"In\u00edcio\",\"item\":\"https:\/\/portaltela.pt\/\"},{\"@type\":\"ListItem\",\"position\":2,\"name\":\"Israel e EUA trabalham pelo bem do mundo, diz Netanyahu\"}]},{\"@type\":\"WebSite\",\"@id\":\"https:\/\/portaltela.pt\/#website\",\"url\":\"https:\/\/portaltela.pt\/\",\"name\":\"Portal Tela Portugal\",\"description\":\"\",\"potentialAction\":[{\"@type\":\"SearchAction\",\"target\":{\"@type\":\"EntryPoint\",\"urlTemplate\":\"https:\/\/portaltela.pt\/?s={search_term_string}\"},\"query-input\":{\"@type\":\"PropertyValueSpecification\",\"valueRequired\":true,\"valueName\":\"search_term_string\"}}],\"inLanguage\":\"pt-PT\"},{\"@type\":\"Person\",\"@id\":\"https:\/\/portaltela.pt\/#\/schema\/person\/c4278d4a6028830caff9ee44b42d32ed\",\"name\":\"Telinha\",\"image\":{\"@type\":\"ImageObject\",\"inLanguage\":\"pt-PT\",\"@id\":\"https:\/\/portaltela.pt\/s.01k8rhncp4jt1\/2025\/11\/talking-bot-125x125.png\",\"url\":\"https:\/\/portaltela.pt\/s.01k8rhncp4jt1\/2025\/11\/talking-bot-125x125.png\",\"contentUrl\":\"https:\/\/portaltela.pt\/s.01k8rhncp4jt1\/2025\/11\/talking-bot-125x125.png\",\"caption\":\"Telinha\"},\"sameAs\":[\"https:\/\/portaltela.pt\/\"],\"url\":\"https:\/\/portaltela.pt\/por\/367410592786\/\"}]}<\/script>\n<!-- \/ Yoast SEO plugin. -->","yoast_head_json":{"title":"Israel e EUA trabalham pelo bem do mundo, diz Netanyahu - Portal Tela Portugal","robots":{"index":"index","follow":"follow","max-snippet":"max-snippet:-1","max-image-preview":"max-image-preview:large","max-video-preview":"max-video-preview:-1"},"og_locale":"pt_PT","og_type":"article","og_title":"Israel e EUA trabalham pelo bem do mundo, diz Netanyahu - Portal Tela Portugal","og_description":"O Primeiro-ministro de Israel, Benjamin Netanyahu, disse que Israel e os Estados Unidos trabalham pelo bem do mundo e pediu aos l\u00edderes internacionais que respondam ao apelo de Donald Trump e se juntem \u00e0 guerra. Um envio do Correio da Manh\u00e3 mostrou a destrui\u00e7\u00e3o de uma ponte no L\u00edbano bombardeada por Israel. Israel quer eliminar todas as pontes no sul do L\u00edbano.","og_url":"https:\/\/portaltela.pt\/noticias\/2026\/03\/23\/israel-e-eua-trabalham-pelo-bem-do-mundo-diz-netanyahu\/","og_site_name":"Portal Tela Portugal","article_published_time":"2026-03-23T10:03:28+00:00","author":"Telinha","twitter_card":"summary_large_image","twitter_misc":{"Escrito por":"Telinha","Tempo estimado de leitura":"1 minuto"},"schema":{"@context":"https:\/\/schema.org","@graph":[{"@type":"Article","@id":"https:\/\/portaltela.pt\/noticias\/2026\/03\/23\/israel-e-eua-trabalham-pelo-bem-do-mundo-diz-netanyahu\/#article","isPartOf":{"@id":"https:\/\/portaltela.pt\/noticias\/2026\/03\/23\/israel-e-eua-trabalham-pelo-bem-do-mundo-diz-netanyahu\/"},"author":{"name":"Telinha","@id":"https:\/\/portaltela.pt\/#\/schema\/person\/c4278d4a6028830caff9ee44b42d32ed"},"headline":"Israel e EUA trabalham pelo bem do mundo, diz Netanyahu","datePublished":"2026-03-23T10:03:28+00:00","mainEntityOfPage":{"@id":"https:\/\/portaltela.pt\/noticias\/2026\/03\/23\/israel-e-eua-trabalham-pelo-bem-do-mundo-diz-netanyahu\/"},"wordCount":180,"image":{"@id":"https:\/\/portaltela.pt\/noticias\/2026\/03\/23\/israel-e-eua-trabalham-pelo-bem-do-mundo-diz-netanyahu\/#primaryimage"},"thumbnailUrl":"https:\/\/portaltela.pt\/s.01k8rhncp4jt1\/2026\/03\/img_1280x722uu2026-03-23-09-58-36-2274255.jpg","keywords":["conflito internacional","Estados Unidos","guerra","Israel","L\u00edbano","pontes"],"articleSection":["Conflitos","Guerra"],"inLanguage":"pt-PT"},{"@type":"WebPage","@id":"https:\/\/portaltela.pt\/noticias\/2026\/03\/23\/israel-e-eua-trabalham-pelo-bem-do-mundo-diz-netanyahu\/","url":"https:\/\/portaltela.pt\/noticias\/2026\/03\/23\/israel-e-eua-trabalham-pelo-bem-do-mundo-diz-netanyahu\/","name":"Israel e EUA trabalham pelo bem do mundo, diz Netanyahu - Portal Tela Portugal","isPartOf":{"@id":"https:\/\/portaltela.pt\/#website"},"primaryImageOfPage":{"@id":"https:\/\/portaltela.pt\/noticias\/2026\/03\/23\/israel-e-eua-trabalham-pelo-bem-do-mundo-diz-netanyahu\/#primaryimage"},"image":{"@id":"https:\/\/portaltela.pt\/noticias\/2026\/03\/23\/israel-e-eua-trabalham-pelo-bem-do-mundo-diz-netanyahu\/#primaryimage"},"thumbnailUrl":"https:\/\/portaltela.pt\/s.01k8rhncp4jt1\/2026\/03\/img_1280x722uu2026-03-23-09-58-36-2274255.jpg","datePublished":"2026-03-23T10:03:28+00:00","author":{"@id":"https:\/\/portaltela.pt\/#\/schema\/person\/c4278d4a6028830caff9ee44b42d32ed"},"breadcrumb":{"@id":"https:\/\/portaltela.pt\/noticias\/2026\/03\/23\/israel-e-eua-trabalham-pelo-bem-do-mundo-diz-netanyahu\/#breadcrumb"},"inLanguage":"pt-PT","potentialAction":[{"@type":"ReadAction","target":["https:\/\/portaltela.pt\/noticias\/2026\/03\/23\/israel-e-eua-trabalham-pelo-bem-do-mundo-diz-netanyahu\/"]}]},{"@type":"ImageObject","inLanguage":"pt-PT","@id":"https:\/\/portaltela.pt\/noticias\/2026\/03\/23\/israel-e-eua-trabalham-pelo-bem-do-mundo-diz-netanyahu\/#primaryimage","url":"https:\/\/portaltela.pt\/s.01k8rhncp4jt1\/2026\/03\/img_1280x722uu2026-03-23-09-58-36-2274255.jpg","contentUrl":"https:\/\/portaltela.pt\/s.01k8rhncp4jt1\/2026\/03\/img_1280x722uu2026-03-23-09-58-36-2274255.jpg","width":796,"height":448,"caption":"Photo"},{"@type":"BreadcrumbList","@id":"https:\/\/portaltela.pt\/noticias\/2026\/03\/23\/israel-e-eua-trabalham-pelo-bem-do-mundo-diz-netanyahu\/#breadcrumb","itemListElement":[{"@type":"ListItem","position":1,"name":"In\u00edcio","item":"https:\/\/portaltela.pt\/"},{"@type":"ListItem","position":2,"name":"Israel e EUA trabalham pelo bem do mundo, diz Netanyahu"}]},{"@type":"WebSite","@id":"https:\/\/portaltela.pt\/#website","url":"https:\/\/portaltela.pt\/","name":"Portal Tela Portugal","description":"","potentialAction":[{"@type":"SearchAction","target":{"@type":"EntryPoint","urlTemplate":"https:\/\/portaltela.pt\/?s={search_term_string}"},"query-input":{"@type":"PropertyValueSpecification","valueRequired":true,"valueName":"search_term_string"}}],"inLanguage":"pt-PT"},{"@type":"Person","@id":"https:\/\/portaltela.pt\/#\/schema\/person\/c4278d4a6028830caff9ee44b42d32ed","name":"Telinha","image":{"@type":"ImageObject","inLanguage":"pt-PT","@id":"https:\/\/portaltela.pt\/s.01k8rhncp4jt1\/2025\/11\/talking-bot-125x125.png","url":"https:\/\/portaltela.pt\/s.01k8rhncp4jt1\/2025\/11\/talking-bot-125x125.png","contentUrl":"https:\/\/portaltela.pt\/s.01k8rhncp4jt1\/2025\/11\/talking-bot-125x125.png","caption":"Telinha"},"sameAs":["https:\/\/portaltela.pt\/"],"url":"https:\/\/portaltela.pt\/por\/367410592786\/"}]}},"_links":{"self":[{"href":"https:\/\/portaltela.pt\/api\/wp\/v2\/posts\/418240","targetHints":{"allow":["GET"]}}],"collection":[{"href":"https:\/\/portaltela.pt\/api\/wp\/v2\/posts"}],"about":[{"href":"https:\/\/portaltela.pt\/api\/wp\/v2\/types\/post"}],"author":[{"embeddable":true,"href":"https:\/\/portaltela.pt\/api\/wp\/v2\/users\/2"}],"replies":[{"embeddable":true,"href":"https:\/\/portaltela.pt\/api\/wp\/v2\/comments?post=418240"}],"version-history":[{"count":0,"href":"https:\/\/portaltela.pt\/api\/wp\/v2\/posts\/418240\/revisions"}],"wp:featuredmedia":[{"embeddable":true,"href":"https:\/\/portaltela.pt\/api\/wp\/v2\/media\/418245"}],"wp:attachment":[{"href":"https:\/\/portaltela.pt\/api\/wp\/v2\/media?parent=418240"}],"wp:term":[{"taxonomy":"category","embeddable":true,"href":"https:\/\/portaltela.pt\/api\/wp\/v2\/categories?post=418240"},{"taxonomy":"post_tag","embeddable":true,"href":"https:\/\/portaltela.pt\/api\/wp\/v2\/tags?post=418240"}],"curies":[{"name":"wp","href":"https:\/\/api.w.org\/{rel}","templated":true}]}}