{"id":418238,"date":"2026-03-23T07:02:00","date_gmt":"2026-03-23T10:02:00","guid":{"rendered":"https:\/\/portaltela.pt\/noticias\/2026\/03\/23\/greve-na-funcao-publica-com-adesao-perto-de-80\/"},"modified":"2026-03-23T07:02:00","modified_gmt":"2026-03-23T10:02:00","slug":"greve-na-funcao-publica-com-adesao-perto-de-80","status":"publish","type":"post","link":"https:\/\/portaltela.pt\/sociedade\/2026\/03\/23\/greve-na-funcao-publica-com-adesao-perto-de-80\/","title":{"rendered":"Greve na fun\u00e7\u00e3o p\u00fablica com ades\u00e3o perto de 80%"},"content":{"rendered":"<p>A greve na fun\u00e7\u00e3o p\u00fablica, convocada pela Fesinap, come\u00e7ou \u00e0 meia-noite e prolonga-se at\u00e9 \u00e0s 23.59 horas. Em Portugal continental, a ades\u00e3o ronda os 80%, afetando principalmente educa\u00e7\u00e3o e sa\u00fade. A Administra\u00e7\u00e3o Central, Regional e Local est\u00e1 a par do movimento.<\/p>\n<p>Na educa\u00e7\u00e3o, a ades\u00e3o atinge cerca de 90%, com a maioria das escolas a encerrar; as que ainda abrem dever\u00e3o fechar na parte da tarde por falta de trabalhadores. Em sa\u00fade, a participa\u00e7\u00e3o est\u00e1 estimada em 80%, afetando hospitais e Unidades Locais de Sa\u00fade (ULS).<\/p>\n<p>A conversa com o Governo ainda n\u00e3o ocorreu formalmente para apresentar propostas, segundo o presidente da Fesinap. A federa\u00e7\u00e3o re\u00fane quase nove mil trabalhadores, com ades\u00e3o expressiva tamb\u00e9m nos A\u00e7ores e na Madeira, ainda por confirmar por completo.<\/p>\n<h3>Motivos e reivindica\u00e7\u00f5es<\/h3>\n<p>Entre as motiva\u00e7\u00f5es para a greve est\u00e3o atrasos na avalia\u00e7\u00e3o de desempenho da Administra\u00e7\u00e3o P\u00fablica e pedidos de refor\u00e7o de contrata\u00e7\u00f5es no setor da sa\u00fade. A Fesinap defende a revis\u00e3o do SIADAP, eliminando quotas, como j\u00e1 acontece nos A\u00e7ores.<\/p>\n<h3>Perspetivas de negocia\u00e7\u00e3o<\/h3>\n<p>A revis\u00e3o do SIADAP est\u00e1 prevista no novo acordo plurianual para valorizar trabalhadores da Administra\u00e7\u00e3o P\u00fablica, assinado em janeiro entre Governo, Fesap e STE. As negocia\u00e7\u00f5es devem arrancar no segundo semestre deste ano, segundo a federa\u00e7\u00e3o.<\/p>\n<p>A Fesinap pretende ser recebida pelo Governo para apresentar propostas e integrar as negocia\u00e7\u00f5es que costumam ocorrer entre o executivo e os representantes da Administra\u00e7\u00e3o P\u00fablica.<\/p>\n","protected":false},"excerpt":{"rendered":"<ul>\n<li>A ades\u00e3o \u00e0 greve na fun\u00e7\u00e3o p\u00fablica em Portugal continental foi de 80% at\u00e9 \u00e0s 9h45, com educa\u00e7\u00e3o e sa\u00fade como setores mais afetados.<\/li>\n<li>No setor da educa\u00e7\u00e3o a ades\u00e3o atingiu 90% no continente, com a maioria das escolas a encerrar.<\/li>\n<li>No setor da sa\u00fade a participa\u00e7\u00e3o ronda os 80%, afetando hospitais e Unidades Locais de Sa\u00fade.<\/li>\n<li>A greve come\u00e7ou \u00e0 meia-noite e prolonga-se at\u00e9 \u00e0s 23h59, abrangendo a administra\u00e7\u00e3o central, regional e local.<\/li>\n<li>Motivos incluem atrasos na avalia\u00e7\u00e3o de desempenho, cria\u00e7\u00e3o da carreira de t\u00e9cnico auxiliar de a\u00e7\u00e3o educativa e refor\u00e7o de contrata\u00e7\u00f5es no setor da sa\u00fade; a Federa\u00e7\u00e3o defende a revis\u00e3o do Sistema Integrado de Gest\u00e3o e Avalia\u00e7\u00e3o do Desempenho (SIADAP) e pretende ser recebida pelo Governo.<\/li>\n<\/ul>\n","protected":false},"author":2,"featured_media":418244,"comment_status":"closed","ping_status":"closed","sticky":false,"template":"","format":"standard","meta":{"footnotes":""},"categories":[6745,6871],"tags":[168,163,1164,172,3740],"class_list":["post-418238","post","type-post","status-publish","format-standard","has-post-thumbnail","hentry","category-saude","category-sociedade","tag-administracao-publica","tag-educacao","tag-greve","tag-saude","tag-siadap"],"yoast_head":"<!-- This site is optimized with the Yoast SEO plugin v27.2 - https:\/\/yoast.com\/product\/yoast-seo-wordpress\/ -->\n<title>Greve na fun\u00e7\u00e3o p\u00fablica com ades\u00e3o perto de 80% - Portal Tela Portugal<\/title>\n<meta name=\"robots\" content=\"index, follow, max-snippet:-1, max-image-preview:large, max-video-preview:-1\" \/>\n<meta property=\"og:locale\" content=\"pt_PT\" \/>\n<meta property=\"og:type\" content=\"article\" \/>\n<meta property=\"og:title\" content=\"Greve na fun\u00e7\u00e3o p\u00fablica com ades\u00e3o perto de 80% - Portal Tela Portugal\" \/>\n<meta property=\"og:description\" content=\"A ades\u00e3o \u00e0 greve na fun\u00e7\u00e3o p\u00fablica em Portugal continental foi de 80% at\u00e9 \u00e0s 9h45, com educa\u00e7\u00e3o e sa\u00fade como setores mais afetados. No setor da educa\u00e7\u00e3o a ades\u00e3o atingiu 90% no continente, com a maioria das escolas a encerrar. No setor da sa\u00fade a participa\u00e7\u00e3o ronda os 80%, afetando hospitais e Unidades Locais de Sa\u00fade. A greve come\u00e7ou \u00e0 meia-noite e prolonga-se at\u00e9 \u00e0s 23h59, abrangendo a administra\u00e7\u00e3o central, regional e local. Motivos incluem atrasos na avalia\u00e7\u00e3o de desempenho, cria\u00e7\u00e3o da carreira de t\u00e9cnico auxiliar de a\u00e7\u00e3o educativa e refor\u00e7o de contrata\u00e7\u00f5es no setor da sa\u00fade; a Federa\u00e7\u00e3o defende a revis\u00e3o do Sistema Integrado de Gest\u00e3o e Avalia\u00e7\u00e3o do Desempenho (SIADAP) e pretende ser recebida pelo Governo.\" \/>\n<meta property=\"og:url\" content=\"https:\/\/portaltela.pt\/noticias\/2026\/03\/23\/greve-na-funcao-publica-com-adesao-perto-de-80\/\" \/>\n<meta property=\"og:site_name\" content=\"Portal Tela Portugal\" \/>\n<meta property=\"article:published_time\" content=\"2026-03-23T10:02:00+00:00\" \/>\n<meta name=\"author\" content=\"Telinha\" \/>\n<meta name=\"twitter:card\" content=\"summary_large_image\" \/>\n<meta name=\"twitter:label1\" content=\"Escrito por\" \/>\n\t<meta name=\"twitter:data1\" content=\"Telinha\" \/>\n\t<meta name=\"twitter:label2\" content=\"Tempo estimado de leitura\" \/>\n\t<meta name=\"twitter:data2\" content=\"1 minuto\" \/>\n<script type=\"application\/ld+json\" class=\"yoast-schema-graph\">{\"@context\":\"https:\/\/schema.org\",\"@graph\":[{\"@type\":\"Article\",\"@id\":\"https:\/\/portaltela.pt\/noticias\/2026\/03\/23\/greve-na-funcao-publica-com-adesao-perto-de-80\/#article\",\"isPartOf\":{\"@id\":\"https:\/\/portaltela.pt\/noticias\/2026\/03\/23\/greve-na-funcao-publica-com-adesao-perto-de-80\/\"},\"author\":{\"name\":\"Telinha\",\"@id\":\"https:\/\/portaltela.pt\/#\/schema\/person\/c4278d4a6028830caff9ee44b42d32ed\"},\"headline\":\"Greve na fun\u00e7\u00e3o p\u00fablica com ades\u00e3o perto de 80%\",\"datePublished\":\"2026-03-23T10:02:00+00:00\",\"mainEntityOfPage\":{\"@id\":\"https:\/\/portaltela.pt\/noticias\/2026\/03\/23\/greve-na-funcao-publica-com-adesao-perto-de-80\/\"},\"wordCount\":276,\"image\":{\"@id\":\"https:\/\/portaltela.pt\/noticias\/2026\/03\/23\/greve-na-funcao-publica-com-adesao-perto-de-80\/#primaryimage\"},\"thumbnailUrl\":\"https:\/\/portaltela.pt\/s.01k8rhncp4jt1\/2026\/03\/image-1393.jpg\",\"keywords\":[\"administra\u00e7\u00e3o p\u00fablica\",\"educa\u00e7\u00e3o\",\"greve\",\"sa\u00fade\",\"SIADAP\"],\"articleSection\":[\"Sa\u00fade\",\"Sociedade\"],\"inLanguage\":\"pt-PT\"},{\"@type\":\"WebPage\",\"@id\":\"https:\/\/portaltela.pt\/noticias\/2026\/03\/23\/greve-na-funcao-publica-com-adesao-perto-de-80\/\",\"url\":\"https:\/\/portaltela.pt\/noticias\/2026\/03\/23\/greve-na-funcao-publica-com-adesao-perto-de-80\/\",\"name\":\"Greve na fun\u00e7\u00e3o p\u00fablica com ades\u00e3o perto de 80% - Portal Tela Portugal\",\"isPartOf\":{\"@id\":\"https:\/\/portaltela.pt\/#website\"},\"primaryImageOfPage\":{\"@id\":\"https:\/\/portaltela.pt\/noticias\/2026\/03\/23\/greve-na-funcao-publica-com-adesao-perto-de-80\/#primaryimage\"},\"image\":{\"@id\":\"https:\/\/portaltela.pt\/noticias\/2026\/03\/23\/greve-na-funcao-publica-com-adesao-perto-de-80\/#primaryimage\"},\"thumbnailUrl\":\"https:\/\/portaltela.pt\/s.01k8rhncp4jt1\/2026\/03\/image-1393.jpg\",\"datePublished\":\"2026-03-23T10:02:00+00:00\",\"author\":{\"@id\":\"https:\/\/portaltela.pt\/#\/schema\/person\/c4278d4a6028830caff9ee44b42d32ed\"},\"breadcrumb\":{\"@id\":\"https:\/\/portaltela.pt\/noticias\/2026\/03\/23\/greve-na-funcao-publica-com-adesao-perto-de-80\/#breadcrumb\"},\"inLanguage\":\"pt-PT\",\"potentialAction\":[{\"@type\":\"ReadAction\",\"target\":[\"https:\/\/portaltela.pt\/noticias\/2026\/03\/23\/greve-na-funcao-publica-com-adesao-perto-de-80\/\"]}]},{\"@type\":\"ImageObject\",\"inLanguage\":\"pt-PT\",\"@id\":\"https:\/\/portaltela.pt\/noticias\/2026\/03\/23\/greve-na-funcao-publica-com-adesao-perto-de-80\/#primaryimage\",\"url\":\"https:\/\/portaltela.pt\/s.01k8rhncp4jt1\/2026\/03\/image-1393.jpg\",\"contentUrl\":\"https:\/\/portaltela.pt\/s.01k8rhncp4jt1\/2026\/03\/image-1393.jpg\",\"width\":796,\"height\":448,\"caption\":\"Setores da educa\u00e7\u00e3o e da sa\u00fade ser\u00e3o os mais afetados\"},{\"@type\":\"BreadcrumbList\",\"@id\":\"https:\/\/portaltela.pt\/noticias\/2026\/03\/23\/greve-na-funcao-publica-com-adesao-perto-de-80\/#breadcrumb\",\"itemListElement\":[{\"@type\":\"ListItem\",\"position\":1,\"name\":\"In\u00edcio\",\"item\":\"https:\/\/portaltela.pt\/\"},{\"@type\":\"ListItem\",\"position\":2,\"name\":\"Greve na fun\u00e7\u00e3o p\u00fablica com ades\u00e3o perto de 80%\"}]},{\"@type\":\"WebSite\",\"@id\":\"https:\/\/portaltela.pt\/#website\",\"url\":\"https:\/\/portaltela.pt\/\",\"name\":\"Portal Tela Portugal\",\"description\":\"\",\"potentialAction\":[{\"@type\":\"SearchAction\",\"target\":{\"@type\":\"EntryPoint\",\"urlTemplate\":\"https:\/\/portaltela.pt\/?s={search_term_string}\"},\"query-input\":{\"@type\":\"PropertyValueSpecification\",\"valueRequired\":true,\"valueName\":\"search_term_string\"}}],\"inLanguage\":\"pt-PT\"},{\"@type\":\"Person\",\"@id\":\"https:\/\/portaltela.pt\/#\/schema\/person\/c4278d4a6028830caff9ee44b42d32ed\",\"name\":\"Telinha\",\"image\":{\"@type\":\"ImageObject\",\"inLanguage\":\"pt-PT\",\"@id\":\"https:\/\/portaltela.pt\/s.01k8rhncp4jt1\/2025\/11\/talking-bot-125x125.png\",\"url\":\"https:\/\/portaltela.pt\/s.01k8rhncp4jt1\/2025\/11\/talking-bot-125x125.png\",\"contentUrl\":\"https:\/\/portaltela.pt\/s.01k8rhncp4jt1\/2025\/11\/talking-bot-125x125.png\",\"caption\":\"Telinha\"},\"sameAs\":[\"https:\/\/portaltela.pt\/\"],\"url\":\"https:\/\/portaltela.pt\/por\/367410592786\/\"}]}<\/script>\n<!-- \/ Yoast SEO plugin. -->","yoast_head_json":{"title":"Greve na fun\u00e7\u00e3o p\u00fablica com ades\u00e3o perto de 80% - Portal Tela Portugal","robots":{"index":"index","follow":"follow","max-snippet":"max-snippet:-1","max-image-preview":"max-image-preview:large","max-video-preview":"max-video-preview:-1"},"og_locale":"pt_PT","og_type":"article","og_title":"Greve na fun\u00e7\u00e3o p\u00fablica com ades\u00e3o perto de 80% - Portal Tela Portugal","og_description":"A ades\u00e3o \u00e0 greve na fun\u00e7\u00e3o p\u00fablica em Portugal continental foi de 80% at\u00e9 \u00e0s 9h45, com educa\u00e7\u00e3o e sa\u00fade como setores mais afetados. No setor da educa\u00e7\u00e3o a ades\u00e3o atingiu 90% no continente, com a maioria das escolas a encerrar. No setor da sa\u00fade a participa\u00e7\u00e3o ronda os 80%, afetando hospitais e Unidades Locais de Sa\u00fade. A greve come\u00e7ou \u00e0 meia-noite e prolonga-se at\u00e9 \u00e0s 23h59, abrangendo a administra\u00e7\u00e3o central, regional e local. Motivos incluem atrasos na avalia\u00e7\u00e3o de desempenho, cria\u00e7\u00e3o da carreira de t\u00e9cnico auxiliar de a\u00e7\u00e3o educativa e refor\u00e7o de contrata\u00e7\u00f5es no setor da sa\u00fade; a Federa\u00e7\u00e3o defende a revis\u00e3o do Sistema Integrado de Gest\u00e3o e Avalia\u00e7\u00e3o do Desempenho (SIADAP) e pretende ser recebida pelo Governo.","og_url":"https:\/\/portaltela.pt\/noticias\/2026\/03\/23\/greve-na-funcao-publica-com-adesao-perto-de-80\/","og_site_name":"Portal Tela Portugal","article_published_time":"2026-03-23T10:02:00+00:00","author":"Telinha","twitter_card":"summary_large_image","twitter_misc":{"Escrito por":"Telinha","Tempo estimado de leitura":"1 minuto"},"schema":{"@context":"https:\/\/schema.org","@graph":[{"@type":"Article","@id":"https:\/\/portaltela.pt\/noticias\/2026\/03\/23\/greve-na-funcao-publica-com-adesao-perto-de-80\/#article","isPartOf":{"@id":"https:\/\/portaltela.pt\/noticias\/2026\/03\/23\/greve-na-funcao-publica-com-adesao-perto-de-80\/"},"author":{"name":"Telinha","@id":"https:\/\/portaltela.pt\/#\/schema\/person\/c4278d4a6028830caff9ee44b42d32ed"},"headline":"Greve na fun\u00e7\u00e3o p\u00fablica com ades\u00e3o perto de 80%","datePublished":"2026-03-23T10:02:00+00:00","mainEntityOfPage":{"@id":"https:\/\/portaltela.pt\/noticias\/2026\/03\/23\/greve-na-funcao-publica-com-adesao-perto-de-80\/"},"wordCount":276,"image":{"@id":"https:\/\/portaltela.pt\/noticias\/2026\/03\/23\/greve-na-funcao-publica-com-adesao-perto-de-80\/#primaryimage"},"thumbnailUrl":"https:\/\/portaltela.pt\/s.01k8rhncp4jt1\/2026\/03\/image-1393.jpg","keywords":["administra\u00e7\u00e3o p\u00fablica","educa\u00e7\u00e3o","greve","sa\u00fade","SIADAP"],"articleSection":["Sa\u00fade","Sociedade"],"inLanguage":"pt-PT"},{"@type":"WebPage","@id":"https:\/\/portaltela.pt\/noticias\/2026\/03\/23\/greve-na-funcao-publica-com-adesao-perto-de-80\/","url":"https:\/\/portaltela.pt\/noticias\/2026\/03\/23\/greve-na-funcao-publica-com-adesao-perto-de-80\/","name":"Greve na fun\u00e7\u00e3o p\u00fablica com ades\u00e3o perto de 80% - Portal Tela Portugal","isPartOf":{"@id":"https:\/\/portaltela.pt\/#website"},"primaryImageOfPage":{"@id":"https:\/\/portaltela.pt\/noticias\/2026\/03\/23\/greve-na-funcao-publica-com-adesao-perto-de-80\/#primaryimage"},"image":{"@id":"https:\/\/portaltela.pt\/noticias\/2026\/03\/23\/greve-na-funcao-publica-com-adesao-perto-de-80\/#primaryimage"},"thumbnailUrl":"https:\/\/portaltela.pt\/s.01k8rhncp4jt1\/2026\/03\/image-1393.jpg","datePublished":"2026-03-23T10:02:00+00:00","author":{"@id":"https:\/\/portaltela.pt\/#\/schema\/person\/c4278d4a6028830caff9ee44b42d32ed"},"breadcrumb":{"@id":"https:\/\/portaltela.pt\/noticias\/2026\/03\/23\/greve-na-funcao-publica-com-adesao-perto-de-80\/#breadcrumb"},"inLanguage":"pt-PT","potentialAction":[{"@type":"ReadAction","target":["https:\/\/portaltela.pt\/noticias\/2026\/03\/23\/greve-na-funcao-publica-com-adesao-perto-de-80\/"]}]},{"@type":"ImageObject","inLanguage":"pt-PT","@id":"https:\/\/portaltela.pt\/noticias\/2026\/03\/23\/greve-na-funcao-publica-com-adesao-perto-de-80\/#primaryimage","url":"https:\/\/portaltela.pt\/s.01k8rhncp4jt1\/2026\/03\/image-1393.jpg","contentUrl":"https:\/\/portaltela.pt\/s.01k8rhncp4jt1\/2026\/03\/image-1393.jpg","width":796,"height":448,"caption":"Setores da educa\u00e7\u00e3o e da sa\u00fade ser\u00e3o os mais afetados"},{"@type":"BreadcrumbList","@id":"https:\/\/portaltela.pt\/noticias\/2026\/03\/23\/greve-na-funcao-publica-com-adesao-perto-de-80\/#breadcrumb","itemListElement":[{"@type":"ListItem","position":1,"name":"In\u00edcio","item":"https:\/\/portaltela.pt\/"},{"@type":"ListItem","position":2,"name":"Greve na fun\u00e7\u00e3o p\u00fablica com ades\u00e3o perto de 80%"}]},{"@type":"WebSite","@id":"https:\/\/portaltela.pt\/#website","url":"https:\/\/portaltela.pt\/","name":"Portal Tela Portugal","description":"","potentialAction":[{"@type":"SearchAction","target":{"@type":"EntryPoint","urlTemplate":"https:\/\/portaltela.pt\/?s={search_term_string}"},"query-input":{"@type":"PropertyValueSpecification","valueRequired":true,"valueName":"search_term_string"}}],"inLanguage":"pt-PT"},{"@type":"Person","@id":"https:\/\/portaltela.pt\/#\/schema\/person\/c4278d4a6028830caff9ee44b42d32ed","name":"Telinha","image":{"@type":"ImageObject","inLanguage":"pt-PT","@id":"https:\/\/portaltela.pt\/s.01k8rhncp4jt1\/2025\/11\/talking-bot-125x125.png","url":"https:\/\/portaltela.pt\/s.01k8rhncp4jt1\/2025\/11\/talking-bot-125x125.png","contentUrl":"https:\/\/portaltela.pt\/s.01k8rhncp4jt1\/2025\/11\/talking-bot-125x125.png","caption":"Telinha"},"sameAs":["https:\/\/portaltela.pt\/"],"url":"https:\/\/portaltela.pt\/por\/367410592786\/"}]}},"_links":{"self":[{"href":"https:\/\/portaltela.pt\/api\/wp\/v2\/posts\/418238","targetHints":{"allow":["GET"]}}],"collection":[{"href":"https:\/\/portaltela.pt\/api\/wp\/v2\/posts"}],"about":[{"href":"https:\/\/portaltela.pt\/api\/wp\/v2\/types\/post"}],"author":[{"embeddable":true,"href":"https:\/\/portaltela.pt\/api\/wp\/v2\/users\/2"}],"replies":[{"embeddable":true,"href":"https:\/\/portaltela.pt\/api\/wp\/v2\/comments?post=418238"}],"version-history":[{"count":0,"href":"https:\/\/portaltela.pt\/api\/wp\/v2\/posts\/418238\/revisions"}],"wp:featuredmedia":[{"embeddable":true,"href":"https:\/\/portaltela.pt\/api\/wp\/v2\/media\/418244"}],"wp:attachment":[{"href":"https:\/\/portaltela.pt\/api\/wp\/v2\/media?parent=418238"}],"wp:term":[{"taxonomy":"category","embeddable":true,"href":"https:\/\/portaltela.pt\/api\/wp\/v2\/categories?post=418238"},{"taxonomy":"post_tag","embeddable":true,"href":"https:\/\/portaltela.pt\/api\/wp\/v2\/tags?post=418238"}],"curies":[{"name":"wp","href":"https:\/\/api.w.org\/{rel}","templated":true}]}}