{"id":418222,"date":"2026-03-23T06:58:15","date_gmt":"2026-03-23T09:58:15","guid":{"rendered":"https:\/\/portaltela.pt\/noticias\/2026\/03\/23\/zidane-tem-acordo-verbal-para-substituir-deschamps-na-selecao-francesa\/"},"modified":"2026-03-23T06:58:15","modified_gmt":"2026-03-23T09:58:15","slug":"zidane-tem-acordo-verbal-para-substituir-deschamps-na-selecao-francesa","status":"publish","type":"post","link":"https:\/\/portaltela.pt\/desporto\/futebol\/2026\/03\/23\/zidane-tem-acordo-verbal-para-substituir-deschamps-na-selecao-francesa\/","title":{"rendered":"Zidane tem acordo verbal para substituir Deschamps na sele\u00e7\u00e3o francesa"},"content":{"rendered":"<p>O Le Parisien avan\u00e7a que Zin\u00e9dine Zidane j\u00e1 tem acordo verbal com a Federa\u00e7\u00e3o Francesa de Futebol (FFF) para suceder a Didier Deschamps no comando t\u00e9cnico da sele\u00e7\u00e3o nacional. O neg\u00f3cio ocorreria ap\u00f3s o Mundial de 2026, quando termina o contrato de Deschamps.<\/p>\n<p>Envolvidos: Zidane, Deschamps e o presidente da FFF, Philippe Diallo, que j\u00e1 confirmou conhecer quem ser\u00e1 o escolhido para o cargo.<\/p>\n<p>Zidane est\u00e1 sem clube desde 2021, ap\u00f3s deixar o Real Madrid. No clube espanhol, o treinador conquistou dois campeonatos, duas Superta\u00e7as e tr\u00eas Ligas dos Campe\u00f5es, entre outros t\u00edtulos.<\/p>\n<p>A informa\u00e7\u00e3o surge depois de Diallo dizer saber quem poderia substituir Deschamps. O an\u00fancio depender\u00e1 de negocia\u00e7\u00f5es formais e de termos contratuais entre as partes.<\/p>\n<p>O impacto para a sele\u00e7\u00e3o dever\u00e1 ser analisado a depender de como o acordo se traduzir\u00e1 em termos desportivos e de gest\u00e3o da equipa a partir de 2026.<\/p>\n","protected":false},"excerpt":{"rendered":"<ul>\n<li>O Le Parisien avan\u00e7a que Zin\u00e9dine Zidane tem acordo verbal com a Federa\u00e7\u00e3o Francesa de Futebol para suceder Didier Deschamps no comando t\u00e9cnico da sele\u00e7\u00e3o.<\/li>\n<li>A mudan\u00e7a dever\u00e1 ocorrer ap\u00f3s o Mundial de 2026, altura em que termina o contrato de Deschamps, aos 57 anos.<\/li>\n<li>A not\u00edcia surge depois de o presidente da federa\u00e7\u00e3o, Philippe Diallo, ter dito j\u00e1 saber quem seria o sucessor de Deschamps.<\/li>\n<li>Zidane est\u00e1 sem clube desde 2021, ano em que saiu do Real Madrid, tendo conquistado, entre outros t\u00edtulos, dois campeonatos, duas Superta\u00e7as e tr\u00eas Ligas dos Campe\u00f5es.<\/li>\n<li>Mant\u00e9m-se sem clube desde 2021, ap\u00f3s a passagem de enorme sucesso pelo Real Madrid.<\/li>\n<\/ul>\n","protected":false},"author":2,"featured_media":418225,"comment_status":"closed","ping_status":"closed","sticky":false,"template":"","format":"standard","meta":{"footnotes":""},"categories":[21,24],"tags":[1856,32,2057,6366,2477,3240],"class_list":["post-418222","post","type-post","status-publish","format-standard","has-post-thumbnail","hentry","category-desporto","category-futebol","tag-franca","tag-futebol","tag-selecao-nacional","tag-selecoes-da-copa-do-mundo","tag-treinadores","tag-zidane"],"yoast_head":"<!-- This site is optimized with the Yoast SEO plugin v27.2 - https:\/\/yoast.com\/product\/yoast-seo-wordpress\/ -->\n<title>Zidane tem acordo verbal para substituir Deschamps na sele\u00e7\u00e3o francesa - Portal Tela Portugal<\/title>\n<meta name=\"robots\" content=\"index, follow, max-snippet:-1, max-image-preview:large, max-video-preview:-1\" \/>\n<meta property=\"og:locale\" content=\"pt_PT\" \/>\n<meta property=\"og:type\" content=\"article\" \/>\n<meta property=\"og:title\" content=\"Zidane tem acordo verbal para substituir Deschamps na sele\u00e7\u00e3o francesa - Portal Tela Portugal\" \/>\n<meta property=\"og:description\" content=\"O Le Parisien avan\u00e7a que Zin\u00e9dine Zidane tem acordo verbal com a Federa\u00e7\u00e3o Francesa de Futebol para suceder Didier Deschamps no comando t\u00e9cnico da sele\u00e7\u00e3o. A mudan\u00e7a dever\u00e1 ocorrer ap\u00f3s o Mundial de 2026, altura em que termina o contrato de Deschamps, aos 57 anos. A not\u00edcia surge depois de o presidente da federa\u00e7\u00e3o, Philippe Diallo, ter dito j\u00e1 saber quem seria o sucessor de Deschamps. Zidane est\u00e1 sem clube desde 2021, ano em que saiu do Real Madrid, tendo conquistado, entre outros t\u00edtulos, dois campeonatos, duas Superta\u00e7as e tr\u00eas Ligas dos Campe\u00f5es. Mant\u00e9m-se sem clube desde 2021, ap\u00f3s a passagem de enorme sucesso pelo Real Madrid.\" \/>\n<meta property=\"og:url\" content=\"https:\/\/portaltela.pt\/noticias\/2026\/03\/23\/zidane-tem-acordo-verbal-para-substituir-deschamps-na-selecao-francesa\/\" \/>\n<meta property=\"og:site_name\" content=\"Portal Tela Portugal\" \/>\n<meta property=\"article:published_time\" content=\"2026-03-23T09:58:15+00:00\" \/>\n<meta name=\"author\" content=\"Telinha\" \/>\n<meta name=\"twitter:card\" content=\"summary_large_image\" \/>\n<meta name=\"twitter:label1\" content=\"Escrito por\" \/>\n\t<meta name=\"twitter:data1\" content=\"Telinha\" \/>\n\t<meta name=\"twitter:label2\" content=\"Tempo estimado de leitura\" \/>\n\t<meta name=\"twitter:data2\" content=\"1 minuto\" \/>\n<script type=\"application\/ld+json\" class=\"yoast-schema-graph\">{\"@context\":\"https:\/\/schema.org\",\"@graph\":[{\"@type\":\"Article\",\"@id\":\"https:\/\/portaltela.pt\/noticias\/2026\/03\/23\/zidane-tem-acordo-verbal-para-substituir-deschamps-na-selecao-francesa\/#article\",\"isPartOf\":{\"@id\":\"https:\/\/portaltela.pt\/noticias\/2026\/03\/23\/zidane-tem-acordo-verbal-para-substituir-deschamps-na-selecao-francesa\/\"},\"author\":{\"name\":\"Telinha\",\"@id\":\"https:\/\/portaltela.pt\/#\/schema\/person\/c4278d4a6028830caff9ee44b42d32ed\"},\"headline\":\"Zidane tem acordo verbal para substituir Deschamps na sele\u00e7\u00e3o francesa\",\"datePublished\":\"2026-03-23T09:58:15+00:00\",\"mainEntityOfPage\":{\"@id\":\"https:\/\/portaltela.pt\/noticias\/2026\/03\/23\/zidane-tem-acordo-verbal-para-substituir-deschamps-na-selecao-francesa\/\"},\"wordCount\":171,\"image\":{\"@id\":\"https:\/\/portaltela.pt\/noticias\/2026\/03\/23\/zidane-tem-acordo-verbal-para-substituir-deschamps-na-selecao-francesa\/#primaryimage\"},\"thumbnailUrl\":\"https:\/\/portaltela.pt\/s.01k8rhncp4jt1\/2026\/03\/img_920x518uu2026-03-23-09-57-57-2428851.jpg\",\"keywords\":[\"Fran\u00e7a\",\"futebol\",\"Sele\u00e7\u00e3o Nacional\",\"Sele\u00e7\u00f5es da Copa do Mundo\",\"treinadores\",\"Zidane\"],\"articleSection\":[\"Desporto\",\"Futebol\"],\"inLanguage\":\"pt-PT\"},{\"@type\":\"WebPage\",\"@id\":\"https:\/\/portaltela.pt\/noticias\/2026\/03\/23\/zidane-tem-acordo-verbal-para-substituir-deschamps-na-selecao-francesa\/\",\"url\":\"https:\/\/portaltela.pt\/noticias\/2026\/03\/23\/zidane-tem-acordo-verbal-para-substituir-deschamps-na-selecao-francesa\/\",\"name\":\"Zidane tem acordo verbal para substituir Deschamps na sele\u00e7\u00e3o francesa - Portal Tela Portugal\",\"isPartOf\":{\"@id\":\"https:\/\/portaltela.pt\/#website\"},\"primaryImageOfPage\":{\"@id\":\"https:\/\/portaltela.pt\/noticias\/2026\/03\/23\/zidane-tem-acordo-verbal-para-substituir-deschamps-na-selecao-francesa\/#primaryimage\"},\"image\":{\"@id\":\"https:\/\/portaltela.pt\/noticias\/2026\/03\/23\/zidane-tem-acordo-verbal-para-substituir-deschamps-na-selecao-francesa\/#primaryimage\"},\"thumbnailUrl\":\"https:\/\/portaltela.pt\/s.01k8rhncp4jt1\/2026\/03\/img_920x518uu2026-03-23-09-57-57-2428851.jpg\",\"datePublished\":\"2026-03-23T09:58:15+00:00\",\"author\":{\"@id\":\"https:\/\/portaltela.pt\/#\/schema\/person\/c4278d4a6028830caff9ee44b42d32ed\"},\"breadcrumb\":{\"@id\":\"https:\/\/portaltela.pt\/noticias\/2026\/03\/23\/zidane-tem-acordo-verbal-para-substituir-deschamps-na-selecao-francesa\/#breadcrumb\"},\"inLanguage\":\"pt-PT\",\"potentialAction\":[{\"@type\":\"ReadAction\",\"target\":[\"https:\/\/portaltela.pt\/noticias\/2026\/03\/23\/zidane-tem-acordo-verbal-para-substituir-deschamps-na-selecao-francesa\/\"]}]},{\"@type\":\"ImageObject\",\"inLanguage\":\"pt-PT\",\"@id\":\"https:\/\/portaltela.pt\/noticias\/2026\/03\/23\/zidane-tem-acordo-verbal-para-substituir-deschamps-na-selecao-francesa\/#primaryimage\",\"url\":\"https:\/\/portaltela.pt\/s.01k8rhncp4jt1\/2026\/03\/img_920x518uu2026-03-23-09-57-57-2428851.jpg\",\"contentUrl\":\"https:\/\/portaltela.pt\/s.01k8rhncp4jt1\/2026\/03\/img_920x518uu2026-03-23-09-57-57-2428851.jpg\",\"width\":796,\"height\":448,\"caption\":\"Zidane dever\u00e1 ser o pr\u00f3ximo selecionador franc\u00eas\"},{\"@type\":\"BreadcrumbList\",\"@id\":\"https:\/\/portaltela.pt\/noticias\/2026\/03\/23\/zidane-tem-acordo-verbal-para-substituir-deschamps-na-selecao-francesa\/#breadcrumb\",\"itemListElement\":[{\"@type\":\"ListItem\",\"position\":1,\"name\":\"In\u00edcio\",\"item\":\"https:\/\/portaltela.pt\/\"},{\"@type\":\"ListItem\",\"position\":2,\"name\":\"Zidane tem acordo verbal para substituir Deschamps na sele\u00e7\u00e3o francesa\"}]},{\"@type\":\"WebSite\",\"@id\":\"https:\/\/portaltela.pt\/#website\",\"url\":\"https:\/\/portaltela.pt\/\",\"name\":\"Portal Tela Portugal\",\"description\":\"\",\"potentialAction\":[{\"@type\":\"SearchAction\",\"target\":{\"@type\":\"EntryPoint\",\"urlTemplate\":\"https:\/\/portaltela.pt\/?s={search_term_string}\"},\"query-input\":{\"@type\":\"PropertyValueSpecification\",\"valueRequired\":true,\"valueName\":\"search_term_string\"}}],\"inLanguage\":\"pt-PT\"},{\"@type\":\"Person\",\"@id\":\"https:\/\/portaltela.pt\/#\/schema\/person\/c4278d4a6028830caff9ee44b42d32ed\",\"name\":\"Telinha\",\"image\":{\"@type\":\"ImageObject\",\"inLanguage\":\"pt-PT\",\"@id\":\"https:\/\/portaltela.pt\/s.01k8rhncp4jt1\/2025\/11\/talking-bot-125x125.png\",\"url\":\"https:\/\/portaltela.pt\/s.01k8rhncp4jt1\/2025\/11\/talking-bot-125x125.png\",\"contentUrl\":\"https:\/\/portaltela.pt\/s.01k8rhncp4jt1\/2025\/11\/talking-bot-125x125.png\",\"caption\":\"Telinha\"},\"sameAs\":[\"https:\/\/portaltela.pt\/\"],\"url\":\"https:\/\/portaltela.pt\/por\/367410592786\/\"}]}<\/script>\n<!-- \/ Yoast SEO plugin. -->","yoast_head_json":{"title":"Zidane tem acordo verbal para substituir Deschamps na sele\u00e7\u00e3o francesa - Portal Tela Portugal","robots":{"index":"index","follow":"follow","max-snippet":"max-snippet:-1","max-image-preview":"max-image-preview:large","max-video-preview":"max-video-preview:-1"},"og_locale":"pt_PT","og_type":"article","og_title":"Zidane tem acordo verbal para substituir Deschamps na sele\u00e7\u00e3o francesa - Portal Tela Portugal","og_description":"O Le Parisien avan\u00e7a que Zin\u00e9dine Zidane tem acordo verbal com a Federa\u00e7\u00e3o Francesa de Futebol para suceder Didier Deschamps no comando t\u00e9cnico da sele\u00e7\u00e3o. A mudan\u00e7a dever\u00e1 ocorrer ap\u00f3s o Mundial de 2026, altura em que termina o contrato de Deschamps, aos 57 anos. A not\u00edcia surge depois de o presidente da federa\u00e7\u00e3o, Philippe Diallo, ter dito j\u00e1 saber quem seria o sucessor de Deschamps. Zidane est\u00e1 sem clube desde 2021, ano em que saiu do Real Madrid, tendo conquistado, entre outros t\u00edtulos, dois campeonatos, duas Superta\u00e7as e tr\u00eas Ligas dos Campe\u00f5es. Mant\u00e9m-se sem clube desde 2021, ap\u00f3s a passagem de enorme sucesso pelo Real Madrid.","og_url":"https:\/\/portaltela.pt\/noticias\/2026\/03\/23\/zidane-tem-acordo-verbal-para-substituir-deschamps-na-selecao-francesa\/","og_site_name":"Portal Tela Portugal","article_published_time":"2026-03-23T09:58:15+00:00","author":"Telinha","twitter_card":"summary_large_image","twitter_misc":{"Escrito por":"Telinha","Tempo estimado de leitura":"1 minuto"},"schema":{"@context":"https:\/\/schema.org","@graph":[{"@type":"Article","@id":"https:\/\/portaltela.pt\/noticias\/2026\/03\/23\/zidane-tem-acordo-verbal-para-substituir-deschamps-na-selecao-francesa\/#article","isPartOf":{"@id":"https:\/\/portaltela.pt\/noticias\/2026\/03\/23\/zidane-tem-acordo-verbal-para-substituir-deschamps-na-selecao-francesa\/"},"author":{"name":"Telinha","@id":"https:\/\/portaltela.pt\/#\/schema\/person\/c4278d4a6028830caff9ee44b42d32ed"},"headline":"Zidane tem acordo verbal para substituir Deschamps na sele\u00e7\u00e3o francesa","datePublished":"2026-03-23T09:58:15+00:00","mainEntityOfPage":{"@id":"https:\/\/portaltela.pt\/noticias\/2026\/03\/23\/zidane-tem-acordo-verbal-para-substituir-deschamps-na-selecao-francesa\/"},"wordCount":171,"image":{"@id":"https:\/\/portaltela.pt\/noticias\/2026\/03\/23\/zidane-tem-acordo-verbal-para-substituir-deschamps-na-selecao-francesa\/#primaryimage"},"thumbnailUrl":"https:\/\/portaltela.pt\/s.01k8rhncp4jt1\/2026\/03\/img_920x518uu2026-03-23-09-57-57-2428851.jpg","keywords":["Fran\u00e7a","futebol","Sele\u00e7\u00e3o Nacional","Sele\u00e7\u00f5es da Copa do Mundo","treinadores","Zidane"],"articleSection":["Desporto","Futebol"],"inLanguage":"pt-PT"},{"@type":"WebPage","@id":"https:\/\/portaltela.pt\/noticias\/2026\/03\/23\/zidane-tem-acordo-verbal-para-substituir-deschamps-na-selecao-francesa\/","url":"https:\/\/portaltela.pt\/noticias\/2026\/03\/23\/zidane-tem-acordo-verbal-para-substituir-deschamps-na-selecao-francesa\/","name":"Zidane tem acordo verbal para substituir Deschamps na sele\u00e7\u00e3o francesa - Portal Tela Portugal","isPartOf":{"@id":"https:\/\/portaltela.pt\/#website"},"primaryImageOfPage":{"@id":"https:\/\/portaltela.pt\/noticias\/2026\/03\/23\/zidane-tem-acordo-verbal-para-substituir-deschamps-na-selecao-francesa\/#primaryimage"},"image":{"@id":"https:\/\/portaltela.pt\/noticias\/2026\/03\/23\/zidane-tem-acordo-verbal-para-substituir-deschamps-na-selecao-francesa\/#primaryimage"},"thumbnailUrl":"https:\/\/portaltela.pt\/s.01k8rhncp4jt1\/2026\/03\/img_920x518uu2026-03-23-09-57-57-2428851.jpg","datePublished":"2026-03-23T09:58:15+00:00","author":{"@id":"https:\/\/portaltela.pt\/#\/schema\/person\/c4278d4a6028830caff9ee44b42d32ed"},"breadcrumb":{"@id":"https:\/\/portaltela.pt\/noticias\/2026\/03\/23\/zidane-tem-acordo-verbal-para-substituir-deschamps-na-selecao-francesa\/#breadcrumb"},"inLanguage":"pt-PT","potentialAction":[{"@type":"ReadAction","target":["https:\/\/portaltela.pt\/noticias\/2026\/03\/23\/zidane-tem-acordo-verbal-para-substituir-deschamps-na-selecao-francesa\/"]}]},{"@type":"ImageObject","inLanguage":"pt-PT","@id":"https:\/\/portaltela.pt\/noticias\/2026\/03\/23\/zidane-tem-acordo-verbal-para-substituir-deschamps-na-selecao-francesa\/#primaryimage","url":"https:\/\/portaltela.pt\/s.01k8rhncp4jt1\/2026\/03\/img_920x518uu2026-03-23-09-57-57-2428851.jpg","contentUrl":"https:\/\/portaltela.pt\/s.01k8rhncp4jt1\/2026\/03\/img_920x518uu2026-03-23-09-57-57-2428851.jpg","width":796,"height":448,"caption":"Zidane dever\u00e1 ser o pr\u00f3ximo selecionador franc\u00eas"},{"@type":"BreadcrumbList","@id":"https:\/\/portaltela.pt\/noticias\/2026\/03\/23\/zidane-tem-acordo-verbal-para-substituir-deschamps-na-selecao-francesa\/#breadcrumb","itemListElement":[{"@type":"ListItem","position":1,"name":"In\u00edcio","item":"https:\/\/portaltela.pt\/"},{"@type":"ListItem","position":2,"name":"Zidane tem acordo verbal para substituir Deschamps na sele\u00e7\u00e3o francesa"}]},{"@type":"WebSite","@id":"https:\/\/portaltela.pt\/#website","url":"https:\/\/portaltela.pt\/","name":"Portal Tela Portugal","description":"","potentialAction":[{"@type":"SearchAction","target":{"@type":"EntryPoint","urlTemplate":"https:\/\/portaltela.pt\/?s={search_term_string}"},"query-input":{"@type":"PropertyValueSpecification","valueRequired":true,"valueName":"search_term_string"}}],"inLanguage":"pt-PT"},{"@type":"Person","@id":"https:\/\/portaltela.pt\/#\/schema\/person\/c4278d4a6028830caff9ee44b42d32ed","name":"Telinha","image":{"@type":"ImageObject","inLanguage":"pt-PT","@id":"https:\/\/portaltela.pt\/s.01k8rhncp4jt1\/2025\/11\/talking-bot-125x125.png","url":"https:\/\/portaltela.pt\/s.01k8rhncp4jt1\/2025\/11\/talking-bot-125x125.png","contentUrl":"https:\/\/portaltela.pt\/s.01k8rhncp4jt1\/2025\/11\/talking-bot-125x125.png","caption":"Telinha"},"sameAs":["https:\/\/portaltela.pt\/"],"url":"https:\/\/portaltela.pt\/por\/367410592786\/"}]}},"_links":{"self":[{"href":"https:\/\/portaltela.pt\/api\/wp\/v2\/posts\/418222","targetHints":{"allow":["GET"]}}],"collection":[{"href":"https:\/\/portaltela.pt\/api\/wp\/v2\/posts"}],"about":[{"href":"https:\/\/portaltela.pt\/api\/wp\/v2\/types\/post"}],"author":[{"embeddable":true,"href":"https:\/\/portaltela.pt\/api\/wp\/v2\/users\/2"}],"replies":[{"embeddable":true,"href":"https:\/\/portaltela.pt\/api\/wp\/v2\/comments?post=418222"}],"version-history":[{"count":0,"href":"https:\/\/portaltela.pt\/api\/wp\/v2\/posts\/418222\/revisions"}],"wp:featuredmedia":[{"embeddable":true,"href":"https:\/\/portaltela.pt\/api\/wp\/v2\/media\/418225"}],"wp:attachment":[{"href":"https:\/\/portaltela.pt\/api\/wp\/v2\/media?parent=418222"}],"wp:term":[{"taxonomy":"category","embeddable":true,"href":"https:\/\/portaltela.pt\/api\/wp\/v2\/categories?post=418222"},{"taxonomy":"post_tag","embeddable":true,"href":"https:\/\/portaltela.pt\/api\/wp\/v2\/tags?post=418222"}],"curies":[{"name":"wp","href":"https:\/\/api.w.org\/{rel}","templated":true}]}}