{"id":418215,"date":"2026-03-23T06:47:07","date_gmt":"2026-03-23T09:47:07","guid":{"rendered":"https:\/\/portaltela.pt\/noticias\/2026\/03\/23\/cuba-anteve-possivel-agressao-militar-dos-eua-e-aumenta-alerta\/"},"modified":"2026-03-23T06:47:07","modified_gmt":"2026-03-23T09:47:07","slug":"cuba-anteve-possivel-agressao-militar-dos-eua-e-aumenta-alerta","status":"publish","type":"post","link":"https:\/\/portaltela.pt\/geopolitica\/2026\/03\/23\/cuba-anteve-possivel-agressao-militar-dos-eua-e-aumenta-alerta\/","title":{"rendered":"Cuba antev\u00ea poss\u00edvel agress\u00e3o militar dos EUA e aumenta alerta"},"content":{"rendered":"<p>O vice-ministro cubano dos Neg\u00f3cios Estrangeiros, Carlos Fern\u00e1ndez de Coss\u00edo, afirmou \u00e0 NBC News que Cuba se est\u00e1 a preparar para uma poss\u00edvel agress\u00e3o militar dos EUA, num contexto de tens\u00f5es e crise energ\u00e9tica. A entrevista, transmitida no fim de semana, foi mostrada no programa Meet the Press.<\/p>\n<p>Segundo o diplomata cubano, as for\u00e7as armadas est\u00e3o sempre preparadas e j\u00e1 trabalham para esse cen\u00e1rio, embora considere improv\u00e1vel um conflito armado. Havana mostrou-se empenhada em manter o di\u00e1logo com Washington, reiterando que n\u00e3o h\u00e1 justifica\u00e7\u00e3o para uma interven\u00e7\u00e3o.<\/p>\n<p>As declara\u00e7\u00f5es surgem num quadro de deteriora\u00e7\u00e3o das rela\u00e7\u00f5es entre Cuba e os EUA, com o embargo a limitar o abastecimento de combust\u00edvel, o que tem agravado a crise energ\u00e9tica no pa\u00eds. Fern\u00e1ndez de Coss\u00edo lembrou que Cuba \u00e9 pac\u00edfica e n\u00e3o representa amea\u00e7a aos EUA.<\/p>\n<h3>Tens\u00f5es e contexto regional<\/h3>\n<p>Trump afirmou recentemente que seria uma grande honra investir Cuba, dizendo que pode fazer o que quiser com a ilha. As declara\u00e7\u00f5es intensificam a leitura de uma postura mais agressiva de Washington face a Havana, que, por sua vez, insiste no direito de defender-se.<\/p>\n<p>De acordo com o vice-ministro, as a\u00e7\u00f5es norte-americanas t\u00eam impacto direto no dia a dia cubano, nomeadamente no abastecimento de combust\u00edvel e em setores como transportes e sa\u00fade. A crise energ\u00e9tica tem provocado apag\u00f5es, com restabelecimento parcial do sistema el\u00e9trico ap\u00f3s o segundo corte da semana.<\/p>\n","protected":false},"excerpt":{"rendered":"<ul>\n<li>Cuba prepara-se para uma poss\u00edvel agress\u00e3o militar dos EUA, avisou o vice\u2011ministro dos Neg\u00f3cios Estrangeiros, Carlos Fern\u00e1ndez de Coss\u00edo, em entrevista \u00e0 NBC News.<\/li>\n<li>O diplomata disse que as For\u00e7as Armadas cubanas est\u00e3o sempre prontas e que se preparam para esse cen\u00e1rio, mas n\u00e3o considera prov\u00e1vel um conflito armado e quer continuar o di\u00e1logo com Washington.<\/li>\n<li>Havana afirma ser pac\u00edfica e n\u00e3o amea\u00e7a os EUA, defendendo o direito de se defender, numa leitura dos \u00faltimos meses de tens\u00f5es que envolvem a pol\u00edtica externa norte\u2011americana.<\/li>\n<li>O presidente dos EUA declarou que pode fazer o que quiser com Cuba, numa trajet\u00f3ria de deteriora\u00e7\u00e3o das rela\u00e7\u00f5es entre os dois pa\u00edses.<\/li>\n<li>Cubanos tamb\u00e9m denunciam o impacto do embargo e das restri\u00e7\u00f5es de combust\u00edvel, que agravam a crise energ\u00e9tica, com apag\u00f5es registados; o sistema el\u00e9trico foi restabelecido parcialmente ap\u00f3s o segundo corte em menos de uma semana.<\/li>\n<\/ul>\n","protected":false},"author":2,"featured_media":418218,"comment_status":"closed","ping_status":"closed","sticky":false,"template":"","format":"standard","meta":{"footnotes":""},"categories":[6814],"tags":[6636,4894,174,1600,5043],"class_list":["post-418215","post","type-post","status-publish","format-standard","has-post-thumbnail","hentry","category-geopolitica","tag-cuba","tag-embargo-economico","tag-energia","tag-estados-unidos","tag-tensoes-internacionais"],"yoast_head":"<!-- This site is optimized with the Yoast SEO plugin v27.2 - https:\/\/yoast.com\/product\/yoast-seo-wordpress\/ -->\n<title>Cuba antev\u00ea poss\u00edvel agress\u00e3o militar dos EUA e aumenta alerta - Portal Tela Portugal<\/title>\n<meta name=\"robots\" content=\"index, follow, max-snippet:-1, max-image-preview:large, max-video-preview:-1\" \/>\n<meta property=\"og:locale\" content=\"pt_PT\" \/>\n<meta property=\"og:type\" content=\"article\" \/>\n<meta property=\"og:title\" content=\"Cuba antev\u00ea poss\u00edvel agress\u00e3o militar dos EUA e aumenta alerta - Portal Tela Portugal\" \/>\n<meta property=\"og:description\" content=\"Cuba prepara-se para uma poss\u00edvel agress\u00e3o militar dos EUA, avisou o vice\u2011ministro dos Neg\u00f3cios Estrangeiros, Carlos Fern\u00e1ndez de Coss\u00edo, em entrevista \u00e0 NBC News. O diplomata disse que as For\u00e7as Armadas cubanas est\u00e3o sempre prontas e que se preparam para esse cen\u00e1rio, mas n\u00e3o considera prov\u00e1vel um conflito armado e quer continuar o di\u00e1logo com Washington. Havana afirma ser pac\u00edfica e n\u00e3o amea\u00e7a os EUA, defendendo o direito de se defender, numa leitura dos \u00faltimos meses de tens\u00f5es que envolvem a pol\u00edtica externa norte\u2011americana. O presidente dos EUA declarou que pode fazer o que quiser com Cuba, numa trajet\u00f3ria de deteriora\u00e7\u00e3o das rela\u00e7\u00f5es entre os dois pa\u00edses. Cubanos tamb\u00e9m denunciam o impacto do embargo e das restri\u00e7\u00f5es de combust\u00edvel, que agravam a crise energ\u00e9tica, com apag\u00f5es registados; o sistema el\u00e9trico foi restabelecido parcialmente ap\u00f3s o segundo corte em menos de uma semana.\" \/>\n<meta property=\"og:url\" content=\"https:\/\/portaltela.pt\/noticias\/2026\/03\/23\/cuba-anteve-possivel-agressao-militar-dos-eua-e-aumenta-alerta\/\" \/>\n<meta property=\"og:site_name\" content=\"Portal Tela Portugal\" \/>\n<meta property=\"article:published_time\" content=\"2026-03-23T09:47:07+00:00\" \/>\n<meta name=\"author\" content=\"Telinha\" \/>\n<meta name=\"twitter:card\" content=\"summary_large_image\" \/>\n<meta name=\"twitter:label1\" content=\"Escrito por\" \/>\n\t<meta name=\"twitter:data1\" content=\"Telinha\" \/>\n\t<meta name=\"twitter:label2\" content=\"Tempo estimado de leitura\" \/>\n\t<meta name=\"twitter:data2\" content=\"1 minuto\" \/>\n<script type=\"application\/ld+json\" class=\"yoast-schema-graph\">{\"@context\":\"https:\/\/schema.org\",\"@graph\":[{\"@type\":\"Article\",\"@id\":\"https:\/\/portaltela.pt\/noticias\/2026\/03\/23\/cuba-anteve-possivel-agressao-militar-dos-eua-e-aumenta-alerta\/#article\",\"isPartOf\":{\"@id\":\"https:\/\/portaltela.pt\/noticias\/2026\/03\/23\/cuba-anteve-possivel-agressao-militar-dos-eua-e-aumenta-alerta\/\"},\"author\":{\"name\":\"Telinha\",\"@id\":\"https:\/\/portaltela.pt\/#\/schema\/person\/c4278d4a6028830caff9ee44b42d32ed\"},\"headline\":\"Cuba antev\u00ea poss\u00edvel agress\u00e3o militar dos EUA e aumenta alerta\",\"datePublished\":\"2026-03-23T09:47:07+00:00\",\"mainEntityOfPage\":{\"@id\":\"https:\/\/portaltela.pt\/noticias\/2026\/03\/23\/cuba-anteve-possivel-agressao-militar-dos-eua-e-aumenta-alerta\/\"},\"wordCount\":273,\"image\":{\"@id\":\"https:\/\/portaltela.pt\/noticias\/2026\/03\/23\/cuba-anteve-possivel-agressao-militar-dos-eua-e-aumenta-alerta\/#primaryimage\"},\"thumbnailUrl\":\"https:\/\/portaltela.pt\/s.01k8rhncp4jt1\/2026\/03\/1536x864_cmsv2_086e78a0-a208-5a47-b5ed-e3611074802c-9694423.jpg\",\"keywords\":[\"Cuba\",\"embargo econ\u00f4mico\",\"energia\",\"Estados Unidos\",\"tens\u00f5es internacionais\"],\"articleSection\":[\"Geopol\u00edtica\"],\"inLanguage\":\"pt-PT\"},{\"@type\":\"WebPage\",\"@id\":\"https:\/\/portaltela.pt\/noticias\/2026\/03\/23\/cuba-anteve-possivel-agressao-militar-dos-eua-e-aumenta-alerta\/\",\"url\":\"https:\/\/portaltela.pt\/noticias\/2026\/03\/23\/cuba-anteve-possivel-agressao-militar-dos-eua-e-aumenta-alerta\/\",\"name\":\"Cuba antev\u00ea poss\u00edvel agress\u00e3o militar dos EUA e aumenta alerta - Portal Tela Portugal\",\"isPartOf\":{\"@id\":\"https:\/\/portaltela.pt\/#website\"},\"primaryImageOfPage\":{\"@id\":\"https:\/\/portaltela.pt\/noticias\/2026\/03\/23\/cuba-anteve-possivel-agressao-militar-dos-eua-e-aumenta-alerta\/#primaryimage\"},\"image\":{\"@id\":\"https:\/\/portaltela.pt\/noticias\/2026\/03\/23\/cuba-anteve-possivel-agressao-militar-dos-eua-e-aumenta-alerta\/#primaryimage\"},\"thumbnailUrl\":\"https:\/\/portaltela.pt\/s.01k8rhncp4jt1\/2026\/03\/1536x864_cmsv2_086e78a0-a208-5a47-b5ed-e3611074802c-9694423.jpg\",\"datePublished\":\"2026-03-23T09:47:07+00:00\",\"author\":{\"@id\":\"https:\/\/portaltela.pt\/#\/schema\/person\/c4278d4a6028830caff9ee44b42d32ed\"},\"breadcrumb\":{\"@id\":\"https:\/\/portaltela.pt\/noticias\/2026\/03\/23\/cuba-anteve-possivel-agressao-militar-dos-eua-e-aumenta-alerta\/#breadcrumb\"},\"inLanguage\":\"pt-PT\",\"potentialAction\":[{\"@type\":\"ReadAction\",\"target\":[\"https:\/\/portaltela.pt\/noticias\/2026\/03\/23\/cuba-anteve-possivel-agressao-militar-dos-eua-e-aumenta-alerta\/\"]}]},{\"@type\":\"ImageObject\",\"inLanguage\":\"pt-PT\",\"@id\":\"https:\/\/portaltela.pt\/noticias\/2026\/03\/23\/cuba-anteve-possivel-agressao-militar-dos-eua-e-aumenta-alerta\/#primaryimage\",\"url\":\"https:\/\/portaltela.pt\/s.01k8rhncp4jt1\/2026\/03\/1536x864_cmsv2_086e78a0-a208-5a47-b5ed-e3611074802c-9694423.jpg\",\"contentUrl\":\"https:\/\/portaltela.pt\/s.01k8rhncp4jt1\/2026\/03\/1536x864_cmsv2_086e78a0-a208-5a47-b5ed-e3611074802c-9694423.jpg\",\"width\":796,\"height\":448,\"caption\":\"ARQUIVO - Soldados cubanos marcham durante um desfile militar na Pra\u00e7a da Revolu\u00e7\u00e3o em Havana, Cuba, a 2 de dezembro de 2006 (AP Photo\/Javier Galeano, Ficheiro)\"},{\"@type\":\"BreadcrumbList\",\"@id\":\"https:\/\/portaltela.pt\/noticias\/2026\/03\/23\/cuba-anteve-possivel-agressao-militar-dos-eua-e-aumenta-alerta\/#breadcrumb\",\"itemListElement\":[{\"@type\":\"ListItem\",\"position\":1,\"name\":\"In\u00edcio\",\"item\":\"https:\/\/portaltela.pt\/\"},{\"@type\":\"ListItem\",\"position\":2,\"name\":\"Cuba antev\u00ea poss\u00edvel agress\u00e3o militar dos EUA e aumenta alerta\"}]},{\"@type\":\"WebSite\",\"@id\":\"https:\/\/portaltela.pt\/#website\",\"url\":\"https:\/\/portaltela.pt\/\",\"name\":\"Portal Tela Portugal\",\"description\":\"\",\"potentialAction\":[{\"@type\":\"SearchAction\",\"target\":{\"@type\":\"EntryPoint\",\"urlTemplate\":\"https:\/\/portaltela.pt\/?s={search_term_string}\"},\"query-input\":{\"@type\":\"PropertyValueSpecification\",\"valueRequired\":true,\"valueName\":\"search_term_string\"}}],\"inLanguage\":\"pt-PT\"},{\"@type\":\"Person\",\"@id\":\"https:\/\/portaltela.pt\/#\/schema\/person\/c4278d4a6028830caff9ee44b42d32ed\",\"name\":\"Telinha\",\"image\":{\"@type\":\"ImageObject\",\"inLanguage\":\"pt-PT\",\"@id\":\"https:\/\/portaltela.pt\/s.01k8rhncp4jt1\/2025\/11\/talking-bot-125x125.png\",\"url\":\"https:\/\/portaltela.pt\/s.01k8rhncp4jt1\/2025\/11\/talking-bot-125x125.png\",\"contentUrl\":\"https:\/\/portaltela.pt\/s.01k8rhncp4jt1\/2025\/11\/talking-bot-125x125.png\",\"caption\":\"Telinha\"},\"sameAs\":[\"https:\/\/portaltela.pt\/\"],\"url\":\"https:\/\/portaltela.pt\/por\/367410592786\/\"}]}<\/script>\n<!-- \/ Yoast SEO plugin. -->","yoast_head_json":{"title":"Cuba antev\u00ea poss\u00edvel agress\u00e3o militar dos EUA e aumenta alerta - Portal Tela Portugal","robots":{"index":"index","follow":"follow","max-snippet":"max-snippet:-1","max-image-preview":"max-image-preview:large","max-video-preview":"max-video-preview:-1"},"og_locale":"pt_PT","og_type":"article","og_title":"Cuba antev\u00ea poss\u00edvel agress\u00e3o militar dos EUA e aumenta alerta - Portal Tela Portugal","og_description":"Cuba prepara-se para uma poss\u00edvel agress\u00e3o militar dos EUA, avisou o vice\u2011ministro dos Neg\u00f3cios Estrangeiros, Carlos Fern\u00e1ndez de Coss\u00edo, em entrevista \u00e0 NBC News. O diplomata disse que as For\u00e7as Armadas cubanas est\u00e3o sempre prontas e que se preparam para esse cen\u00e1rio, mas n\u00e3o considera prov\u00e1vel um conflito armado e quer continuar o di\u00e1logo com Washington. Havana afirma ser pac\u00edfica e n\u00e3o amea\u00e7a os EUA, defendendo o direito de se defender, numa leitura dos \u00faltimos meses de tens\u00f5es que envolvem a pol\u00edtica externa norte\u2011americana. O presidente dos EUA declarou que pode fazer o que quiser com Cuba, numa trajet\u00f3ria de deteriora\u00e7\u00e3o das rela\u00e7\u00f5es entre os dois pa\u00edses. Cubanos tamb\u00e9m denunciam o impacto do embargo e das restri\u00e7\u00f5es de combust\u00edvel, que agravam a crise energ\u00e9tica, com apag\u00f5es registados; o sistema el\u00e9trico foi restabelecido parcialmente ap\u00f3s o segundo corte em menos de uma semana.","og_url":"https:\/\/portaltela.pt\/noticias\/2026\/03\/23\/cuba-anteve-possivel-agressao-militar-dos-eua-e-aumenta-alerta\/","og_site_name":"Portal Tela Portugal","article_published_time":"2026-03-23T09:47:07+00:00","author":"Telinha","twitter_card":"summary_large_image","twitter_misc":{"Escrito por":"Telinha","Tempo estimado de leitura":"1 minuto"},"schema":{"@context":"https:\/\/schema.org","@graph":[{"@type":"Article","@id":"https:\/\/portaltela.pt\/noticias\/2026\/03\/23\/cuba-anteve-possivel-agressao-militar-dos-eua-e-aumenta-alerta\/#article","isPartOf":{"@id":"https:\/\/portaltela.pt\/noticias\/2026\/03\/23\/cuba-anteve-possivel-agressao-militar-dos-eua-e-aumenta-alerta\/"},"author":{"name":"Telinha","@id":"https:\/\/portaltela.pt\/#\/schema\/person\/c4278d4a6028830caff9ee44b42d32ed"},"headline":"Cuba antev\u00ea poss\u00edvel agress\u00e3o militar dos EUA e aumenta alerta","datePublished":"2026-03-23T09:47:07+00:00","mainEntityOfPage":{"@id":"https:\/\/portaltela.pt\/noticias\/2026\/03\/23\/cuba-anteve-possivel-agressao-militar-dos-eua-e-aumenta-alerta\/"},"wordCount":273,"image":{"@id":"https:\/\/portaltela.pt\/noticias\/2026\/03\/23\/cuba-anteve-possivel-agressao-militar-dos-eua-e-aumenta-alerta\/#primaryimage"},"thumbnailUrl":"https:\/\/portaltela.pt\/s.01k8rhncp4jt1\/2026\/03\/1536x864_cmsv2_086e78a0-a208-5a47-b5ed-e3611074802c-9694423.jpg","keywords":["Cuba","embargo econ\u00f4mico","energia","Estados Unidos","tens\u00f5es internacionais"],"articleSection":["Geopol\u00edtica"],"inLanguage":"pt-PT"},{"@type":"WebPage","@id":"https:\/\/portaltela.pt\/noticias\/2026\/03\/23\/cuba-anteve-possivel-agressao-militar-dos-eua-e-aumenta-alerta\/","url":"https:\/\/portaltela.pt\/noticias\/2026\/03\/23\/cuba-anteve-possivel-agressao-militar-dos-eua-e-aumenta-alerta\/","name":"Cuba antev\u00ea poss\u00edvel agress\u00e3o militar dos EUA e aumenta alerta - Portal Tela Portugal","isPartOf":{"@id":"https:\/\/portaltela.pt\/#website"},"primaryImageOfPage":{"@id":"https:\/\/portaltela.pt\/noticias\/2026\/03\/23\/cuba-anteve-possivel-agressao-militar-dos-eua-e-aumenta-alerta\/#primaryimage"},"image":{"@id":"https:\/\/portaltela.pt\/noticias\/2026\/03\/23\/cuba-anteve-possivel-agressao-militar-dos-eua-e-aumenta-alerta\/#primaryimage"},"thumbnailUrl":"https:\/\/portaltela.pt\/s.01k8rhncp4jt1\/2026\/03\/1536x864_cmsv2_086e78a0-a208-5a47-b5ed-e3611074802c-9694423.jpg","datePublished":"2026-03-23T09:47:07+00:00","author":{"@id":"https:\/\/portaltela.pt\/#\/schema\/person\/c4278d4a6028830caff9ee44b42d32ed"},"breadcrumb":{"@id":"https:\/\/portaltela.pt\/noticias\/2026\/03\/23\/cuba-anteve-possivel-agressao-militar-dos-eua-e-aumenta-alerta\/#breadcrumb"},"inLanguage":"pt-PT","potentialAction":[{"@type":"ReadAction","target":["https:\/\/portaltela.pt\/noticias\/2026\/03\/23\/cuba-anteve-possivel-agressao-militar-dos-eua-e-aumenta-alerta\/"]}]},{"@type":"ImageObject","inLanguage":"pt-PT","@id":"https:\/\/portaltela.pt\/noticias\/2026\/03\/23\/cuba-anteve-possivel-agressao-militar-dos-eua-e-aumenta-alerta\/#primaryimage","url":"https:\/\/portaltela.pt\/s.01k8rhncp4jt1\/2026\/03\/1536x864_cmsv2_086e78a0-a208-5a47-b5ed-e3611074802c-9694423.jpg","contentUrl":"https:\/\/portaltela.pt\/s.01k8rhncp4jt1\/2026\/03\/1536x864_cmsv2_086e78a0-a208-5a47-b5ed-e3611074802c-9694423.jpg","width":796,"height":448,"caption":"ARQUIVO - Soldados cubanos marcham durante um desfile militar na Pra\u00e7a da Revolu\u00e7\u00e3o em Havana, Cuba, a 2 de dezembro de 2006 (AP Photo\/Javier Galeano, Ficheiro)"},{"@type":"BreadcrumbList","@id":"https:\/\/portaltela.pt\/noticias\/2026\/03\/23\/cuba-anteve-possivel-agressao-militar-dos-eua-e-aumenta-alerta\/#breadcrumb","itemListElement":[{"@type":"ListItem","position":1,"name":"In\u00edcio","item":"https:\/\/portaltela.pt\/"},{"@type":"ListItem","position":2,"name":"Cuba antev\u00ea poss\u00edvel agress\u00e3o militar dos EUA e aumenta alerta"}]},{"@type":"WebSite","@id":"https:\/\/portaltela.pt\/#website","url":"https:\/\/portaltela.pt\/","name":"Portal Tela Portugal","description":"","potentialAction":[{"@type":"SearchAction","target":{"@type":"EntryPoint","urlTemplate":"https:\/\/portaltela.pt\/?s={search_term_string}"},"query-input":{"@type":"PropertyValueSpecification","valueRequired":true,"valueName":"search_term_string"}}],"inLanguage":"pt-PT"},{"@type":"Person","@id":"https:\/\/portaltela.pt\/#\/schema\/person\/c4278d4a6028830caff9ee44b42d32ed","name":"Telinha","image":{"@type":"ImageObject","inLanguage":"pt-PT","@id":"https:\/\/portaltela.pt\/s.01k8rhncp4jt1\/2025\/11\/talking-bot-125x125.png","url":"https:\/\/portaltela.pt\/s.01k8rhncp4jt1\/2025\/11\/talking-bot-125x125.png","contentUrl":"https:\/\/portaltela.pt\/s.01k8rhncp4jt1\/2025\/11\/talking-bot-125x125.png","caption":"Telinha"},"sameAs":["https:\/\/portaltela.pt\/"],"url":"https:\/\/portaltela.pt\/por\/367410592786\/"}]}},"_links":{"self":[{"href":"https:\/\/portaltela.pt\/api\/wp\/v2\/posts\/418215","targetHints":{"allow":["GET"]}}],"collection":[{"href":"https:\/\/portaltela.pt\/api\/wp\/v2\/posts"}],"about":[{"href":"https:\/\/portaltela.pt\/api\/wp\/v2\/types\/post"}],"author":[{"embeddable":true,"href":"https:\/\/portaltela.pt\/api\/wp\/v2\/users\/2"}],"replies":[{"embeddable":true,"href":"https:\/\/portaltela.pt\/api\/wp\/v2\/comments?post=418215"}],"version-history":[{"count":0,"href":"https:\/\/portaltela.pt\/api\/wp\/v2\/posts\/418215\/revisions"}],"wp:featuredmedia":[{"embeddable":true,"href":"https:\/\/portaltela.pt\/api\/wp\/v2\/media\/418218"}],"wp:attachment":[{"href":"https:\/\/portaltela.pt\/api\/wp\/v2\/media?parent=418215"}],"wp:term":[{"taxonomy":"category","embeddable":true,"href":"https:\/\/portaltela.pt\/api\/wp\/v2\/categories?post=418215"},{"taxonomy":"post_tag","embeddable":true,"href":"https:\/\/portaltela.pt\/api\/wp\/v2\/tags?post=418215"}],"curies":[{"name":"wp","href":"https:\/\/api.w.org\/{rel}","templated":true}]}}