{"id":418207,"date":"2026-03-23T06:30:00","date_gmt":"2026-03-23T09:30:00","guid":{"rendered":"https:\/\/portaltela.pt\/noticias\/2026\/03\/23\/ruben-rua-admite-afastamento-de-cristina-ferreira-e-diz-ter-virado-alvo-facil\/"},"modified":"2026-03-23T06:30:00","modified_gmt":"2026-03-23T09:30:00","slug":"ruben-rua-admite-afastamento-de-cristina-ferreira-e-diz-ter-virado-alvo-facil","status":"publish","type":"post","link":"https:\/\/portaltela.pt\/celebridades\/2026\/03\/23\/ruben-rua-admite-afastamento-de-cristina-ferreira-e-diz-ter-virado-alvo-facil\/","title":{"rendered":"Ruben Rua admite afastamento de Cristina Ferreira e diz ter virado alvo f\u00e1cil"},"content":{"rendered":"<p>Ruben Rua quebrou o sil\u00eancio sobre a rela\u00e7\u00e3o com Cristina Ferreira, um ano depois de terminar a liga\u00e7\u00e3o com a TVI. O apresentador afirma que n\u00e3o houve namoro e que a proximidade entre ambos alimentou rumores, especialmente por estarem solteiros na altura.<\/p>\n<p>Em entrevista no videocast The Leite Show, o apresentador de 39 anos explica que os encontros fora do trabalho foram pontuais e em grupo, junto de amigos e familiares. Alega ainda que esteve sob press\u00e3o de uma \u201cguerra\u201d que n\u00e3o era dele.<\/p>\n<p>Apesar disso, Rua reconhece o papel determinante de Cristina Ferreira na sua carreira na TVI, destacando que foi ela quem o recebeu na esta\u00e7\u00e3o e lhe abriu oportunidades, das quais se mostra grato.<\/p>\n<p>Ruben Rua admite ter enfrentado dissabores por estar pr\u00f3ximo da diretora e diz ter sentido-se usado como alvo em ataques \u00e0 l\u00edder. Rejeita, por\u00e9m, a ideia de que o afastamento tenha sido uma estrat\u00e9gia para atingir Cristina Ferreira.<\/p>\n<p>Sobre o estado atual da rela\u00e7\u00e3o, Rua afirma que continua a ter Cristina como pessoa amiga, embora a rela\u00e7\u00e3o entre ambos esteja mais distante do que no passado e que o afastamento n\u00e3o partiu dele.<\/p>\n","protected":false},"excerpt":{"rendered":"<ul>\n<li>Ruben Rua, de 39 anos, afirma que rompeu o sil\u00eancio sobre a rela\u00e7\u00e3o com Cristina Ferreira, um ano ap\u00f3s terminar a liga\u00e7\u00e3o \u00e0 TVI.<\/li>\n<li>O apresentador nega qualquer romance, dizendo que nunca namoraram e que a proximidade entre ambos alimentou rumores.<\/li>\n<li>Diz que os encontros fora do trabalho foram pontuais e em grupo, entre amigos e fam\u00edlia, sem rela\u00e7\u00e3o amorosa.<\/li>\n<li>Relembra os dissabores vividos por manter proximidade com a diretora da esta\u00e7\u00e3o, dizendo ter sido usado como arma de arremesso e alvo f\u00e1cil numa \u201cguerra\u201d que n\u00e3o era dele.<\/li>\n<li>Em rela\u00e7\u00e3o \u00e0 rela\u00e7\u00e3o atual, admite que \u00e9 mais distante, mas mant\u00e9m Cristina Ferreira como amiga, dizendo que, se precisarem, estar\u00e3o dispon\u00edveis um para o outro.<\/li>\n<\/ul>\n","protected":false},"author":2,"featured_media":418208,"comment_status":"closed","ping_status":"closed","sticky":false,"template":"","format":"standard","meta":{"footnotes":""},"categories":[6675],"tags":[76,5613,6101,7221,5661,7409],"class_list":["post-418207","post","type-post","status-publish","format-standard","has-post-thumbnail","hentry","category-celebridades","tag-celebridades","tag-cristina-ferreira","tag-entrevistas","tag-noticias","tag-pessoas-publicas","tag-televisoes"],"yoast_head":"<!-- This site is optimized with the Yoast SEO plugin v27.2 - https:\/\/yoast.com\/product\/yoast-seo-wordpress\/ -->\n<title>Ruben Rua admite afastamento de Cristina Ferreira e diz ter virado alvo f\u00e1cil - Portal Tela Portugal<\/title>\n<meta name=\"robots\" content=\"index, follow, max-snippet:-1, max-image-preview:large, max-video-preview:-1\" \/>\n<meta property=\"og:locale\" content=\"pt_PT\" \/>\n<meta property=\"og:type\" content=\"article\" \/>\n<meta property=\"og:title\" content=\"Ruben Rua admite afastamento de Cristina Ferreira e diz ter virado alvo f\u00e1cil - Portal Tela Portugal\" \/>\n<meta property=\"og:description\" content=\"Ruben Rua, de 39 anos, afirma que rompeu o sil\u00eancio sobre a rela\u00e7\u00e3o com Cristina Ferreira, um ano ap\u00f3s terminar a liga\u00e7\u00e3o \u00e0 TVI. O apresentador nega qualquer romance, dizendo que nunca namoraram e que a proximidade entre ambos alimentou rumores. Diz que os encontros fora do trabalho foram pontuais e em grupo, entre amigos e fam\u00edlia, sem rela\u00e7\u00e3o amorosa. Relembra os dissabores vividos por manter proximidade com a diretora da esta\u00e7\u00e3o, dizendo ter sido usado como arma de arremesso e alvo f\u00e1cil numa \u201cguerra\u201d que n\u00e3o era dele. Em rela\u00e7\u00e3o \u00e0 rela\u00e7\u00e3o atual, admite que \u00e9 mais distante, mas mant\u00e9m Cristina Ferreira como amiga, dizendo que, se precisarem, estar\u00e3o dispon\u00edveis um para o outro.\" \/>\n<meta property=\"og:url\" content=\"https:\/\/portaltela.pt\/noticias\/2026\/03\/23\/ruben-rua-admite-afastamento-de-cristina-ferreira-e-diz-ter-virado-alvo-facil\/\" \/>\n<meta property=\"og:site_name\" content=\"Portal Tela Portugal\" \/>\n<meta property=\"article:published_time\" content=\"2026-03-23T09:30:00+00:00\" \/>\n<meta name=\"author\" content=\"Telinha\" \/>\n<meta name=\"twitter:card\" content=\"summary_large_image\" \/>\n<meta name=\"twitter:label1\" content=\"Escrito por\" \/>\n\t<meta name=\"twitter:data1\" content=\"Telinha\" \/>\n\t<meta name=\"twitter:label2\" content=\"Tempo estimado de leitura\" \/>\n\t<meta name=\"twitter:data2\" content=\"1 minuto\" \/>\n<script type=\"application\/ld+json\" class=\"yoast-schema-graph\">{\"@context\":\"https:\/\/schema.org\",\"@graph\":[{\"@type\":\"Article\",\"@id\":\"https:\/\/portaltela.pt\/noticias\/2026\/03\/23\/ruben-rua-admite-afastamento-de-cristina-ferreira-e-diz-ter-virado-alvo-facil\/#article\",\"isPartOf\":{\"@id\":\"https:\/\/portaltela.pt\/noticias\/2026\/03\/23\/ruben-rua-admite-afastamento-de-cristina-ferreira-e-diz-ter-virado-alvo-facil\/\"},\"author\":{\"name\":\"Telinha\",\"@id\":\"https:\/\/portaltela.pt\/#\/schema\/person\/c4278d4a6028830caff9ee44b42d32ed\"},\"headline\":\"Ruben Rua admite afastamento de Cristina Ferreira e diz ter virado alvo f\u00e1cil\",\"datePublished\":\"2026-03-23T09:30:00+00:00\",\"mainEntityOfPage\":{\"@id\":\"https:\/\/portaltela.pt\/noticias\/2026\/03\/23\/ruben-rua-admite-afastamento-de-cristina-ferreira-e-diz-ter-virado-alvo-facil\/\"},\"wordCount\":216,\"image\":{\"@id\":\"https:\/\/portaltela.pt\/noticias\/2026\/03\/23\/ruben-rua-admite-afastamento-de-cristina-ferreira-e-diz-ter-virado-alvo-facil\/#primaryimage\"},\"thumbnailUrl\":\"https:\/\/portaltela.pt\/s.01k8rhncp4jt1\/2026\/03\/img_1500x1000uu2023-04-05-10-51-54-2163595-im-638978521983141801.jpg\",\"keywords\":[\"celebridades\",\"Cristina Ferreira\",\"entrevistas\",\"not\u00edcias\",\"pessoas p\u00fablicas\",\"televis\u00f5es\"],\"articleSection\":[\"Celebridades\"],\"inLanguage\":\"pt-PT\"},{\"@type\":\"WebPage\",\"@id\":\"https:\/\/portaltela.pt\/noticias\/2026\/03\/23\/ruben-rua-admite-afastamento-de-cristina-ferreira-e-diz-ter-virado-alvo-facil\/\",\"url\":\"https:\/\/portaltela.pt\/noticias\/2026\/03\/23\/ruben-rua-admite-afastamento-de-cristina-ferreira-e-diz-ter-virado-alvo-facil\/\",\"name\":\"Ruben Rua admite afastamento de Cristina Ferreira e diz ter virado alvo f\u00e1cil - Portal Tela Portugal\",\"isPartOf\":{\"@id\":\"https:\/\/portaltela.pt\/#website\"},\"primaryImageOfPage\":{\"@id\":\"https:\/\/portaltela.pt\/noticias\/2026\/03\/23\/ruben-rua-admite-afastamento-de-cristina-ferreira-e-diz-ter-virado-alvo-facil\/#primaryimage\"},\"image\":{\"@id\":\"https:\/\/portaltela.pt\/noticias\/2026\/03\/23\/ruben-rua-admite-afastamento-de-cristina-ferreira-e-diz-ter-virado-alvo-facil\/#primaryimage\"},\"thumbnailUrl\":\"https:\/\/portaltela.pt\/s.01k8rhncp4jt1\/2026\/03\/img_1500x1000uu2023-04-05-10-51-54-2163595-im-638978521983141801.jpg\",\"datePublished\":\"2026-03-23T09:30:00+00:00\",\"author\":{\"@id\":\"https:\/\/portaltela.pt\/#\/schema\/person\/c4278d4a6028830caff9ee44b42d32ed\"},\"breadcrumb\":{\"@id\":\"https:\/\/portaltela.pt\/noticias\/2026\/03\/23\/ruben-rua-admite-afastamento-de-cristina-ferreira-e-diz-ter-virado-alvo-facil\/#breadcrumb\"},\"inLanguage\":\"pt-PT\",\"potentialAction\":[{\"@type\":\"ReadAction\",\"target\":[\"https:\/\/portaltela.pt\/noticias\/2026\/03\/23\/ruben-rua-admite-afastamento-de-cristina-ferreira-e-diz-ter-virado-alvo-facil\/\"]}]},{\"@type\":\"ImageObject\",\"inLanguage\":\"pt-PT\",\"@id\":\"https:\/\/portaltela.pt\/noticias\/2026\/03\/23\/ruben-rua-admite-afastamento-de-cristina-ferreira-e-diz-ter-virado-alvo-facil\/#primaryimage\",\"url\":\"https:\/\/portaltela.pt\/s.01k8rhncp4jt1\/2026\/03\/img_1500x1000uu2023-04-05-10-51-54-2163595-im-638978521983141801.jpg\",\"contentUrl\":\"https:\/\/portaltela.pt\/s.01k8rhncp4jt1\/2026\/03\/img_1500x1000uu2023-04-05-10-51-54-2163595-im-638978521983141801.jpg\",\"width\":796,\"height\":448,\"caption\":\"Cristina Ferreira e R\u00faben Rua\"},{\"@type\":\"BreadcrumbList\",\"@id\":\"https:\/\/portaltela.pt\/noticias\/2026\/03\/23\/ruben-rua-admite-afastamento-de-cristina-ferreira-e-diz-ter-virado-alvo-facil\/#breadcrumb\",\"itemListElement\":[{\"@type\":\"ListItem\",\"position\":1,\"name\":\"In\u00edcio\",\"item\":\"https:\/\/portaltela.pt\/\"},{\"@type\":\"ListItem\",\"position\":2,\"name\":\"Ruben Rua admite afastamento de Cristina Ferreira e diz ter virado alvo f\u00e1cil\"}]},{\"@type\":\"WebSite\",\"@id\":\"https:\/\/portaltela.pt\/#website\",\"url\":\"https:\/\/portaltela.pt\/\",\"name\":\"Portal Tela Portugal\",\"description\":\"\",\"potentialAction\":[{\"@type\":\"SearchAction\",\"target\":{\"@type\":\"EntryPoint\",\"urlTemplate\":\"https:\/\/portaltela.pt\/?s={search_term_string}\"},\"query-input\":{\"@type\":\"PropertyValueSpecification\",\"valueRequired\":true,\"valueName\":\"search_term_string\"}}],\"inLanguage\":\"pt-PT\"},{\"@type\":\"Person\",\"@id\":\"https:\/\/portaltela.pt\/#\/schema\/person\/c4278d4a6028830caff9ee44b42d32ed\",\"name\":\"Telinha\",\"image\":{\"@type\":\"ImageObject\",\"inLanguage\":\"pt-PT\",\"@id\":\"https:\/\/portaltela.pt\/s.01k8rhncp4jt1\/2025\/11\/talking-bot-125x125.png\",\"url\":\"https:\/\/portaltela.pt\/s.01k8rhncp4jt1\/2025\/11\/talking-bot-125x125.png\",\"contentUrl\":\"https:\/\/portaltela.pt\/s.01k8rhncp4jt1\/2025\/11\/talking-bot-125x125.png\",\"caption\":\"Telinha\"},\"sameAs\":[\"https:\/\/portaltela.pt\/\"],\"url\":\"https:\/\/portaltela.pt\/por\/367410592786\/\"}]}<\/script>\n<!-- \/ Yoast SEO plugin. -->","yoast_head_json":{"title":"Ruben Rua admite afastamento de Cristina Ferreira e diz ter virado alvo f\u00e1cil - Portal Tela Portugal","robots":{"index":"index","follow":"follow","max-snippet":"max-snippet:-1","max-image-preview":"max-image-preview:large","max-video-preview":"max-video-preview:-1"},"og_locale":"pt_PT","og_type":"article","og_title":"Ruben Rua admite afastamento de Cristina Ferreira e diz ter virado alvo f\u00e1cil - Portal Tela Portugal","og_description":"Ruben Rua, de 39 anos, afirma que rompeu o sil\u00eancio sobre a rela\u00e7\u00e3o com Cristina Ferreira, um ano ap\u00f3s terminar a liga\u00e7\u00e3o \u00e0 TVI. O apresentador nega qualquer romance, dizendo que nunca namoraram e que a proximidade entre ambos alimentou rumores. Diz que os encontros fora do trabalho foram pontuais e em grupo, entre amigos e fam\u00edlia, sem rela\u00e7\u00e3o amorosa. Relembra os dissabores vividos por manter proximidade com a diretora da esta\u00e7\u00e3o, dizendo ter sido usado como arma de arremesso e alvo f\u00e1cil numa \u201cguerra\u201d que n\u00e3o era dele. Em rela\u00e7\u00e3o \u00e0 rela\u00e7\u00e3o atual, admite que \u00e9 mais distante, mas mant\u00e9m Cristina Ferreira como amiga, dizendo que, se precisarem, estar\u00e3o dispon\u00edveis um para o outro.","og_url":"https:\/\/portaltela.pt\/noticias\/2026\/03\/23\/ruben-rua-admite-afastamento-de-cristina-ferreira-e-diz-ter-virado-alvo-facil\/","og_site_name":"Portal Tela Portugal","article_published_time":"2026-03-23T09:30:00+00:00","author":"Telinha","twitter_card":"summary_large_image","twitter_misc":{"Escrito por":"Telinha","Tempo estimado de leitura":"1 minuto"},"schema":{"@context":"https:\/\/schema.org","@graph":[{"@type":"Article","@id":"https:\/\/portaltela.pt\/noticias\/2026\/03\/23\/ruben-rua-admite-afastamento-de-cristina-ferreira-e-diz-ter-virado-alvo-facil\/#article","isPartOf":{"@id":"https:\/\/portaltela.pt\/noticias\/2026\/03\/23\/ruben-rua-admite-afastamento-de-cristina-ferreira-e-diz-ter-virado-alvo-facil\/"},"author":{"name":"Telinha","@id":"https:\/\/portaltela.pt\/#\/schema\/person\/c4278d4a6028830caff9ee44b42d32ed"},"headline":"Ruben Rua admite afastamento de Cristina Ferreira e diz ter virado alvo f\u00e1cil","datePublished":"2026-03-23T09:30:00+00:00","mainEntityOfPage":{"@id":"https:\/\/portaltela.pt\/noticias\/2026\/03\/23\/ruben-rua-admite-afastamento-de-cristina-ferreira-e-diz-ter-virado-alvo-facil\/"},"wordCount":216,"image":{"@id":"https:\/\/portaltela.pt\/noticias\/2026\/03\/23\/ruben-rua-admite-afastamento-de-cristina-ferreira-e-diz-ter-virado-alvo-facil\/#primaryimage"},"thumbnailUrl":"https:\/\/portaltela.pt\/s.01k8rhncp4jt1\/2026\/03\/img_1500x1000uu2023-04-05-10-51-54-2163595-im-638978521983141801.jpg","keywords":["celebridades","Cristina Ferreira","entrevistas","not\u00edcias","pessoas p\u00fablicas","televis\u00f5es"],"articleSection":["Celebridades"],"inLanguage":"pt-PT"},{"@type":"WebPage","@id":"https:\/\/portaltela.pt\/noticias\/2026\/03\/23\/ruben-rua-admite-afastamento-de-cristina-ferreira-e-diz-ter-virado-alvo-facil\/","url":"https:\/\/portaltela.pt\/noticias\/2026\/03\/23\/ruben-rua-admite-afastamento-de-cristina-ferreira-e-diz-ter-virado-alvo-facil\/","name":"Ruben Rua admite afastamento de Cristina Ferreira e diz ter virado alvo f\u00e1cil - Portal Tela Portugal","isPartOf":{"@id":"https:\/\/portaltela.pt\/#website"},"primaryImageOfPage":{"@id":"https:\/\/portaltela.pt\/noticias\/2026\/03\/23\/ruben-rua-admite-afastamento-de-cristina-ferreira-e-diz-ter-virado-alvo-facil\/#primaryimage"},"image":{"@id":"https:\/\/portaltela.pt\/noticias\/2026\/03\/23\/ruben-rua-admite-afastamento-de-cristina-ferreira-e-diz-ter-virado-alvo-facil\/#primaryimage"},"thumbnailUrl":"https:\/\/portaltela.pt\/s.01k8rhncp4jt1\/2026\/03\/img_1500x1000uu2023-04-05-10-51-54-2163595-im-638978521983141801.jpg","datePublished":"2026-03-23T09:30:00+00:00","author":{"@id":"https:\/\/portaltela.pt\/#\/schema\/person\/c4278d4a6028830caff9ee44b42d32ed"},"breadcrumb":{"@id":"https:\/\/portaltela.pt\/noticias\/2026\/03\/23\/ruben-rua-admite-afastamento-de-cristina-ferreira-e-diz-ter-virado-alvo-facil\/#breadcrumb"},"inLanguage":"pt-PT","potentialAction":[{"@type":"ReadAction","target":["https:\/\/portaltela.pt\/noticias\/2026\/03\/23\/ruben-rua-admite-afastamento-de-cristina-ferreira-e-diz-ter-virado-alvo-facil\/"]}]},{"@type":"ImageObject","inLanguage":"pt-PT","@id":"https:\/\/portaltela.pt\/noticias\/2026\/03\/23\/ruben-rua-admite-afastamento-de-cristina-ferreira-e-diz-ter-virado-alvo-facil\/#primaryimage","url":"https:\/\/portaltela.pt\/s.01k8rhncp4jt1\/2026\/03\/img_1500x1000uu2023-04-05-10-51-54-2163595-im-638978521983141801.jpg","contentUrl":"https:\/\/portaltela.pt\/s.01k8rhncp4jt1\/2026\/03\/img_1500x1000uu2023-04-05-10-51-54-2163595-im-638978521983141801.jpg","width":796,"height":448,"caption":"Cristina Ferreira e R\u00faben Rua"},{"@type":"BreadcrumbList","@id":"https:\/\/portaltela.pt\/noticias\/2026\/03\/23\/ruben-rua-admite-afastamento-de-cristina-ferreira-e-diz-ter-virado-alvo-facil\/#breadcrumb","itemListElement":[{"@type":"ListItem","position":1,"name":"In\u00edcio","item":"https:\/\/portaltela.pt\/"},{"@type":"ListItem","position":2,"name":"Ruben Rua admite afastamento de Cristina Ferreira e diz ter virado alvo f\u00e1cil"}]},{"@type":"WebSite","@id":"https:\/\/portaltela.pt\/#website","url":"https:\/\/portaltela.pt\/","name":"Portal Tela Portugal","description":"","potentialAction":[{"@type":"SearchAction","target":{"@type":"EntryPoint","urlTemplate":"https:\/\/portaltela.pt\/?s={search_term_string}"},"query-input":{"@type":"PropertyValueSpecification","valueRequired":true,"valueName":"search_term_string"}}],"inLanguage":"pt-PT"},{"@type":"Person","@id":"https:\/\/portaltela.pt\/#\/schema\/person\/c4278d4a6028830caff9ee44b42d32ed","name":"Telinha","image":{"@type":"ImageObject","inLanguage":"pt-PT","@id":"https:\/\/portaltela.pt\/s.01k8rhncp4jt1\/2025\/11\/talking-bot-125x125.png","url":"https:\/\/portaltela.pt\/s.01k8rhncp4jt1\/2025\/11\/talking-bot-125x125.png","contentUrl":"https:\/\/portaltela.pt\/s.01k8rhncp4jt1\/2025\/11\/talking-bot-125x125.png","caption":"Telinha"},"sameAs":["https:\/\/portaltela.pt\/"],"url":"https:\/\/portaltela.pt\/por\/367410592786\/"}]}},"_links":{"self":[{"href":"https:\/\/portaltela.pt\/api\/wp\/v2\/posts\/418207","targetHints":{"allow":["GET"]}}],"collection":[{"href":"https:\/\/portaltela.pt\/api\/wp\/v2\/posts"}],"about":[{"href":"https:\/\/portaltela.pt\/api\/wp\/v2\/types\/post"}],"author":[{"embeddable":true,"href":"https:\/\/portaltela.pt\/api\/wp\/v2\/users\/2"}],"replies":[{"embeddable":true,"href":"https:\/\/portaltela.pt\/api\/wp\/v2\/comments?post=418207"}],"version-history":[{"count":0,"href":"https:\/\/portaltela.pt\/api\/wp\/v2\/posts\/418207\/revisions"}],"wp:featuredmedia":[{"embeddable":true,"href":"https:\/\/portaltela.pt\/api\/wp\/v2\/media\/418208"}],"wp:attachment":[{"href":"https:\/\/portaltela.pt\/api\/wp\/v2\/media?parent=418207"}],"wp:term":[{"taxonomy":"category","embeddable":true,"href":"https:\/\/portaltela.pt\/api\/wp\/v2\/categories?post=418207"},{"taxonomy":"post_tag","embeddable":true,"href":"https:\/\/portaltela.pt\/api\/wp\/v2\/tags?post=418207"}],"curies":[{"name":"wp","href":"https:\/\/api.w.org\/{rel}","templated":true}]}}