{"id":418193,"date":"2026-03-23T06:26:00","date_gmt":"2026-03-23T09:26:00","guid":{"rendered":"https:\/\/portaltela.pt\/noticias\/2026\/03\/23\/governo-britanico-condena-ataque-incendiario-antissemita-em-londres\/"},"modified":"2026-03-23T06:26:00","modified_gmt":"2026-03-23T09:26:00","slug":"governo-britanico-condena-ataque-incendiario-antissemita-em-londres","status":"publish","type":"post","link":"https:\/\/portaltela.pt\/noticias\/internacional\/2026\/03\/23\/governo-britanico-condena-ataque-incendiario-antissemita-em-londres\/","title":{"rendered":"Governo brit\u00e2nico condena ataque incendi\u00e1rio antissemita em Londres"},"content":{"rendered":"<p>O Governo brit\u00e2nico condenou um ataque incendi\u00e1rio com motiva\u00e7\u00e3o antissemita registado em Londres. A condena\u00e7\u00e3o oficial aponta para a gravidade do ato e ressalva a rejei\u00e7\u00e3o da viol\u00eancia contra comunidades judaicas.<\/p>\n<p>As autoridades de seguran\u00e7a est\u00e3o a investigar as circunst\u00e2ncias do incidente e a determinar a autoria. N\u00e3o foram divulgados detalhes sobre danos materiais, nem informa\u00e7\u00f5es sobre poss\u00edveis v\u00edtimas.<\/p>\n<p>Ainda n\u00e3o foi informado o hor\u00e1rio exato em que ocorreu o ataque nem a extens\u00e3o dos estragos. O caso \u00e9 visto como um ataque motivado por \u00f3dio e est\u00e1 a ser tratado pelas autoridades competentes.<\/p>\n","protected":false},"excerpt":{"rendered":"<ul>\n<li>O governo brit\u00e2nico condenou um ataque incendi\u00e1rio antissemita em Londres.<\/li>\n<li>O incidente \u00e9 descrito como antissemita.<\/li>\n<li>O ataque ocorreu na capital do Reino Unido.<\/li>\n<li>N\u00e3o h\u00e1 informa\u00e7\u00f5es adicionais dispon\u00edveis no conte\u00fado acess\u00edvel do artigo.<\/li>\n<\/ul>\n","protected":false},"author":2,"featured_media":418195,"comment_status":"closed","ping_status":"closed","sticky":false,"template":"","format":"standard","meta":{"footnotes":""},"categories":[4,7127],"tags":[1617,147,1438,2376,250,939],"class_list":["post-418193","post","type-post","status-publish","format-standard","has-post-thumbnail","hentry","category-internacional","category-politica-internacional","tag-antisemitismo","tag-crime","tag-incendio","tag-londres","tag-seguranca-publica","tag-violencia"],"yoast_head":"<!-- This site is optimized with the Yoast SEO plugin v27.2 - https:\/\/yoast.com\/product\/yoast-seo-wordpress\/ -->\n<title>Governo brit\u00e2nico condena ataque incendi\u00e1rio antissemita em Londres - Portal Tela Portugal<\/title>\n<meta name=\"robots\" content=\"index, follow, max-snippet:-1, max-image-preview:large, max-video-preview:-1\" \/>\n<meta property=\"og:locale\" content=\"pt_PT\" \/>\n<meta property=\"og:type\" content=\"article\" \/>\n<meta property=\"og:title\" content=\"Governo brit\u00e2nico condena ataque incendi\u00e1rio antissemita em Londres - Portal Tela Portugal\" \/>\n<meta property=\"og:description\" content=\"O governo brit\u00e2nico condenou um ataque incendi\u00e1rio antissemita em Londres. O incidente \u00e9 descrito como antissemita. O ataque ocorreu na capital do Reino Unido. N\u00e3o h\u00e1 informa\u00e7\u00f5es adicionais dispon\u00edveis no conte\u00fado acess\u00edvel do artigo.\" \/>\n<meta property=\"og:url\" content=\"https:\/\/portaltela.pt\/noticias\/2026\/03\/23\/governo-britanico-condena-ataque-incendiario-antissemita-em-londres\/\" \/>\n<meta property=\"og:site_name\" content=\"Portal Tela Portugal\" \/>\n<meta property=\"article:published_time\" content=\"2026-03-23T09:26:00+00:00\" \/>\n<meta name=\"author\" content=\"Telinha\" \/>\n<meta name=\"twitter:card\" content=\"summary_large_image\" \/>\n<meta name=\"twitter:label1\" content=\"Escrito por\" \/>\n\t<meta name=\"twitter:data1\" content=\"Telinha\" \/>\n\t<meta name=\"twitter:label2\" content=\"Tempo estimado de leitura\" \/>\n\t<meta name=\"twitter:data2\" content=\"1 minuto\" \/>\n<script type=\"application\/ld+json\" class=\"yoast-schema-graph\">{\"@context\":\"https:\/\/schema.org\",\"@graph\":[{\"@type\":\"Article\",\"@id\":\"https:\/\/portaltela.pt\/noticias\/2026\/03\/23\/governo-britanico-condena-ataque-incendiario-antissemita-em-londres\/#article\",\"isPartOf\":{\"@id\":\"https:\/\/portaltela.pt\/noticias\/2026\/03\/23\/governo-britanico-condena-ataque-incendiario-antissemita-em-londres\/\"},\"author\":{\"name\":\"Telinha\",\"@id\":\"https:\/\/portaltela.pt\/#\/schema\/person\/c4278d4a6028830caff9ee44b42d32ed\"},\"headline\":\"Governo brit\u00e2nico condena ataque incendi\u00e1rio antissemita em Londres\",\"datePublished\":\"2026-03-23T09:26:00+00:00\",\"mainEntityOfPage\":{\"@id\":\"https:\/\/portaltela.pt\/noticias\/2026\/03\/23\/governo-britanico-condena-ataque-incendiario-antissemita-em-londres\/\"},\"wordCount\":119,\"image\":{\"@id\":\"https:\/\/portaltela.pt\/noticias\/2026\/03\/23\/governo-britanico-condena-ataque-incendiario-antissemita-em-londres\/#primaryimage\"},\"thumbnailUrl\":\"https:\/\/portaltela.pt\/s.01k8rhncp4jt1\/2026\/03\/CACHE_780X1200_ANALOG_WATERMARKED_46784670_338411513037606.jpg\",\"keywords\":[\"antisemitismo\",\"crime\",\"inc\u00eandio\",\"Londres\",\"seguran\u00e7a p\u00fablica\",\"viol\u00eancia\"],\"articleSection\":[\"Internacional\",\"Pol\u00edtica Internacional\"],\"inLanguage\":\"pt-PT\"},{\"@type\":\"WebPage\",\"@id\":\"https:\/\/portaltela.pt\/noticias\/2026\/03\/23\/governo-britanico-condena-ataque-incendiario-antissemita-em-londres\/\",\"url\":\"https:\/\/portaltela.pt\/noticias\/2026\/03\/23\/governo-britanico-condena-ataque-incendiario-antissemita-em-londres\/\",\"name\":\"Governo brit\u00e2nico condena ataque incendi\u00e1rio antissemita em Londres - Portal Tela Portugal\",\"isPartOf\":{\"@id\":\"https:\/\/portaltela.pt\/#website\"},\"primaryImageOfPage\":{\"@id\":\"https:\/\/portaltela.pt\/noticias\/2026\/03\/23\/governo-britanico-condena-ataque-incendiario-antissemita-em-londres\/#primaryimage\"},\"image\":{\"@id\":\"https:\/\/portaltela.pt\/noticias\/2026\/03\/23\/governo-britanico-condena-ataque-incendiario-antissemita-em-londres\/#primaryimage\"},\"thumbnailUrl\":\"https:\/\/portaltela.pt\/s.01k8rhncp4jt1\/2026\/03\/CACHE_780X1200_ANALOG_WATERMARKED_46784670_338411513037606.jpg\",\"datePublished\":\"2026-03-23T09:26:00+00:00\",\"author\":{\"@id\":\"https:\/\/portaltela.pt\/#\/schema\/person\/c4278d4a6028830caff9ee44b42d32ed\"},\"breadcrumb\":{\"@id\":\"https:\/\/portaltela.pt\/noticias\/2026\/03\/23\/governo-britanico-condena-ataque-incendiario-antissemita-em-londres\/#breadcrumb\"},\"inLanguage\":\"pt-PT\",\"potentialAction\":[{\"@type\":\"ReadAction\",\"target\":[\"https:\/\/portaltela.pt\/noticias\/2026\/03\/23\/governo-britanico-condena-ataque-incendiario-antissemita-em-londres\/\"]}]},{\"@type\":\"ImageObject\",\"inLanguage\":\"pt-PT\",\"@id\":\"https:\/\/portaltela.pt\/noticias\/2026\/03\/23\/governo-britanico-condena-ataque-incendiario-antissemita-em-londres\/#primaryimage\",\"url\":\"https:\/\/portaltela.pt\/s.01k8rhncp4jt1\/2026\/03\/CACHE_780X1200_ANALOG_WATERMARKED_46784670_338411513037606.jpg\",\"contentUrl\":\"https:\/\/portaltela.pt\/s.01k8rhncp4jt1\/2026\/03\/CACHE_780X1200_ANALOG_WATERMARKED_46784670_338411513037606.jpg\",\"width\":796,\"height\":448,\"caption\":\"Photo\"},{\"@type\":\"BreadcrumbList\",\"@id\":\"https:\/\/portaltela.pt\/noticias\/2026\/03\/23\/governo-britanico-condena-ataque-incendiario-antissemita-em-londres\/#breadcrumb\",\"itemListElement\":[{\"@type\":\"ListItem\",\"position\":1,\"name\":\"In\u00edcio\",\"item\":\"https:\/\/portaltela.pt\/\"},{\"@type\":\"ListItem\",\"position\":2,\"name\":\"Governo brit\u00e2nico condena ataque incendi\u00e1rio antissemita em Londres\"}]},{\"@type\":\"WebSite\",\"@id\":\"https:\/\/portaltela.pt\/#website\",\"url\":\"https:\/\/portaltela.pt\/\",\"name\":\"Portal Tela Portugal\",\"description\":\"\",\"potentialAction\":[{\"@type\":\"SearchAction\",\"target\":{\"@type\":\"EntryPoint\",\"urlTemplate\":\"https:\/\/portaltela.pt\/?s={search_term_string}\"},\"query-input\":{\"@type\":\"PropertyValueSpecification\",\"valueRequired\":true,\"valueName\":\"search_term_string\"}}],\"inLanguage\":\"pt-PT\"},{\"@type\":\"Person\",\"@id\":\"https:\/\/portaltela.pt\/#\/schema\/person\/c4278d4a6028830caff9ee44b42d32ed\",\"name\":\"Telinha\",\"image\":{\"@type\":\"ImageObject\",\"inLanguage\":\"pt-PT\",\"@id\":\"https:\/\/portaltela.pt\/s.01k8rhncp4jt1\/2025\/11\/talking-bot-125x125.png\",\"url\":\"https:\/\/portaltela.pt\/s.01k8rhncp4jt1\/2025\/11\/talking-bot-125x125.png\",\"contentUrl\":\"https:\/\/portaltela.pt\/s.01k8rhncp4jt1\/2025\/11\/talking-bot-125x125.png\",\"caption\":\"Telinha\"},\"sameAs\":[\"https:\/\/portaltela.pt\/\"],\"url\":\"https:\/\/portaltela.pt\/por\/367410592786\/\"}]}<\/script>\n<!-- \/ Yoast SEO plugin. -->","yoast_head_json":{"title":"Governo brit\u00e2nico condena ataque incendi\u00e1rio antissemita em Londres - Portal Tela Portugal","robots":{"index":"index","follow":"follow","max-snippet":"max-snippet:-1","max-image-preview":"max-image-preview:large","max-video-preview":"max-video-preview:-1"},"og_locale":"pt_PT","og_type":"article","og_title":"Governo brit\u00e2nico condena ataque incendi\u00e1rio antissemita em Londres - Portal Tela Portugal","og_description":"O governo brit\u00e2nico condenou um ataque incendi\u00e1rio antissemita em Londres. O incidente \u00e9 descrito como antissemita. O ataque ocorreu na capital do Reino Unido. N\u00e3o h\u00e1 informa\u00e7\u00f5es adicionais dispon\u00edveis no conte\u00fado acess\u00edvel do artigo.","og_url":"https:\/\/portaltela.pt\/noticias\/2026\/03\/23\/governo-britanico-condena-ataque-incendiario-antissemita-em-londres\/","og_site_name":"Portal Tela Portugal","article_published_time":"2026-03-23T09:26:00+00:00","author":"Telinha","twitter_card":"summary_large_image","twitter_misc":{"Escrito por":"Telinha","Tempo estimado de leitura":"1 minuto"},"schema":{"@context":"https:\/\/schema.org","@graph":[{"@type":"Article","@id":"https:\/\/portaltela.pt\/noticias\/2026\/03\/23\/governo-britanico-condena-ataque-incendiario-antissemita-em-londres\/#article","isPartOf":{"@id":"https:\/\/portaltela.pt\/noticias\/2026\/03\/23\/governo-britanico-condena-ataque-incendiario-antissemita-em-londres\/"},"author":{"name":"Telinha","@id":"https:\/\/portaltela.pt\/#\/schema\/person\/c4278d4a6028830caff9ee44b42d32ed"},"headline":"Governo brit\u00e2nico condena ataque incendi\u00e1rio antissemita em Londres","datePublished":"2026-03-23T09:26:00+00:00","mainEntityOfPage":{"@id":"https:\/\/portaltela.pt\/noticias\/2026\/03\/23\/governo-britanico-condena-ataque-incendiario-antissemita-em-londres\/"},"wordCount":119,"image":{"@id":"https:\/\/portaltela.pt\/noticias\/2026\/03\/23\/governo-britanico-condena-ataque-incendiario-antissemita-em-londres\/#primaryimage"},"thumbnailUrl":"https:\/\/portaltela.pt\/s.01k8rhncp4jt1\/2026\/03\/CACHE_780X1200_ANALOG_WATERMARKED_46784670_338411513037606.jpg","keywords":["antisemitismo","crime","inc\u00eandio","Londres","seguran\u00e7a p\u00fablica","viol\u00eancia"],"articleSection":["Internacional","Pol\u00edtica Internacional"],"inLanguage":"pt-PT"},{"@type":"WebPage","@id":"https:\/\/portaltela.pt\/noticias\/2026\/03\/23\/governo-britanico-condena-ataque-incendiario-antissemita-em-londres\/","url":"https:\/\/portaltela.pt\/noticias\/2026\/03\/23\/governo-britanico-condena-ataque-incendiario-antissemita-em-londres\/","name":"Governo brit\u00e2nico condena ataque incendi\u00e1rio antissemita em Londres - Portal Tela Portugal","isPartOf":{"@id":"https:\/\/portaltela.pt\/#website"},"primaryImageOfPage":{"@id":"https:\/\/portaltela.pt\/noticias\/2026\/03\/23\/governo-britanico-condena-ataque-incendiario-antissemita-em-londres\/#primaryimage"},"image":{"@id":"https:\/\/portaltela.pt\/noticias\/2026\/03\/23\/governo-britanico-condena-ataque-incendiario-antissemita-em-londres\/#primaryimage"},"thumbnailUrl":"https:\/\/portaltela.pt\/s.01k8rhncp4jt1\/2026\/03\/CACHE_780X1200_ANALOG_WATERMARKED_46784670_338411513037606.jpg","datePublished":"2026-03-23T09:26:00+00:00","author":{"@id":"https:\/\/portaltela.pt\/#\/schema\/person\/c4278d4a6028830caff9ee44b42d32ed"},"breadcrumb":{"@id":"https:\/\/portaltela.pt\/noticias\/2026\/03\/23\/governo-britanico-condena-ataque-incendiario-antissemita-em-londres\/#breadcrumb"},"inLanguage":"pt-PT","potentialAction":[{"@type":"ReadAction","target":["https:\/\/portaltela.pt\/noticias\/2026\/03\/23\/governo-britanico-condena-ataque-incendiario-antissemita-em-londres\/"]}]},{"@type":"ImageObject","inLanguage":"pt-PT","@id":"https:\/\/portaltela.pt\/noticias\/2026\/03\/23\/governo-britanico-condena-ataque-incendiario-antissemita-em-londres\/#primaryimage","url":"https:\/\/portaltela.pt\/s.01k8rhncp4jt1\/2026\/03\/CACHE_780X1200_ANALOG_WATERMARKED_46784670_338411513037606.jpg","contentUrl":"https:\/\/portaltela.pt\/s.01k8rhncp4jt1\/2026\/03\/CACHE_780X1200_ANALOG_WATERMARKED_46784670_338411513037606.jpg","width":796,"height":448,"caption":"Photo"},{"@type":"BreadcrumbList","@id":"https:\/\/portaltela.pt\/noticias\/2026\/03\/23\/governo-britanico-condena-ataque-incendiario-antissemita-em-londres\/#breadcrumb","itemListElement":[{"@type":"ListItem","position":1,"name":"In\u00edcio","item":"https:\/\/portaltela.pt\/"},{"@type":"ListItem","position":2,"name":"Governo brit\u00e2nico condena ataque incendi\u00e1rio antissemita em Londres"}]},{"@type":"WebSite","@id":"https:\/\/portaltela.pt\/#website","url":"https:\/\/portaltela.pt\/","name":"Portal Tela Portugal","description":"","potentialAction":[{"@type":"SearchAction","target":{"@type":"EntryPoint","urlTemplate":"https:\/\/portaltela.pt\/?s={search_term_string}"},"query-input":{"@type":"PropertyValueSpecification","valueRequired":true,"valueName":"search_term_string"}}],"inLanguage":"pt-PT"},{"@type":"Person","@id":"https:\/\/portaltela.pt\/#\/schema\/person\/c4278d4a6028830caff9ee44b42d32ed","name":"Telinha","image":{"@type":"ImageObject","inLanguage":"pt-PT","@id":"https:\/\/portaltela.pt\/s.01k8rhncp4jt1\/2025\/11\/talking-bot-125x125.png","url":"https:\/\/portaltela.pt\/s.01k8rhncp4jt1\/2025\/11\/talking-bot-125x125.png","contentUrl":"https:\/\/portaltela.pt\/s.01k8rhncp4jt1\/2025\/11\/talking-bot-125x125.png","caption":"Telinha"},"sameAs":["https:\/\/portaltela.pt\/"],"url":"https:\/\/portaltela.pt\/por\/367410592786\/"}]}},"_links":{"self":[{"href":"https:\/\/portaltela.pt\/api\/wp\/v2\/posts\/418193","targetHints":{"allow":["GET"]}}],"collection":[{"href":"https:\/\/portaltela.pt\/api\/wp\/v2\/posts"}],"about":[{"href":"https:\/\/portaltela.pt\/api\/wp\/v2\/types\/post"}],"author":[{"embeddable":true,"href":"https:\/\/portaltela.pt\/api\/wp\/v2\/users\/2"}],"replies":[{"embeddable":true,"href":"https:\/\/portaltela.pt\/api\/wp\/v2\/comments?post=418193"}],"version-history":[{"count":0,"href":"https:\/\/portaltela.pt\/api\/wp\/v2\/posts\/418193\/revisions"}],"wp:featuredmedia":[{"embeddable":true,"href":"https:\/\/portaltela.pt\/api\/wp\/v2\/media\/418195"}],"wp:attachment":[{"href":"https:\/\/portaltela.pt\/api\/wp\/v2\/media?parent=418193"}],"wp:term":[{"taxonomy":"category","embeddable":true,"href":"https:\/\/portaltela.pt\/api\/wp\/v2\/categories?post=418193"},{"taxonomy":"post_tag","embeddable":true,"href":"https:\/\/portaltela.pt\/api\/wp\/v2\/tags?post=418193"}],"curies":[{"name":"wp","href":"https:\/\/api.w.org\/{rel}","templated":true}]}}