{"id":418180,"date":"2026-03-23T06:03:00","date_gmt":"2026-03-23T09:03:00","guid":{"rendered":"https:\/\/portaltela.pt\/noticias\/2026\/03\/23\/portal-dedicado-a-camoes-chega-em-junho-e-promete-ficar-pronto-em-2027\/"},"modified":"2026-03-23T06:03:00","modified_gmt":"2026-03-23T09:03:00","slug":"portal-dedicado-a-camoes-chega-em-junho-e-promete-ficar-pronto-em-2027","status":"publish","type":"post","link":"https:\/\/portaltela.pt\/noticias\/2026\/03\/23\/portal-dedicado-a-camoes-chega-em-junho-e-promete-ficar-pronto-em-2027\/","title":{"rendered":"Portal dedicado a Cam\u00f5es chega em junho e promete ficar pronto em 2027"},"content":{"rendered":"<p>Um portal dedicado a Cam\u00f5es ser\u00e1 lan\u00e7ado em junho, com pacotes de conte\u00fado promessos para ficar completo em 2027. O an\u00fancio ocorreu na apresenta\u00e7\u00e3o formal realizada na Universidade de Coimbra.<\/p>\n<p>O projeto, intitulado Cam\u00f5es Lab-Uma M\u00e1quina do Mundo, nasceu na UC, que tamb\u00e9m ser\u00e1 a guardi\u00e3 do site. A ideia partiu da pr\u00f3pria universidade, que assume a coordena\u00e7\u00e3o cient\u00edfica do portal.<\/p>\n<p>A iniciativa pretende tornar-se uma refer\u00eancia sobre a obra do poeta do s\u00e9culo XVI. O portal inspira-se em plataformas dedicadas a William Blake, Samuel Beckett, Shakespeare e Dante, oferecendo valida\u00e7\u00e3o cient\u00edfica promovida pela UC.<\/p>\n","protected":false},"excerpt":{"rendered":"<ul>\n<li>Um portal dedicado a Cam\u00f5es chega em Junho, com a promessa de ficar pronto em 2027.<\/li>\n<li>A apresenta\u00e7\u00e3o ocorreu na Universidade de Coimbra, que passa a ser guardi\u00e3 do site.<\/li>\n<li>O projeto pretende tornar-se refer\u00eancia para o conhecimento da obra do poeta do s\u00e9culo XVI.<\/li>\n<li>O portal inspira-se em iniciativas para William Blake, Samuel Beckett, Shakespeare e Dante.<\/li>\n<li>A Universidade de Coimbra dar\u00e1 a valida\u00e7\u00e3o cient\u00edfica ao Cam\u00f5es Lab\u2011Uma M\u00e1quina do Mundo, projeto da iniciativa.<\/li>\n<\/ul>\n","protected":false},"author":2,"featured_media":418182,"comment_status":"closed","ping_status":"closed","sticky":false,"template":"","format":"standard","meta":{"footnotes":""},"categories":[7375,1],"tags":[2606,1070,106,5553,3181,58],"class_list":["post-418180","post","type-post","status-publish","format-standard","has-post-thumbnail","hentry","category-cultura","category-noticias","tag-camoes","tag-coimbra","tag-literatura","tag-poesia","tag-publicacoes","tag-universidades"],"yoast_head":"<!-- This site is optimized with the Yoast SEO plugin v27.2 - https:\/\/yoast.com\/product\/yoast-seo-wordpress\/ -->\n<title>Portal dedicado a Cam\u00f5es chega em junho e promete ficar pronto em 2027 - Portal Tela Portugal<\/title>\n<meta name=\"robots\" content=\"index, follow, max-snippet:-1, max-image-preview:large, max-video-preview:-1\" \/>\n<meta property=\"og:locale\" content=\"pt_PT\" \/>\n<meta property=\"og:type\" content=\"article\" \/>\n<meta property=\"og:title\" content=\"Portal dedicado a Cam\u00f5es chega em junho e promete ficar pronto em 2027 - Portal Tela Portugal\" \/>\n<meta property=\"og:description\" content=\"Um portal dedicado a Cam\u00f5es chega em Junho, com a promessa de ficar pronto em 2027. A apresenta\u00e7\u00e3o ocorreu na Universidade de Coimbra, que passa a ser guardi\u00e3 do site. O projeto pretende tornar-se refer\u00eancia para o conhecimento da obra do poeta do s\u00e9culo XVI. O portal inspira-se em iniciativas para William Blake, Samuel Beckett, Shakespeare e Dante. A Universidade de Coimbra dar\u00e1 a valida\u00e7\u00e3o cient\u00edfica ao Cam\u00f5es Lab\u2011Uma M\u00e1quina do Mundo, projeto da iniciativa.\" \/>\n<meta property=\"og:url\" content=\"https:\/\/portaltela.pt\/noticias\/2026\/03\/23\/portal-dedicado-a-camoes-chega-em-junho-e-promete-ficar-pronto-em-2027\/\" \/>\n<meta property=\"og:site_name\" content=\"Portal Tela Portugal\" \/>\n<meta property=\"article:published_time\" content=\"2026-03-23T09:03:00+00:00\" \/>\n<meta name=\"author\" content=\"Telinha\" \/>\n<meta name=\"twitter:card\" content=\"summary_large_image\" \/>\n<meta name=\"twitter:label1\" content=\"Escrito por\" \/>\n\t<meta name=\"twitter:data1\" content=\"Telinha\" \/>\n\t<meta name=\"twitter:label2\" content=\"Tempo estimado de leitura\" \/>\n\t<meta name=\"twitter:data2\" content=\"1 minuto\" \/>\n<script type=\"application\/ld+json\" class=\"yoast-schema-graph\">{\"@context\":\"https:\/\/schema.org\",\"@graph\":[{\"@type\":\"Article\",\"@id\":\"https:\/\/portaltela.pt\/noticias\/2026\/03\/23\/portal-dedicado-a-camoes-chega-em-junho-e-promete-ficar-pronto-em-2027\/#article\",\"isPartOf\":{\"@id\":\"https:\/\/portaltela.pt\/noticias\/2026\/03\/23\/portal-dedicado-a-camoes-chega-em-junho-e-promete-ficar-pronto-em-2027\/\"},\"author\":{\"name\":\"Telinha\",\"@id\":\"https:\/\/portaltela.pt\/#\/schema\/person\/c4278d4a6028830caff9ee44b42d32ed\"},\"headline\":\"Portal dedicado a Cam\u00f5es chega em junho e promete ficar pronto em 2027\",\"datePublished\":\"2026-03-23T09:03:00+00:00\",\"mainEntityOfPage\":{\"@id\":\"https:\/\/portaltela.pt\/noticias\/2026\/03\/23\/portal-dedicado-a-camoes-chega-em-junho-e-promete-ficar-pronto-em-2027\/\"},\"wordCount\":122,\"image\":{\"@id\":\"https:\/\/portaltela.pt\/noticias\/2026\/03\/23\/portal-dedicado-a-camoes-chega-em-junho-e-promete-ficar-pronto-em-2027\/#primaryimage\"},\"thumbnailUrl\":\"https:\/\/portaltela.pt\/s.01k8rhncp4jt1\/2026\/03\/2076256.jpg\",\"keywords\":[\"Cam\u00f5es\",\"Coimbra\",\"literatura\",\"poesia\",\"publica\u00e7\u00f5es\",\"universidades\"],\"articleSection\":[\"Cultura\",\"Not\u00edcias\"],\"inLanguage\":\"pt-PT\"},{\"@type\":\"WebPage\",\"@id\":\"https:\/\/portaltela.pt\/noticias\/2026\/03\/23\/portal-dedicado-a-camoes-chega-em-junho-e-promete-ficar-pronto-em-2027\/\",\"url\":\"https:\/\/portaltela.pt\/noticias\/2026\/03\/23\/portal-dedicado-a-camoes-chega-em-junho-e-promete-ficar-pronto-em-2027\/\",\"name\":\"Portal dedicado a Cam\u00f5es chega em junho e promete ficar pronto em 2027 - Portal Tela Portugal\",\"isPartOf\":{\"@id\":\"https:\/\/portaltela.pt\/#website\"},\"primaryImageOfPage\":{\"@id\":\"https:\/\/portaltela.pt\/noticias\/2026\/03\/23\/portal-dedicado-a-camoes-chega-em-junho-e-promete-ficar-pronto-em-2027\/#primaryimage\"},\"image\":{\"@id\":\"https:\/\/portaltela.pt\/noticias\/2026\/03\/23\/portal-dedicado-a-camoes-chega-em-junho-e-promete-ficar-pronto-em-2027\/#primaryimage\"},\"thumbnailUrl\":\"https:\/\/portaltela.pt\/s.01k8rhncp4jt1\/2026\/03\/2076256.jpg\",\"datePublished\":\"2026-03-23T09:03:00+00:00\",\"author\":{\"@id\":\"https:\/\/portaltela.pt\/#\/schema\/person\/c4278d4a6028830caff9ee44b42d32ed\"},\"breadcrumb\":{\"@id\":\"https:\/\/portaltela.pt\/noticias\/2026\/03\/23\/portal-dedicado-a-camoes-chega-em-junho-e-promete-ficar-pronto-em-2027\/#breadcrumb\"},\"inLanguage\":\"pt-PT\",\"potentialAction\":[{\"@type\":\"ReadAction\",\"target\":[\"https:\/\/portaltela.pt\/noticias\/2026\/03\/23\/portal-dedicado-a-camoes-chega-em-junho-e-promete-ficar-pronto-em-2027\/\"]}]},{\"@type\":\"ImageObject\",\"inLanguage\":\"pt-PT\",\"@id\":\"https:\/\/portaltela.pt\/noticias\/2026\/03\/23\/portal-dedicado-a-camoes-chega-em-junho-e-promete-ficar-pronto-em-2027\/#primaryimage\",\"url\":\"https:\/\/portaltela.pt\/s.01k8rhncp4jt1\/2026\/03\/2076256.jpg\",\"contentUrl\":\"https:\/\/portaltela.pt\/s.01k8rhncp4jt1\/2026\/03\/2076256.jpg\",\"width\":796,\"height\":448,\"caption\":\"Photo\"},{\"@type\":\"BreadcrumbList\",\"@id\":\"https:\/\/portaltela.pt\/noticias\/2026\/03\/23\/portal-dedicado-a-camoes-chega-em-junho-e-promete-ficar-pronto-em-2027\/#breadcrumb\",\"itemListElement\":[{\"@type\":\"ListItem\",\"position\":1,\"name\":\"In\u00edcio\",\"item\":\"https:\/\/portaltela.pt\/\"},{\"@type\":\"ListItem\",\"position\":2,\"name\":\"Portal dedicado a Cam\u00f5es chega em junho e promete ficar pronto em 2027\"}]},{\"@type\":\"WebSite\",\"@id\":\"https:\/\/portaltela.pt\/#website\",\"url\":\"https:\/\/portaltela.pt\/\",\"name\":\"Portal Tela Portugal\",\"description\":\"\",\"potentialAction\":[{\"@type\":\"SearchAction\",\"target\":{\"@type\":\"EntryPoint\",\"urlTemplate\":\"https:\/\/portaltela.pt\/?s={search_term_string}\"},\"query-input\":{\"@type\":\"PropertyValueSpecification\",\"valueRequired\":true,\"valueName\":\"search_term_string\"}}],\"inLanguage\":\"pt-PT\"},{\"@type\":\"Person\",\"@id\":\"https:\/\/portaltela.pt\/#\/schema\/person\/c4278d4a6028830caff9ee44b42d32ed\",\"name\":\"Telinha\",\"image\":{\"@type\":\"ImageObject\",\"inLanguage\":\"pt-PT\",\"@id\":\"https:\/\/portaltela.pt\/s.01k8rhncp4jt1\/2025\/11\/talking-bot-125x125.png\",\"url\":\"https:\/\/portaltela.pt\/s.01k8rhncp4jt1\/2025\/11\/talking-bot-125x125.png\",\"contentUrl\":\"https:\/\/portaltela.pt\/s.01k8rhncp4jt1\/2025\/11\/talking-bot-125x125.png\",\"caption\":\"Telinha\"},\"sameAs\":[\"https:\/\/portaltela.pt\/\"],\"url\":\"https:\/\/portaltela.pt\/por\/367410592786\/\"}]}<\/script>\n<!-- \/ Yoast SEO plugin. -->","yoast_head_json":{"title":"Portal dedicado a Cam\u00f5es chega em junho e promete ficar pronto em 2027 - Portal Tela Portugal","robots":{"index":"index","follow":"follow","max-snippet":"max-snippet:-1","max-image-preview":"max-image-preview:large","max-video-preview":"max-video-preview:-1"},"og_locale":"pt_PT","og_type":"article","og_title":"Portal dedicado a Cam\u00f5es chega em junho e promete ficar pronto em 2027 - Portal Tela Portugal","og_description":"Um portal dedicado a Cam\u00f5es chega em Junho, com a promessa de ficar pronto em 2027. A apresenta\u00e7\u00e3o ocorreu na Universidade de Coimbra, que passa a ser guardi\u00e3 do site. O projeto pretende tornar-se refer\u00eancia para o conhecimento da obra do poeta do s\u00e9culo XVI. O portal inspira-se em iniciativas para William Blake, Samuel Beckett, Shakespeare e Dante. A Universidade de Coimbra dar\u00e1 a valida\u00e7\u00e3o cient\u00edfica ao Cam\u00f5es Lab\u2011Uma M\u00e1quina do Mundo, projeto da iniciativa.","og_url":"https:\/\/portaltela.pt\/noticias\/2026\/03\/23\/portal-dedicado-a-camoes-chega-em-junho-e-promete-ficar-pronto-em-2027\/","og_site_name":"Portal Tela Portugal","article_published_time":"2026-03-23T09:03:00+00:00","author":"Telinha","twitter_card":"summary_large_image","twitter_misc":{"Escrito por":"Telinha","Tempo estimado de leitura":"1 minuto"},"schema":{"@context":"https:\/\/schema.org","@graph":[{"@type":"Article","@id":"https:\/\/portaltela.pt\/noticias\/2026\/03\/23\/portal-dedicado-a-camoes-chega-em-junho-e-promete-ficar-pronto-em-2027\/#article","isPartOf":{"@id":"https:\/\/portaltela.pt\/noticias\/2026\/03\/23\/portal-dedicado-a-camoes-chega-em-junho-e-promete-ficar-pronto-em-2027\/"},"author":{"name":"Telinha","@id":"https:\/\/portaltela.pt\/#\/schema\/person\/c4278d4a6028830caff9ee44b42d32ed"},"headline":"Portal dedicado a Cam\u00f5es chega em junho e promete ficar pronto em 2027","datePublished":"2026-03-23T09:03:00+00:00","mainEntityOfPage":{"@id":"https:\/\/portaltela.pt\/noticias\/2026\/03\/23\/portal-dedicado-a-camoes-chega-em-junho-e-promete-ficar-pronto-em-2027\/"},"wordCount":122,"image":{"@id":"https:\/\/portaltela.pt\/noticias\/2026\/03\/23\/portal-dedicado-a-camoes-chega-em-junho-e-promete-ficar-pronto-em-2027\/#primaryimage"},"thumbnailUrl":"https:\/\/portaltela.pt\/s.01k8rhncp4jt1\/2026\/03\/2076256.jpg","keywords":["Cam\u00f5es","Coimbra","literatura","poesia","publica\u00e7\u00f5es","universidades"],"articleSection":["Cultura","Not\u00edcias"],"inLanguage":"pt-PT"},{"@type":"WebPage","@id":"https:\/\/portaltela.pt\/noticias\/2026\/03\/23\/portal-dedicado-a-camoes-chega-em-junho-e-promete-ficar-pronto-em-2027\/","url":"https:\/\/portaltela.pt\/noticias\/2026\/03\/23\/portal-dedicado-a-camoes-chega-em-junho-e-promete-ficar-pronto-em-2027\/","name":"Portal dedicado a Cam\u00f5es chega em junho e promete ficar pronto em 2027 - Portal Tela Portugal","isPartOf":{"@id":"https:\/\/portaltela.pt\/#website"},"primaryImageOfPage":{"@id":"https:\/\/portaltela.pt\/noticias\/2026\/03\/23\/portal-dedicado-a-camoes-chega-em-junho-e-promete-ficar-pronto-em-2027\/#primaryimage"},"image":{"@id":"https:\/\/portaltela.pt\/noticias\/2026\/03\/23\/portal-dedicado-a-camoes-chega-em-junho-e-promete-ficar-pronto-em-2027\/#primaryimage"},"thumbnailUrl":"https:\/\/portaltela.pt\/s.01k8rhncp4jt1\/2026\/03\/2076256.jpg","datePublished":"2026-03-23T09:03:00+00:00","author":{"@id":"https:\/\/portaltela.pt\/#\/schema\/person\/c4278d4a6028830caff9ee44b42d32ed"},"breadcrumb":{"@id":"https:\/\/portaltela.pt\/noticias\/2026\/03\/23\/portal-dedicado-a-camoes-chega-em-junho-e-promete-ficar-pronto-em-2027\/#breadcrumb"},"inLanguage":"pt-PT","potentialAction":[{"@type":"ReadAction","target":["https:\/\/portaltela.pt\/noticias\/2026\/03\/23\/portal-dedicado-a-camoes-chega-em-junho-e-promete-ficar-pronto-em-2027\/"]}]},{"@type":"ImageObject","inLanguage":"pt-PT","@id":"https:\/\/portaltela.pt\/noticias\/2026\/03\/23\/portal-dedicado-a-camoes-chega-em-junho-e-promete-ficar-pronto-em-2027\/#primaryimage","url":"https:\/\/portaltela.pt\/s.01k8rhncp4jt1\/2026\/03\/2076256.jpg","contentUrl":"https:\/\/portaltela.pt\/s.01k8rhncp4jt1\/2026\/03\/2076256.jpg","width":796,"height":448,"caption":"Photo"},{"@type":"BreadcrumbList","@id":"https:\/\/portaltela.pt\/noticias\/2026\/03\/23\/portal-dedicado-a-camoes-chega-em-junho-e-promete-ficar-pronto-em-2027\/#breadcrumb","itemListElement":[{"@type":"ListItem","position":1,"name":"In\u00edcio","item":"https:\/\/portaltela.pt\/"},{"@type":"ListItem","position":2,"name":"Portal dedicado a Cam\u00f5es chega em junho e promete ficar pronto em 2027"}]},{"@type":"WebSite","@id":"https:\/\/portaltela.pt\/#website","url":"https:\/\/portaltela.pt\/","name":"Portal Tela Portugal","description":"","potentialAction":[{"@type":"SearchAction","target":{"@type":"EntryPoint","urlTemplate":"https:\/\/portaltela.pt\/?s={search_term_string}"},"query-input":{"@type":"PropertyValueSpecification","valueRequired":true,"valueName":"search_term_string"}}],"inLanguage":"pt-PT"},{"@type":"Person","@id":"https:\/\/portaltela.pt\/#\/schema\/person\/c4278d4a6028830caff9ee44b42d32ed","name":"Telinha","image":{"@type":"ImageObject","inLanguage":"pt-PT","@id":"https:\/\/portaltela.pt\/s.01k8rhncp4jt1\/2025\/11\/talking-bot-125x125.png","url":"https:\/\/portaltela.pt\/s.01k8rhncp4jt1\/2025\/11\/talking-bot-125x125.png","contentUrl":"https:\/\/portaltela.pt\/s.01k8rhncp4jt1\/2025\/11\/talking-bot-125x125.png","caption":"Telinha"},"sameAs":["https:\/\/portaltela.pt\/"],"url":"https:\/\/portaltela.pt\/por\/367410592786\/"}]}},"_links":{"self":[{"href":"https:\/\/portaltela.pt\/api\/wp\/v2\/posts\/418180","targetHints":{"allow":["GET"]}}],"collection":[{"href":"https:\/\/portaltela.pt\/api\/wp\/v2\/posts"}],"about":[{"href":"https:\/\/portaltela.pt\/api\/wp\/v2\/types\/post"}],"author":[{"embeddable":true,"href":"https:\/\/portaltela.pt\/api\/wp\/v2\/users\/2"}],"replies":[{"embeddable":true,"href":"https:\/\/portaltela.pt\/api\/wp\/v2\/comments?post=418180"}],"version-history":[{"count":0,"href":"https:\/\/portaltela.pt\/api\/wp\/v2\/posts\/418180\/revisions"}],"wp:featuredmedia":[{"embeddable":true,"href":"https:\/\/portaltela.pt\/api\/wp\/v2\/media\/418182"}],"wp:attachment":[{"href":"https:\/\/portaltela.pt\/api\/wp\/v2\/media?parent=418180"}],"wp:term":[{"taxonomy":"category","embeddable":true,"href":"https:\/\/portaltela.pt\/api\/wp\/v2\/categories?post=418180"},{"taxonomy":"post_tag","embeddable":true,"href":"https:\/\/portaltela.pt\/api\/wp\/v2\/tags?post=418180"}],"curies":[{"name":"wp","href":"https:\/\/api.w.org\/{rel}","templated":true}]}}