{"id":418177,"date":"2026-03-23T06:07:33","date_gmt":"2026-03-23T09:07:33","guid":{"rendered":"https:\/\/portaltela.pt\/noticias\/2026\/03\/23\/policia-britanica-classifica-ataque-a-ambulancias-da-comunidade-judaica-terrivel\/"},"modified":"2026-03-23T06:07:33","modified_gmt":"2026-03-23T09:07:33","slug":"policia-britanica-classifica-ataque-a-ambulancias-da-comunidade-judaica-terrivel","status":"publish","type":"post","link":"https:\/\/portaltela.pt\/policia\/2026\/03\/23\/policia-britanica-classifica-ataque-a-ambulancias-da-comunidade-judaica-terrivel\/","title":{"rendered":"Pol\u00edcia brit\u00e2nica classifica ataque a ambul\u00e2ncias da comunidade judaica terr\u00edvel"},"content":{"rendered":"<p>O ataque incendi\u00e1rio contra quatro ambul\u00e2ncias pertencentes \u00e0 comunidade judaica no norte de Londres \u00e9 classificado pela pol\u00edcia como poss\u00edvel crime de \u00f3dio. O ocorrido ocorreu nesta segunda-feira, com as viaturas a arder em hor\u00e1rio ainda n\u00e3o revelado pelas autoridades. A investiga\u00e7\u00e3o est\u00e1 em curso e n\u00e3o houve informa\u00e7\u00e3o sobre feridos graves.<\/p>\n<p>As ambul\u00e2ncias s\u00e3o utilizadas pela comunidade judaica para servi\u00e7os m\u00e9dicos de emerg\u00eancia. A pol\u00edcia confirmou o enquadramento do incidente como poss\u00edvel crime de \u00f3dio, avaliando ind\u00edcios de motiva\u00e7\u00e3o anti-judia. A causa do fogo ainda est\u00e1 a ser apurada.<\/p>\n<p>O l\u00edder trabalhista Keir Starmer reagiu, afirmando que o antissemitismo n\u00e3o tem lugar na sociedade. O chefe do governo brit\u00e2nico n\u00e3o foi citado neste texto, pois o enfoque est\u00e1 na atua\u00e7\u00e3o policial e na resposta p\u00fablica. A imprensa regional cita ainda que a coordena\u00e7\u00e3o entre servi\u00e7os de emerg\u00eancia est\u00e1 a decorrer.<\/p>\n<h3>Rea\u00e7\u00e3o pol\u00edtica<\/h3>\n<p>A pol\u00edcia e autoridades locais prometeram investiga\u00e7\u00e3o c\u00e9lere e coopera\u00e7\u00e3o com a comunidade afetada. Organiza\u00e7\u00f5es judaicas locais aguardam atualiza\u00e7\u00f5es oficiais e chamam \u00e0 coopera\u00e7\u00e3o de testemunhas. Investiga\u00e7\u00f5es seguem para determinar autores e motiva\u00e7\u00e3o.<\/p>\n","protected":false},"excerpt":{"rendered":"<ul>\n<li>O ataque incendi\u00e1rio a quatro ambul\u00e2ncias da comunidade judaica no norte de Londres \u00e9 visto pela pol\u00edcia como poss\u00edvel crime de \u00f3dio.<\/li>\n<li>Keir Starmer descreveu o ataque como profundamente terr\u00edvel e expressou apoio \u00e0 comunidade afetada.<\/li>\n<li>O l\u00edder trabalhista disse que o antissemitismo n\u00e3o tem lugar na sociedade e pediu que quem tenha informa\u00e7\u00f5es contacte as autoridades.<\/li>\n<li>A investiga\u00e7\u00e3o continua em curso pelas autoridades competentes.<\/li>\n<\/ul>\n","protected":false},"author":2,"featured_media":418178,"comment_status":"closed","ping_status":"closed","sticky":false,"template":"","format":"standard","meta":{"footnotes":""},"categories":[6907,6781],"tags":[3656,1383,3696,2376,3418,250],"class_list":["post-418177","post","type-post","status-publish","format-standard","has-post-thumbnail","hentry","category-crime","category-policia","tag-ambulancias","tag-antissemitismo","tag-crime-de-odio","tag-londres","tag-policia-de-seguranca-publica","tag-seguranca-publica"],"yoast_head":"<!-- This site is optimized with the Yoast SEO plugin v27.2 - https:\/\/yoast.com\/product\/yoast-seo-wordpress\/ -->\n<title>Pol\u00edcia brit\u00e2nica classifica ataque a ambul\u00e2ncias da comunidade judaica terr\u00edvel - Portal Tela Portugal<\/title>\n<meta name=\"robots\" content=\"index, follow, max-snippet:-1, max-image-preview:large, max-video-preview:-1\" \/>\n<meta property=\"og:locale\" content=\"pt_PT\" \/>\n<meta property=\"og:type\" content=\"article\" \/>\n<meta property=\"og:title\" content=\"Pol\u00edcia brit\u00e2nica classifica ataque a ambul\u00e2ncias da comunidade judaica terr\u00edvel - Portal Tela Portugal\" \/>\n<meta property=\"og:description\" content=\"O ataque incendi\u00e1rio a quatro ambul\u00e2ncias da comunidade judaica no norte de Londres \u00e9 visto pela pol\u00edcia como poss\u00edvel crime de \u00f3dio. Keir Starmer descreveu o ataque como profundamente terr\u00edvel e expressou apoio \u00e0 comunidade afetada. O l\u00edder trabalhista disse que o antissemitismo n\u00e3o tem lugar na sociedade e pediu que quem tenha informa\u00e7\u00f5es contacte as autoridades. A investiga\u00e7\u00e3o continua em curso pelas autoridades competentes.\" \/>\n<meta property=\"og:url\" content=\"https:\/\/portaltela.pt\/noticias\/2026\/03\/23\/policia-britanica-classifica-ataque-a-ambulancias-da-comunidade-judaica-terrivel\/\" \/>\n<meta property=\"og:site_name\" content=\"Portal Tela Portugal\" \/>\n<meta property=\"article:published_time\" content=\"2026-03-23T09:07:33+00:00\" \/>\n<meta name=\"author\" content=\"Telinha\" \/>\n<meta name=\"twitter:card\" content=\"summary_large_image\" \/>\n<meta name=\"twitter:label1\" content=\"Escrito por\" \/>\n\t<meta name=\"twitter:data1\" content=\"Telinha\" \/>\n\t<meta name=\"twitter:label2\" content=\"Tempo estimado de leitura\" \/>\n\t<meta name=\"twitter:data2\" content=\"1 minuto\" \/>\n<script type=\"application\/ld+json\" class=\"yoast-schema-graph\">{\"@context\":\"https:\/\/schema.org\",\"@graph\":[{\"@type\":\"Article\",\"@id\":\"https:\/\/portaltela.pt\/noticias\/2026\/03\/23\/policia-britanica-classifica-ataque-a-ambulancias-da-comunidade-judaica-terrivel\/#article\",\"isPartOf\":{\"@id\":\"https:\/\/portaltela.pt\/noticias\/2026\/03\/23\/policia-britanica-classifica-ataque-a-ambulancias-da-comunidade-judaica-terrivel\/\"},\"author\":{\"name\":\"Telinha\",\"@id\":\"https:\/\/portaltela.pt\/#\/schema\/person\/c4278d4a6028830caff9ee44b42d32ed\"},\"headline\":\"Pol\u00edcia brit\u00e2nica classifica ataque a ambul\u00e2ncias da comunidade judaica terr\u00edvel\",\"datePublished\":\"2026-03-23T09:07:33+00:00\",\"mainEntityOfPage\":{\"@id\":\"https:\/\/portaltela.pt\/noticias\/2026\/03\/23\/policia-britanica-classifica-ataque-a-ambulancias-da-comunidade-judaica-terrivel\/\"},\"wordCount\":225,\"image\":{\"@id\":\"https:\/\/portaltela.pt\/noticias\/2026\/03\/23\/policia-britanica-classifica-ataque-a-ambulancias-da-comunidade-judaica-terrivel\/#primaryimage\"},\"thumbnailUrl\":\"https:\/\/portaltela.pt\/s.01k8rhncp4jt1\/2026\/03\/img_1500x1000uu2026-02-05-17-21-51-2265014.jpg\",\"keywords\":[\"ambul\u00e2ncias\",\"antissemitismo\",\"crime de \u00f3dio\",\"Londres\",\"Pol\u00edcia de Seguran\u00e7a P\u00fablica\",\"seguran\u00e7a p\u00fablica\"],\"articleSection\":[\"Crime\",\"Pol\u00edcia\"],\"inLanguage\":\"pt-PT\"},{\"@type\":\"WebPage\",\"@id\":\"https:\/\/portaltela.pt\/noticias\/2026\/03\/23\/policia-britanica-classifica-ataque-a-ambulancias-da-comunidade-judaica-terrivel\/\",\"url\":\"https:\/\/portaltela.pt\/noticias\/2026\/03\/23\/policia-britanica-classifica-ataque-a-ambulancias-da-comunidade-judaica-terrivel\/\",\"name\":\"Pol\u00edcia brit\u00e2nica classifica ataque a ambul\u00e2ncias da comunidade judaica terr\u00edvel - Portal Tela Portugal\",\"isPartOf\":{\"@id\":\"https:\/\/portaltela.pt\/#website\"},\"primaryImageOfPage\":{\"@id\":\"https:\/\/portaltela.pt\/noticias\/2026\/03\/23\/policia-britanica-classifica-ataque-a-ambulancias-da-comunidade-judaica-terrivel\/#primaryimage\"},\"image\":{\"@id\":\"https:\/\/portaltela.pt\/noticias\/2026\/03\/23\/policia-britanica-classifica-ataque-a-ambulancias-da-comunidade-judaica-terrivel\/#primaryimage\"},\"thumbnailUrl\":\"https:\/\/portaltela.pt\/s.01k8rhncp4jt1\/2026\/03\/img_1500x1000uu2026-02-05-17-21-51-2265014.jpg\",\"datePublished\":\"2026-03-23T09:07:33+00:00\",\"author\":{\"@id\":\"https:\/\/portaltela.pt\/#\/schema\/person\/c4278d4a6028830caff9ee44b42d32ed\"},\"breadcrumb\":{\"@id\":\"https:\/\/portaltela.pt\/noticias\/2026\/03\/23\/policia-britanica-classifica-ataque-a-ambulancias-da-comunidade-judaica-terrivel\/#breadcrumb\"},\"inLanguage\":\"pt-PT\",\"potentialAction\":[{\"@type\":\"ReadAction\",\"target\":[\"https:\/\/portaltela.pt\/noticias\/2026\/03\/23\/policia-britanica-classifica-ataque-a-ambulancias-da-comunidade-judaica-terrivel\/\"]}]},{\"@type\":\"ImageObject\",\"inLanguage\":\"pt-PT\",\"@id\":\"https:\/\/portaltela.pt\/noticias\/2026\/03\/23\/policia-britanica-classifica-ataque-a-ambulancias-da-comunidade-judaica-terrivel\/#primaryimage\",\"url\":\"https:\/\/portaltela.pt\/s.01k8rhncp4jt1\/2026\/03\/img_1500x1000uu2026-02-05-17-21-51-2265014.jpg\",\"contentUrl\":\"https:\/\/portaltela.pt\/s.01k8rhncp4jt1\/2026\/03\/img_1500x1000uu2026-02-05-17-21-51-2265014.jpg\",\"width\":796,\"height\":448,\"caption\":\"PM brit\u00e2nico classifica como terr\u00edvel ataque contra ambul\u00e2ncias de comunidade judaica\"},{\"@type\":\"BreadcrumbList\",\"@id\":\"https:\/\/portaltela.pt\/noticias\/2026\/03\/23\/policia-britanica-classifica-ataque-a-ambulancias-da-comunidade-judaica-terrivel\/#breadcrumb\",\"itemListElement\":[{\"@type\":\"ListItem\",\"position\":1,\"name\":\"In\u00edcio\",\"item\":\"https:\/\/portaltela.pt\/\"},{\"@type\":\"ListItem\",\"position\":2,\"name\":\"Pol\u00edcia brit\u00e2nica classifica ataque a ambul\u00e2ncias da comunidade judaica terr\u00edvel\"}]},{\"@type\":\"WebSite\",\"@id\":\"https:\/\/portaltela.pt\/#website\",\"url\":\"https:\/\/portaltela.pt\/\",\"name\":\"Portal Tela Portugal\",\"description\":\"\",\"potentialAction\":[{\"@type\":\"SearchAction\",\"target\":{\"@type\":\"EntryPoint\",\"urlTemplate\":\"https:\/\/portaltela.pt\/?s={search_term_string}\"},\"query-input\":{\"@type\":\"PropertyValueSpecification\",\"valueRequired\":true,\"valueName\":\"search_term_string\"}}],\"inLanguage\":\"pt-PT\"},{\"@type\":\"Person\",\"@id\":\"https:\/\/portaltela.pt\/#\/schema\/person\/c4278d4a6028830caff9ee44b42d32ed\",\"name\":\"Telinha\",\"image\":{\"@type\":\"ImageObject\",\"inLanguage\":\"pt-PT\",\"@id\":\"https:\/\/portaltela.pt\/s.01k8rhncp4jt1\/2025\/11\/talking-bot-125x125.png\",\"url\":\"https:\/\/portaltela.pt\/s.01k8rhncp4jt1\/2025\/11\/talking-bot-125x125.png\",\"contentUrl\":\"https:\/\/portaltela.pt\/s.01k8rhncp4jt1\/2025\/11\/talking-bot-125x125.png\",\"caption\":\"Telinha\"},\"sameAs\":[\"https:\/\/portaltela.pt\/\"],\"url\":\"https:\/\/portaltela.pt\/por\/367410592786\/\"}]}<\/script>\n<!-- \/ Yoast SEO plugin. -->","yoast_head_json":{"title":"Pol\u00edcia brit\u00e2nica classifica ataque a ambul\u00e2ncias da comunidade judaica terr\u00edvel - Portal Tela Portugal","robots":{"index":"index","follow":"follow","max-snippet":"max-snippet:-1","max-image-preview":"max-image-preview:large","max-video-preview":"max-video-preview:-1"},"og_locale":"pt_PT","og_type":"article","og_title":"Pol\u00edcia brit\u00e2nica classifica ataque a ambul\u00e2ncias da comunidade judaica terr\u00edvel - Portal Tela Portugal","og_description":"O ataque incendi\u00e1rio a quatro ambul\u00e2ncias da comunidade judaica no norte de Londres \u00e9 visto pela pol\u00edcia como poss\u00edvel crime de \u00f3dio. Keir Starmer descreveu o ataque como profundamente terr\u00edvel e expressou apoio \u00e0 comunidade afetada. O l\u00edder trabalhista disse que o antissemitismo n\u00e3o tem lugar na sociedade e pediu que quem tenha informa\u00e7\u00f5es contacte as autoridades. A investiga\u00e7\u00e3o continua em curso pelas autoridades competentes.","og_url":"https:\/\/portaltela.pt\/noticias\/2026\/03\/23\/policia-britanica-classifica-ataque-a-ambulancias-da-comunidade-judaica-terrivel\/","og_site_name":"Portal Tela Portugal","article_published_time":"2026-03-23T09:07:33+00:00","author":"Telinha","twitter_card":"summary_large_image","twitter_misc":{"Escrito por":"Telinha","Tempo estimado de leitura":"1 minuto"},"schema":{"@context":"https:\/\/schema.org","@graph":[{"@type":"Article","@id":"https:\/\/portaltela.pt\/noticias\/2026\/03\/23\/policia-britanica-classifica-ataque-a-ambulancias-da-comunidade-judaica-terrivel\/#article","isPartOf":{"@id":"https:\/\/portaltela.pt\/noticias\/2026\/03\/23\/policia-britanica-classifica-ataque-a-ambulancias-da-comunidade-judaica-terrivel\/"},"author":{"name":"Telinha","@id":"https:\/\/portaltela.pt\/#\/schema\/person\/c4278d4a6028830caff9ee44b42d32ed"},"headline":"Pol\u00edcia brit\u00e2nica classifica ataque a ambul\u00e2ncias da comunidade judaica terr\u00edvel","datePublished":"2026-03-23T09:07:33+00:00","mainEntityOfPage":{"@id":"https:\/\/portaltela.pt\/noticias\/2026\/03\/23\/policia-britanica-classifica-ataque-a-ambulancias-da-comunidade-judaica-terrivel\/"},"wordCount":225,"image":{"@id":"https:\/\/portaltela.pt\/noticias\/2026\/03\/23\/policia-britanica-classifica-ataque-a-ambulancias-da-comunidade-judaica-terrivel\/#primaryimage"},"thumbnailUrl":"https:\/\/portaltela.pt\/s.01k8rhncp4jt1\/2026\/03\/img_1500x1000uu2026-02-05-17-21-51-2265014.jpg","keywords":["ambul\u00e2ncias","antissemitismo","crime de \u00f3dio","Londres","Pol\u00edcia de Seguran\u00e7a P\u00fablica","seguran\u00e7a p\u00fablica"],"articleSection":["Crime","Pol\u00edcia"],"inLanguage":"pt-PT"},{"@type":"WebPage","@id":"https:\/\/portaltela.pt\/noticias\/2026\/03\/23\/policia-britanica-classifica-ataque-a-ambulancias-da-comunidade-judaica-terrivel\/","url":"https:\/\/portaltela.pt\/noticias\/2026\/03\/23\/policia-britanica-classifica-ataque-a-ambulancias-da-comunidade-judaica-terrivel\/","name":"Pol\u00edcia brit\u00e2nica classifica ataque a ambul\u00e2ncias da comunidade judaica terr\u00edvel - Portal Tela Portugal","isPartOf":{"@id":"https:\/\/portaltela.pt\/#website"},"primaryImageOfPage":{"@id":"https:\/\/portaltela.pt\/noticias\/2026\/03\/23\/policia-britanica-classifica-ataque-a-ambulancias-da-comunidade-judaica-terrivel\/#primaryimage"},"image":{"@id":"https:\/\/portaltela.pt\/noticias\/2026\/03\/23\/policia-britanica-classifica-ataque-a-ambulancias-da-comunidade-judaica-terrivel\/#primaryimage"},"thumbnailUrl":"https:\/\/portaltela.pt\/s.01k8rhncp4jt1\/2026\/03\/img_1500x1000uu2026-02-05-17-21-51-2265014.jpg","datePublished":"2026-03-23T09:07:33+00:00","author":{"@id":"https:\/\/portaltela.pt\/#\/schema\/person\/c4278d4a6028830caff9ee44b42d32ed"},"breadcrumb":{"@id":"https:\/\/portaltela.pt\/noticias\/2026\/03\/23\/policia-britanica-classifica-ataque-a-ambulancias-da-comunidade-judaica-terrivel\/#breadcrumb"},"inLanguage":"pt-PT","potentialAction":[{"@type":"ReadAction","target":["https:\/\/portaltela.pt\/noticias\/2026\/03\/23\/policia-britanica-classifica-ataque-a-ambulancias-da-comunidade-judaica-terrivel\/"]}]},{"@type":"ImageObject","inLanguage":"pt-PT","@id":"https:\/\/portaltela.pt\/noticias\/2026\/03\/23\/policia-britanica-classifica-ataque-a-ambulancias-da-comunidade-judaica-terrivel\/#primaryimage","url":"https:\/\/portaltela.pt\/s.01k8rhncp4jt1\/2026\/03\/img_1500x1000uu2026-02-05-17-21-51-2265014.jpg","contentUrl":"https:\/\/portaltela.pt\/s.01k8rhncp4jt1\/2026\/03\/img_1500x1000uu2026-02-05-17-21-51-2265014.jpg","width":796,"height":448,"caption":"PM brit\u00e2nico classifica como terr\u00edvel ataque contra ambul\u00e2ncias de comunidade judaica"},{"@type":"BreadcrumbList","@id":"https:\/\/portaltela.pt\/noticias\/2026\/03\/23\/policia-britanica-classifica-ataque-a-ambulancias-da-comunidade-judaica-terrivel\/#breadcrumb","itemListElement":[{"@type":"ListItem","position":1,"name":"In\u00edcio","item":"https:\/\/portaltela.pt\/"},{"@type":"ListItem","position":2,"name":"Pol\u00edcia brit\u00e2nica classifica ataque a ambul\u00e2ncias da comunidade judaica terr\u00edvel"}]},{"@type":"WebSite","@id":"https:\/\/portaltela.pt\/#website","url":"https:\/\/portaltela.pt\/","name":"Portal Tela Portugal","description":"","potentialAction":[{"@type":"SearchAction","target":{"@type":"EntryPoint","urlTemplate":"https:\/\/portaltela.pt\/?s={search_term_string}"},"query-input":{"@type":"PropertyValueSpecification","valueRequired":true,"valueName":"search_term_string"}}],"inLanguage":"pt-PT"},{"@type":"Person","@id":"https:\/\/portaltela.pt\/#\/schema\/person\/c4278d4a6028830caff9ee44b42d32ed","name":"Telinha","image":{"@type":"ImageObject","inLanguage":"pt-PT","@id":"https:\/\/portaltela.pt\/s.01k8rhncp4jt1\/2025\/11\/talking-bot-125x125.png","url":"https:\/\/portaltela.pt\/s.01k8rhncp4jt1\/2025\/11\/talking-bot-125x125.png","contentUrl":"https:\/\/portaltela.pt\/s.01k8rhncp4jt1\/2025\/11\/talking-bot-125x125.png","caption":"Telinha"},"sameAs":["https:\/\/portaltela.pt\/"],"url":"https:\/\/portaltela.pt\/por\/367410592786\/"}]}},"_links":{"self":[{"href":"https:\/\/portaltela.pt\/api\/wp\/v2\/posts\/418177","targetHints":{"allow":["GET"]}}],"collection":[{"href":"https:\/\/portaltela.pt\/api\/wp\/v2\/posts"}],"about":[{"href":"https:\/\/portaltela.pt\/api\/wp\/v2\/types\/post"}],"author":[{"embeddable":true,"href":"https:\/\/portaltela.pt\/api\/wp\/v2\/users\/2"}],"replies":[{"embeddable":true,"href":"https:\/\/portaltela.pt\/api\/wp\/v2\/comments?post=418177"}],"version-history":[{"count":0,"href":"https:\/\/portaltela.pt\/api\/wp\/v2\/posts\/418177\/revisions"}],"wp:featuredmedia":[{"embeddable":true,"href":"https:\/\/portaltela.pt\/api\/wp\/v2\/media\/418178"}],"wp:attachment":[{"href":"https:\/\/portaltela.pt\/api\/wp\/v2\/media?parent=418177"}],"wp:term":[{"taxonomy":"category","embeddable":true,"href":"https:\/\/portaltela.pt\/api\/wp\/v2\/categories?post=418177"},{"taxonomy":"post_tag","embeddable":true,"href":"https:\/\/portaltela.pt\/api\/wp\/v2\/tags?post=418177"}],"curies":[{"name":"wp","href":"https:\/\/api.w.org\/{rel}","templated":true}]}}