{"id":418172,"date":"2026-03-23T06:00:00","date_gmt":"2026-03-23T09:00:00","guid":{"rendered":"https:\/\/portaltela.pt\/noticias\/2026\/03\/23\/novo-modelo-de-urgencias-ginecologia-e-obstetricia-traz-organizacao-com-reservas\/"},"modified":"2026-03-23T06:00:00","modified_gmt":"2026-03-23T09:00:00","slug":"novo-modelo-de-urgencias-ginecologia-e-obstetricia-traz-organizacao-com-reservas","status":"publish","type":"post","link":"https:\/\/portaltela.pt\/saude\/2026\/03\/23\/novo-modelo-de-urgencias-ginecologia-e-obstetricia-traz-organizacao-com-reservas\/","title":{"rendered":"Novo modelo de urg\u00eancias ginecologia e obstetr\u00edcia traz organiza\u00e7\u00e3o, com reservas"},"content":{"rendered":"<p>O novo modelo de acesso \u00e0s urg\u00eancias regionais de ginecologia e obstetr\u00edcia entrou em vigor esta semana. O objetivo \u00e9 organizar o atendimento, facilitar a triagem cl\u00ednica e encaminhar para a unidade mais adequada, reduzindo partos fora do hospital e assegurando analgesia adequada. A medida prev\u00ea contacto pr\u00e9vio para gr\u00e1vidas que necessitem de atendimento emergente.<\/p>\n<p>Al\u00e9m da triagem, foram criadas redes de urg\u00eancia regionais em v\u00e1rias zonas do pa\u00eds, com in\u00edcio em Loures. A ideia \u00e9 racionalizar recursos e evitar desloca\u00e7\u00f5es desnecess\u00e1rias. Gr\u00e1vidas com situa\u00e7\u00f5es cl\u00ednicas urgentes dever\u00e3o ser encaminhadas para a unidade hospitalar mais apropriada, desde o in\u00edcio do atendimento.<\/p>\n<p>A presidente da Sociedade Portuguesa de Obstetr\u00edcia e Medicina Materno-Fetal aponta benef\u00edcios na pr\u00e1tica de contacto pr\u00e9vio, mas reconhece que pode ser vista como burocracia adicional. Em piloto, a medida permitiu analgesia epidural mais rapidamente e reduziu partos em meio extrahospitalar, segundo a especialista.<\/p>\n<p>Sindicatos expressam reservas quanto \u00e0 agrega\u00e7\u00e3o das urg\u00eancias sem refor\u00e7o de pessoal. Alegam que profissionais n\u00e3o podem ser obrigados a deslocar-se entre hospitais para assegurar as urg\u00eancias. A opini\u00e3o \u00e9 de que \u00e9 necess\u00e1ria uma estrat\u00e9gia de recurso humano mais robusta.<\/p>\n<p>A advogada Mia Negr\u00e3o sustenta que o encerramento de urg\u00eancias pode restringir o acesso a cuidados, criando risco de viol\u00eancia obst\u00e9trica. O cen\u00e1rio tamb\u00e9m aponta para aumento do recurso ao setor privado, onde a taxa de cesarianas tende a ser maior, segundo a cr\u00edtica.<\/p>\n<p>O professor Rui Nunes destaca a necessidade de um plano estrat\u00e9gico para a sa\u00fade materna a longo prazo. Defende avalia\u00e7\u00e3o rigorosa do modelo, bem como planeamento de unidades, recursos humanos e rede de referencia\u00e7\u00e3o que funcione para 20 anos.<\/p>\n<p>A lei prev\u00ea an\u00e1lises semestrais da reorganiza\u00e7\u00e3o das urg\u00eancias. Do lado p\u00fablico, h\u00e1 a expectativa de definir condi\u00e7\u00f5es para o atendimento p\u00fablico sem depender de solu\u00e7\u00f5es privadas, preservando a equidade e o acesso.<\/p>\n","protected":false},"excerpt":{"rendered":"<ul>\n<li>Entrou em vigor um novo modelo de acesso \u00e0s urg\u00eancias regionais de ginecologia e obstetr\u00edcia, com a cria\u00e7\u00e3o de centros de urg\u00eancia regionais.<\/li>\n<li>As gr\u00e1vidas devem contactar previamente para serem atendidas, visando triagem cl\u00ednica precoce e encaminhamento para a unidade mais adequada.<\/li>\n<li>A medida, j\u00e1 em pr\u00e1tica em Loures, promete facilitar analgesia epidural e reduzir partos ocorridos fora do hospital.<\/li>\n<li>Sindicatos levantam reservas, alegando falta de refor\u00e7o de profissionais e que m\u00e9dicos n\u00e3o podem ser obrigados a deslocar-se entre hospitais.<\/li>\n<li>A reorganiza\u00e7\u00e3o prev\u00ea an\u00e1lise semestral; especialistas defendem um plano estrat\u00e9gico de sa\u00fade materna para as pr\u00f3ximas duas d\u00e9cadas e uma rede de referencia\u00e7\u00e3o eficaz.<\/li>\n<\/ul>\n","protected":false},"author":2,"featured_media":418176,"comment_status":"closed","ping_status":"closed","sticky":false,"template":"","format":"standard","meta":{"footnotes":""},"categories":[6745],"tags":[6312,1402,4737,172,271,1899],"class_list":["post-418172","post","type-post","status-publish","format-standard","has-post-thumbnail","hentry","category-saude","tag-ginecologia","tag-obstetricia","tag-partos","tag-saude","tag-saude-publica","tag-urgencias"],"yoast_head":"<!-- This site is optimized with the Yoast SEO plugin v27.2 - https:\/\/yoast.com\/product\/yoast-seo-wordpress\/ -->\n<title>Novo modelo de urg\u00eancias ginecologia e obstetr\u00edcia traz organiza\u00e7\u00e3o, com reservas - Portal Tela Portugal<\/title>\n<meta name=\"robots\" content=\"index, follow, max-snippet:-1, max-image-preview:large, max-video-preview:-1\" \/>\n<meta property=\"og:locale\" content=\"pt_PT\" \/>\n<meta property=\"og:type\" content=\"article\" \/>\n<meta property=\"og:title\" content=\"Novo modelo de urg\u00eancias ginecologia e obstetr\u00edcia traz organiza\u00e7\u00e3o, com reservas - Portal Tela Portugal\" \/>\n<meta property=\"og:description\" content=\"Entrou em vigor um novo modelo de acesso \u00e0s urg\u00eancias regionais de ginecologia e obstetr\u00edcia, com a cria\u00e7\u00e3o de centros de urg\u00eancia regionais. As gr\u00e1vidas devem contactar previamente para serem atendidas, visando triagem cl\u00ednica precoce e encaminhamento para a unidade mais adequada. A medida, j\u00e1 em pr\u00e1tica em Loures, promete facilitar analgesia epidural e reduzir partos ocorridos fora do hospital. Sindicatos levantam reservas, alegando falta de refor\u00e7o de profissionais e que m\u00e9dicos n\u00e3o podem ser obrigados a deslocar-se entre hospitais. A reorganiza\u00e7\u00e3o prev\u00ea an\u00e1lise semestral; especialistas defendem um plano estrat\u00e9gico de sa\u00fade materna para as pr\u00f3ximas duas d\u00e9cadas e uma rede de referencia\u00e7\u00e3o eficaz.\" \/>\n<meta property=\"og:url\" content=\"https:\/\/portaltela.pt\/noticias\/2026\/03\/23\/novo-modelo-de-urgencias-ginecologia-e-obstetricia-traz-organizacao-com-reservas\/\" \/>\n<meta property=\"og:site_name\" content=\"Portal Tela Portugal\" \/>\n<meta property=\"article:published_time\" content=\"2026-03-23T09:00:00+00:00\" \/>\n<meta name=\"author\" content=\"Telinha\" \/>\n<meta name=\"twitter:card\" content=\"summary_large_image\" \/>\n<meta name=\"twitter:label1\" content=\"Escrito por\" \/>\n\t<meta name=\"twitter:data1\" content=\"Telinha\" \/>\n\t<meta name=\"twitter:label2\" content=\"Tempo estimado de leitura\" \/>\n\t<meta name=\"twitter:data2\" content=\"2 minutos\" \/>\n<script type=\"application\/ld+json\" class=\"yoast-schema-graph\">{\"@context\":\"https:\/\/schema.org\",\"@graph\":[{\"@type\":\"Article\",\"@id\":\"https:\/\/portaltela.pt\/noticias\/2026\/03\/23\/novo-modelo-de-urgencias-ginecologia-e-obstetricia-traz-organizacao-com-reservas\/#article\",\"isPartOf\":{\"@id\":\"https:\/\/portaltela.pt\/noticias\/2026\/03\/23\/novo-modelo-de-urgencias-ginecologia-e-obstetricia-traz-organizacao-com-reservas\/\"},\"author\":{\"name\":\"Telinha\",\"@id\":\"https:\/\/portaltela.pt\/#\/schema\/person\/c4278d4a6028830caff9ee44b42d32ed\"},\"headline\":\"Novo modelo de urg\u00eancias ginecologia e obstetr\u00edcia traz organiza\u00e7\u00e3o, com reservas\",\"datePublished\":\"2026-03-23T09:00:00+00:00\",\"mainEntityOfPage\":{\"@id\":\"https:\/\/portaltela.pt\/noticias\/2026\/03\/23\/novo-modelo-de-urgencias-ginecologia-e-obstetricia-traz-organizacao-com-reservas\/\"},\"wordCount\":357,\"image\":{\"@id\":\"https:\/\/portaltela.pt\/noticias\/2026\/03\/23\/novo-modelo-de-urgencias-ginecologia-e-obstetricia-traz-organizacao-com-reservas\/#primaryimage\"},\"thumbnailUrl\":\"https:\/\/portaltela.pt\/s.01k8rhncp4jt1\/2026\/03\/image-1389.jpg\",\"keywords\":[\"ginecologia\",\"Obstetr\u00edcia\",\"Partos\",\"sa\u00fade\",\"sa\u00fade p\u00fablica\",\"urg\u00eancias\"],\"articleSection\":[\"Sa\u00fade\"],\"inLanguage\":\"pt-PT\"},{\"@type\":\"WebPage\",\"@id\":\"https:\/\/portaltela.pt\/noticias\/2026\/03\/23\/novo-modelo-de-urgencias-ginecologia-e-obstetricia-traz-organizacao-com-reservas\/\",\"url\":\"https:\/\/portaltela.pt\/noticias\/2026\/03\/23\/novo-modelo-de-urgencias-ginecologia-e-obstetricia-traz-organizacao-com-reservas\/\",\"name\":\"Novo modelo de urg\u00eancias ginecologia e obstetr\u00edcia traz organiza\u00e7\u00e3o, com reservas - Portal Tela Portugal\",\"isPartOf\":{\"@id\":\"https:\/\/portaltela.pt\/#website\"},\"primaryImageOfPage\":{\"@id\":\"https:\/\/portaltela.pt\/noticias\/2026\/03\/23\/novo-modelo-de-urgencias-ginecologia-e-obstetricia-traz-organizacao-com-reservas\/#primaryimage\"},\"image\":{\"@id\":\"https:\/\/portaltela.pt\/noticias\/2026\/03\/23\/novo-modelo-de-urgencias-ginecologia-e-obstetricia-traz-organizacao-com-reservas\/#primaryimage\"},\"thumbnailUrl\":\"https:\/\/portaltela.pt\/s.01k8rhncp4jt1\/2026\/03\/image-1389.jpg\",\"datePublished\":\"2026-03-23T09:00:00+00:00\",\"author\":{\"@id\":\"https:\/\/portaltela.pt\/#\/schema\/person\/c4278d4a6028830caff9ee44b42d32ed\"},\"breadcrumb\":{\"@id\":\"https:\/\/portaltela.pt\/noticias\/2026\/03\/23\/novo-modelo-de-urgencias-ginecologia-e-obstetricia-traz-organizacao-com-reservas\/#breadcrumb\"},\"inLanguage\":\"pt-PT\",\"potentialAction\":[{\"@type\":\"ReadAction\",\"target\":[\"https:\/\/portaltela.pt\/noticias\/2026\/03\/23\/novo-modelo-de-urgencias-ginecologia-e-obstetricia-traz-organizacao-com-reservas\/\"]}]},{\"@type\":\"ImageObject\",\"inLanguage\":\"pt-PT\",\"@id\":\"https:\/\/portaltela.pt\/noticias\/2026\/03\/23\/novo-modelo-de-urgencias-ginecologia-e-obstetricia-traz-organizacao-com-reservas\/#primaryimage\",\"url\":\"https:\/\/portaltela.pt\/s.01k8rhncp4jt1\/2026\/03\/image-1389.jpg\",\"contentUrl\":\"https:\/\/portaltela.pt\/s.01k8rhncp4jt1\/2026\/03\/image-1389.jpg\",\"width\":796,\"height\":448,\"caption\":\"A Associa\u00e7\u00e3o Nacional dos T\u00e9cnicos de Emerg\u00eancia M\u00e9dica (ANTEM) est\u00e1 preocupada com o atendimento urgente a gr\u00e1vidas\"},{\"@type\":\"BreadcrumbList\",\"@id\":\"https:\/\/portaltela.pt\/noticias\/2026\/03\/23\/novo-modelo-de-urgencias-ginecologia-e-obstetricia-traz-organizacao-com-reservas\/#breadcrumb\",\"itemListElement\":[{\"@type\":\"ListItem\",\"position\":1,\"name\":\"In\u00edcio\",\"item\":\"https:\/\/portaltela.pt\/\"},{\"@type\":\"ListItem\",\"position\":2,\"name\":\"Novo modelo de urg\u00eancias ginecologia e obstetr\u00edcia traz organiza\u00e7\u00e3o, com reservas\"}]},{\"@type\":\"WebSite\",\"@id\":\"https:\/\/portaltela.pt\/#website\",\"url\":\"https:\/\/portaltela.pt\/\",\"name\":\"Portal Tela Portugal\",\"description\":\"\",\"potentialAction\":[{\"@type\":\"SearchAction\",\"target\":{\"@type\":\"EntryPoint\",\"urlTemplate\":\"https:\/\/portaltela.pt\/?s={search_term_string}\"},\"query-input\":{\"@type\":\"PropertyValueSpecification\",\"valueRequired\":true,\"valueName\":\"search_term_string\"}}],\"inLanguage\":\"pt-PT\"},{\"@type\":\"Person\",\"@id\":\"https:\/\/portaltela.pt\/#\/schema\/person\/c4278d4a6028830caff9ee44b42d32ed\",\"name\":\"Telinha\",\"image\":{\"@type\":\"ImageObject\",\"inLanguage\":\"pt-PT\",\"@id\":\"https:\/\/portaltela.pt\/s.01k8rhncp4jt1\/2025\/11\/talking-bot-125x125.png\",\"url\":\"https:\/\/portaltela.pt\/s.01k8rhncp4jt1\/2025\/11\/talking-bot-125x125.png\",\"contentUrl\":\"https:\/\/portaltela.pt\/s.01k8rhncp4jt1\/2025\/11\/talking-bot-125x125.png\",\"caption\":\"Telinha\"},\"sameAs\":[\"https:\/\/portaltela.pt\/\"],\"url\":\"https:\/\/portaltela.pt\/por\/367410592786\/\"}]}<\/script>\n<!-- \/ Yoast SEO plugin. -->","yoast_head_json":{"title":"Novo modelo de urg\u00eancias ginecologia e obstetr\u00edcia traz organiza\u00e7\u00e3o, com reservas - Portal Tela Portugal","robots":{"index":"index","follow":"follow","max-snippet":"max-snippet:-1","max-image-preview":"max-image-preview:large","max-video-preview":"max-video-preview:-1"},"og_locale":"pt_PT","og_type":"article","og_title":"Novo modelo de urg\u00eancias ginecologia e obstetr\u00edcia traz organiza\u00e7\u00e3o, com reservas - Portal Tela Portugal","og_description":"Entrou em vigor um novo modelo de acesso \u00e0s urg\u00eancias regionais de ginecologia e obstetr\u00edcia, com a cria\u00e7\u00e3o de centros de urg\u00eancia regionais. As gr\u00e1vidas devem contactar previamente para serem atendidas, visando triagem cl\u00ednica precoce e encaminhamento para a unidade mais adequada. A medida, j\u00e1 em pr\u00e1tica em Loures, promete facilitar analgesia epidural e reduzir partos ocorridos fora do hospital. Sindicatos levantam reservas, alegando falta de refor\u00e7o de profissionais e que m\u00e9dicos n\u00e3o podem ser obrigados a deslocar-se entre hospitais. A reorganiza\u00e7\u00e3o prev\u00ea an\u00e1lise semestral; especialistas defendem um plano estrat\u00e9gico de sa\u00fade materna para as pr\u00f3ximas duas d\u00e9cadas e uma rede de referencia\u00e7\u00e3o eficaz.","og_url":"https:\/\/portaltela.pt\/noticias\/2026\/03\/23\/novo-modelo-de-urgencias-ginecologia-e-obstetricia-traz-organizacao-com-reservas\/","og_site_name":"Portal Tela Portugal","article_published_time":"2026-03-23T09:00:00+00:00","author":"Telinha","twitter_card":"summary_large_image","twitter_misc":{"Escrito por":"Telinha","Tempo estimado de leitura":"2 minutos"},"schema":{"@context":"https:\/\/schema.org","@graph":[{"@type":"Article","@id":"https:\/\/portaltela.pt\/noticias\/2026\/03\/23\/novo-modelo-de-urgencias-ginecologia-e-obstetricia-traz-organizacao-com-reservas\/#article","isPartOf":{"@id":"https:\/\/portaltela.pt\/noticias\/2026\/03\/23\/novo-modelo-de-urgencias-ginecologia-e-obstetricia-traz-organizacao-com-reservas\/"},"author":{"name":"Telinha","@id":"https:\/\/portaltela.pt\/#\/schema\/person\/c4278d4a6028830caff9ee44b42d32ed"},"headline":"Novo modelo de urg\u00eancias ginecologia e obstetr\u00edcia traz organiza\u00e7\u00e3o, com reservas","datePublished":"2026-03-23T09:00:00+00:00","mainEntityOfPage":{"@id":"https:\/\/portaltela.pt\/noticias\/2026\/03\/23\/novo-modelo-de-urgencias-ginecologia-e-obstetricia-traz-organizacao-com-reservas\/"},"wordCount":357,"image":{"@id":"https:\/\/portaltela.pt\/noticias\/2026\/03\/23\/novo-modelo-de-urgencias-ginecologia-e-obstetricia-traz-organizacao-com-reservas\/#primaryimage"},"thumbnailUrl":"https:\/\/portaltela.pt\/s.01k8rhncp4jt1\/2026\/03\/image-1389.jpg","keywords":["ginecologia","Obstetr\u00edcia","Partos","sa\u00fade","sa\u00fade p\u00fablica","urg\u00eancias"],"articleSection":["Sa\u00fade"],"inLanguage":"pt-PT"},{"@type":"WebPage","@id":"https:\/\/portaltela.pt\/noticias\/2026\/03\/23\/novo-modelo-de-urgencias-ginecologia-e-obstetricia-traz-organizacao-com-reservas\/","url":"https:\/\/portaltela.pt\/noticias\/2026\/03\/23\/novo-modelo-de-urgencias-ginecologia-e-obstetricia-traz-organizacao-com-reservas\/","name":"Novo modelo de urg\u00eancias ginecologia e obstetr\u00edcia traz organiza\u00e7\u00e3o, com reservas - Portal Tela Portugal","isPartOf":{"@id":"https:\/\/portaltela.pt\/#website"},"primaryImageOfPage":{"@id":"https:\/\/portaltela.pt\/noticias\/2026\/03\/23\/novo-modelo-de-urgencias-ginecologia-e-obstetricia-traz-organizacao-com-reservas\/#primaryimage"},"image":{"@id":"https:\/\/portaltela.pt\/noticias\/2026\/03\/23\/novo-modelo-de-urgencias-ginecologia-e-obstetricia-traz-organizacao-com-reservas\/#primaryimage"},"thumbnailUrl":"https:\/\/portaltela.pt\/s.01k8rhncp4jt1\/2026\/03\/image-1389.jpg","datePublished":"2026-03-23T09:00:00+00:00","author":{"@id":"https:\/\/portaltela.pt\/#\/schema\/person\/c4278d4a6028830caff9ee44b42d32ed"},"breadcrumb":{"@id":"https:\/\/portaltela.pt\/noticias\/2026\/03\/23\/novo-modelo-de-urgencias-ginecologia-e-obstetricia-traz-organizacao-com-reservas\/#breadcrumb"},"inLanguage":"pt-PT","potentialAction":[{"@type":"ReadAction","target":["https:\/\/portaltela.pt\/noticias\/2026\/03\/23\/novo-modelo-de-urgencias-ginecologia-e-obstetricia-traz-organizacao-com-reservas\/"]}]},{"@type":"ImageObject","inLanguage":"pt-PT","@id":"https:\/\/portaltela.pt\/noticias\/2026\/03\/23\/novo-modelo-de-urgencias-ginecologia-e-obstetricia-traz-organizacao-com-reservas\/#primaryimage","url":"https:\/\/portaltela.pt\/s.01k8rhncp4jt1\/2026\/03\/image-1389.jpg","contentUrl":"https:\/\/portaltela.pt\/s.01k8rhncp4jt1\/2026\/03\/image-1389.jpg","width":796,"height":448,"caption":"A Associa\u00e7\u00e3o Nacional dos T\u00e9cnicos de Emerg\u00eancia M\u00e9dica (ANTEM) est\u00e1 preocupada com o atendimento urgente a gr\u00e1vidas"},{"@type":"BreadcrumbList","@id":"https:\/\/portaltela.pt\/noticias\/2026\/03\/23\/novo-modelo-de-urgencias-ginecologia-e-obstetricia-traz-organizacao-com-reservas\/#breadcrumb","itemListElement":[{"@type":"ListItem","position":1,"name":"In\u00edcio","item":"https:\/\/portaltela.pt\/"},{"@type":"ListItem","position":2,"name":"Novo modelo de urg\u00eancias ginecologia e obstetr\u00edcia traz organiza\u00e7\u00e3o, com reservas"}]},{"@type":"WebSite","@id":"https:\/\/portaltela.pt\/#website","url":"https:\/\/portaltela.pt\/","name":"Portal Tela Portugal","description":"","potentialAction":[{"@type":"SearchAction","target":{"@type":"EntryPoint","urlTemplate":"https:\/\/portaltela.pt\/?s={search_term_string}"},"query-input":{"@type":"PropertyValueSpecification","valueRequired":true,"valueName":"search_term_string"}}],"inLanguage":"pt-PT"},{"@type":"Person","@id":"https:\/\/portaltela.pt\/#\/schema\/person\/c4278d4a6028830caff9ee44b42d32ed","name":"Telinha","image":{"@type":"ImageObject","inLanguage":"pt-PT","@id":"https:\/\/portaltela.pt\/s.01k8rhncp4jt1\/2025\/11\/talking-bot-125x125.png","url":"https:\/\/portaltela.pt\/s.01k8rhncp4jt1\/2025\/11\/talking-bot-125x125.png","contentUrl":"https:\/\/portaltela.pt\/s.01k8rhncp4jt1\/2025\/11\/talking-bot-125x125.png","caption":"Telinha"},"sameAs":["https:\/\/portaltela.pt\/"],"url":"https:\/\/portaltela.pt\/por\/367410592786\/"}]}},"_links":{"self":[{"href":"https:\/\/portaltela.pt\/api\/wp\/v2\/posts\/418172","targetHints":{"allow":["GET"]}}],"collection":[{"href":"https:\/\/portaltela.pt\/api\/wp\/v2\/posts"}],"about":[{"href":"https:\/\/portaltela.pt\/api\/wp\/v2\/types\/post"}],"author":[{"embeddable":true,"href":"https:\/\/portaltela.pt\/api\/wp\/v2\/users\/2"}],"replies":[{"embeddable":true,"href":"https:\/\/portaltela.pt\/api\/wp\/v2\/comments?post=418172"}],"version-history":[{"count":0,"href":"https:\/\/portaltela.pt\/api\/wp\/v2\/posts\/418172\/revisions"}],"wp:featuredmedia":[{"embeddable":true,"href":"https:\/\/portaltela.pt\/api\/wp\/v2\/media\/418176"}],"wp:attachment":[{"href":"https:\/\/portaltela.pt\/api\/wp\/v2\/media?parent=418172"}],"wp:term":[{"taxonomy":"category","embeddable":true,"href":"https:\/\/portaltela.pt\/api\/wp\/v2\/categories?post=418172"},{"taxonomy":"post_tag","embeddable":true,"href":"https:\/\/portaltela.pt\/api\/wp\/v2\/tags?post=418172"}],"curies":[{"name":"wp","href":"https:\/\/api.w.org\/{rel}","templated":true}]}}