{"id":418166,"date":"2026-03-23T06:00:00","date_gmt":"2026-03-23T09:00:00","guid":{"rendered":"https:\/\/portaltela.pt\/noticias\/2026\/03\/23\/mourinho-lanca-hino-ao-ego-e-varandas-nao-reage-a-declaracao-do-benfica\/"},"modified":"2026-03-23T06:00:00","modified_gmt":"2026-03-23T09:00:00","slug":"mourinho-lanca-hino-ao-ego-e-varandas-nao-reage-a-declaracao-do-benfica","status":"publish","type":"post","link":"https:\/\/portaltela.pt\/desporto\/futebol\/2026\/03\/23\/mourinho-lanca-hino-ao-ego-e-varandas-nao-reage-a-declaracao-do-benfica\/","title":{"rendered":"Mourinho lan\u00e7a &#8216;hino ao ego&#8217; e Varandas n\u00e3o reage \u00e0 declara\u00e7\u00e3o do Benfica"},"content":{"rendered":"<p>Jos\u00e9 Mourinho lan\u00e7ou um coment\u00e1rio provocat\u00f3rio sobre a hip\u00f3tese de o Sporting ser campe\u00e3o europeu. Frederico Varandas, presidente do Sporting, n\u00e3o reagiu publicamente \u00e0 declara\u00e7\u00e3o. A an\u00e1lise foi apresentada por V\u00edtor Pinto e Lu\u00eds Pedro Sousa no programa Record na Hora, transmitido no Now.<\/p>\n<p>A aus\u00eancia de resposta de Varandas \u00e9 destacada pelos comentadores. A leitura do di\u00e1logo, segundo a equipa do Record, sugere um tom de desafio entre os clubes. O objetivo da fala \u00e9 manter o foco no territ\u00f3rio da rivalidade.<\/p>\n<h3>An\u00e1lise no Record na Hora<\/h3>\n<p>V\u00edtor Pinto, subdiretor do Record, e Lu\u00eds Pedro Sousa, chefe de reda\u00e7\u00e3o, discutem as poss\u00edveis leituras da afirma\u00e7\u00e3o. O programa aborda impactos no discurso entre adeptos e a gest\u00e3o das narrativas futebol\u00edsticas.<\/p>\n","protected":false},"excerpt":{"rendered":"<ul>\n<li>Jos\u00e9 Mourinho disse: &#8220;Sporting campe\u00e3o europeu? N\u00e3o gostava&#8221;.<\/li>\n<li>Frederico Varandas, presidente do Sporting, n\u00e3o reagiu \u00e0 declara\u00e7\u00e3o do treinador do Benfica.<\/li>\n<li>A an\u00e1lise foi feita por V\u00edtor Pinto, subdiretor de Record, e Lu\u00eds Pedro Sousa, chefe de reda\u00e7\u00e3o de Record.<\/li>\n<li>A an\u00e1lise foi partilhada no programa Record na Hora, no Now.<\/li>\n<\/ul>\n","protected":false},"author":2,"featured_media":418168,"comment_status":"closed","ping_status":"closed","sticky":false,"template":"","format":"standard","meta":{"footnotes":""},"categories":[21,24],"tags":[1946,152,32,3310,2679,1652],"class_list":["post-418166","post","type-post","status-publish","format-standard","has-post-thumbnail","hentry","category-desporto","category-futebol","tag-benfica","tag-desporto","tag-futebol","tag-mourinho","tag-record-na-hora","tag-sporting"],"yoast_head":"<!-- This site is optimized with the Yoast SEO plugin v27.2 - https:\/\/yoast.com\/product\/yoast-seo-wordpress\/ -->\n<title>Mourinho lan\u00e7a &#039;hino ao ego&#039; e Varandas n\u00e3o reage \u00e0 declara\u00e7\u00e3o do Benfica - Portal Tela Portugal<\/title>\n<meta name=\"robots\" content=\"index, follow, max-snippet:-1, max-image-preview:large, max-video-preview:-1\" \/>\n<meta property=\"og:locale\" content=\"pt_PT\" \/>\n<meta property=\"og:type\" content=\"article\" \/>\n<meta property=\"og:title\" content=\"Mourinho lan\u00e7a &#039;hino ao ego&#039; e Varandas n\u00e3o reage \u00e0 declara\u00e7\u00e3o do Benfica - Portal Tela Portugal\" \/>\n<meta property=\"og:description\" content=\"Jos\u00e9 Mourinho disse: &quot;Sporting campe\u00e3o europeu? N\u00e3o gostava&quot;. Frederico Varandas, presidente do Sporting, n\u00e3o reagiu \u00e0 declara\u00e7\u00e3o do treinador do Benfica. A an\u00e1lise foi feita por V\u00edtor Pinto, subdiretor de Record, e Lu\u00eds Pedro Sousa, chefe de reda\u00e7\u00e3o de Record. A an\u00e1lise foi partilhada no programa Record na Hora, no Now.\" \/>\n<meta property=\"og:url\" content=\"https:\/\/portaltela.pt\/noticias\/2026\/03\/23\/mourinho-lanca-hino-ao-ego-e-varandas-nao-reage-a-declaracao-do-benfica\/\" \/>\n<meta property=\"og:site_name\" content=\"Portal Tela Portugal\" \/>\n<meta property=\"article:published_time\" content=\"2026-03-23T09:00:00+00:00\" \/>\n<meta name=\"author\" content=\"Telinha\" \/>\n<meta name=\"twitter:card\" content=\"summary_large_image\" \/>\n<meta name=\"twitter:label1\" content=\"Escrito por\" \/>\n\t<meta name=\"twitter:data1\" content=\"Telinha\" \/>\n\t<meta name=\"twitter:label2\" content=\"Tempo estimado de leitura\" \/>\n\t<meta name=\"twitter:data2\" content=\"1 minuto\" \/>\n<script type=\"application\/ld+json\" class=\"yoast-schema-graph\">{\"@context\":\"https:\/\/schema.org\",\"@graph\":[{\"@type\":\"Article\",\"@id\":\"https:\/\/portaltela.pt\/noticias\/2026\/03\/23\/mourinho-lanca-hino-ao-ego-e-varandas-nao-reage-a-declaracao-do-benfica\/#article\",\"isPartOf\":{\"@id\":\"https:\/\/portaltela.pt\/noticias\/2026\/03\/23\/mourinho-lanca-hino-ao-ego-e-varandas-nao-reage-a-declaracao-do-benfica\/\"},\"author\":{\"name\":\"Telinha\",\"@id\":\"https:\/\/portaltela.pt\/#\/schema\/person\/c4278d4a6028830caff9ee44b42d32ed\"},\"headline\":\"Mourinho lan\u00e7a &#8216;hino ao ego&#8217; e Varandas n\u00e3o reage \u00e0 declara\u00e7\u00e3o do Benfica\",\"datePublished\":\"2026-03-23T09:00:00+00:00\",\"mainEntityOfPage\":{\"@id\":\"https:\/\/portaltela.pt\/noticias\/2026\/03\/23\/mourinho-lanca-hino-ao-ego-e-varandas-nao-reage-a-declaracao-do-benfica\/\"},\"wordCount\":153,\"image\":{\"@id\":\"https:\/\/portaltela.pt\/noticias\/2026\/03\/23\/mourinho-lanca-hino-ao-ego-e-varandas-nao-reage-a-declaracao-do-benfica\/#primaryimage\"},\"thumbnailUrl\":\"https:\/\/portaltela.pt\/s.01k8rhncp4jt1\/2026\/03\/img_1200x721uu2026-03-22-22-06-49-2428798.jpg\",\"keywords\":[\"Benfica\",\"desporto\",\"futebol\",\"Mourinho\",\"Record na Hora\",\"Sporting\"],\"articleSection\":[\"Desporto\",\"Futebol\"],\"inLanguage\":\"pt-PT\"},{\"@type\":\"WebPage\",\"@id\":\"https:\/\/portaltela.pt\/noticias\/2026\/03\/23\/mourinho-lanca-hino-ao-ego-e-varandas-nao-reage-a-declaracao-do-benfica\/\",\"url\":\"https:\/\/portaltela.pt\/noticias\/2026\/03\/23\/mourinho-lanca-hino-ao-ego-e-varandas-nao-reage-a-declaracao-do-benfica\/\",\"name\":\"Mourinho lan\u00e7a 'hino ao ego' e Varandas n\u00e3o reage \u00e0 declara\u00e7\u00e3o do Benfica - Portal Tela Portugal\",\"isPartOf\":{\"@id\":\"https:\/\/portaltela.pt\/#website\"},\"primaryImageOfPage\":{\"@id\":\"https:\/\/portaltela.pt\/noticias\/2026\/03\/23\/mourinho-lanca-hino-ao-ego-e-varandas-nao-reage-a-declaracao-do-benfica\/#primaryimage\"},\"image\":{\"@id\":\"https:\/\/portaltela.pt\/noticias\/2026\/03\/23\/mourinho-lanca-hino-ao-ego-e-varandas-nao-reage-a-declaracao-do-benfica\/#primaryimage\"},\"thumbnailUrl\":\"https:\/\/portaltela.pt\/s.01k8rhncp4jt1\/2026\/03\/img_1200x721uu2026-03-22-22-06-49-2428798.jpg\",\"datePublished\":\"2026-03-23T09:00:00+00:00\",\"author\":{\"@id\":\"https:\/\/portaltela.pt\/#\/schema\/person\/c4278d4a6028830caff9ee44b42d32ed\"},\"breadcrumb\":{\"@id\":\"https:\/\/portaltela.pt\/noticias\/2026\/03\/23\/mourinho-lanca-hino-ao-ego-e-varandas-nao-reage-a-declaracao-do-benfica\/#breadcrumb\"},\"inLanguage\":\"pt-PT\",\"potentialAction\":[{\"@type\":\"ReadAction\",\"target\":[\"https:\/\/portaltela.pt\/noticias\/2026\/03\/23\/mourinho-lanca-hino-ao-ego-e-varandas-nao-reage-a-declaracao-do-benfica\/\"]}]},{\"@type\":\"ImageObject\",\"inLanguage\":\"pt-PT\",\"@id\":\"https:\/\/portaltela.pt\/noticias\/2026\/03\/23\/mourinho-lanca-hino-ao-ego-e-varandas-nao-reage-a-declaracao-do-benfica\/#primaryimage\",\"url\":\"https:\/\/portaltela.pt\/s.01k8rhncp4jt1\/2026\/03\/img_1200x721uu2026-03-22-22-06-49-2428798.jpg\",\"contentUrl\":\"https:\/\/portaltela.pt\/s.01k8rhncp4jt1\/2026\/03\/img_1200x721uu2026-03-22-22-06-49-2428798.jpg\",\"width\":796,\"height\":448,\"caption\":\"An\u00e1lise de V\u00edtor Pinto, subdiretor de Record, e Lu\u00eds Pedro Sousa, chefe de reda\u00e7\u00e3o de Record\"},{\"@type\":\"BreadcrumbList\",\"@id\":\"https:\/\/portaltela.pt\/noticias\/2026\/03\/23\/mourinho-lanca-hino-ao-ego-e-varandas-nao-reage-a-declaracao-do-benfica\/#breadcrumb\",\"itemListElement\":[{\"@type\":\"ListItem\",\"position\":1,\"name\":\"In\u00edcio\",\"item\":\"https:\/\/portaltela.pt\/\"},{\"@type\":\"ListItem\",\"position\":2,\"name\":\"Mourinho lan\u00e7a &#8216;hino ao ego&#8217; e Varandas n\u00e3o reage \u00e0 declara\u00e7\u00e3o do Benfica\"}]},{\"@type\":\"WebSite\",\"@id\":\"https:\/\/portaltela.pt\/#website\",\"url\":\"https:\/\/portaltela.pt\/\",\"name\":\"Portal Tela Portugal\",\"description\":\"\",\"potentialAction\":[{\"@type\":\"SearchAction\",\"target\":{\"@type\":\"EntryPoint\",\"urlTemplate\":\"https:\/\/portaltela.pt\/?s={search_term_string}\"},\"query-input\":{\"@type\":\"PropertyValueSpecification\",\"valueRequired\":true,\"valueName\":\"search_term_string\"}}],\"inLanguage\":\"pt-PT\"},{\"@type\":\"Person\",\"@id\":\"https:\/\/portaltela.pt\/#\/schema\/person\/c4278d4a6028830caff9ee44b42d32ed\",\"name\":\"Telinha\",\"image\":{\"@type\":\"ImageObject\",\"inLanguage\":\"pt-PT\",\"@id\":\"https:\/\/portaltela.pt\/s.01k8rhncp4jt1\/2025\/11\/talking-bot-125x125.png\",\"url\":\"https:\/\/portaltela.pt\/s.01k8rhncp4jt1\/2025\/11\/talking-bot-125x125.png\",\"contentUrl\":\"https:\/\/portaltela.pt\/s.01k8rhncp4jt1\/2025\/11\/talking-bot-125x125.png\",\"caption\":\"Telinha\"},\"sameAs\":[\"https:\/\/portaltela.pt\/\"],\"url\":\"https:\/\/portaltela.pt\/por\/367410592786\/\"}]}<\/script>\n<!-- \/ Yoast SEO plugin. -->","yoast_head_json":{"title":"Mourinho lan\u00e7a 'hino ao ego' e Varandas n\u00e3o reage \u00e0 declara\u00e7\u00e3o do Benfica - Portal Tela Portugal","robots":{"index":"index","follow":"follow","max-snippet":"max-snippet:-1","max-image-preview":"max-image-preview:large","max-video-preview":"max-video-preview:-1"},"og_locale":"pt_PT","og_type":"article","og_title":"Mourinho lan\u00e7a 'hino ao ego' e Varandas n\u00e3o reage \u00e0 declara\u00e7\u00e3o do Benfica - Portal Tela Portugal","og_description":"Jos\u00e9 Mourinho disse: \"Sporting campe\u00e3o europeu? N\u00e3o gostava\". Frederico Varandas, presidente do Sporting, n\u00e3o reagiu \u00e0 declara\u00e7\u00e3o do treinador do Benfica. A an\u00e1lise foi feita por V\u00edtor Pinto, subdiretor de Record, e Lu\u00eds Pedro Sousa, chefe de reda\u00e7\u00e3o de Record. A an\u00e1lise foi partilhada no programa Record na Hora, no Now.","og_url":"https:\/\/portaltela.pt\/noticias\/2026\/03\/23\/mourinho-lanca-hino-ao-ego-e-varandas-nao-reage-a-declaracao-do-benfica\/","og_site_name":"Portal Tela Portugal","article_published_time":"2026-03-23T09:00:00+00:00","author":"Telinha","twitter_card":"summary_large_image","twitter_misc":{"Escrito por":"Telinha","Tempo estimado de leitura":"1 minuto"},"schema":{"@context":"https:\/\/schema.org","@graph":[{"@type":"Article","@id":"https:\/\/portaltela.pt\/noticias\/2026\/03\/23\/mourinho-lanca-hino-ao-ego-e-varandas-nao-reage-a-declaracao-do-benfica\/#article","isPartOf":{"@id":"https:\/\/portaltela.pt\/noticias\/2026\/03\/23\/mourinho-lanca-hino-ao-ego-e-varandas-nao-reage-a-declaracao-do-benfica\/"},"author":{"name":"Telinha","@id":"https:\/\/portaltela.pt\/#\/schema\/person\/c4278d4a6028830caff9ee44b42d32ed"},"headline":"Mourinho lan\u00e7a &#8216;hino ao ego&#8217; e Varandas n\u00e3o reage \u00e0 declara\u00e7\u00e3o do Benfica","datePublished":"2026-03-23T09:00:00+00:00","mainEntityOfPage":{"@id":"https:\/\/portaltela.pt\/noticias\/2026\/03\/23\/mourinho-lanca-hino-ao-ego-e-varandas-nao-reage-a-declaracao-do-benfica\/"},"wordCount":153,"image":{"@id":"https:\/\/portaltela.pt\/noticias\/2026\/03\/23\/mourinho-lanca-hino-ao-ego-e-varandas-nao-reage-a-declaracao-do-benfica\/#primaryimage"},"thumbnailUrl":"https:\/\/portaltela.pt\/s.01k8rhncp4jt1\/2026\/03\/img_1200x721uu2026-03-22-22-06-49-2428798.jpg","keywords":["Benfica","desporto","futebol","Mourinho","Record na Hora","Sporting"],"articleSection":["Desporto","Futebol"],"inLanguage":"pt-PT"},{"@type":"WebPage","@id":"https:\/\/portaltela.pt\/noticias\/2026\/03\/23\/mourinho-lanca-hino-ao-ego-e-varandas-nao-reage-a-declaracao-do-benfica\/","url":"https:\/\/portaltela.pt\/noticias\/2026\/03\/23\/mourinho-lanca-hino-ao-ego-e-varandas-nao-reage-a-declaracao-do-benfica\/","name":"Mourinho lan\u00e7a 'hino ao ego' e Varandas n\u00e3o reage \u00e0 declara\u00e7\u00e3o do Benfica - Portal Tela Portugal","isPartOf":{"@id":"https:\/\/portaltela.pt\/#website"},"primaryImageOfPage":{"@id":"https:\/\/portaltela.pt\/noticias\/2026\/03\/23\/mourinho-lanca-hino-ao-ego-e-varandas-nao-reage-a-declaracao-do-benfica\/#primaryimage"},"image":{"@id":"https:\/\/portaltela.pt\/noticias\/2026\/03\/23\/mourinho-lanca-hino-ao-ego-e-varandas-nao-reage-a-declaracao-do-benfica\/#primaryimage"},"thumbnailUrl":"https:\/\/portaltela.pt\/s.01k8rhncp4jt1\/2026\/03\/img_1200x721uu2026-03-22-22-06-49-2428798.jpg","datePublished":"2026-03-23T09:00:00+00:00","author":{"@id":"https:\/\/portaltela.pt\/#\/schema\/person\/c4278d4a6028830caff9ee44b42d32ed"},"breadcrumb":{"@id":"https:\/\/portaltela.pt\/noticias\/2026\/03\/23\/mourinho-lanca-hino-ao-ego-e-varandas-nao-reage-a-declaracao-do-benfica\/#breadcrumb"},"inLanguage":"pt-PT","potentialAction":[{"@type":"ReadAction","target":["https:\/\/portaltela.pt\/noticias\/2026\/03\/23\/mourinho-lanca-hino-ao-ego-e-varandas-nao-reage-a-declaracao-do-benfica\/"]}]},{"@type":"ImageObject","inLanguage":"pt-PT","@id":"https:\/\/portaltela.pt\/noticias\/2026\/03\/23\/mourinho-lanca-hino-ao-ego-e-varandas-nao-reage-a-declaracao-do-benfica\/#primaryimage","url":"https:\/\/portaltela.pt\/s.01k8rhncp4jt1\/2026\/03\/img_1200x721uu2026-03-22-22-06-49-2428798.jpg","contentUrl":"https:\/\/portaltela.pt\/s.01k8rhncp4jt1\/2026\/03\/img_1200x721uu2026-03-22-22-06-49-2428798.jpg","width":796,"height":448,"caption":"An\u00e1lise de V\u00edtor Pinto, subdiretor de Record, e Lu\u00eds Pedro Sousa, chefe de reda\u00e7\u00e3o de Record"},{"@type":"BreadcrumbList","@id":"https:\/\/portaltela.pt\/noticias\/2026\/03\/23\/mourinho-lanca-hino-ao-ego-e-varandas-nao-reage-a-declaracao-do-benfica\/#breadcrumb","itemListElement":[{"@type":"ListItem","position":1,"name":"In\u00edcio","item":"https:\/\/portaltela.pt\/"},{"@type":"ListItem","position":2,"name":"Mourinho lan\u00e7a &#8216;hino ao ego&#8217; e Varandas n\u00e3o reage \u00e0 declara\u00e7\u00e3o do Benfica"}]},{"@type":"WebSite","@id":"https:\/\/portaltela.pt\/#website","url":"https:\/\/portaltela.pt\/","name":"Portal Tela Portugal","description":"","potentialAction":[{"@type":"SearchAction","target":{"@type":"EntryPoint","urlTemplate":"https:\/\/portaltela.pt\/?s={search_term_string}"},"query-input":{"@type":"PropertyValueSpecification","valueRequired":true,"valueName":"search_term_string"}}],"inLanguage":"pt-PT"},{"@type":"Person","@id":"https:\/\/portaltela.pt\/#\/schema\/person\/c4278d4a6028830caff9ee44b42d32ed","name":"Telinha","image":{"@type":"ImageObject","inLanguage":"pt-PT","@id":"https:\/\/portaltela.pt\/s.01k8rhncp4jt1\/2025\/11\/talking-bot-125x125.png","url":"https:\/\/portaltela.pt\/s.01k8rhncp4jt1\/2025\/11\/talking-bot-125x125.png","contentUrl":"https:\/\/portaltela.pt\/s.01k8rhncp4jt1\/2025\/11\/talking-bot-125x125.png","caption":"Telinha"},"sameAs":["https:\/\/portaltela.pt\/"],"url":"https:\/\/portaltela.pt\/por\/367410592786\/"}]}},"_links":{"self":[{"href":"https:\/\/portaltela.pt\/api\/wp\/v2\/posts\/418166","targetHints":{"allow":["GET"]}}],"collection":[{"href":"https:\/\/portaltela.pt\/api\/wp\/v2\/posts"}],"about":[{"href":"https:\/\/portaltela.pt\/api\/wp\/v2\/types\/post"}],"author":[{"embeddable":true,"href":"https:\/\/portaltela.pt\/api\/wp\/v2\/users\/2"}],"replies":[{"embeddable":true,"href":"https:\/\/portaltela.pt\/api\/wp\/v2\/comments?post=418166"}],"version-history":[{"count":0,"href":"https:\/\/portaltela.pt\/api\/wp\/v2\/posts\/418166\/revisions"}],"wp:featuredmedia":[{"embeddable":true,"href":"https:\/\/portaltela.pt\/api\/wp\/v2\/media\/418168"}],"wp:attachment":[{"href":"https:\/\/portaltela.pt\/api\/wp\/v2\/media?parent=418166"}],"wp:term":[{"taxonomy":"category","embeddable":true,"href":"https:\/\/portaltela.pt\/api\/wp\/v2\/categories?post=418166"},{"taxonomy":"post_tag","embeddable":true,"href":"https:\/\/portaltela.pt\/api\/wp\/v2\/tags?post=418166"}],"curies":[{"name":"wp","href":"https:\/\/api.w.org\/{rel}","templated":true}]}}