{"id":418136,"date":"2026-03-23T05:30:00","date_gmt":"2026-03-23T08:30:00","guid":{"rendered":"https:\/\/portaltela.pt\/noticias\/2026\/03\/23\/jose-condessa-revela-pormenores-da-casa-de-luxo-em-lisboa\/"},"modified":"2026-03-23T05:30:00","modified_gmt":"2026-03-23T08:30:00","slug":"jose-condessa-revela-pormenores-da-casa-de-luxo-em-lisboa","status":"publish","type":"post","link":"https:\/\/portaltela.pt\/celebridades\/2026\/03\/23\/jose-condessa-revela-pormenores-da-casa-de-luxo-em-lisboa\/","title":{"rendered":"Jos\u00e9 Condessa revela pormenores da casa de luxo em Lisboa"},"content":{"rendered":"<p>Jos\u00e9 Condessa revelou detalhes da sua casa de luxo em Lisboa, adquirida h\u00e1 um ano, com novo conjunto de imagens e uma mensagem emotiva. O ator portugu\u00eas, de 28 anos, partilhou momentos com a fam\u00edlia, amigos e a namorada, Luisinha Oliveira, numa publica\u00e7\u00e3o no Instagram.<\/p>\n<p>Na legenda, o protagonista de Rabo de Peixe recordou o passo da compra e a adapta\u00e7\u00e3o aos compromissos di\u00e1rios, sublinhando que ainda n\u00e3o conseguiu aproveitar plenamente a casa. Destacou que, desde o primeiro dia, o espa\u00e7o j\u00e1 era casa e come\u00e7ou a construir mem\u00f3rias junto das pessoas de quem gosta.<\/p>\n<p>No texto, Condessa agradeceu a duas pessoas de quem gosta e que, ainda sem casa, prometeram embelezar o im\u00f3vel com um mimo profissional. Referiu Toz\u00e9 e Zeza, parceiros desde o programa Dan\u00e7a com as Estrelas, elogiando o trabalho e o profissionalismo deles.<\/p>\n<h3>Progresso da casa e momentos familiares<\/h3>\n<p>A primeira visita p\u00fablica \u00e0 casa ocorreu no ano passado, num v\u00eddeo em que o ator aparece nervoso ao assinar a escritura, seguido de uma celebra\u00e7\u00e3o em fam\u00edlia. A resid\u00eancia tornou-se centro de encontros entre familiares e amigos.<\/p>\n<h3>Viagem ao Brasil para imprensa e fam\u00edlia<\/h3>\n<p>Entre grava\u00e7\u00f5es e compromissos profissionais, Condessa encontra-se no Brasil a trabalhar numa s\u00e9rie para a Netflix. Aproveita para mostrar o Rio de Janeiro aos pais, numa viagem descrita pelo ator como dias felizes e marcados pela conviv\u00eancia familiar.<\/p>\n","protected":false},"excerpt":{"rendered":"<ul>\n<li>Jos\u00e9 Condessa mostrou mais pormenores da casa de luxo que comprou em Lisboa h\u00e1 um ano, j\u00e1 repleta de mem\u00f3rias com a fam\u00edlia, amigos e a namorada, Luisinha Oliveira.<\/li>\n<li>Em publica\u00e7\u00e3o no Instagram, o ator de vinte e oito anos disse que as saudades apertam e que, desde o primeiro dia, a casa come\u00e7ou a ser casa, onde j\u00e1 constr\u00f3i mem\u00f3rias.<\/li>\n<li>A partilha agradece a Toz\u00e9 e Zeza, profissionais que h\u00e1 muito admira e que disseram querer embelezar a casa com um miminho, destacando o seu profissionalismo.<\/li>\n<li>O v\u00eddeo de apresenta\u00e7\u00e3o da casa, no ano passado, mostrou o nervosismo de assinar a escritura, seguido de uma festa de celebra\u00e7\u00e3o em fam\u00edlia.<\/li>\n<li>Atualmente no Brasil a trabalhar, Condessa mostrou aos pais o Rio de Janeiro, descrevendo a viagem como dias felizes.<\/li>\n<\/ul>\n","protected":false},"author":2,"featured_media":418140,"comment_status":"closed","ping_status":"closed","sticky":false,"template":"","format":"standard","meta":{"footnotes":""},"categories":[6675],"tags":[2547,285,64,506,981,2921],"class_list":["post-418136","post","type-post","status-publish","format-standard","has-post-thumbnail","hentry","category-celebridades","tag-brasil","tag-casa","tag-familia","tag-imprensa","tag-lisboa","tag-netflix"],"yoast_head":"<!-- This site is optimized with the Yoast SEO plugin v27.2 - https:\/\/yoast.com\/product\/yoast-seo-wordpress\/ -->\n<title>Jos\u00e9 Condessa revela pormenores da casa de luxo em Lisboa - Portal Tela Portugal<\/title>\n<meta name=\"robots\" content=\"index, follow, max-snippet:-1, max-image-preview:large, max-video-preview:-1\" \/>\n<meta property=\"og:locale\" content=\"pt_PT\" \/>\n<meta property=\"og:type\" content=\"article\" \/>\n<meta property=\"og:title\" content=\"Jos\u00e9 Condessa revela pormenores da casa de luxo em Lisboa - Portal Tela Portugal\" \/>\n<meta property=\"og:description\" content=\"Jos\u00e9 Condessa mostrou mais pormenores da casa de luxo que comprou em Lisboa h\u00e1 um ano, j\u00e1 repleta de mem\u00f3rias com a fam\u00edlia, amigos e a namorada, Luisinha Oliveira. Em publica\u00e7\u00e3o no Instagram, o ator de vinte e oito anos disse que as saudades apertam e que, desde o primeiro dia, a casa come\u00e7ou a ser casa, onde j\u00e1 constr\u00f3i mem\u00f3rias. A partilha agradece a Toz\u00e9 e Zeza, profissionais que h\u00e1 muito admira e que disseram querer embelezar a casa com um miminho, destacando o seu profissionalismo. O v\u00eddeo de apresenta\u00e7\u00e3o da casa, no ano passado, mostrou o nervosismo de assinar a escritura, seguido de uma festa de celebra\u00e7\u00e3o em fam\u00edlia. Atualmente no Brasil a trabalhar, Condessa mostrou aos pais o Rio de Janeiro, descrevendo a viagem como dias felizes.\" \/>\n<meta property=\"og:url\" content=\"https:\/\/portaltela.pt\/noticias\/2026\/03\/23\/jose-condessa-revela-pormenores-da-casa-de-luxo-em-lisboa\/\" \/>\n<meta property=\"og:site_name\" content=\"Portal Tela Portugal\" \/>\n<meta property=\"article:published_time\" content=\"2026-03-23T08:30:00+00:00\" \/>\n<meta name=\"author\" content=\"Telinha\" \/>\n<meta name=\"twitter:card\" content=\"summary_large_image\" \/>\n<meta name=\"twitter:label1\" content=\"Escrito por\" \/>\n\t<meta name=\"twitter:data1\" content=\"Telinha\" \/>\n\t<meta name=\"twitter:label2\" content=\"Tempo estimado de leitura\" \/>\n\t<meta name=\"twitter:data2\" content=\"1 minuto\" \/>\n<script type=\"application\/ld+json\" class=\"yoast-schema-graph\">{\"@context\":\"https:\/\/schema.org\",\"@graph\":[{\"@type\":\"Article\",\"@id\":\"https:\/\/portaltela.pt\/noticias\/2026\/03\/23\/jose-condessa-revela-pormenores-da-casa-de-luxo-em-lisboa\/#article\",\"isPartOf\":{\"@id\":\"https:\/\/portaltela.pt\/noticias\/2026\/03\/23\/jose-condessa-revela-pormenores-da-casa-de-luxo-em-lisboa\/\"},\"author\":{\"name\":\"Telinha\",\"@id\":\"https:\/\/portaltela.pt\/#\/schema\/person\/c4278d4a6028830caff9ee44b42d32ed\"},\"headline\":\"Jos\u00e9 Condessa revela pormenores da casa de luxo em Lisboa\",\"datePublished\":\"2026-03-23T08:30:00+00:00\",\"mainEntityOfPage\":{\"@id\":\"https:\/\/portaltela.pt\/noticias\/2026\/03\/23\/jose-condessa-revela-pormenores-da-casa-de-luxo-em-lisboa\/\"},\"wordCount\":254,\"image\":{\"@id\":\"https:\/\/portaltela.pt\/noticias\/2026\/03\/23\/jose-condessa-revela-pormenores-da-casa-de-luxo-em-lisboa\/#primaryimage\"},\"thumbnailUrl\":\"https:\/\/portaltela.pt\/s.01k8rhncp4jt1\/2026\/03\/img_1280x718uu2026-03-22-14-37-31-2274111-im-639097871019793299.jpg\",\"keywords\":[\"Brasil\",\"casa\",\"fam\u00edlia\",\"imprensa\",\"Lisboa\",\"Netflix\"],\"articleSection\":[\"Celebridades\"],\"inLanguage\":\"pt-PT\"},{\"@type\":\"WebPage\",\"@id\":\"https:\/\/portaltela.pt\/noticias\/2026\/03\/23\/jose-condessa-revela-pormenores-da-casa-de-luxo-em-lisboa\/\",\"url\":\"https:\/\/portaltela.pt\/noticias\/2026\/03\/23\/jose-condessa-revela-pormenores-da-casa-de-luxo-em-lisboa\/\",\"name\":\"Jos\u00e9 Condessa revela pormenores da casa de luxo em Lisboa - Portal Tela Portugal\",\"isPartOf\":{\"@id\":\"https:\/\/portaltela.pt\/#website\"},\"primaryImageOfPage\":{\"@id\":\"https:\/\/portaltela.pt\/noticias\/2026\/03\/23\/jose-condessa-revela-pormenores-da-casa-de-luxo-em-lisboa\/#primaryimage\"},\"image\":{\"@id\":\"https:\/\/portaltela.pt\/noticias\/2026\/03\/23\/jose-condessa-revela-pormenores-da-casa-de-luxo-em-lisboa\/#primaryimage\"},\"thumbnailUrl\":\"https:\/\/portaltela.pt\/s.01k8rhncp4jt1\/2026\/03\/img_1280x718uu2026-03-22-14-37-31-2274111-im-639097871019793299.jpg\",\"datePublished\":\"2026-03-23T08:30:00+00:00\",\"author\":{\"@id\":\"https:\/\/portaltela.pt\/#\/schema\/person\/c4278d4a6028830caff9ee44b42d32ed\"},\"breadcrumb\":{\"@id\":\"https:\/\/portaltela.pt\/noticias\/2026\/03\/23\/jose-condessa-revela-pormenores-da-casa-de-luxo-em-lisboa\/#breadcrumb\"},\"inLanguage\":\"pt-PT\",\"potentialAction\":[{\"@type\":\"ReadAction\",\"target\":[\"https:\/\/portaltela.pt\/noticias\/2026\/03\/23\/jose-condessa-revela-pormenores-da-casa-de-luxo-em-lisboa\/\"]}]},{\"@type\":\"ImageObject\",\"inLanguage\":\"pt-PT\",\"@id\":\"https:\/\/portaltela.pt\/noticias\/2026\/03\/23\/jose-condessa-revela-pormenores-da-casa-de-luxo-em-lisboa\/#primaryimage\",\"url\":\"https:\/\/portaltela.pt\/s.01k8rhncp4jt1\/2026\/03\/img_1280x718uu2026-03-22-14-37-31-2274111-im-639097871019793299.jpg\",\"contentUrl\":\"https:\/\/portaltela.pt\/s.01k8rhncp4jt1\/2026\/03\/img_1280x718uu2026-03-22-14-37-31-2274111-im-639097871019793299.jpg\",\"width\":796,\"height\":448,\"caption\":\"Jos\u00e9 Condessa\"},{\"@type\":\"BreadcrumbList\",\"@id\":\"https:\/\/portaltela.pt\/noticias\/2026\/03\/23\/jose-condessa-revela-pormenores-da-casa-de-luxo-em-lisboa\/#breadcrumb\",\"itemListElement\":[{\"@type\":\"ListItem\",\"position\":1,\"name\":\"In\u00edcio\",\"item\":\"https:\/\/portaltela.pt\/\"},{\"@type\":\"ListItem\",\"position\":2,\"name\":\"Jos\u00e9 Condessa revela pormenores da casa de luxo em Lisboa\"}]},{\"@type\":\"WebSite\",\"@id\":\"https:\/\/portaltela.pt\/#website\",\"url\":\"https:\/\/portaltela.pt\/\",\"name\":\"Portal Tela Portugal\",\"description\":\"\",\"potentialAction\":[{\"@type\":\"SearchAction\",\"target\":{\"@type\":\"EntryPoint\",\"urlTemplate\":\"https:\/\/portaltela.pt\/?s={search_term_string}\"},\"query-input\":{\"@type\":\"PropertyValueSpecification\",\"valueRequired\":true,\"valueName\":\"search_term_string\"}}],\"inLanguage\":\"pt-PT\"},{\"@type\":\"Person\",\"@id\":\"https:\/\/portaltela.pt\/#\/schema\/person\/c4278d4a6028830caff9ee44b42d32ed\",\"name\":\"Telinha\",\"image\":{\"@type\":\"ImageObject\",\"inLanguage\":\"pt-PT\",\"@id\":\"https:\/\/portaltela.pt\/s.01k8rhncp4jt1\/2025\/11\/talking-bot-125x125.png\",\"url\":\"https:\/\/portaltela.pt\/s.01k8rhncp4jt1\/2025\/11\/talking-bot-125x125.png\",\"contentUrl\":\"https:\/\/portaltela.pt\/s.01k8rhncp4jt1\/2025\/11\/talking-bot-125x125.png\",\"caption\":\"Telinha\"},\"sameAs\":[\"https:\/\/portaltela.pt\/\"],\"url\":\"https:\/\/portaltela.pt\/por\/367410592786\/\"}]}<\/script>\n<!-- \/ Yoast SEO plugin. -->","yoast_head_json":{"title":"Jos\u00e9 Condessa revela pormenores da casa de luxo em Lisboa - Portal Tela Portugal","robots":{"index":"index","follow":"follow","max-snippet":"max-snippet:-1","max-image-preview":"max-image-preview:large","max-video-preview":"max-video-preview:-1"},"og_locale":"pt_PT","og_type":"article","og_title":"Jos\u00e9 Condessa revela pormenores da casa de luxo em Lisboa - Portal Tela Portugal","og_description":"Jos\u00e9 Condessa mostrou mais pormenores da casa de luxo que comprou em Lisboa h\u00e1 um ano, j\u00e1 repleta de mem\u00f3rias com a fam\u00edlia, amigos e a namorada, Luisinha Oliveira. Em publica\u00e7\u00e3o no Instagram, o ator de vinte e oito anos disse que as saudades apertam e que, desde o primeiro dia, a casa come\u00e7ou a ser casa, onde j\u00e1 constr\u00f3i mem\u00f3rias. A partilha agradece a Toz\u00e9 e Zeza, profissionais que h\u00e1 muito admira e que disseram querer embelezar a casa com um miminho, destacando o seu profissionalismo. O v\u00eddeo de apresenta\u00e7\u00e3o da casa, no ano passado, mostrou o nervosismo de assinar a escritura, seguido de uma festa de celebra\u00e7\u00e3o em fam\u00edlia. Atualmente no Brasil a trabalhar, Condessa mostrou aos pais o Rio de Janeiro, descrevendo a viagem como dias felizes.","og_url":"https:\/\/portaltela.pt\/noticias\/2026\/03\/23\/jose-condessa-revela-pormenores-da-casa-de-luxo-em-lisboa\/","og_site_name":"Portal Tela Portugal","article_published_time":"2026-03-23T08:30:00+00:00","author":"Telinha","twitter_card":"summary_large_image","twitter_misc":{"Escrito por":"Telinha","Tempo estimado de leitura":"1 minuto"},"schema":{"@context":"https:\/\/schema.org","@graph":[{"@type":"Article","@id":"https:\/\/portaltela.pt\/noticias\/2026\/03\/23\/jose-condessa-revela-pormenores-da-casa-de-luxo-em-lisboa\/#article","isPartOf":{"@id":"https:\/\/portaltela.pt\/noticias\/2026\/03\/23\/jose-condessa-revela-pormenores-da-casa-de-luxo-em-lisboa\/"},"author":{"name":"Telinha","@id":"https:\/\/portaltela.pt\/#\/schema\/person\/c4278d4a6028830caff9ee44b42d32ed"},"headline":"Jos\u00e9 Condessa revela pormenores da casa de luxo em Lisboa","datePublished":"2026-03-23T08:30:00+00:00","mainEntityOfPage":{"@id":"https:\/\/portaltela.pt\/noticias\/2026\/03\/23\/jose-condessa-revela-pormenores-da-casa-de-luxo-em-lisboa\/"},"wordCount":254,"image":{"@id":"https:\/\/portaltela.pt\/noticias\/2026\/03\/23\/jose-condessa-revela-pormenores-da-casa-de-luxo-em-lisboa\/#primaryimage"},"thumbnailUrl":"https:\/\/portaltela.pt\/s.01k8rhncp4jt1\/2026\/03\/img_1280x718uu2026-03-22-14-37-31-2274111-im-639097871019793299.jpg","keywords":["Brasil","casa","fam\u00edlia","imprensa","Lisboa","Netflix"],"articleSection":["Celebridades"],"inLanguage":"pt-PT"},{"@type":"WebPage","@id":"https:\/\/portaltela.pt\/noticias\/2026\/03\/23\/jose-condessa-revela-pormenores-da-casa-de-luxo-em-lisboa\/","url":"https:\/\/portaltela.pt\/noticias\/2026\/03\/23\/jose-condessa-revela-pormenores-da-casa-de-luxo-em-lisboa\/","name":"Jos\u00e9 Condessa revela pormenores da casa de luxo em Lisboa - Portal Tela Portugal","isPartOf":{"@id":"https:\/\/portaltela.pt\/#website"},"primaryImageOfPage":{"@id":"https:\/\/portaltela.pt\/noticias\/2026\/03\/23\/jose-condessa-revela-pormenores-da-casa-de-luxo-em-lisboa\/#primaryimage"},"image":{"@id":"https:\/\/portaltela.pt\/noticias\/2026\/03\/23\/jose-condessa-revela-pormenores-da-casa-de-luxo-em-lisboa\/#primaryimage"},"thumbnailUrl":"https:\/\/portaltela.pt\/s.01k8rhncp4jt1\/2026\/03\/img_1280x718uu2026-03-22-14-37-31-2274111-im-639097871019793299.jpg","datePublished":"2026-03-23T08:30:00+00:00","author":{"@id":"https:\/\/portaltela.pt\/#\/schema\/person\/c4278d4a6028830caff9ee44b42d32ed"},"breadcrumb":{"@id":"https:\/\/portaltela.pt\/noticias\/2026\/03\/23\/jose-condessa-revela-pormenores-da-casa-de-luxo-em-lisboa\/#breadcrumb"},"inLanguage":"pt-PT","potentialAction":[{"@type":"ReadAction","target":["https:\/\/portaltela.pt\/noticias\/2026\/03\/23\/jose-condessa-revela-pormenores-da-casa-de-luxo-em-lisboa\/"]}]},{"@type":"ImageObject","inLanguage":"pt-PT","@id":"https:\/\/portaltela.pt\/noticias\/2026\/03\/23\/jose-condessa-revela-pormenores-da-casa-de-luxo-em-lisboa\/#primaryimage","url":"https:\/\/portaltela.pt\/s.01k8rhncp4jt1\/2026\/03\/img_1280x718uu2026-03-22-14-37-31-2274111-im-639097871019793299.jpg","contentUrl":"https:\/\/portaltela.pt\/s.01k8rhncp4jt1\/2026\/03\/img_1280x718uu2026-03-22-14-37-31-2274111-im-639097871019793299.jpg","width":796,"height":448,"caption":"Jos\u00e9 Condessa"},{"@type":"BreadcrumbList","@id":"https:\/\/portaltela.pt\/noticias\/2026\/03\/23\/jose-condessa-revela-pormenores-da-casa-de-luxo-em-lisboa\/#breadcrumb","itemListElement":[{"@type":"ListItem","position":1,"name":"In\u00edcio","item":"https:\/\/portaltela.pt\/"},{"@type":"ListItem","position":2,"name":"Jos\u00e9 Condessa revela pormenores da casa de luxo em Lisboa"}]},{"@type":"WebSite","@id":"https:\/\/portaltela.pt\/#website","url":"https:\/\/portaltela.pt\/","name":"Portal Tela Portugal","description":"","potentialAction":[{"@type":"SearchAction","target":{"@type":"EntryPoint","urlTemplate":"https:\/\/portaltela.pt\/?s={search_term_string}"},"query-input":{"@type":"PropertyValueSpecification","valueRequired":true,"valueName":"search_term_string"}}],"inLanguage":"pt-PT"},{"@type":"Person","@id":"https:\/\/portaltela.pt\/#\/schema\/person\/c4278d4a6028830caff9ee44b42d32ed","name":"Telinha","image":{"@type":"ImageObject","inLanguage":"pt-PT","@id":"https:\/\/portaltela.pt\/s.01k8rhncp4jt1\/2025\/11\/talking-bot-125x125.png","url":"https:\/\/portaltela.pt\/s.01k8rhncp4jt1\/2025\/11\/talking-bot-125x125.png","contentUrl":"https:\/\/portaltela.pt\/s.01k8rhncp4jt1\/2025\/11\/talking-bot-125x125.png","caption":"Telinha"},"sameAs":["https:\/\/portaltela.pt\/"],"url":"https:\/\/portaltela.pt\/por\/367410592786\/"}]}},"_links":{"self":[{"href":"https:\/\/portaltela.pt\/api\/wp\/v2\/posts\/418136","targetHints":{"allow":["GET"]}}],"collection":[{"href":"https:\/\/portaltela.pt\/api\/wp\/v2\/posts"}],"about":[{"href":"https:\/\/portaltela.pt\/api\/wp\/v2\/types\/post"}],"author":[{"embeddable":true,"href":"https:\/\/portaltela.pt\/api\/wp\/v2\/users\/2"}],"replies":[{"embeddable":true,"href":"https:\/\/portaltela.pt\/api\/wp\/v2\/comments?post=418136"}],"version-history":[{"count":0,"href":"https:\/\/portaltela.pt\/api\/wp\/v2\/posts\/418136\/revisions"}],"wp:featuredmedia":[{"embeddable":true,"href":"https:\/\/portaltela.pt\/api\/wp\/v2\/media\/418140"}],"wp:attachment":[{"href":"https:\/\/portaltela.pt\/api\/wp\/v2\/media?parent=418136"}],"wp:term":[{"taxonomy":"category","embeddable":true,"href":"https:\/\/portaltela.pt\/api\/wp\/v2\/categories?post=418136"},{"taxonomy":"post_tag","embeddable":true,"href":"https:\/\/portaltela.pt\/api\/wp\/v2\/tags?post=418136"}],"curies":[{"name":"wp","href":"https:\/\/api.w.org\/{rel}","templated":true}]}}