{"id":418122,"date":"2026-03-23T05:09:28","date_gmt":"2026-03-23T08:09:28","guid":{"rendered":"https:\/\/portaltela.pt\/noticias\/2026\/03\/23\/rui-borges-concede-dois-dias-de-folga-e-sporting-volta-a-treinar-na-quarta-feira\/"},"modified":"2026-03-23T05:09:28","modified_gmt":"2026-03-23T08:09:28","slug":"rui-borges-concede-dois-dias-de-folga-e-sporting-volta-a-treinar-na-quarta-feira","status":"publish","type":"post","link":"https:\/\/portaltela.pt\/desporto\/futebol\/2026\/03\/23\/rui-borges-concede-dois-dias-de-folga-e-sporting-volta-a-treinar-na-quarta-feira\/","title":{"rendered":"Rui Borges concede dois dias de folga e Sporting volta a treinar na quarta-feira"},"content":{"rendered":"<p>O Sporting anunciou dois dias de folga para o plantel ap\u00f3s a derrota de 4-1 em Alverca. Os jogadores regressam \u00e0 Academia Cristiano Ronaldo em Alcochete na quarta-feira, para um programa que mistura trabalho espec\u00edfico e recupera\u00e7\u00e3o.<\/p>\n<p>Nuno Santos continua em avalia\u00e7\u00e3o por les\u00e3o muscular na coxa esquerda, sufrida perto do minuto 30 da \u00faltima visita ao Ribatejo. O treino de hoje inclui atualiza\u00e7\u00e3o cl\u00ednica para o resto do plantel, com alguns jogadores j\u00e1 a recuperar em Londres.<\/p>\n<h3>Plantel e convocat\u00f3rias<\/h3>\n<p>Ao todo, 16 elementos do plantel principal ficar\u00e3o dispon\u00edveis para atender \u00e0s respetivas sele\u00e7\u00f5es, incluindo Rui Silva, Gon\u00e7alo In\u00e1cio, Pote e Trinc\u00e3o. No entanto, h\u00e1 atletas livres para treino, como Jo\u00e3o Virg\u00ednia, Diego Callai, Eduardo Quaresma, Ricardo Mangas, Morita e Daniel Bragan\u00e7a, entre outros.<\/p>\n","protected":false},"excerpt":{"rendered":"<ul>\n<li>Rui Borges deu dois dias de folga ao plantel do Sporting, com regresso \u00e0 Academia Cristiano Ronaldo, em Alcochete, na quarta-feira, para treino espec\u00edfico para uns e recupera\u00e7\u00e3o para outros.<\/li>\n<li>O clube vai reavaliar a les\u00e3o muscular da coxa esquerda de Nuno Santos, ocorrida perto do minuto trinta na visita ao Ribatejo.<\/li>\n<li>No boletim cl\u00ednico entram Nuno Santos, Kochorashvili, Lu\u00eds Guilherme e Ioannidis; Quenda tamb\u00e9m consta, mas recupera em Londres e regressa no final do m\u00eas.<\/li>\n<li>S\u00e3o 16 os elementos do plantel principal a servi\u00e7o das respetivas sele\u00e7\u00f5es, entre eles Rui Silva, Gon\u00e7alo In\u00e1cio, Pote, Trinc\u00e3o (Portugal); Fresneda (sub\u201121 de Espanha); Vagiannidis (Gr\u00e9cia); Debast (B\u00e9lgica); Diomande (Costa do Marfim); Maxi Ara\u00fajo (Uruguai); Hjulmand (Dinamarca); Jo\u00e3o Sim\u00f5es (sub\u201121 de Portugal); Luis Su\u00e1rez (Col\u00f4mbia); Francisco Silva, Mauro Couto e Rafael Nel (sub\u201120); Fl\u00e1vio Gon\u00e7alves (sub\u201119).<\/li>\n<li>Caso estejam livres para trabalhar ficam os guarda-redes Jo\u00e3o Virg\u00ednia e Diego Callai; os Defesas Eduardo Quaresma e Ricardo Mangas; os m\u00e9dios Morita e Daniel Bragan\u00e7a; e os atacantes Geny e Faye.<\/li>\n<\/ul>\n","protected":false},"author":2,"featured_media":418127,"comment_status":"closed","ping_status":"closed","sticky":false,"template":"","format":"standard","meta":{"footnotes":""},"categories":[21,24],"tags":[1068,1230,3364,32,2538,1652],"class_list":["post-418122","post","type-post","status-publish","format-standard","has-post-thumbnail","hentry","category-desporto","category-futebol","tag-alcochete","tag-alverca","tag-convocacoes","tag-futebol","tag-lesoes","tag-sporting"],"yoast_head":"<!-- This site is optimized with the Yoast SEO plugin v27.2 - https:\/\/yoast.com\/product\/yoast-seo-wordpress\/ -->\n<title>Rui Borges concede dois dias de folga e Sporting volta a treinar na quarta-feira - Portal Tela Portugal<\/title>\n<meta name=\"robots\" content=\"index, follow, max-snippet:-1, max-image-preview:large, max-video-preview:-1\" \/>\n<meta property=\"og:locale\" content=\"pt_PT\" \/>\n<meta property=\"og:type\" content=\"article\" \/>\n<meta property=\"og:title\" content=\"Rui Borges concede dois dias de folga e Sporting volta a treinar na quarta-feira - Portal Tela Portugal\" \/>\n<meta property=\"og:description\" content=\"Rui Borges deu dois dias de folga ao plantel do Sporting, com regresso \u00e0 Academia Cristiano Ronaldo, em Alcochete, na quarta-feira, para treino espec\u00edfico para uns e recupera\u00e7\u00e3o para outros. O clube vai reavaliar a les\u00e3o muscular da coxa esquerda de Nuno Santos, ocorrida perto do minuto trinta na visita ao Ribatejo. No boletim cl\u00ednico entram Nuno Santos, Kochorashvili, Lu\u00eds Guilherme e Ioannidis; Quenda tamb\u00e9m consta, mas recupera em Londres e regressa no final do m\u00eas. S\u00e3o 16 os elementos do plantel principal a servi\u00e7o das respetivas sele\u00e7\u00f5es, entre eles Rui Silva, Gon\u00e7alo In\u00e1cio, Pote, Trinc\u00e3o (Portugal); Fresneda (sub\u201121 de Espanha); Vagiannidis (Gr\u00e9cia); Debast (B\u00e9lgica); Diomande (Costa do Marfim); Maxi Ara\u00fajo (Uruguai); Hjulmand (Dinamarca); Jo\u00e3o Sim\u00f5es (sub\u201121 de Portugal); Luis Su\u00e1rez (Col\u00f4mbia); Francisco Silva, Mauro Couto e Rafael Nel (sub\u201120); Fl\u00e1vio Gon\u00e7alves (sub\u201119). Caso estejam livres para trabalhar ficam os guarda-redes Jo\u00e3o Virg\u00ednia e Diego Callai; os Defesas Eduardo Quaresma e Ricardo Mangas; os m\u00e9dios Morita e Daniel Bragan\u00e7a; e os atacantes Geny e Faye.\" \/>\n<meta property=\"og:url\" content=\"https:\/\/portaltela.pt\/noticias\/2026\/03\/23\/rui-borges-concede-dois-dias-de-folga-e-sporting-volta-a-treinar-na-quarta-feira\/\" \/>\n<meta property=\"og:site_name\" content=\"Portal Tela Portugal\" \/>\n<meta property=\"article:published_time\" content=\"2026-03-23T08:09:28+00:00\" \/>\n<meta name=\"author\" content=\"Telinha\" \/>\n<meta name=\"twitter:card\" content=\"summary_large_image\" \/>\n<meta name=\"twitter:label1\" content=\"Escrito por\" \/>\n\t<meta name=\"twitter:data1\" content=\"Telinha\" \/>\n\t<meta name=\"twitter:label2\" content=\"Tempo estimado de leitura\" \/>\n\t<meta name=\"twitter:data2\" content=\"1 minuto\" \/>\n<script type=\"application\/ld+json\" class=\"yoast-schema-graph\">{\"@context\":\"https:\/\/schema.org\",\"@graph\":[{\"@type\":\"Article\",\"@id\":\"https:\/\/portaltela.pt\/noticias\/2026\/03\/23\/rui-borges-concede-dois-dias-de-folga-e-sporting-volta-a-treinar-na-quarta-feira\/#article\",\"isPartOf\":{\"@id\":\"https:\/\/portaltela.pt\/noticias\/2026\/03\/23\/rui-borges-concede-dois-dias-de-folga-e-sporting-volta-a-treinar-na-quarta-feira\/\"},\"author\":{\"name\":\"Telinha\",\"@id\":\"https:\/\/portaltela.pt\/#\/schema\/person\/c4278d4a6028830caff9ee44b42d32ed\"},\"headline\":\"Rui Borges concede dois dias de folga e Sporting volta a treinar na quarta-feira\",\"datePublished\":\"2026-03-23T08:09:28+00:00\",\"mainEntityOfPage\":{\"@id\":\"https:\/\/portaltela.pt\/noticias\/2026\/03\/23\/rui-borges-concede-dois-dias-de-folga-e-sporting-volta-a-treinar-na-quarta-feira\/\"},\"wordCount\":153,\"image\":{\"@id\":\"https:\/\/portaltela.pt\/noticias\/2026\/03\/23\/rui-borges-concede-dois-dias-de-folga-e-sporting-volta-a-treinar-na-quarta-feira\/#primaryimage\"},\"thumbnailUrl\":\"https:\/\/portaltela.pt\/s.01k8rhncp4jt1\/2026\/03\/img_920x518uu2026-03-23-08-09-12-2428840.jpg\",\"keywords\":[\"Alcochete\",\"Alverca\",\"convoca\u00e7\u00f5es\",\"futebol\",\"les\u00f5es\",\"Sporting\"],\"articleSection\":[\"Desporto\",\"Futebol\"],\"inLanguage\":\"pt-PT\"},{\"@type\":\"WebPage\",\"@id\":\"https:\/\/portaltela.pt\/noticias\/2026\/03\/23\/rui-borges-concede-dois-dias-de-folga-e-sporting-volta-a-treinar-na-quarta-feira\/\",\"url\":\"https:\/\/portaltela.pt\/noticias\/2026\/03\/23\/rui-borges-concede-dois-dias-de-folga-e-sporting-volta-a-treinar-na-quarta-feira\/\",\"name\":\"Rui Borges concede dois dias de folga e Sporting volta a treinar na quarta-feira - Portal Tela Portugal\",\"isPartOf\":{\"@id\":\"https:\/\/portaltela.pt\/#website\"},\"primaryImageOfPage\":{\"@id\":\"https:\/\/portaltela.pt\/noticias\/2026\/03\/23\/rui-borges-concede-dois-dias-de-folga-e-sporting-volta-a-treinar-na-quarta-feira\/#primaryimage\"},\"image\":{\"@id\":\"https:\/\/portaltela.pt\/noticias\/2026\/03\/23\/rui-borges-concede-dois-dias-de-folga-e-sporting-volta-a-treinar-na-quarta-feira\/#primaryimage\"},\"thumbnailUrl\":\"https:\/\/portaltela.pt\/s.01k8rhncp4jt1\/2026\/03\/img_920x518uu2026-03-23-08-09-12-2428840.jpg\",\"datePublished\":\"2026-03-23T08:09:28+00:00\",\"author\":{\"@id\":\"https:\/\/portaltela.pt\/#\/schema\/person\/c4278d4a6028830caff9ee44b42d32ed\"},\"breadcrumb\":{\"@id\":\"https:\/\/portaltela.pt\/noticias\/2026\/03\/23\/rui-borges-concede-dois-dias-de-folga-e-sporting-volta-a-treinar-na-quarta-feira\/#breadcrumb\"},\"inLanguage\":\"pt-PT\",\"potentialAction\":[{\"@type\":\"ReadAction\",\"target\":[\"https:\/\/portaltela.pt\/noticias\/2026\/03\/23\/rui-borges-concede-dois-dias-de-folga-e-sporting-volta-a-treinar-na-quarta-feira\/\"]}]},{\"@type\":\"ImageObject\",\"inLanguage\":\"pt-PT\",\"@id\":\"https:\/\/portaltela.pt\/noticias\/2026\/03\/23\/rui-borges-concede-dois-dias-de-folga-e-sporting-volta-a-treinar-na-quarta-feira\/#primaryimage\",\"url\":\"https:\/\/portaltela.pt\/s.01k8rhncp4jt1\/2026\/03\/img_920x518uu2026-03-23-08-09-12-2428840.jpg\",\"contentUrl\":\"https:\/\/portaltela.pt\/s.01k8rhncp4jt1\/2026\/03\/img_920x518uu2026-03-23-08-09-12-2428840.jpg\",\"width\":796,\"height\":448,\"caption\":\"Rui Borges d\u00e1 dois dias de folga ao plantel do Sporting\"},{\"@type\":\"BreadcrumbList\",\"@id\":\"https:\/\/portaltela.pt\/noticias\/2026\/03\/23\/rui-borges-concede-dois-dias-de-folga-e-sporting-volta-a-treinar-na-quarta-feira\/#breadcrumb\",\"itemListElement\":[{\"@type\":\"ListItem\",\"position\":1,\"name\":\"In\u00edcio\",\"item\":\"https:\/\/portaltela.pt\/\"},{\"@type\":\"ListItem\",\"position\":2,\"name\":\"Rui Borges concede dois dias de folga e Sporting volta a treinar na quarta-feira\"}]},{\"@type\":\"WebSite\",\"@id\":\"https:\/\/portaltela.pt\/#website\",\"url\":\"https:\/\/portaltela.pt\/\",\"name\":\"Portal Tela Portugal\",\"description\":\"\",\"potentialAction\":[{\"@type\":\"SearchAction\",\"target\":{\"@type\":\"EntryPoint\",\"urlTemplate\":\"https:\/\/portaltela.pt\/?s={search_term_string}\"},\"query-input\":{\"@type\":\"PropertyValueSpecification\",\"valueRequired\":true,\"valueName\":\"search_term_string\"}}],\"inLanguage\":\"pt-PT\"},{\"@type\":\"Person\",\"@id\":\"https:\/\/portaltela.pt\/#\/schema\/person\/c4278d4a6028830caff9ee44b42d32ed\",\"name\":\"Telinha\",\"image\":{\"@type\":\"ImageObject\",\"inLanguage\":\"pt-PT\",\"@id\":\"https:\/\/portaltela.pt\/s.01k8rhncp4jt1\/2025\/11\/talking-bot-125x125.png\",\"url\":\"https:\/\/portaltela.pt\/s.01k8rhncp4jt1\/2025\/11\/talking-bot-125x125.png\",\"contentUrl\":\"https:\/\/portaltela.pt\/s.01k8rhncp4jt1\/2025\/11\/talking-bot-125x125.png\",\"caption\":\"Telinha\"},\"sameAs\":[\"https:\/\/portaltela.pt\/\"],\"url\":\"https:\/\/portaltela.pt\/por\/367410592786\/\"}]}<\/script>\n<!-- \/ Yoast SEO plugin. -->","yoast_head_json":{"title":"Rui Borges concede dois dias de folga e Sporting volta a treinar na quarta-feira - Portal Tela Portugal","robots":{"index":"index","follow":"follow","max-snippet":"max-snippet:-1","max-image-preview":"max-image-preview:large","max-video-preview":"max-video-preview:-1"},"og_locale":"pt_PT","og_type":"article","og_title":"Rui Borges concede dois dias de folga e Sporting volta a treinar na quarta-feira - Portal Tela Portugal","og_description":"Rui Borges deu dois dias de folga ao plantel do Sporting, com regresso \u00e0 Academia Cristiano Ronaldo, em Alcochete, na quarta-feira, para treino espec\u00edfico para uns e recupera\u00e7\u00e3o para outros. O clube vai reavaliar a les\u00e3o muscular da coxa esquerda de Nuno Santos, ocorrida perto do minuto trinta na visita ao Ribatejo. No boletim cl\u00ednico entram Nuno Santos, Kochorashvili, Lu\u00eds Guilherme e Ioannidis; Quenda tamb\u00e9m consta, mas recupera em Londres e regressa no final do m\u00eas. S\u00e3o 16 os elementos do plantel principal a servi\u00e7o das respetivas sele\u00e7\u00f5es, entre eles Rui Silva, Gon\u00e7alo In\u00e1cio, Pote, Trinc\u00e3o (Portugal); Fresneda (sub\u201121 de Espanha); Vagiannidis (Gr\u00e9cia); Debast (B\u00e9lgica); Diomande (Costa do Marfim); Maxi Ara\u00fajo (Uruguai); Hjulmand (Dinamarca); Jo\u00e3o Sim\u00f5es (sub\u201121 de Portugal); Luis Su\u00e1rez (Col\u00f4mbia); Francisco Silva, Mauro Couto e Rafael Nel (sub\u201120); Fl\u00e1vio Gon\u00e7alves (sub\u201119). Caso estejam livres para trabalhar ficam os guarda-redes Jo\u00e3o Virg\u00ednia e Diego Callai; os Defesas Eduardo Quaresma e Ricardo Mangas; os m\u00e9dios Morita e Daniel Bragan\u00e7a; e os atacantes Geny e Faye.","og_url":"https:\/\/portaltela.pt\/noticias\/2026\/03\/23\/rui-borges-concede-dois-dias-de-folga-e-sporting-volta-a-treinar-na-quarta-feira\/","og_site_name":"Portal Tela Portugal","article_published_time":"2026-03-23T08:09:28+00:00","author":"Telinha","twitter_card":"summary_large_image","twitter_misc":{"Escrito por":"Telinha","Tempo estimado de leitura":"1 minuto"},"schema":{"@context":"https:\/\/schema.org","@graph":[{"@type":"Article","@id":"https:\/\/portaltela.pt\/noticias\/2026\/03\/23\/rui-borges-concede-dois-dias-de-folga-e-sporting-volta-a-treinar-na-quarta-feira\/#article","isPartOf":{"@id":"https:\/\/portaltela.pt\/noticias\/2026\/03\/23\/rui-borges-concede-dois-dias-de-folga-e-sporting-volta-a-treinar-na-quarta-feira\/"},"author":{"name":"Telinha","@id":"https:\/\/portaltela.pt\/#\/schema\/person\/c4278d4a6028830caff9ee44b42d32ed"},"headline":"Rui Borges concede dois dias de folga e Sporting volta a treinar na quarta-feira","datePublished":"2026-03-23T08:09:28+00:00","mainEntityOfPage":{"@id":"https:\/\/portaltela.pt\/noticias\/2026\/03\/23\/rui-borges-concede-dois-dias-de-folga-e-sporting-volta-a-treinar-na-quarta-feira\/"},"wordCount":153,"image":{"@id":"https:\/\/portaltela.pt\/noticias\/2026\/03\/23\/rui-borges-concede-dois-dias-de-folga-e-sporting-volta-a-treinar-na-quarta-feira\/#primaryimage"},"thumbnailUrl":"https:\/\/portaltela.pt\/s.01k8rhncp4jt1\/2026\/03\/img_920x518uu2026-03-23-08-09-12-2428840.jpg","keywords":["Alcochete","Alverca","convoca\u00e7\u00f5es","futebol","les\u00f5es","Sporting"],"articleSection":["Desporto","Futebol"],"inLanguage":"pt-PT"},{"@type":"WebPage","@id":"https:\/\/portaltela.pt\/noticias\/2026\/03\/23\/rui-borges-concede-dois-dias-de-folga-e-sporting-volta-a-treinar-na-quarta-feira\/","url":"https:\/\/portaltela.pt\/noticias\/2026\/03\/23\/rui-borges-concede-dois-dias-de-folga-e-sporting-volta-a-treinar-na-quarta-feira\/","name":"Rui Borges concede dois dias de folga e Sporting volta a treinar na quarta-feira - Portal Tela Portugal","isPartOf":{"@id":"https:\/\/portaltela.pt\/#website"},"primaryImageOfPage":{"@id":"https:\/\/portaltela.pt\/noticias\/2026\/03\/23\/rui-borges-concede-dois-dias-de-folga-e-sporting-volta-a-treinar-na-quarta-feira\/#primaryimage"},"image":{"@id":"https:\/\/portaltela.pt\/noticias\/2026\/03\/23\/rui-borges-concede-dois-dias-de-folga-e-sporting-volta-a-treinar-na-quarta-feira\/#primaryimage"},"thumbnailUrl":"https:\/\/portaltela.pt\/s.01k8rhncp4jt1\/2026\/03\/img_920x518uu2026-03-23-08-09-12-2428840.jpg","datePublished":"2026-03-23T08:09:28+00:00","author":{"@id":"https:\/\/portaltela.pt\/#\/schema\/person\/c4278d4a6028830caff9ee44b42d32ed"},"breadcrumb":{"@id":"https:\/\/portaltela.pt\/noticias\/2026\/03\/23\/rui-borges-concede-dois-dias-de-folga-e-sporting-volta-a-treinar-na-quarta-feira\/#breadcrumb"},"inLanguage":"pt-PT","potentialAction":[{"@type":"ReadAction","target":["https:\/\/portaltela.pt\/noticias\/2026\/03\/23\/rui-borges-concede-dois-dias-de-folga-e-sporting-volta-a-treinar-na-quarta-feira\/"]}]},{"@type":"ImageObject","inLanguage":"pt-PT","@id":"https:\/\/portaltela.pt\/noticias\/2026\/03\/23\/rui-borges-concede-dois-dias-de-folga-e-sporting-volta-a-treinar-na-quarta-feira\/#primaryimage","url":"https:\/\/portaltela.pt\/s.01k8rhncp4jt1\/2026\/03\/img_920x518uu2026-03-23-08-09-12-2428840.jpg","contentUrl":"https:\/\/portaltela.pt\/s.01k8rhncp4jt1\/2026\/03\/img_920x518uu2026-03-23-08-09-12-2428840.jpg","width":796,"height":448,"caption":"Rui Borges d\u00e1 dois dias de folga ao plantel do Sporting"},{"@type":"BreadcrumbList","@id":"https:\/\/portaltela.pt\/noticias\/2026\/03\/23\/rui-borges-concede-dois-dias-de-folga-e-sporting-volta-a-treinar-na-quarta-feira\/#breadcrumb","itemListElement":[{"@type":"ListItem","position":1,"name":"In\u00edcio","item":"https:\/\/portaltela.pt\/"},{"@type":"ListItem","position":2,"name":"Rui Borges concede dois dias de folga e Sporting volta a treinar na quarta-feira"}]},{"@type":"WebSite","@id":"https:\/\/portaltela.pt\/#website","url":"https:\/\/portaltela.pt\/","name":"Portal Tela Portugal","description":"","potentialAction":[{"@type":"SearchAction","target":{"@type":"EntryPoint","urlTemplate":"https:\/\/portaltela.pt\/?s={search_term_string}"},"query-input":{"@type":"PropertyValueSpecification","valueRequired":true,"valueName":"search_term_string"}}],"inLanguage":"pt-PT"},{"@type":"Person","@id":"https:\/\/portaltela.pt\/#\/schema\/person\/c4278d4a6028830caff9ee44b42d32ed","name":"Telinha","image":{"@type":"ImageObject","inLanguage":"pt-PT","@id":"https:\/\/portaltela.pt\/s.01k8rhncp4jt1\/2025\/11\/talking-bot-125x125.png","url":"https:\/\/portaltela.pt\/s.01k8rhncp4jt1\/2025\/11\/talking-bot-125x125.png","contentUrl":"https:\/\/portaltela.pt\/s.01k8rhncp4jt1\/2025\/11\/talking-bot-125x125.png","caption":"Telinha"},"sameAs":["https:\/\/portaltela.pt\/"],"url":"https:\/\/portaltela.pt\/por\/367410592786\/"}]}},"_links":{"self":[{"href":"https:\/\/portaltela.pt\/api\/wp\/v2\/posts\/418122","targetHints":{"allow":["GET"]}}],"collection":[{"href":"https:\/\/portaltela.pt\/api\/wp\/v2\/posts"}],"about":[{"href":"https:\/\/portaltela.pt\/api\/wp\/v2\/types\/post"}],"author":[{"embeddable":true,"href":"https:\/\/portaltela.pt\/api\/wp\/v2\/users\/2"}],"replies":[{"embeddable":true,"href":"https:\/\/portaltela.pt\/api\/wp\/v2\/comments?post=418122"}],"version-history":[{"count":0,"href":"https:\/\/portaltela.pt\/api\/wp\/v2\/posts\/418122\/revisions"}],"wp:featuredmedia":[{"embeddable":true,"href":"https:\/\/portaltela.pt\/api\/wp\/v2\/media\/418127"}],"wp:attachment":[{"href":"https:\/\/portaltela.pt\/api\/wp\/v2\/media?parent=418122"}],"wp:term":[{"taxonomy":"category","embeddable":true,"href":"https:\/\/portaltela.pt\/api\/wp\/v2\/categories?post=418122"},{"taxonomy":"post_tag","embeddable":true,"href":"https:\/\/portaltela.pt\/api\/wp\/v2\/tags?post=418122"}],"curies":[{"name":"wp","href":"https:\/\/api.w.org\/{rel}","templated":true}]}}