{"id":418104,"date":"2026-03-23T04:44:00","date_gmt":"2026-03-23T07:44:00","guid":{"rendered":"https:\/\/portaltela.pt\/noticias\/2026\/03\/23\/relogios-adiantam-uma-hora-na-madrugada-de-domingo-29-de-marco\/"},"modified":"2026-03-23T04:44:00","modified_gmt":"2026-03-23T07:44:00","slug":"relogios-adiantam-uma-hora-na-madrugada-de-domingo-29-de-marco","status":"publish","type":"post","link":"https:\/\/portaltela.pt\/tempo\/2026\/03\/23\/relogios-adiantam-uma-hora-na-madrugada-de-domingo-29-de-marco\/","title":{"rendered":"Rel\u00f3gios adiantam uma hora na madrugada de domingo, 29 de mar\u00e7o"},"content":{"rendered":"<p>O rel\u00f3gio adianta uma hora na madrugada de domingo, dia 29 de mar\u00e7o, passando de 1h para 2h em Portugal continental e na Madeira. O in\u00edcio do hor\u00e1rio de Ver\u00e3o est\u00e1 oficialmente marcado para esse dia.<\/p>\n<p>Na Regi\u00e3o Aut\u00f3noma da Madeira e no continente, a mudan\u00e7a acontece \u00e0s 1h de domingo, avan\u00e7ando para as 2h. Nos A\u00e7ores, a altera\u00e7\u00e3o ocorre \u00e0 meia-noite, passando para a 1h.<\/p>\n<p>A hora legal voltar\u00e1 a mudar em 25 de outubro, com o regresso ao regime de Inverno. O regime atual resulta de uma diretiva comunit\u00e1ria de 2000 que regula as mudan\u00e7as sazonais.<\/p>\n<h3>Contexto europeu<\/h3>\n<p>Desde setembro de 2018, Bruxelas discute o fim da mudan\u00e7a de hora, mas o processo est\u00e1 bloqueado pela falta de acordo entre os Estados-membros. O tema continua em aberto e sem data definida.<\/p>\n<p>A Comiss\u00e3o Europeia informou recentemente que \u00e9 ainda poss\u00edvel alcan\u00e7ar consenso para abolir a pr\u00e1tica. Vai apresentar um estudo sobre o tema ainda este ano, segundo a ag\u00eancia.<\/p>\n","protected":false},"excerpt":{"rendered":"<ul>\n<li>Os rel\u00f3gios em Portugal continental e nas regi\u00f5es aut\u00f3nomas da Madeira e dos A\u00e7ores adiantam uma hora na madrugada de domingo, 29 de Mar\u00e7o, passando de 1h para 2h, na Madeira e no continente, e de 00h para 01h nos A\u00e7ores.<\/li>\n<li>O in\u00edcio do hor\u00e1rio de Ver\u00e3o est\u00e1 previsto para este domingo, com a hora legal a avan\u00e7ar nessas fronteiras regionais; a mudan\u00e7a volta a ocorrer a 25 de Outubro, quando o regime muda para o Inverno.<\/li>\n<li>O regime de mudan\u00e7a da hora \u00e9 regulado por uma directiva da Uni\u00e3o Europeia de 2000, que define avan\u00e7os e atrasos hor\u00e1rios no \u00faltimo domingo de Mar\u00e7o e Outubro.<\/li>\n<li>Em 2018, a Comiss\u00e3o Europeia prop\u00f4s acabar com a mudan\u00e7a sazonal, mas o processo permanece bloqueado por falhas de acordo entre os Estados-membros.<\/li>\n<li>A Comiss\u00e3o Europeia indicou que ainda \u00e9 poss\u00edvel alcan\u00e7ar consenso para terminar com a mudan\u00e7a da hora e afirmou que vai apresentar um estudo sobre o assunto ainda este ano, refor\u00e7ando que \u00e9 vi\u00e1vel chegar a um acordo.<\/li>\n<\/ul>\n","protected":false},"author":2,"featured_media":418109,"comment_status":"closed","ping_status":"closed","sticky":false,"template":"","format":"standard","meta":{"footnotes":""},"categories":[7365],"tags":[822,3901,859,1920,1014],"class_list":["post-418104","post","type-post","status-publish","format-standard","has-post-thumbnail","hentry","category-tempo","tag-acores","tag-horarios","tag-madeira","tag-mudanca-de-hora","tag-portugal"],"yoast_head":"<!-- This site is optimized with the Yoast SEO plugin v27.2 - https:\/\/yoast.com\/product\/yoast-seo-wordpress\/ -->\n<title>Rel\u00f3gios adiantam uma hora na madrugada de domingo, 29 de mar\u00e7o - Portal Tela Portugal<\/title>\n<meta name=\"robots\" content=\"index, follow, max-snippet:-1, max-image-preview:large, max-video-preview:-1\" \/>\n<meta property=\"og:locale\" content=\"pt_PT\" \/>\n<meta property=\"og:type\" content=\"article\" \/>\n<meta property=\"og:title\" content=\"Rel\u00f3gios adiantam uma hora na madrugada de domingo, 29 de mar\u00e7o - Portal Tela Portugal\" \/>\n<meta property=\"og:description\" content=\"Os rel\u00f3gios em Portugal continental e nas regi\u00f5es aut\u00f3nomas da Madeira e dos A\u00e7ores adiantam uma hora na madrugada de domingo, 29 de Mar\u00e7o, passando de 1h para 2h, na Madeira e no continente, e de 00h para 01h nos A\u00e7ores. O in\u00edcio do hor\u00e1rio de Ver\u00e3o est\u00e1 previsto para este domingo, com a hora legal a avan\u00e7ar nessas fronteiras regionais; a mudan\u00e7a volta a ocorrer a 25 de Outubro, quando o regime muda para o Inverno. O regime de mudan\u00e7a da hora \u00e9 regulado por uma directiva da Uni\u00e3o Europeia de 2000, que define avan\u00e7os e atrasos hor\u00e1rios no \u00faltimo domingo de Mar\u00e7o e Outubro. Em 2018, a Comiss\u00e3o Europeia prop\u00f4s acabar com a mudan\u00e7a sazonal, mas o processo permanece bloqueado por falhas de acordo entre os Estados-membros. A Comiss\u00e3o Europeia indicou que ainda \u00e9 poss\u00edvel alcan\u00e7ar consenso para terminar com a mudan\u00e7a da hora e afirmou que vai apresentar um estudo sobre o assunto ainda este ano, refor\u00e7ando que \u00e9 vi\u00e1vel chegar a um acordo.\" \/>\n<meta property=\"og:url\" content=\"https:\/\/portaltela.pt\/noticias\/2026\/03\/23\/relogios-adiantam-uma-hora-na-madrugada-de-domingo-29-de-marco\/\" \/>\n<meta property=\"og:site_name\" content=\"Portal Tela Portugal\" \/>\n<meta property=\"article:published_time\" content=\"2026-03-23T07:44:00+00:00\" \/>\n<meta name=\"author\" content=\"Telinha\" \/>\n<meta name=\"twitter:card\" content=\"summary_large_image\" \/>\n<meta name=\"twitter:label1\" content=\"Escrito por\" \/>\n\t<meta name=\"twitter:data1\" content=\"Telinha\" \/>\n\t<meta name=\"twitter:label2\" content=\"Tempo estimado de leitura\" \/>\n\t<meta name=\"twitter:data2\" content=\"1 minuto\" \/>\n<script type=\"application\/ld+json\" class=\"yoast-schema-graph\">{\"@context\":\"https:\/\/schema.org\",\"@graph\":[{\"@type\":\"Article\",\"@id\":\"https:\/\/portaltela.pt\/noticias\/2026\/03\/23\/relogios-adiantam-uma-hora-na-madrugada-de-domingo-29-de-marco\/#article\",\"isPartOf\":{\"@id\":\"https:\/\/portaltela.pt\/noticias\/2026\/03\/23\/relogios-adiantam-uma-hora-na-madrugada-de-domingo-29-de-marco\/\"},\"author\":{\"name\":\"Telinha\",\"@id\":\"https:\/\/portaltela.pt\/#\/schema\/person\/c4278d4a6028830caff9ee44b42d32ed\"},\"headline\":\"Rel\u00f3gios adiantam uma hora na madrugada de domingo, 29 de mar\u00e7o\",\"datePublished\":\"2026-03-23T07:44:00+00:00\",\"mainEntityOfPage\":{\"@id\":\"https:\/\/portaltela.pt\/noticias\/2026\/03\/23\/relogios-adiantam-uma-hora-na-madrugada-de-domingo-29-de-marco\/\"},\"wordCount\":186,\"image\":{\"@id\":\"https:\/\/portaltela.pt\/noticias\/2026\/03\/23\/relogios-adiantam-uma-hora-na-madrugada-de-domingo-29-de-marco\/#primaryimage\"},\"thumbnailUrl\":\"https:\/\/portaltela.pt\/s.01k8rhncp4jt1\/2026\/03\/2076275.jpg\",\"keywords\":[\"A\u00e7ores\",\"hor\u00e1rios\",\"Madeira\",\"Mudan\u00e7a de hora\",\"Portugal\"],\"articleSection\":[\"Tempo\"],\"inLanguage\":\"pt-PT\"},{\"@type\":\"WebPage\",\"@id\":\"https:\/\/portaltela.pt\/noticias\/2026\/03\/23\/relogios-adiantam-uma-hora-na-madrugada-de-domingo-29-de-marco\/\",\"url\":\"https:\/\/portaltela.pt\/noticias\/2026\/03\/23\/relogios-adiantam-uma-hora-na-madrugada-de-domingo-29-de-marco\/\",\"name\":\"Rel\u00f3gios adiantam uma hora na madrugada de domingo, 29 de mar\u00e7o - Portal Tela Portugal\",\"isPartOf\":{\"@id\":\"https:\/\/portaltela.pt\/#website\"},\"primaryImageOfPage\":{\"@id\":\"https:\/\/portaltela.pt\/noticias\/2026\/03\/23\/relogios-adiantam-uma-hora-na-madrugada-de-domingo-29-de-marco\/#primaryimage\"},\"image\":{\"@id\":\"https:\/\/portaltela.pt\/noticias\/2026\/03\/23\/relogios-adiantam-uma-hora-na-madrugada-de-domingo-29-de-marco\/#primaryimage\"},\"thumbnailUrl\":\"https:\/\/portaltela.pt\/s.01k8rhncp4jt1\/2026\/03\/2076275.jpg\",\"datePublished\":\"2026-03-23T07:44:00+00:00\",\"author\":{\"@id\":\"https:\/\/portaltela.pt\/#\/schema\/person\/c4278d4a6028830caff9ee44b42d32ed\"},\"breadcrumb\":{\"@id\":\"https:\/\/portaltela.pt\/noticias\/2026\/03\/23\/relogios-adiantam-uma-hora-na-madrugada-de-domingo-29-de-marco\/#breadcrumb\"},\"inLanguage\":\"pt-PT\",\"potentialAction\":[{\"@type\":\"ReadAction\",\"target\":[\"https:\/\/portaltela.pt\/noticias\/2026\/03\/23\/relogios-adiantam-uma-hora-na-madrugada-de-domingo-29-de-marco\/\"]}]},{\"@type\":\"ImageObject\",\"inLanguage\":\"pt-PT\",\"@id\":\"https:\/\/portaltela.pt\/noticias\/2026\/03\/23\/relogios-adiantam-uma-hora-na-madrugada-de-domingo-29-de-marco\/#primaryimage\",\"url\":\"https:\/\/portaltela.pt\/s.01k8rhncp4jt1\/2026\/03\/2076275.jpg\",\"contentUrl\":\"https:\/\/portaltela.pt\/s.01k8rhncp4jt1\/2026\/03\/2076275.jpg\",\"width\":796,\"height\":448,\"caption\":\"Portugal continental e as regi\u00f5es aut\u00f3nomas da Madeira e dos A\u00e7ores v\u00e3o adiantar os rel\u00f3gios uma hora na madrugada do pr\u00f3ximo domingo, dando in\u00edcio ao hor\u00e1rio de Ver\u00e3o\"},{\"@type\":\"BreadcrumbList\",\"@id\":\"https:\/\/portaltela.pt\/noticias\/2026\/03\/23\/relogios-adiantam-uma-hora-na-madrugada-de-domingo-29-de-marco\/#breadcrumb\",\"itemListElement\":[{\"@type\":\"ListItem\",\"position\":1,\"name\":\"In\u00edcio\",\"item\":\"https:\/\/portaltela.pt\/\"},{\"@type\":\"ListItem\",\"position\":2,\"name\":\"Rel\u00f3gios adiantam uma hora na madrugada de domingo, 29 de mar\u00e7o\"}]},{\"@type\":\"WebSite\",\"@id\":\"https:\/\/portaltela.pt\/#website\",\"url\":\"https:\/\/portaltela.pt\/\",\"name\":\"Portal Tela Portugal\",\"description\":\"\",\"potentialAction\":[{\"@type\":\"SearchAction\",\"target\":{\"@type\":\"EntryPoint\",\"urlTemplate\":\"https:\/\/portaltela.pt\/?s={search_term_string}\"},\"query-input\":{\"@type\":\"PropertyValueSpecification\",\"valueRequired\":true,\"valueName\":\"search_term_string\"}}],\"inLanguage\":\"pt-PT\"},{\"@type\":\"Person\",\"@id\":\"https:\/\/portaltela.pt\/#\/schema\/person\/c4278d4a6028830caff9ee44b42d32ed\",\"name\":\"Telinha\",\"image\":{\"@type\":\"ImageObject\",\"inLanguage\":\"pt-PT\",\"@id\":\"https:\/\/portaltela.pt\/s.01k8rhncp4jt1\/2025\/11\/talking-bot-125x125.png\",\"url\":\"https:\/\/portaltela.pt\/s.01k8rhncp4jt1\/2025\/11\/talking-bot-125x125.png\",\"contentUrl\":\"https:\/\/portaltela.pt\/s.01k8rhncp4jt1\/2025\/11\/talking-bot-125x125.png\",\"caption\":\"Telinha\"},\"sameAs\":[\"https:\/\/portaltela.pt\/\"],\"url\":\"https:\/\/portaltela.pt\/por\/367410592786\/\"}]}<\/script>\n<!-- \/ Yoast SEO plugin. -->","yoast_head_json":{"title":"Rel\u00f3gios adiantam uma hora na madrugada de domingo, 29 de mar\u00e7o - Portal Tela Portugal","robots":{"index":"index","follow":"follow","max-snippet":"max-snippet:-1","max-image-preview":"max-image-preview:large","max-video-preview":"max-video-preview:-1"},"og_locale":"pt_PT","og_type":"article","og_title":"Rel\u00f3gios adiantam uma hora na madrugada de domingo, 29 de mar\u00e7o - Portal Tela Portugal","og_description":"Os rel\u00f3gios em Portugal continental e nas regi\u00f5es aut\u00f3nomas da Madeira e dos A\u00e7ores adiantam uma hora na madrugada de domingo, 29 de Mar\u00e7o, passando de 1h para 2h, na Madeira e no continente, e de 00h para 01h nos A\u00e7ores. O in\u00edcio do hor\u00e1rio de Ver\u00e3o est\u00e1 previsto para este domingo, com a hora legal a avan\u00e7ar nessas fronteiras regionais; a mudan\u00e7a volta a ocorrer a 25 de Outubro, quando o regime muda para o Inverno. O regime de mudan\u00e7a da hora \u00e9 regulado por uma directiva da Uni\u00e3o Europeia de 2000, que define avan\u00e7os e atrasos hor\u00e1rios no \u00faltimo domingo de Mar\u00e7o e Outubro. Em 2018, a Comiss\u00e3o Europeia prop\u00f4s acabar com a mudan\u00e7a sazonal, mas o processo permanece bloqueado por falhas de acordo entre os Estados-membros. A Comiss\u00e3o Europeia indicou que ainda \u00e9 poss\u00edvel alcan\u00e7ar consenso para terminar com a mudan\u00e7a da hora e afirmou que vai apresentar um estudo sobre o assunto ainda este ano, refor\u00e7ando que \u00e9 vi\u00e1vel chegar a um acordo.","og_url":"https:\/\/portaltela.pt\/noticias\/2026\/03\/23\/relogios-adiantam-uma-hora-na-madrugada-de-domingo-29-de-marco\/","og_site_name":"Portal Tela Portugal","article_published_time":"2026-03-23T07:44:00+00:00","author":"Telinha","twitter_card":"summary_large_image","twitter_misc":{"Escrito por":"Telinha","Tempo estimado de leitura":"1 minuto"},"schema":{"@context":"https:\/\/schema.org","@graph":[{"@type":"Article","@id":"https:\/\/portaltela.pt\/noticias\/2026\/03\/23\/relogios-adiantam-uma-hora-na-madrugada-de-domingo-29-de-marco\/#article","isPartOf":{"@id":"https:\/\/portaltela.pt\/noticias\/2026\/03\/23\/relogios-adiantam-uma-hora-na-madrugada-de-domingo-29-de-marco\/"},"author":{"name":"Telinha","@id":"https:\/\/portaltela.pt\/#\/schema\/person\/c4278d4a6028830caff9ee44b42d32ed"},"headline":"Rel\u00f3gios adiantam uma hora na madrugada de domingo, 29 de mar\u00e7o","datePublished":"2026-03-23T07:44:00+00:00","mainEntityOfPage":{"@id":"https:\/\/portaltela.pt\/noticias\/2026\/03\/23\/relogios-adiantam-uma-hora-na-madrugada-de-domingo-29-de-marco\/"},"wordCount":186,"image":{"@id":"https:\/\/portaltela.pt\/noticias\/2026\/03\/23\/relogios-adiantam-uma-hora-na-madrugada-de-domingo-29-de-marco\/#primaryimage"},"thumbnailUrl":"https:\/\/portaltela.pt\/s.01k8rhncp4jt1\/2026\/03\/2076275.jpg","keywords":["A\u00e7ores","hor\u00e1rios","Madeira","Mudan\u00e7a de hora","Portugal"],"articleSection":["Tempo"],"inLanguage":"pt-PT"},{"@type":"WebPage","@id":"https:\/\/portaltela.pt\/noticias\/2026\/03\/23\/relogios-adiantam-uma-hora-na-madrugada-de-domingo-29-de-marco\/","url":"https:\/\/portaltela.pt\/noticias\/2026\/03\/23\/relogios-adiantam-uma-hora-na-madrugada-de-domingo-29-de-marco\/","name":"Rel\u00f3gios adiantam uma hora na madrugada de domingo, 29 de mar\u00e7o - Portal Tela Portugal","isPartOf":{"@id":"https:\/\/portaltela.pt\/#website"},"primaryImageOfPage":{"@id":"https:\/\/portaltela.pt\/noticias\/2026\/03\/23\/relogios-adiantam-uma-hora-na-madrugada-de-domingo-29-de-marco\/#primaryimage"},"image":{"@id":"https:\/\/portaltela.pt\/noticias\/2026\/03\/23\/relogios-adiantam-uma-hora-na-madrugada-de-domingo-29-de-marco\/#primaryimage"},"thumbnailUrl":"https:\/\/portaltela.pt\/s.01k8rhncp4jt1\/2026\/03\/2076275.jpg","datePublished":"2026-03-23T07:44:00+00:00","author":{"@id":"https:\/\/portaltela.pt\/#\/schema\/person\/c4278d4a6028830caff9ee44b42d32ed"},"breadcrumb":{"@id":"https:\/\/portaltela.pt\/noticias\/2026\/03\/23\/relogios-adiantam-uma-hora-na-madrugada-de-domingo-29-de-marco\/#breadcrumb"},"inLanguage":"pt-PT","potentialAction":[{"@type":"ReadAction","target":["https:\/\/portaltela.pt\/noticias\/2026\/03\/23\/relogios-adiantam-uma-hora-na-madrugada-de-domingo-29-de-marco\/"]}]},{"@type":"ImageObject","inLanguage":"pt-PT","@id":"https:\/\/portaltela.pt\/noticias\/2026\/03\/23\/relogios-adiantam-uma-hora-na-madrugada-de-domingo-29-de-marco\/#primaryimage","url":"https:\/\/portaltela.pt\/s.01k8rhncp4jt1\/2026\/03\/2076275.jpg","contentUrl":"https:\/\/portaltela.pt\/s.01k8rhncp4jt1\/2026\/03\/2076275.jpg","width":796,"height":448,"caption":"Portugal continental e as regi\u00f5es aut\u00f3nomas da Madeira e dos A\u00e7ores v\u00e3o adiantar os rel\u00f3gios uma hora na madrugada do pr\u00f3ximo domingo, dando in\u00edcio ao hor\u00e1rio de Ver\u00e3o"},{"@type":"BreadcrumbList","@id":"https:\/\/portaltela.pt\/noticias\/2026\/03\/23\/relogios-adiantam-uma-hora-na-madrugada-de-domingo-29-de-marco\/#breadcrumb","itemListElement":[{"@type":"ListItem","position":1,"name":"In\u00edcio","item":"https:\/\/portaltela.pt\/"},{"@type":"ListItem","position":2,"name":"Rel\u00f3gios adiantam uma hora na madrugada de domingo, 29 de mar\u00e7o"}]},{"@type":"WebSite","@id":"https:\/\/portaltela.pt\/#website","url":"https:\/\/portaltela.pt\/","name":"Portal Tela Portugal","description":"","potentialAction":[{"@type":"SearchAction","target":{"@type":"EntryPoint","urlTemplate":"https:\/\/portaltela.pt\/?s={search_term_string}"},"query-input":{"@type":"PropertyValueSpecification","valueRequired":true,"valueName":"search_term_string"}}],"inLanguage":"pt-PT"},{"@type":"Person","@id":"https:\/\/portaltela.pt\/#\/schema\/person\/c4278d4a6028830caff9ee44b42d32ed","name":"Telinha","image":{"@type":"ImageObject","inLanguage":"pt-PT","@id":"https:\/\/portaltela.pt\/s.01k8rhncp4jt1\/2025\/11\/talking-bot-125x125.png","url":"https:\/\/portaltela.pt\/s.01k8rhncp4jt1\/2025\/11\/talking-bot-125x125.png","contentUrl":"https:\/\/portaltela.pt\/s.01k8rhncp4jt1\/2025\/11\/talking-bot-125x125.png","caption":"Telinha"},"sameAs":["https:\/\/portaltela.pt\/"],"url":"https:\/\/portaltela.pt\/por\/367410592786\/"}]}},"_links":{"self":[{"href":"https:\/\/portaltela.pt\/api\/wp\/v2\/posts\/418104","targetHints":{"allow":["GET"]}}],"collection":[{"href":"https:\/\/portaltela.pt\/api\/wp\/v2\/posts"}],"about":[{"href":"https:\/\/portaltela.pt\/api\/wp\/v2\/types\/post"}],"author":[{"embeddable":true,"href":"https:\/\/portaltela.pt\/api\/wp\/v2\/users\/2"}],"replies":[{"embeddable":true,"href":"https:\/\/portaltela.pt\/api\/wp\/v2\/comments?post=418104"}],"version-history":[{"count":0,"href":"https:\/\/portaltela.pt\/api\/wp\/v2\/posts\/418104\/revisions"}],"wp:featuredmedia":[{"embeddable":true,"href":"https:\/\/portaltela.pt\/api\/wp\/v2\/media\/418109"}],"wp:attachment":[{"href":"https:\/\/portaltela.pt\/api\/wp\/v2\/media?parent=418104"}],"wp:term":[{"taxonomy":"category","embeddable":true,"href":"https:\/\/portaltela.pt\/api\/wp\/v2\/categories?post=418104"},{"taxonomy":"post_tag","embeddable":true,"href":"https:\/\/portaltela.pt\/api\/wp\/v2\/tags?post=418104"}],"curies":[{"name":"wp","href":"https:\/\/api.w.org\/{rel}","templated":true}]}}