{"id":418087,"date":"2026-03-23T04:34:00","date_gmt":"2026-03-23T07:34:00","guid":{"rendered":"https:\/\/portaltela.pt\/noticias\/2026\/03\/23\/policia-de-londres-investiga-incendio-de-ambulancia-como-crime-antissemita\/"},"modified":"2026-03-23T04:34:00","modified_gmt":"2026-03-23T07:34:00","slug":"policia-de-londres-investiga-incendio-de-ambulancia-como-crime-antissemita","status":"publish","type":"post","link":"https:\/\/portaltela.pt\/policia\/2026\/03\/23\/policia-de-londres-investiga-incendio-de-ambulancia-como-crime-antissemita\/","title":{"rendered":"Pol\u00edcia de Londres investiga inc\u00eandio de ambul\u00e2ncia como crime antissemita"},"content":{"rendered":"<p>A pol\u00edcia de Londres est\u00e1 a investigar um alegado crime de \u00f3dio antissemita depois de ve\u00edculos de um servi\u00e7o de ambul\u00e2ncias judaico terem sido incendiados na segunda-feira, em Golders Green. A ocorr\u00eancia ocorreu num bairro com uma grande comunidade judaica, e as autoridades consideram a hip\u00f3tese de motiva\u00e7\u00e3o antissemita.<\/p>\n<p>Quatro ambul\u00e2ncias da Hatzola Northwest, organiza\u00e7\u00e3o volunt\u00e1ria que presta servi\u00e7os de emerg\u00eancia m\u00e9dica \u00e0 comunidade judaica, ficaram danificadas, segundo os bombeiros de Londres. N\u00e3o h\u00e1 confirma\u00e7\u00e3o de feridos no incidente.<\/p>\n<p>A investiga\u00e7\u00e3o policial foca-se na possibilidade de o inc\u00eandio ter sido deliberado e motivado por \u00f3dio religioso. At\u00e9 ao momento, as autoridades n\u00e3o divulgaram detalhes adicionais sobre poss\u00edveis suspeitos ou pistas, mantendo o foco na recolha de evid\u00eancias no local.<\/p>\n","protected":false},"excerpt":{"rendered":"<ul>\n<li>A pol\u00edcia de Londres investiga um crime de \u00f3dio antissemita ligado ao inc\u00eandio de ambul\u00e2ncias de uma organiza\u00e7\u00e3o judaica.<\/li>\n<li>O incidente ocorreu em Golders Green, bairro com grande comunidade judaica na capital inglesa.<\/li>\n<li>Quatro ambul\u00e2ncias da Hatzola Northwest ficaram danificadas, segundo os bombeiros de Londres.<\/li>\n<li>A investiga\u00e7\u00e3o considera o fogo um poss\u00edvel crime antissemita e est\u00e1 a decorrer nesta segunda-feira.<\/li>\n<\/ul>\n","protected":false},"author":2,"featured_media":418089,"comment_status":"closed","ping_status":"closed","sticky":false,"template":"","format":"standard","meta":{"footnotes":""},"categories":[6907,6781],"tags":[1383,3696,2617,2376,250,5761],"class_list":["post-418087","post","type-post","status-publish","format-standard","has-post-thumbnail","hentry","category-crime","category-policia","tag-antissemitismo","tag-crime-de-odio","tag-incendios","tag-londres","tag-seguranca-publica","tag-servicos-de-saude"],"yoast_head":"<!-- This site is optimized with the Yoast SEO plugin v27.2 - https:\/\/yoast.com\/product\/yoast-seo-wordpress\/ -->\n<title>Pol\u00edcia de Londres investiga inc\u00eandio de ambul\u00e2ncia como crime antissemita - Portal Tela Portugal<\/title>\n<meta name=\"robots\" content=\"index, follow, max-snippet:-1, max-image-preview:large, max-video-preview:-1\" \/>\n<meta property=\"og:locale\" content=\"pt_PT\" \/>\n<meta property=\"og:type\" content=\"article\" \/>\n<meta property=\"og:title\" content=\"Pol\u00edcia de Londres investiga inc\u00eandio de ambul\u00e2ncia como crime antissemita - Portal Tela Portugal\" \/>\n<meta property=\"og:description\" content=\"A pol\u00edcia de Londres investiga um crime de \u00f3dio antissemita ligado ao inc\u00eandio de ambul\u00e2ncias de uma organiza\u00e7\u00e3o judaica. O incidente ocorreu em Golders Green, bairro com grande comunidade judaica na capital inglesa. Quatro ambul\u00e2ncias da Hatzola Northwest ficaram danificadas, segundo os bombeiros de Londres. A investiga\u00e7\u00e3o considera o fogo um poss\u00edvel crime antissemita e est\u00e1 a decorrer nesta segunda-feira.\" \/>\n<meta property=\"og:url\" content=\"https:\/\/portaltela.pt\/noticias\/2026\/03\/23\/policia-de-londres-investiga-incendio-de-ambulancia-como-crime-antissemita\/\" \/>\n<meta property=\"og:site_name\" content=\"Portal Tela Portugal\" \/>\n<meta property=\"article:published_time\" content=\"2026-03-23T07:34:00+00:00\" \/>\n<meta name=\"author\" content=\"Telinha\" \/>\n<meta name=\"twitter:card\" content=\"summary_large_image\" \/>\n<meta name=\"twitter:label1\" content=\"Escrito por\" \/>\n\t<meta name=\"twitter:data1\" content=\"Telinha\" \/>\n\t<meta name=\"twitter:label2\" content=\"Tempo estimado de leitura\" \/>\n\t<meta name=\"twitter:data2\" content=\"1 minuto\" \/>\n<script type=\"application\/ld+json\" class=\"yoast-schema-graph\">{\"@context\":\"https:\/\/schema.org\",\"@graph\":[{\"@type\":\"Article\",\"@id\":\"https:\/\/portaltela.pt\/noticias\/2026\/03\/23\/policia-de-londres-investiga-incendio-de-ambulancia-como-crime-antissemita\/#article\",\"isPartOf\":{\"@id\":\"https:\/\/portaltela.pt\/noticias\/2026\/03\/23\/policia-de-londres-investiga-incendio-de-ambulancia-como-crime-antissemita\/\"},\"author\":{\"name\":\"Telinha\",\"@id\":\"https:\/\/portaltela.pt\/#\/schema\/person\/c4278d4a6028830caff9ee44b42d32ed\"},\"headline\":\"Pol\u00edcia de Londres investiga inc\u00eandio de ambul\u00e2ncia como crime antissemita\",\"datePublished\":\"2026-03-23T07:34:00+00:00\",\"mainEntityOfPage\":{\"@id\":\"https:\/\/portaltela.pt\/noticias\/2026\/03\/23\/policia-de-londres-investiga-incendio-de-ambulancia-como-crime-antissemita\/\"},\"wordCount\":151,\"image\":{\"@id\":\"https:\/\/portaltela.pt\/noticias\/2026\/03\/23\/policia-de-londres-investiga-incendio-de-ambulancia-como-crime-antissemita\/#primaryimage\"},\"thumbnailUrl\":\"https:\/\/portaltela.pt\/s.01k8rhncp4jt1\/2026\/03\/img_1500x1000uu2026-03-23-07-33-05-2274244.jpg\",\"keywords\":[\"antissemitismo\",\"crime de \u00f3dio\",\"inc\u00eandios\",\"Londres\",\"seguran\u00e7a p\u00fablica\",\"servi\u00e7os de sa\u00fade\"],\"articleSection\":[\"Crime\",\"Pol\u00edcia\"],\"inLanguage\":\"pt-PT\"},{\"@type\":\"WebPage\",\"@id\":\"https:\/\/portaltela.pt\/noticias\/2026\/03\/23\/policia-de-londres-investiga-incendio-de-ambulancia-como-crime-antissemita\/\",\"url\":\"https:\/\/portaltela.pt\/noticias\/2026\/03\/23\/policia-de-londres-investiga-incendio-de-ambulancia-como-crime-antissemita\/\",\"name\":\"Pol\u00edcia de Londres investiga inc\u00eandio de ambul\u00e2ncia como crime antissemita - Portal Tela Portugal\",\"isPartOf\":{\"@id\":\"https:\/\/portaltela.pt\/#website\"},\"primaryImageOfPage\":{\"@id\":\"https:\/\/portaltela.pt\/noticias\/2026\/03\/23\/policia-de-londres-investiga-incendio-de-ambulancia-como-crime-antissemita\/#primaryimage\"},\"image\":{\"@id\":\"https:\/\/portaltela.pt\/noticias\/2026\/03\/23\/policia-de-londres-investiga-incendio-de-ambulancia-como-crime-antissemita\/#primaryimage\"},\"thumbnailUrl\":\"https:\/\/portaltela.pt\/s.01k8rhncp4jt1\/2026\/03\/img_1500x1000uu2026-03-23-07-33-05-2274244.jpg\",\"datePublished\":\"2026-03-23T07:34:00+00:00\",\"author\":{\"@id\":\"https:\/\/portaltela.pt\/#\/schema\/person\/c4278d4a6028830caff9ee44b42d32ed\"},\"breadcrumb\":{\"@id\":\"https:\/\/portaltela.pt\/noticias\/2026\/03\/23\/policia-de-londres-investiga-incendio-de-ambulancia-como-crime-antissemita\/#breadcrumb\"},\"inLanguage\":\"pt-PT\",\"potentialAction\":[{\"@type\":\"ReadAction\",\"target\":[\"https:\/\/portaltela.pt\/noticias\/2026\/03\/23\/policia-de-londres-investiga-incendio-de-ambulancia-como-crime-antissemita\/\"]}]},{\"@type\":\"ImageObject\",\"inLanguage\":\"pt-PT\",\"@id\":\"https:\/\/portaltela.pt\/noticias\/2026\/03\/23\/policia-de-londres-investiga-incendio-de-ambulancia-como-crime-antissemita\/#primaryimage\",\"url\":\"https:\/\/portaltela.pt\/s.01k8rhncp4jt1\/2026\/03\/img_1500x1000uu2026-03-23-07-33-05-2274244.jpg\",\"contentUrl\":\"https:\/\/portaltela.pt\/s.01k8rhncp4jt1\/2026\/03\/img_1500x1000uu2026-03-23-07-33-05-2274244.jpg\",\"width\":796,\"height\":448,\"caption\":\"Pol\u00edcia de Londres investiga inc\u00eandio de ambul\u00e2ncia como crime antissemita\"},{\"@type\":\"BreadcrumbList\",\"@id\":\"https:\/\/portaltela.pt\/noticias\/2026\/03\/23\/policia-de-londres-investiga-incendio-de-ambulancia-como-crime-antissemita\/#breadcrumb\",\"itemListElement\":[{\"@type\":\"ListItem\",\"position\":1,\"name\":\"In\u00edcio\",\"item\":\"https:\/\/portaltela.pt\/\"},{\"@type\":\"ListItem\",\"position\":2,\"name\":\"Pol\u00edcia de Londres investiga inc\u00eandio de ambul\u00e2ncia como crime antissemita\"}]},{\"@type\":\"WebSite\",\"@id\":\"https:\/\/portaltela.pt\/#website\",\"url\":\"https:\/\/portaltela.pt\/\",\"name\":\"Portal Tela Portugal\",\"description\":\"\",\"potentialAction\":[{\"@type\":\"SearchAction\",\"target\":{\"@type\":\"EntryPoint\",\"urlTemplate\":\"https:\/\/portaltela.pt\/?s={search_term_string}\"},\"query-input\":{\"@type\":\"PropertyValueSpecification\",\"valueRequired\":true,\"valueName\":\"search_term_string\"}}],\"inLanguage\":\"pt-PT\"},{\"@type\":\"Person\",\"@id\":\"https:\/\/portaltela.pt\/#\/schema\/person\/c4278d4a6028830caff9ee44b42d32ed\",\"name\":\"Telinha\",\"image\":{\"@type\":\"ImageObject\",\"inLanguage\":\"pt-PT\",\"@id\":\"https:\/\/portaltela.pt\/s.01k8rhncp4jt1\/2025\/11\/talking-bot-125x125.png\",\"url\":\"https:\/\/portaltela.pt\/s.01k8rhncp4jt1\/2025\/11\/talking-bot-125x125.png\",\"contentUrl\":\"https:\/\/portaltela.pt\/s.01k8rhncp4jt1\/2025\/11\/talking-bot-125x125.png\",\"caption\":\"Telinha\"},\"sameAs\":[\"https:\/\/portaltela.pt\/\"],\"url\":\"https:\/\/portaltela.pt\/por\/367410592786\/\"}]}<\/script>\n<!-- \/ Yoast SEO plugin. -->","yoast_head_json":{"title":"Pol\u00edcia de Londres investiga inc\u00eandio de ambul\u00e2ncia como crime antissemita - Portal Tela Portugal","robots":{"index":"index","follow":"follow","max-snippet":"max-snippet:-1","max-image-preview":"max-image-preview:large","max-video-preview":"max-video-preview:-1"},"og_locale":"pt_PT","og_type":"article","og_title":"Pol\u00edcia de Londres investiga inc\u00eandio de ambul\u00e2ncia como crime antissemita - Portal Tela Portugal","og_description":"A pol\u00edcia de Londres investiga um crime de \u00f3dio antissemita ligado ao inc\u00eandio de ambul\u00e2ncias de uma organiza\u00e7\u00e3o judaica. O incidente ocorreu em Golders Green, bairro com grande comunidade judaica na capital inglesa. Quatro ambul\u00e2ncias da Hatzola Northwest ficaram danificadas, segundo os bombeiros de Londres. A investiga\u00e7\u00e3o considera o fogo um poss\u00edvel crime antissemita e est\u00e1 a decorrer nesta segunda-feira.","og_url":"https:\/\/portaltela.pt\/noticias\/2026\/03\/23\/policia-de-londres-investiga-incendio-de-ambulancia-como-crime-antissemita\/","og_site_name":"Portal Tela Portugal","article_published_time":"2026-03-23T07:34:00+00:00","author":"Telinha","twitter_card":"summary_large_image","twitter_misc":{"Escrito por":"Telinha","Tempo estimado de leitura":"1 minuto"},"schema":{"@context":"https:\/\/schema.org","@graph":[{"@type":"Article","@id":"https:\/\/portaltela.pt\/noticias\/2026\/03\/23\/policia-de-londres-investiga-incendio-de-ambulancia-como-crime-antissemita\/#article","isPartOf":{"@id":"https:\/\/portaltela.pt\/noticias\/2026\/03\/23\/policia-de-londres-investiga-incendio-de-ambulancia-como-crime-antissemita\/"},"author":{"name":"Telinha","@id":"https:\/\/portaltela.pt\/#\/schema\/person\/c4278d4a6028830caff9ee44b42d32ed"},"headline":"Pol\u00edcia de Londres investiga inc\u00eandio de ambul\u00e2ncia como crime antissemita","datePublished":"2026-03-23T07:34:00+00:00","mainEntityOfPage":{"@id":"https:\/\/portaltela.pt\/noticias\/2026\/03\/23\/policia-de-londres-investiga-incendio-de-ambulancia-como-crime-antissemita\/"},"wordCount":151,"image":{"@id":"https:\/\/portaltela.pt\/noticias\/2026\/03\/23\/policia-de-londres-investiga-incendio-de-ambulancia-como-crime-antissemita\/#primaryimage"},"thumbnailUrl":"https:\/\/portaltela.pt\/s.01k8rhncp4jt1\/2026\/03\/img_1500x1000uu2026-03-23-07-33-05-2274244.jpg","keywords":["antissemitismo","crime de \u00f3dio","inc\u00eandios","Londres","seguran\u00e7a p\u00fablica","servi\u00e7os de sa\u00fade"],"articleSection":["Crime","Pol\u00edcia"],"inLanguage":"pt-PT"},{"@type":"WebPage","@id":"https:\/\/portaltela.pt\/noticias\/2026\/03\/23\/policia-de-londres-investiga-incendio-de-ambulancia-como-crime-antissemita\/","url":"https:\/\/portaltela.pt\/noticias\/2026\/03\/23\/policia-de-londres-investiga-incendio-de-ambulancia-como-crime-antissemita\/","name":"Pol\u00edcia de Londres investiga inc\u00eandio de ambul\u00e2ncia como crime antissemita - Portal Tela Portugal","isPartOf":{"@id":"https:\/\/portaltela.pt\/#website"},"primaryImageOfPage":{"@id":"https:\/\/portaltela.pt\/noticias\/2026\/03\/23\/policia-de-londres-investiga-incendio-de-ambulancia-como-crime-antissemita\/#primaryimage"},"image":{"@id":"https:\/\/portaltela.pt\/noticias\/2026\/03\/23\/policia-de-londres-investiga-incendio-de-ambulancia-como-crime-antissemita\/#primaryimage"},"thumbnailUrl":"https:\/\/portaltela.pt\/s.01k8rhncp4jt1\/2026\/03\/img_1500x1000uu2026-03-23-07-33-05-2274244.jpg","datePublished":"2026-03-23T07:34:00+00:00","author":{"@id":"https:\/\/portaltela.pt\/#\/schema\/person\/c4278d4a6028830caff9ee44b42d32ed"},"breadcrumb":{"@id":"https:\/\/portaltela.pt\/noticias\/2026\/03\/23\/policia-de-londres-investiga-incendio-de-ambulancia-como-crime-antissemita\/#breadcrumb"},"inLanguage":"pt-PT","potentialAction":[{"@type":"ReadAction","target":["https:\/\/portaltela.pt\/noticias\/2026\/03\/23\/policia-de-londres-investiga-incendio-de-ambulancia-como-crime-antissemita\/"]}]},{"@type":"ImageObject","inLanguage":"pt-PT","@id":"https:\/\/portaltela.pt\/noticias\/2026\/03\/23\/policia-de-londres-investiga-incendio-de-ambulancia-como-crime-antissemita\/#primaryimage","url":"https:\/\/portaltela.pt\/s.01k8rhncp4jt1\/2026\/03\/img_1500x1000uu2026-03-23-07-33-05-2274244.jpg","contentUrl":"https:\/\/portaltela.pt\/s.01k8rhncp4jt1\/2026\/03\/img_1500x1000uu2026-03-23-07-33-05-2274244.jpg","width":796,"height":448,"caption":"Pol\u00edcia de Londres investiga inc\u00eandio de ambul\u00e2ncia como crime antissemita"},{"@type":"BreadcrumbList","@id":"https:\/\/portaltela.pt\/noticias\/2026\/03\/23\/policia-de-londres-investiga-incendio-de-ambulancia-como-crime-antissemita\/#breadcrumb","itemListElement":[{"@type":"ListItem","position":1,"name":"In\u00edcio","item":"https:\/\/portaltela.pt\/"},{"@type":"ListItem","position":2,"name":"Pol\u00edcia de Londres investiga inc\u00eandio de ambul\u00e2ncia como crime antissemita"}]},{"@type":"WebSite","@id":"https:\/\/portaltela.pt\/#website","url":"https:\/\/portaltela.pt\/","name":"Portal Tela Portugal","description":"","potentialAction":[{"@type":"SearchAction","target":{"@type":"EntryPoint","urlTemplate":"https:\/\/portaltela.pt\/?s={search_term_string}"},"query-input":{"@type":"PropertyValueSpecification","valueRequired":true,"valueName":"search_term_string"}}],"inLanguage":"pt-PT"},{"@type":"Person","@id":"https:\/\/portaltela.pt\/#\/schema\/person\/c4278d4a6028830caff9ee44b42d32ed","name":"Telinha","image":{"@type":"ImageObject","inLanguage":"pt-PT","@id":"https:\/\/portaltela.pt\/s.01k8rhncp4jt1\/2025\/11\/talking-bot-125x125.png","url":"https:\/\/portaltela.pt\/s.01k8rhncp4jt1\/2025\/11\/talking-bot-125x125.png","contentUrl":"https:\/\/portaltela.pt\/s.01k8rhncp4jt1\/2025\/11\/talking-bot-125x125.png","caption":"Telinha"},"sameAs":["https:\/\/portaltela.pt\/"],"url":"https:\/\/portaltela.pt\/por\/367410592786\/"}]}},"_links":{"self":[{"href":"https:\/\/portaltela.pt\/api\/wp\/v2\/posts\/418087","targetHints":{"allow":["GET"]}}],"collection":[{"href":"https:\/\/portaltela.pt\/api\/wp\/v2\/posts"}],"about":[{"href":"https:\/\/portaltela.pt\/api\/wp\/v2\/types\/post"}],"author":[{"embeddable":true,"href":"https:\/\/portaltela.pt\/api\/wp\/v2\/users\/2"}],"replies":[{"embeddable":true,"href":"https:\/\/portaltela.pt\/api\/wp\/v2\/comments?post=418087"}],"version-history":[{"count":0,"href":"https:\/\/portaltela.pt\/api\/wp\/v2\/posts\/418087\/revisions"}],"wp:featuredmedia":[{"embeddable":true,"href":"https:\/\/portaltela.pt\/api\/wp\/v2\/media\/418089"}],"wp:attachment":[{"href":"https:\/\/portaltela.pt\/api\/wp\/v2\/media?parent=418087"}],"wp:term":[{"taxonomy":"category","embeddable":true,"href":"https:\/\/portaltela.pt\/api\/wp\/v2\/categories?post=418087"},{"taxonomy":"post_tag","embeddable":true,"href":"https:\/\/portaltela.pt\/api\/wp\/v2\/tags?post=418087"}],"curies":[{"name":"wp","href":"https:\/\/api.w.org\/{rel}","templated":true}]}}