{"id":418067,"date":"2026-03-23T04:02:00","date_gmt":"2026-03-23T07:02:00","guid":{"rendered":"https:\/\/portaltela.pt\/noticias\/2026\/03\/23\/artes-performativas-ganham-espaco-no-algarve-mas-falta-visao-estrategica\/"},"modified":"2026-03-23T04:02:00","modified_gmt":"2026-03-23T07:02:00","slug":"artes-performativas-ganham-espaco-no-algarve-mas-falta-visao-estrategica","status":"publish","type":"post","link":"https:\/\/portaltela.pt\/noticias\/2026\/03\/23\/artes-performativas-ganham-espaco-no-algarve-mas-falta-visao-estrategica\/","title":{"rendered":"Artes performativas ganham espa\u00e7o no Algarve, mas falta vis\u00e3o estrat\u00e9gica"},"content":{"rendered":"<p>Nos \u00faltimos 15 anos, o Algarve assistiu ao surgimento de v\u00e1rias estruturas de cria\u00e7\u00e3o de artes performativas, novos espet\u00e1culos e festivais. O dinamismo cresceu e tamb\u00e9m o p\u00fablico, mas persiste a falta de uma estrat\u00e9gia regional.<\/p>\n<p>A expans\u00e3o ocorreu em paralelo com um incremento de espa\u00e7os dedicados \u00e0 cria\u00e7\u00e3o, programa\u00e7\u00e3o e apresenta\u00e7\u00e3o de espet\u00e1culos. O cen\u00e1rio regional ganha relev\u00e2ncia, mas ainda depende de iniciativas dispersas sem uma vis\u00e3o integrada.<\/p>\n<p>Em termos de espa\u00e7o, a narrativa de transforma\u00e7\u00e3o de locais mostra criatividade e adapta\u00e7\u00e3o. Uma antiga loja de noivas passou a acolher atividades culturais, com sala forrada a tecido negro e espa\u00e7o vers\u00e1til que pode funcionar como palco, bancada ou clube de jazz.<\/p>\n<p>Noutro espa\u00e7o, uma antiga arrecada\u00e7\u00e3o integrou um camarim, uma casa de banho com \u00e1gua quente e uma entrada independente, al\u00e9m de uma \u00e1rea com kitchenette. Estas altera\u00e7\u00f5es evidenciam o esfor\u00e7o de tornar o patrim\u00f3nio funcional para uso art\u00edstico.<\/p>\n<h3>Desafios estrat\u00e9gicos<\/h3>\n<p>Apesar do crescimento recente, persiste a aus\u00eancia de uma vis\u00e3o estrat\u00e9gica a n\u00edvel regional. O fen\u00f3meno \u00e9 marcado por iniciativas locais e tempor\u00e1rias, sem um plano que alinhe financiamento, programa\u00e7\u00e3o e desenvolvimento de p\u00fablicos.<\/p>\n<p>Especialistas apontam a necessidade de articula\u00e7\u00e3o entre munic\u00edpios, produtores e entidades p\u00fablicas para sustentar o impulso. A meta passa por consolidar estruturas est\u00e1veis e facilitar trajet\u00f3rias de artistas locais.<\/p>\n","protected":false},"excerpt":{"rendered":"<ul>\n<li>Nos \u00faltimos quinze anos, surgiram v\u00e1rias estruturas de cria\u00e7\u00e3o de artes performativas no Algarve, com novos espet\u00e1culos e festivais.<\/li>\n<li>H\u00e1 maior dinamismo e p\u00fablico, mas continua sem uma vis\u00e3o estrat\u00e9gica regional.<\/li>\n<li>A not\u00edcia descreve a transforma\u00e7\u00e3o de uma loja de noivas, onde o espa\u00e7o virou sala forrada a tecido negro, que pode funcionar como palco ou bancada.<\/li>\n<li>A sala pode acolher uma roda de espectadores ou um clube de jazz, com mesas, cadeiras e uma contribui\u00e7\u00e3o livre, potencialmente com um copo de vinho.<\/li>\n<li>Na antiga arrecada\u00e7\u00e3o criou-se um camarim, com casa de banho interior com \u00e1gua quente, entrada independente e zona com kitchenette.<\/li>\n<\/ul>\n","protected":false},"author":2,"featured_media":418070,"comment_status":"closed","ping_status":"closed","sticky":false,"template":"","format":"standard","meta":{"footnotes":""},"categories":[7375,1],"tags":[928,70,1409,107,814,1923],"class_list":["post-418067","post","type-post","status-publish","format-standard","has-post-thumbnail","hentry","category-cultura","category-noticias","tag-algarve","tag-arte","tag-desenvolvimento-regional","tag-festivais","tag-patrimonio","tag-programacao"],"yoast_head":"<!-- This site is optimized with the Yoast SEO plugin v27.2 - https:\/\/yoast.com\/product\/yoast-seo-wordpress\/ -->\n<title>Artes performativas ganham espa\u00e7o no Algarve, mas falta vis\u00e3o estrat\u00e9gica - Portal Tela Portugal<\/title>\n<meta name=\"robots\" content=\"index, follow, max-snippet:-1, max-image-preview:large, max-video-preview:-1\" \/>\n<meta property=\"og:locale\" content=\"pt_PT\" \/>\n<meta property=\"og:type\" content=\"article\" \/>\n<meta property=\"og:title\" content=\"Artes performativas ganham espa\u00e7o no Algarve, mas falta vis\u00e3o estrat\u00e9gica - Portal Tela Portugal\" \/>\n<meta property=\"og:description\" content=\"Nos \u00faltimos quinze anos, surgiram v\u00e1rias estruturas de cria\u00e7\u00e3o de artes performativas no Algarve, com novos espet\u00e1culos e festivais. H\u00e1 maior dinamismo e p\u00fablico, mas continua sem uma vis\u00e3o estrat\u00e9gica regional. A not\u00edcia descreve a transforma\u00e7\u00e3o de uma loja de noivas, onde o espa\u00e7o virou sala forrada a tecido negro, que pode funcionar como palco ou bancada. A sala pode acolher uma roda de espectadores ou um clube de jazz, com mesas, cadeiras e uma contribui\u00e7\u00e3o livre, potencialmente com um copo de vinho. Na antiga arrecada\u00e7\u00e3o criou-se um camarim, com casa de banho interior com \u00e1gua quente, entrada independente e zona com kitchenette.\" \/>\n<meta property=\"og:url\" content=\"https:\/\/portaltela.pt\/noticias\/2026\/03\/23\/artes-performativas-ganham-espaco-no-algarve-mas-falta-visao-estrategica\/\" \/>\n<meta property=\"og:site_name\" content=\"Portal Tela Portugal\" \/>\n<meta property=\"article:published_time\" content=\"2026-03-23T07:02:00+00:00\" \/>\n<meta name=\"author\" content=\"Telinha\" \/>\n<meta name=\"twitter:card\" content=\"summary_large_image\" \/>\n<meta name=\"twitter:label1\" content=\"Escrito por\" \/>\n\t<meta name=\"twitter:data1\" content=\"Telinha\" \/>\n\t<meta name=\"twitter:label2\" content=\"Tempo estimado de leitura\" \/>\n\t<meta name=\"twitter:data2\" content=\"1 minuto\" \/>\n<script type=\"application\/ld+json\" class=\"yoast-schema-graph\">{\"@context\":\"https:\/\/schema.org\",\"@graph\":[{\"@type\":\"Article\",\"@id\":\"https:\/\/portaltela.pt\/noticias\/2026\/03\/23\/artes-performativas-ganham-espaco-no-algarve-mas-falta-visao-estrategica\/#article\",\"isPartOf\":{\"@id\":\"https:\/\/portaltela.pt\/noticias\/2026\/03\/23\/artes-performativas-ganham-espaco-no-algarve-mas-falta-visao-estrategica\/\"},\"author\":{\"name\":\"Telinha\",\"@id\":\"https:\/\/portaltela.pt\/#\/schema\/person\/c4278d4a6028830caff9ee44b42d32ed\"},\"headline\":\"Artes performativas ganham espa\u00e7o no Algarve, mas falta vis\u00e3o estrat\u00e9gica\",\"datePublished\":\"2026-03-23T07:02:00+00:00\",\"mainEntityOfPage\":{\"@id\":\"https:\/\/portaltela.pt\/noticias\/2026\/03\/23\/artes-performativas-ganham-espaco-no-algarve-mas-falta-visao-estrategica\/\"},\"wordCount\":266,\"image\":{\"@id\":\"https:\/\/portaltela.pt\/noticias\/2026\/03\/23\/artes-performativas-ganham-espaco-no-algarve-mas-falta-visao-estrategica\/#primaryimage\"},\"thumbnailUrl\":\"https:\/\/portaltela.pt\/s.01k8rhncp4jt1\/2026\/03\/2074009.jpg\",\"keywords\":[\"Algarve\",\"arte\",\"desenvolvimento regional\",\"festivais\",\"patrim\u00f3nio\",\"programa\u00e7\u00e3o\"],\"articleSection\":[\"Cultura\",\"Not\u00edcias\"],\"inLanguage\":\"pt-PT\"},{\"@type\":\"WebPage\",\"@id\":\"https:\/\/portaltela.pt\/noticias\/2026\/03\/23\/artes-performativas-ganham-espaco-no-algarve-mas-falta-visao-estrategica\/\",\"url\":\"https:\/\/portaltela.pt\/noticias\/2026\/03\/23\/artes-performativas-ganham-espaco-no-algarve-mas-falta-visao-estrategica\/\",\"name\":\"Artes performativas ganham espa\u00e7o no Algarve, mas falta vis\u00e3o estrat\u00e9gica - Portal Tela Portugal\",\"isPartOf\":{\"@id\":\"https:\/\/portaltela.pt\/#website\"},\"primaryImageOfPage\":{\"@id\":\"https:\/\/portaltela.pt\/noticias\/2026\/03\/23\/artes-performativas-ganham-espaco-no-algarve-mas-falta-visao-estrategica\/#primaryimage\"},\"image\":{\"@id\":\"https:\/\/portaltela.pt\/noticias\/2026\/03\/23\/artes-performativas-ganham-espaco-no-algarve-mas-falta-visao-estrategica\/#primaryimage\"},\"thumbnailUrl\":\"https:\/\/portaltela.pt\/s.01k8rhncp4jt1\/2026\/03\/2074009.jpg\",\"datePublished\":\"2026-03-23T07:02:00+00:00\",\"author\":{\"@id\":\"https:\/\/portaltela.pt\/#\/schema\/person\/c4278d4a6028830caff9ee44b42d32ed\"},\"breadcrumb\":{\"@id\":\"https:\/\/portaltela.pt\/noticias\/2026\/03\/23\/artes-performativas-ganham-espaco-no-algarve-mas-falta-visao-estrategica\/#breadcrumb\"},\"inLanguage\":\"pt-PT\",\"potentialAction\":[{\"@type\":\"ReadAction\",\"target\":[\"https:\/\/portaltela.pt\/noticias\/2026\/03\/23\/artes-performativas-ganham-espaco-no-algarve-mas-falta-visao-estrategica\/\"]}]},{\"@type\":\"ImageObject\",\"inLanguage\":\"pt-PT\",\"@id\":\"https:\/\/portaltela.pt\/noticias\/2026\/03\/23\/artes-performativas-ganham-espaco-no-algarve-mas-falta-visao-estrategica\/#primaryimage\",\"url\":\"https:\/\/portaltela.pt\/s.01k8rhncp4jt1\/2026\/03\/2074009.jpg\",\"contentUrl\":\"https:\/\/portaltela.pt\/s.01k8rhncp4jt1\/2026\/03\/2074009.jpg\",\"width\":796,\"height\":448,\"caption\":\"Festival Mochila pelos LAMA Teatro, em Faro\"},{\"@type\":\"BreadcrumbList\",\"@id\":\"https:\/\/portaltela.pt\/noticias\/2026\/03\/23\/artes-performativas-ganham-espaco-no-algarve-mas-falta-visao-estrategica\/#breadcrumb\",\"itemListElement\":[{\"@type\":\"ListItem\",\"position\":1,\"name\":\"In\u00edcio\",\"item\":\"https:\/\/portaltela.pt\/\"},{\"@type\":\"ListItem\",\"position\":2,\"name\":\"Artes performativas ganham espa\u00e7o no Algarve, mas falta vis\u00e3o estrat\u00e9gica\"}]},{\"@type\":\"WebSite\",\"@id\":\"https:\/\/portaltela.pt\/#website\",\"url\":\"https:\/\/portaltela.pt\/\",\"name\":\"Portal Tela Portugal\",\"description\":\"\",\"potentialAction\":[{\"@type\":\"SearchAction\",\"target\":{\"@type\":\"EntryPoint\",\"urlTemplate\":\"https:\/\/portaltela.pt\/?s={search_term_string}\"},\"query-input\":{\"@type\":\"PropertyValueSpecification\",\"valueRequired\":true,\"valueName\":\"search_term_string\"}}],\"inLanguage\":\"pt-PT\"},{\"@type\":\"Person\",\"@id\":\"https:\/\/portaltela.pt\/#\/schema\/person\/c4278d4a6028830caff9ee44b42d32ed\",\"name\":\"Telinha\",\"image\":{\"@type\":\"ImageObject\",\"inLanguage\":\"pt-PT\",\"@id\":\"https:\/\/portaltela.pt\/s.01k8rhncp4jt1\/2025\/11\/talking-bot-125x125.png\",\"url\":\"https:\/\/portaltela.pt\/s.01k8rhncp4jt1\/2025\/11\/talking-bot-125x125.png\",\"contentUrl\":\"https:\/\/portaltela.pt\/s.01k8rhncp4jt1\/2025\/11\/talking-bot-125x125.png\",\"caption\":\"Telinha\"},\"sameAs\":[\"https:\/\/portaltela.pt\/\"],\"url\":\"https:\/\/portaltela.pt\/por\/367410592786\/\"}]}<\/script>\n<!-- \/ Yoast SEO plugin. -->","yoast_head_json":{"title":"Artes performativas ganham espa\u00e7o no Algarve, mas falta vis\u00e3o estrat\u00e9gica - Portal Tela Portugal","robots":{"index":"index","follow":"follow","max-snippet":"max-snippet:-1","max-image-preview":"max-image-preview:large","max-video-preview":"max-video-preview:-1"},"og_locale":"pt_PT","og_type":"article","og_title":"Artes performativas ganham espa\u00e7o no Algarve, mas falta vis\u00e3o estrat\u00e9gica - Portal Tela Portugal","og_description":"Nos \u00faltimos quinze anos, surgiram v\u00e1rias estruturas de cria\u00e7\u00e3o de artes performativas no Algarve, com novos espet\u00e1culos e festivais. H\u00e1 maior dinamismo e p\u00fablico, mas continua sem uma vis\u00e3o estrat\u00e9gica regional. A not\u00edcia descreve a transforma\u00e7\u00e3o de uma loja de noivas, onde o espa\u00e7o virou sala forrada a tecido negro, que pode funcionar como palco ou bancada. A sala pode acolher uma roda de espectadores ou um clube de jazz, com mesas, cadeiras e uma contribui\u00e7\u00e3o livre, potencialmente com um copo de vinho. Na antiga arrecada\u00e7\u00e3o criou-se um camarim, com casa de banho interior com \u00e1gua quente, entrada independente e zona com kitchenette.","og_url":"https:\/\/portaltela.pt\/noticias\/2026\/03\/23\/artes-performativas-ganham-espaco-no-algarve-mas-falta-visao-estrategica\/","og_site_name":"Portal Tela Portugal","article_published_time":"2026-03-23T07:02:00+00:00","author":"Telinha","twitter_card":"summary_large_image","twitter_misc":{"Escrito por":"Telinha","Tempo estimado de leitura":"1 minuto"},"schema":{"@context":"https:\/\/schema.org","@graph":[{"@type":"Article","@id":"https:\/\/portaltela.pt\/noticias\/2026\/03\/23\/artes-performativas-ganham-espaco-no-algarve-mas-falta-visao-estrategica\/#article","isPartOf":{"@id":"https:\/\/portaltela.pt\/noticias\/2026\/03\/23\/artes-performativas-ganham-espaco-no-algarve-mas-falta-visao-estrategica\/"},"author":{"name":"Telinha","@id":"https:\/\/portaltela.pt\/#\/schema\/person\/c4278d4a6028830caff9ee44b42d32ed"},"headline":"Artes performativas ganham espa\u00e7o no Algarve, mas falta vis\u00e3o estrat\u00e9gica","datePublished":"2026-03-23T07:02:00+00:00","mainEntityOfPage":{"@id":"https:\/\/portaltela.pt\/noticias\/2026\/03\/23\/artes-performativas-ganham-espaco-no-algarve-mas-falta-visao-estrategica\/"},"wordCount":266,"image":{"@id":"https:\/\/portaltela.pt\/noticias\/2026\/03\/23\/artes-performativas-ganham-espaco-no-algarve-mas-falta-visao-estrategica\/#primaryimage"},"thumbnailUrl":"https:\/\/portaltela.pt\/s.01k8rhncp4jt1\/2026\/03\/2074009.jpg","keywords":["Algarve","arte","desenvolvimento regional","festivais","patrim\u00f3nio","programa\u00e7\u00e3o"],"articleSection":["Cultura","Not\u00edcias"],"inLanguage":"pt-PT"},{"@type":"WebPage","@id":"https:\/\/portaltela.pt\/noticias\/2026\/03\/23\/artes-performativas-ganham-espaco-no-algarve-mas-falta-visao-estrategica\/","url":"https:\/\/portaltela.pt\/noticias\/2026\/03\/23\/artes-performativas-ganham-espaco-no-algarve-mas-falta-visao-estrategica\/","name":"Artes performativas ganham espa\u00e7o no Algarve, mas falta vis\u00e3o estrat\u00e9gica - Portal Tela Portugal","isPartOf":{"@id":"https:\/\/portaltela.pt\/#website"},"primaryImageOfPage":{"@id":"https:\/\/portaltela.pt\/noticias\/2026\/03\/23\/artes-performativas-ganham-espaco-no-algarve-mas-falta-visao-estrategica\/#primaryimage"},"image":{"@id":"https:\/\/portaltela.pt\/noticias\/2026\/03\/23\/artes-performativas-ganham-espaco-no-algarve-mas-falta-visao-estrategica\/#primaryimage"},"thumbnailUrl":"https:\/\/portaltela.pt\/s.01k8rhncp4jt1\/2026\/03\/2074009.jpg","datePublished":"2026-03-23T07:02:00+00:00","author":{"@id":"https:\/\/portaltela.pt\/#\/schema\/person\/c4278d4a6028830caff9ee44b42d32ed"},"breadcrumb":{"@id":"https:\/\/portaltela.pt\/noticias\/2026\/03\/23\/artes-performativas-ganham-espaco-no-algarve-mas-falta-visao-estrategica\/#breadcrumb"},"inLanguage":"pt-PT","potentialAction":[{"@type":"ReadAction","target":["https:\/\/portaltela.pt\/noticias\/2026\/03\/23\/artes-performativas-ganham-espaco-no-algarve-mas-falta-visao-estrategica\/"]}]},{"@type":"ImageObject","inLanguage":"pt-PT","@id":"https:\/\/portaltela.pt\/noticias\/2026\/03\/23\/artes-performativas-ganham-espaco-no-algarve-mas-falta-visao-estrategica\/#primaryimage","url":"https:\/\/portaltela.pt\/s.01k8rhncp4jt1\/2026\/03\/2074009.jpg","contentUrl":"https:\/\/portaltela.pt\/s.01k8rhncp4jt1\/2026\/03\/2074009.jpg","width":796,"height":448,"caption":"Festival Mochila pelos LAMA Teatro, em Faro"},{"@type":"BreadcrumbList","@id":"https:\/\/portaltela.pt\/noticias\/2026\/03\/23\/artes-performativas-ganham-espaco-no-algarve-mas-falta-visao-estrategica\/#breadcrumb","itemListElement":[{"@type":"ListItem","position":1,"name":"In\u00edcio","item":"https:\/\/portaltela.pt\/"},{"@type":"ListItem","position":2,"name":"Artes performativas ganham espa\u00e7o no Algarve, mas falta vis\u00e3o estrat\u00e9gica"}]},{"@type":"WebSite","@id":"https:\/\/portaltela.pt\/#website","url":"https:\/\/portaltela.pt\/","name":"Portal Tela Portugal","description":"","potentialAction":[{"@type":"SearchAction","target":{"@type":"EntryPoint","urlTemplate":"https:\/\/portaltela.pt\/?s={search_term_string}"},"query-input":{"@type":"PropertyValueSpecification","valueRequired":true,"valueName":"search_term_string"}}],"inLanguage":"pt-PT"},{"@type":"Person","@id":"https:\/\/portaltela.pt\/#\/schema\/person\/c4278d4a6028830caff9ee44b42d32ed","name":"Telinha","image":{"@type":"ImageObject","inLanguage":"pt-PT","@id":"https:\/\/portaltela.pt\/s.01k8rhncp4jt1\/2025\/11\/talking-bot-125x125.png","url":"https:\/\/portaltela.pt\/s.01k8rhncp4jt1\/2025\/11\/talking-bot-125x125.png","contentUrl":"https:\/\/portaltela.pt\/s.01k8rhncp4jt1\/2025\/11\/talking-bot-125x125.png","caption":"Telinha"},"sameAs":["https:\/\/portaltela.pt\/"],"url":"https:\/\/portaltela.pt\/por\/367410592786\/"}]}},"_links":{"self":[{"href":"https:\/\/portaltela.pt\/api\/wp\/v2\/posts\/418067","targetHints":{"allow":["GET"]}}],"collection":[{"href":"https:\/\/portaltela.pt\/api\/wp\/v2\/posts"}],"about":[{"href":"https:\/\/portaltela.pt\/api\/wp\/v2\/types\/post"}],"author":[{"embeddable":true,"href":"https:\/\/portaltela.pt\/api\/wp\/v2\/users\/2"}],"replies":[{"embeddable":true,"href":"https:\/\/portaltela.pt\/api\/wp\/v2\/comments?post=418067"}],"version-history":[{"count":0,"href":"https:\/\/portaltela.pt\/api\/wp\/v2\/posts\/418067\/revisions"}],"wp:featuredmedia":[{"embeddable":true,"href":"https:\/\/portaltela.pt\/api\/wp\/v2\/media\/418070"}],"wp:attachment":[{"href":"https:\/\/portaltela.pt\/api\/wp\/v2\/media?parent=418067"}],"wp:term":[{"taxonomy":"category","embeddable":true,"href":"https:\/\/portaltela.pt\/api\/wp\/v2\/categories?post=418067"},{"taxonomy":"post_tag","embeddable":true,"href":"https:\/\/portaltela.pt\/api\/wp\/v2\/tags?post=418067"}],"curies":[{"name":"wp","href":"https:\/\/api.w.org\/{rel}","templated":true}]}}