{"id":418059,"date":"2026-03-23T03:31:00","date_gmt":"2026-03-23T06:31:00","guid":{"rendered":"https:\/\/portaltela.pt\/noticias\/2026\/03\/23\/cabo-verde-decide-realizar-o-primeiro-transplante-renal-apos-decada-de-luta\/"},"modified":"2026-03-23T03:31:00","modified_gmt":"2026-03-23T06:31:00","slug":"cabo-verde-decide-realizar-o-primeiro-transplante-renal-apos-decada-de-luta","status":"publish","type":"post","link":"https:\/\/portaltela.pt\/saude\/2026\/03\/23\/cabo-verde-decide-realizar-o-primeiro-transplante-renal-apos-decada-de-luta\/","title":{"rendered":"Cabo Verde decide realizar o primeiro transplante renal ap\u00f3s d\u00e9cada de luta"},"content":{"rendered":"<p>Cabo Verde est\u00e1 prestes a realizar o seu primeiro transplante renal, previsto para esta ter\u00e7a-feira. O procedimento, idealizado por m\u00e9dicos cabo-verdianos e com participa\u00e7\u00e3o de um m\u00e9dico portugu\u00eas, visa oferecer aos doentes uma nova vida. A iniciativa surge ap\u00f3s longos anos de entraves burocr\u00e1ticos e recursos limitados.<\/p>\n<p>A paciente Cristiana, uma menina cabo-verdiana, recebe hemodi\u00e1lise tr\u00eas vezes por semana. Cada sess\u00e3o envolve duas pun\u00e7\u00f5es e cerca de quatro horas, limitando-lhe atividades como estudo e lazer durante o tratamento.<\/p>\n<p>O m\u00e9dico portugu\u00eas Norton de Matos, hoje com 77 anos, tem estado envolvido desde 2015 no projeto de transplanta\u00e7\u00e3o renal no arquip\u00e9lago. Numa visita, perguntou se Cristiana teria irm\u00e3os compat\u00edveis; surgiu ent\u00e3o a possibilidade de quatro irm\u00e3os dispon\u00edveis para doar um rim.<\/p>\n<h3>Contexto e perspetivas<\/h3>\n<p>Este caso marca o fim de uma fase de indefini\u00e7\u00e3o regulat\u00f3ria em Cabo Verde, que at\u00e9 h\u00e1 poucos anos n\u00e3o dispunha de uma lei espec\u00edfica para transplantes. A decis\u00e3o de avan\u00e7ar com o transplante foi consolidada ao longo de v\u00e1rios anos de trabalho conjunto entre profissionais de sa\u00fade portugueses e cabo-verdianos.<\/p>\n<p>Espera-se que o transplante traga melhoria substancial na qualidade de vida dos pacientes pr\u00f3ximos da di\u00e1lise, com potencial aumento da sobreviv\u00eancia. O desfecho depende de avalia\u00e7\u00e3o cl\u00ednica, compatibilidade entre doadores e condi\u00e7\u00f5es hospitalares adequadas.<\/p>\n","protected":false},"excerpt":{"rendered":"<ul>\n<li>Cabo Verde vai realizar o primeiro transplante renal na ter\u00e7a-feira, ap\u00f3s uma d\u00e9cada de burocracias e falta de meios.<\/li>\n<li>Norton de Matos, m\u00e9dico portugu\u00eas de 77 anos, tem liderado o processo desde 2015 para criar condi\u00e7\u00f5es para o transplante renal no pa\u00eds.<\/li>\n<li>Cristiana, menina cabo-verdiana em di\u00e1lise, faz hemodi\u00e1lise tr\u00eas vezes por semana; tr\u00eas irm\u00e3os disponibilizaram-se para doar um rim.<\/li>\n<li>A lista de doentes aptos foi estabelecida e o transplante dever\u00e1 ocorrer pela primeira vez, oferecendo qualidade de vida e sobreviv\u00eancia.<\/li>\n<\/ul>\n","protected":false},"author":2,"featured_media":418063,"comment_status":"closed","ping_status":"closed","sticky":false,"template":"","format":"standard","meta":{"footnotes":""},"categories":[7371,6745],"tags":[3640,7211,1014,172,271,5128],"class_list":["post-418059","post","type-post","status-publish","format-standard","has-post-thumbnail","hentry","category-medicina","category-saude","tag-doacao-de-orgaos","tag-medicina","tag-portugal","tag-saude","tag-saude-publica","tag-transplantes"],"yoast_head":"<!-- This site is optimized with the Yoast SEO plugin v27.2 - https:\/\/yoast.com\/product\/yoast-seo-wordpress\/ -->\n<title>Cabo Verde decide realizar o primeiro transplante renal ap\u00f3s d\u00e9cada de luta - Portal Tela Portugal<\/title>\n<meta name=\"robots\" content=\"index, follow, max-snippet:-1, max-image-preview:large, max-video-preview:-1\" \/>\n<meta property=\"og:locale\" content=\"pt_PT\" \/>\n<meta property=\"og:type\" content=\"article\" \/>\n<meta property=\"og:title\" content=\"Cabo Verde decide realizar o primeiro transplante renal ap\u00f3s d\u00e9cada de luta - Portal Tela Portugal\" \/>\n<meta property=\"og:description\" content=\"Cabo Verde vai realizar o primeiro transplante renal na ter\u00e7a-feira, ap\u00f3s uma d\u00e9cada de burocracias e falta de meios. Norton de Matos, m\u00e9dico portugu\u00eas de 77 anos, tem liderado o processo desde 2015 para criar condi\u00e7\u00f5es para o transplante renal no pa\u00eds. Cristiana, menina cabo-verdiana em di\u00e1lise, faz hemodi\u00e1lise tr\u00eas vezes por semana; tr\u00eas irm\u00e3os disponibilizaram-se para doar um rim. A lista de doentes aptos foi estabelecida e o transplante dever\u00e1 ocorrer pela primeira vez, oferecendo qualidade de vida e sobreviv\u00eancia.\" \/>\n<meta property=\"og:url\" content=\"https:\/\/portaltela.pt\/noticias\/2026\/03\/23\/cabo-verde-decide-realizar-o-primeiro-transplante-renal-apos-decada-de-luta\/\" \/>\n<meta property=\"og:site_name\" content=\"Portal Tela Portugal\" \/>\n<meta property=\"article:published_time\" content=\"2026-03-23T06:31:00+00:00\" \/>\n<meta name=\"author\" content=\"Telinha\" \/>\n<meta name=\"twitter:card\" content=\"summary_large_image\" \/>\n<meta name=\"twitter:label1\" content=\"Escrito por\" \/>\n\t<meta name=\"twitter:data1\" content=\"Telinha\" \/>\n\t<meta name=\"twitter:label2\" content=\"Tempo estimado de leitura\" \/>\n\t<meta name=\"twitter:data2\" content=\"1 minuto\" \/>\n<script type=\"application\/ld+json\" class=\"yoast-schema-graph\">{\"@context\":\"https:\/\/schema.org\",\"@graph\":[{\"@type\":\"Article\",\"@id\":\"https:\/\/portaltela.pt\/noticias\/2026\/03\/23\/cabo-verde-decide-realizar-o-primeiro-transplante-renal-apos-decada-de-luta\/#article\",\"isPartOf\":{\"@id\":\"https:\/\/portaltela.pt\/noticias\/2026\/03\/23\/cabo-verde-decide-realizar-o-primeiro-transplante-renal-apos-decada-de-luta\/\"},\"author\":{\"name\":\"Telinha\",\"@id\":\"https:\/\/portaltela.pt\/#\/schema\/person\/c4278d4a6028830caff9ee44b42d32ed\"},\"headline\":\"Cabo Verde decide realizar o primeiro transplante renal ap\u00f3s d\u00e9cada de luta\",\"datePublished\":\"2026-03-23T06:31:00+00:00\",\"mainEntityOfPage\":{\"@id\":\"https:\/\/portaltela.pt\/noticias\/2026\/03\/23\/cabo-verde-decide-realizar-o-primeiro-transplante-renal-apos-decada-de-luta\/\"},\"wordCount\":254,\"image\":{\"@id\":\"https:\/\/portaltela.pt\/noticias\/2026\/03\/23\/cabo-verde-decide-realizar-o-primeiro-transplante-renal-apos-decada-de-luta\/#primaryimage\"},\"thumbnailUrl\":\"https:\/\/portaltela.pt\/s.01k8rhncp4jt1\/2026\/03\/2074766.jpg\",\"keywords\":[\"doa\u00e7\u00e3o de \u00f3rg\u00e3os\",\"medicina\",\"Portugal\",\"sa\u00fade\",\"sa\u00fade p\u00fablica\",\"transplantes\"],\"articleSection\":[\"Medicina\",\"Sa\u00fade\"],\"inLanguage\":\"pt-PT\"},{\"@type\":\"WebPage\",\"@id\":\"https:\/\/portaltela.pt\/noticias\/2026\/03\/23\/cabo-verde-decide-realizar-o-primeiro-transplante-renal-apos-decada-de-luta\/\",\"url\":\"https:\/\/portaltela.pt\/noticias\/2026\/03\/23\/cabo-verde-decide-realizar-o-primeiro-transplante-renal-apos-decada-de-luta\/\",\"name\":\"Cabo Verde decide realizar o primeiro transplante renal ap\u00f3s d\u00e9cada de luta - Portal Tela Portugal\",\"isPartOf\":{\"@id\":\"https:\/\/portaltela.pt\/#website\"},\"primaryImageOfPage\":{\"@id\":\"https:\/\/portaltela.pt\/noticias\/2026\/03\/23\/cabo-verde-decide-realizar-o-primeiro-transplante-renal-apos-decada-de-luta\/#primaryimage\"},\"image\":{\"@id\":\"https:\/\/portaltela.pt\/noticias\/2026\/03\/23\/cabo-verde-decide-realizar-o-primeiro-transplante-renal-apos-decada-de-luta\/#primaryimage\"},\"thumbnailUrl\":\"https:\/\/portaltela.pt\/s.01k8rhncp4jt1\/2026\/03\/2074766.jpg\",\"datePublished\":\"2026-03-23T06:31:00+00:00\",\"author\":{\"@id\":\"https:\/\/portaltela.pt\/#\/schema\/person\/c4278d4a6028830caff9ee44b42d32ed\"},\"breadcrumb\":{\"@id\":\"https:\/\/portaltela.pt\/noticias\/2026\/03\/23\/cabo-verde-decide-realizar-o-primeiro-transplante-renal-apos-decada-de-luta\/#breadcrumb\"},\"inLanguage\":\"pt-PT\",\"potentialAction\":[{\"@type\":\"ReadAction\",\"target\":[\"https:\/\/portaltela.pt\/noticias\/2026\/03\/23\/cabo-verde-decide-realizar-o-primeiro-transplante-renal-apos-decada-de-luta\/\"]}]},{\"@type\":\"ImageObject\",\"inLanguage\":\"pt-PT\",\"@id\":\"https:\/\/portaltela.pt\/noticias\/2026\/03\/23\/cabo-verde-decide-realizar-o-primeiro-transplante-renal-apos-decada-de-luta\/#primaryimage\",\"url\":\"https:\/\/portaltela.pt\/s.01k8rhncp4jt1\/2026\/03\/2074766.jpg\",\"contentUrl\":\"https:\/\/portaltela.pt\/s.01k8rhncp4jt1\/2026\/03\/2074766.jpg\",\"width\":796,\"height\":448,\"caption\":\"M\u00e9dico Norton de Matos, cirurgi\u00e3o vascular, ser\u00e1 respons\u00e1vel pelo primeiro transplante de rim em Cabo Verde\"},{\"@type\":\"BreadcrumbList\",\"@id\":\"https:\/\/portaltela.pt\/noticias\/2026\/03\/23\/cabo-verde-decide-realizar-o-primeiro-transplante-renal-apos-decada-de-luta\/#breadcrumb\",\"itemListElement\":[{\"@type\":\"ListItem\",\"position\":1,\"name\":\"In\u00edcio\",\"item\":\"https:\/\/portaltela.pt\/\"},{\"@type\":\"ListItem\",\"position\":2,\"name\":\"Cabo Verde decide realizar o primeiro transplante renal ap\u00f3s d\u00e9cada de luta\"}]},{\"@type\":\"WebSite\",\"@id\":\"https:\/\/portaltela.pt\/#website\",\"url\":\"https:\/\/portaltela.pt\/\",\"name\":\"Portal Tela Portugal\",\"description\":\"\",\"potentialAction\":[{\"@type\":\"SearchAction\",\"target\":{\"@type\":\"EntryPoint\",\"urlTemplate\":\"https:\/\/portaltela.pt\/?s={search_term_string}\"},\"query-input\":{\"@type\":\"PropertyValueSpecification\",\"valueRequired\":true,\"valueName\":\"search_term_string\"}}],\"inLanguage\":\"pt-PT\"},{\"@type\":\"Person\",\"@id\":\"https:\/\/portaltela.pt\/#\/schema\/person\/c4278d4a6028830caff9ee44b42d32ed\",\"name\":\"Telinha\",\"image\":{\"@type\":\"ImageObject\",\"inLanguage\":\"pt-PT\",\"@id\":\"https:\/\/portaltela.pt\/s.01k8rhncp4jt1\/2025\/11\/talking-bot-125x125.png\",\"url\":\"https:\/\/portaltela.pt\/s.01k8rhncp4jt1\/2025\/11\/talking-bot-125x125.png\",\"contentUrl\":\"https:\/\/portaltela.pt\/s.01k8rhncp4jt1\/2025\/11\/talking-bot-125x125.png\",\"caption\":\"Telinha\"},\"sameAs\":[\"https:\/\/portaltela.pt\/\"],\"url\":\"https:\/\/portaltela.pt\/por\/367410592786\/\"}]}<\/script>\n<!-- \/ Yoast SEO plugin. -->","yoast_head_json":{"title":"Cabo Verde decide realizar o primeiro transplante renal ap\u00f3s d\u00e9cada de luta - Portal Tela Portugal","robots":{"index":"index","follow":"follow","max-snippet":"max-snippet:-1","max-image-preview":"max-image-preview:large","max-video-preview":"max-video-preview:-1"},"og_locale":"pt_PT","og_type":"article","og_title":"Cabo Verde decide realizar o primeiro transplante renal ap\u00f3s d\u00e9cada de luta - Portal Tela Portugal","og_description":"Cabo Verde vai realizar o primeiro transplante renal na ter\u00e7a-feira, ap\u00f3s uma d\u00e9cada de burocracias e falta de meios. Norton de Matos, m\u00e9dico portugu\u00eas de 77 anos, tem liderado o processo desde 2015 para criar condi\u00e7\u00f5es para o transplante renal no pa\u00eds. Cristiana, menina cabo-verdiana em di\u00e1lise, faz hemodi\u00e1lise tr\u00eas vezes por semana; tr\u00eas irm\u00e3os disponibilizaram-se para doar um rim. A lista de doentes aptos foi estabelecida e o transplante dever\u00e1 ocorrer pela primeira vez, oferecendo qualidade de vida e sobreviv\u00eancia.","og_url":"https:\/\/portaltela.pt\/noticias\/2026\/03\/23\/cabo-verde-decide-realizar-o-primeiro-transplante-renal-apos-decada-de-luta\/","og_site_name":"Portal Tela Portugal","article_published_time":"2026-03-23T06:31:00+00:00","author":"Telinha","twitter_card":"summary_large_image","twitter_misc":{"Escrito por":"Telinha","Tempo estimado de leitura":"1 minuto"},"schema":{"@context":"https:\/\/schema.org","@graph":[{"@type":"Article","@id":"https:\/\/portaltela.pt\/noticias\/2026\/03\/23\/cabo-verde-decide-realizar-o-primeiro-transplante-renal-apos-decada-de-luta\/#article","isPartOf":{"@id":"https:\/\/portaltela.pt\/noticias\/2026\/03\/23\/cabo-verde-decide-realizar-o-primeiro-transplante-renal-apos-decada-de-luta\/"},"author":{"name":"Telinha","@id":"https:\/\/portaltela.pt\/#\/schema\/person\/c4278d4a6028830caff9ee44b42d32ed"},"headline":"Cabo Verde decide realizar o primeiro transplante renal ap\u00f3s d\u00e9cada de luta","datePublished":"2026-03-23T06:31:00+00:00","mainEntityOfPage":{"@id":"https:\/\/portaltela.pt\/noticias\/2026\/03\/23\/cabo-verde-decide-realizar-o-primeiro-transplante-renal-apos-decada-de-luta\/"},"wordCount":254,"image":{"@id":"https:\/\/portaltela.pt\/noticias\/2026\/03\/23\/cabo-verde-decide-realizar-o-primeiro-transplante-renal-apos-decada-de-luta\/#primaryimage"},"thumbnailUrl":"https:\/\/portaltela.pt\/s.01k8rhncp4jt1\/2026\/03\/2074766.jpg","keywords":["doa\u00e7\u00e3o de \u00f3rg\u00e3os","medicina","Portugal","sa\u00fade","sa\u00fade p\u00fablica","transplantes"],"articleSection":["Medicina","Sa\u00fade"],"inLanguage":"pt-PT"},{"@type":"WebPage","@id":"https:\/\/portaltela.pt\/noticias\/2026\/03\/23\/cabo-verde-decide-realizar-o-primeiro-transplante-renal-apos-decada-de-luta\/","url":"https:\/\/portaltela.pt\/noticias\/2026\/03\/23\/cabo-verde-decide-realizar-o-primeiro-transplante-renal-apos-decada-de-luta\/","name":"Cabo Verde decide realizar o primeiro transplante renal ap\u00f3s d\u00e9cada de luta - Portal Tela Portugal","isPartOf":{"@id":"https:\/\/portaltela.pt\/#website"},"primaryImageOfPage":{"@id":"https:\/\/portaltela.pt\/noticias\/2026\/03\/23\/cabo-verde-decide-realizar-o-primeiro-transplante-renal-apos-decada-de-luta\/#primaryimage"},"image":{"@id":"https:\/\/portaltela.pt\/noticias\/2026\/03\/23\/cabo-verde-decide-realizar-o-primeiro-transplante-renal-apos-decada-de-luta\/#primaryimage"},"thumbnailUrl":"https:\/\/portaltela.pt\/s.01k8rhncp4jt1\/2026\/03\/2074766.jpg","datePublished":"2026-03-23T06:31:00+00:00","author":{"@id":"https:\/\/portaltela.pt\/#\/schema\/person\/c4278d4a6028830caff9ee44b42d32ed"},"breadcrumb":{"@id":"https:\/\/portaltela.pt\/noticias\/2026\/03\/23\/cabo-verde-decide-realizar-o-primeiro-transplante-renal-apos-decada-de-luta\/#breadcrumb"},"inLanguage":"pt-PT","potentialAction":[{"@type":"ReadAction","target":["https:\/\/portaltela.pt\/noticias\/2026\/03\/23\/cabo-verde-decide-realizar-o-primeiro-transplante-renal-apos-decada-de-luta\/"]}]},{"@type":"ImageObject","inLanguage":"pt-PT","@id":"https:\/\/portaltela.pt\/noticias\/2026\/03\/23\/cabo-verde-decide-realizar-o-primeiro-transplante-renal-apos-decada-de-luta\/#primaryimage","url":"https:\/\/portaltela.pt\/s.01k8rhncp4jt1\/2026\/03\/2074766.jpg","contentUrl":"https:\/\/portaltela.pt\/s.01k8rhncp4jt1\/2026\/03\/2074766.jpg","width":796,"height":448,"caption":"M\u00e9dico Norton de Matos, cirurgi\u00e3o vascular, ser\u00e1 respons\u00e1vel pelo primeiro transplante de rim em Cabo Verde"},{"@type":"BreadcrumbList","@id":"https:\/\/portaltela.pt\/noticias\/2026\/03\/23\/cabo-verde-decide-realizar-o-primeiro-transplante-renal-apos-decada-de-luta\/#breadcrumb","itemListElement":[{"@type":"ListItem","position":1,"name":"In\u00edcio","item":"https:\/\/portaltela.pt\/"},{"@type":"ListItem","position":2,"name":"Cabo Verde decide realizar o primeiro transplante renal ap\u00f3s d\u00e9cada de luta"}]},{"@type":"WebSite","@id":"https:\/\/portaltela.pt\/#website","url":"https:\/\/portaltela.pt\/","name":"Portal Tela Portugal","description":"","potentialAction":[{"@type":"SearchAction","target":{"@type":"EntryPoint","urlTemplate":"https:\/\/portaltela.pt\/?s={search_term_string}"},"query-input":{"@type":"PropertyValueSpecification","valueRequired":true,"valueName":"search_term_string"}}],"inLanguage":"pt-PT"},{"@type":"Person","@id":"https:\/\/portaltela.pt\/#\/schema\/person\/c4278d4a6028830caff9ee44b42d32ed","name":"Telinha","image":{"@type":"ImageObject","inLanguage":"pt-PT","@id":"https:\/\/portaltela.pt\/s.01k8rhncp4jt1\/2025\/11\/talking-bot-125x125.png","url":"https:\/\/portaltela.pt\/s.01k8rhncp4jt1\/2025\/11\/talking-bot-125x125.png","contentUrl":"https:\/\/portaltela.pt\/s.01k8rhncp4jt1\/2025\/11\/talking-bot-125x125.png","caption":"Telinha"},"sameAs":["https:\/\/portaltela.pt\/"],"url":"https:\/\/portaltela.pt\/por\/367410592786\/"}]}},"_links":{"self":[{"href":"https:\/\/portaltela.pt\/api\/wp\/v2\/posts\/418059","targetHints":{"allow":["GET"]}}],"collection":[{"href":"https:\/\/portaltela.pt\/api\/wp\/v2\/posts"}],"about":[{"href":"https:\/\/portaltela.pt\/api\/wp\/v2\/types\/post"}],"author":[{"embeddable":true,"href":"https:\/\/portaltela.pt\/api\/wp\/v2\/users\/2"}],"replies":[{"embeddable":true,"href":"https:\/\/portaltela.pt\/api\/wp\/v2\/comments?post=418059"}],"version-history":[{"count":0,"href":"https:\/\/portaltela.pt\/api\/wp\/v2\/posts\/418059\/revisions"}],"wp:featuredmedia":[{"embeddable":true,"href":"https:\/\/portaltela.pt\/api\/wp\/v2\/media\/418063"}],"wp:attachment":[{"href":"https:\/\/portaltela.pt\/api\/wp\/v2\/media?parent=418059"}],"wp:term":[{"taxonomy":"category","embeddable":true,"href":"https:\/\/portaltela.pt\/api\/wp\/v2\/categories?post=418059"},{"taxonomy":"post_tag","embeddable":true,"href":"https:\/\/portaltela.pt\/api\/wp\/v2\/tags?post=418059"}],"curies":[{"name":"wp","href":"https:\/\/api.w.org\/{rel}","templated":true}]}}