{"id":418045,"date":"2026-03-23T04:02:05","date_gmt":"2026-03-23T07:02:05","guid":{"rendered":"https:\/\/portaltela.pt\/noticias\/2026\/03\/23\/paris-mantem-se-a-esquerda-extrema-direita-conquista-triunfo-simbolico\/"},"modified":"2026-03-23T04:02:05","modified_gmt":"2026-03-23T07:02:05","slug":"paris-mantem-se-a-esquerda-extrema-direita-conquista-triunfo-simbolico","status":"publish","type":"post","link":"https:\/\/portaltela.pt\/noticias\/politica\/2026\/03\/23\/paris-mantem-se-a-esquerda-extrema-direita-conquista-triunfo-simbolico\/","title":{"rendered":"Paris mant\u00e9m-se \u00e0 esquerda; extrema-direita conquista triunfo simb\u00f3lico"},"content":{"rendered":"<p>Foram realizadas este domingo as elei\u00e7\u00f5es aut\u00e1rquicas em Fran\u00e7a, onde se elegem presidentes de c\u00e2mara e Conselhos Locais. A vota\u00e7\u00e3o decorreu em todo o territ\u00f3rio continental e ultramarino, com aten\u00e7\u00e3o especial \u00e0s grandes cidades. O objetivo \u00e9 medir for\u00e7as para as pr\u00f3ximas campanhas nacionais.<\/p>\n<p>Em Paris, o socialista Emmanuel Gr\u00e9goire venceu a segunda volta, desfazendo a c\u00f3moda de Rachida Dati. A vit\u00f3ria mant\u00e9m a cidade sob controlo da esquerda, depois de Anne Hidalgo n\u00e3o se recandidatar. Gr\u00e9goire apresentou o resultado como mandato para uma vis\u00e3o progressista.<\/p>\n<p>Na mesma cidade, a absten\u00e7\u00e3o manteve-se acima de 40 por cento em v\u00e1rias zonas, reflectindo preocupa\u00e7\u00f5es com a participa\u00e7\u00e3o. Os resultados de Paris contrastaram com a continuidade da lideran\u00e7a de entidades de esquerda noutras regi\u00f5es.<\/p>\n<h3>Resultados por cidade<\/h3>\n<p>Em Marselha, o atual presidente socialista Beno\u00eet Payan foi reeleito, mantendo o quadro de dom\u00ednio socialista. A extrema-direita ficou aqu\u00e9m do esperado nesta cidade de segunda maior do pa\u00eds.<\/p>\n<p>Em Lyon, o autarca verde Gr\u00e9gory Doucet permaneceu no cargo, ap\u00f3s uma disputa com um rival conservador. A origem da vit\u00f3ria ficou associada a uma fus\u00e3o de \u00faltima hora com a lista da Fran\u00e7a Sem Arco.<\/p>\n<h3>Cen\u00e1rio nacional<\/h3>\n<p>O RN manteve Nice e Perpignan, marcando avan\u00e7os simb\u00f3licos da extrema-direita. Contudo, Marselha, Toulon e N\u00eemes ficaram fora do radar de vit\u00f3rias expressivas do partido.<\/p>\n<p>Na centro-direita, Le Havre viu \u00c9douard Philippe reeleito, mantendo a posi\u00e7\u00e3o como figura potencial para 2027. Bord\u00e9us registou uma vit\u00f3ria simb\u00f3lica do Renaissance, com Thomas Cazenave a derrotar Pierre Hurmic.<\/p>\n<p>A derrota de Fran\u00e7ois Bayrou em Pau evidenciou vulnerabilidades da alian\u00e7a presidencial. Os resultados destacam uma esquerda capaz de vencer grandes cidades, uma direita firme localmente e uma extrema-direita em ascens\u00e3o.<\/p>\n","protected":false},"excerpt":{"rendered":"<ul>\n<li>Em Paris, o socialista Emmanuel Gr\u00e9goire venceu a segunda volta, mantendo a cidade sob controlo da esquerda e substituindo a presidente cessante Anne Hidalgo.<\/li>\n<li>A extrema-direita conquistou uma vit\u00f3ria simb\u00f3lica em Nice, ap\u00f3s obter controlo de aliadas for\u00e7as e manter algumas cidades importantes, apesar de apresentar resultados menos consistentes em v\u00e1rias metr\u00f3poles.<\/li>\n<li>Em Marselha, o atual presidente socialista Beno\u00eet Payan foi reeleito; em Lyon, Gr\u00e9gory Doucet manteve a lideran\u00e7a ap\u00f3s uma campanha com fus\u00f5es de listas.<\/li>\n<li>O panorama pol\u00edtico ficou marcado pela fragmenta\u00e7\u00e3o entre centro-direita, o campo de Macron e a direita, com vit\u00f3rias simb\u00f3licas centradas em algumas cidades e derrotas noutras grandes opera\u00e7\u00f5es eleitorais.<\/li>\n<li>A participa\u00e7\u00e3o \u00e0s 17h na Fran\u00e7a continental estava em 48,1%, acima de 2020, mas ainda aqu\u00e9m dos n\u00edveis pr\u00e9-pandemia.<\/li>\n<\/ul>\n","protected":false},"author":2,"featured_media":418046,"comment_status":"closed","ping_status":"closed","sticky":false,"template":"","format":"standard","meta":{"footnotes":""},"categories":[6912,5],"tags":[68,5517,1856,1771,3163,2832],"class_list":["post-418045","post","type-post","status-publish","format-standard","has-post-thumbnail","hentry","category-internacionais","category-politica","tag-eleicoes","tag-extrema-direita","tag-franca","tag-marselha","tag-paris","tag-politica"],"yoast_head":"<!-- This site is optimized with the Yoast SEO plugin v27.2 - https:\/\/yoast.com\/product\/yoast-seo-wordpress\/ -->\n<title>Paris mant\u00e9m-se \u00e0 esquerda; extrema-direita conquista triunfo simb\u00f3lico - Portal Tela Portugal<\/title>\n<meta name=\"robots\" content=\"index, follow, max-snippet:-1, max-image-preview:large, max-video-preview:-1\" \/>\n<meta property=\"og:locale\" content=\"pt_PT\" \/>\n<meta property=\"og:type\" content=\"article\" \/>\n<meta property=\"og:title\" content=\"Paris mant\u00e9m-se \u00e0 esquerda; extrema-direita conquista triunfo simb\u00f3lico - Portal Tela Portugal\" \/>\n<meta property=\"og:description\" content=\"Em Paris, o socialista Emmanuel Gr\u00e9goire venceu a segunda volta, mantendo a cidade sob controlo da esquerda e substituindo a presidente cessante Anne Hidalgo. A extrema-direita conquistou uma vit\u00f3ria simb\u00f3lica em Nice, ap\u00f3s obter controlo de aliadas for\u00e7as e manter algumas cidades importantes, apesar de apresentar resultados menos consistentes em v\u00e1rias metr\u00f3poles. Em Marselha, o atual presidente socialista Beno\u00eet Payan foi reeleito; em Lyon, Gr\u00e9gory Doucet manteve a lideran\u00e7a ap\u00f3s uma campanha com fus\u00f5es de listas. O panorama pol\u00edtico ficou marcado pela fragmenta\u00e7\u00e3o entre centro-direita, o campo de Macron e a direita, com vit\u00f3rias simb\u00f3licas centradas em algumas cidades e derrotas noutras grandes opera\u00e7\u00f5es eleitorais. A participa\u00e7\u00e3o \u00e0s 17h na Fran\u00e7a continental estava em 48,1%, acima de 2020, mas ainda aqu\u00e9m dos n\u00edveis pr\u00e9-pandemia.\" \/>\n<meta property=\"og:url\" content=\"https:\/\/portaltela.pt\/noticias\/2026\/03\/23\/paris-mantem-se-a-esquerda-extrema-direita-conquista-triunfo-simbolico\/\" \/>\n<meta property=\"og:site_name\" content=\"Portal Tela Portugal\" \/>\n<meta property=\"article:published_time\" content=\"2026-03-23T07:02:05+00:00\" \/>\n<meta name=\"author\" content=\"Telinha\" \/>\n<meta name=\"twitter:card\" content=\"summary_large_image\" \/>\n<meta name=\"twitter:label1\" content=\"Escrito por\" \/>\n\t<meta name=\"twitter:data1\" content=\"Telinha\" \/>\n\t<meta name=\"twitter:label2\" content=\"Tempo estimado de leitura\" \/>\n\t<meta name=\"twitter:data2\" content=\"2 minutos\" \/>\n<script type=\"application\/ld+json\" class=\"yoast-schema-graph\">{\"@context\":\"https:\/\/schema.org\",\"@graph\":[{\"@type\":\"Article\",\"@id\":\"https:\/\/portaltela.pt\/noticias\/2026\/03\/23\/paris-mantem-se-a-esquerda-extrema-direita-conquista-triunfo-simbolico\/#article\",\"isPartOf\":{\"@id\":\"https:\/\/portaltela.pt\/noticias\/2026\/03\/23\/paris-mantem-se-a-esquerda-extrema-direita-conquista-triunfo-simbolico\/\"},\"author\":{\"name\":\"Telinha\",\"@id\":\"https:\/\/portaltela.pt\/#\/schema\/person\/c4278d4a6028830caff9ee44b42d32ed\"},\"headline\":\"Paris mant\u00e9m-se \u00e0 esquerda; extrema-direita conquista triunfo simb\u00f3lico\",\"datePublished\":\"2026-03-23T07:02:05+00:00\",\"mainEntityOfPage\":{\"@id\":\"https:\/\/portaltela.pt\/noticias\/2026\/03\/23\/paris-mantem-se-a-esquerda-extrema-direita-conquista-triunfo-simbolico\/\"},\"wordCount\":326,\"image\":{\"@id\":\"https:\/\/portaltela.pt\/noticias\/2026\/03\/23\/paris-mantem-se-a-esquerda-extrema-direita-conquista-triunfo-simbolico\/#primaryimage\"},\"thumbnailUrl\":\"https:\/\/portaltela.pt\/s.01k8rhncp4jt1\/2026\/03\/1536x864_cmsv2_3ebc06da-cc8b-5c54-a89a-e668d0128548-9694495.jpg\",\"keywords\":[\"elei\u00e7\u00f5es\",\"extrema-direita\",\"Fran\u00e7a\",\"Marselha\",\"Paris\",\"pol\u00edtica\"],\"articleSection\":[\"Internacionais\",\"Pol\u00edtica\"],\"inLanguage\":\"pt-PT\"},{\"@type\":\"WebPage\",\"@id\":\"https:\/\/portaltela.pt\/noticias\/2026\/03\/23\/paris-mantem-se-a-esquerda-extrema-direita-conquista-triunfo-simbolico\/\",\"url\":\"https:\/\/portaltela.pt\/noticias\/2026\/03\/23\/paris-mantem-se-a-esquerda-extrema-direita-conquista-triunfo-simbolico\/\",\"name\":\"Paris mant\u00e9m-se \u00e0 esquerda; extrema-direita conquista triunfo simb\u00f3lico - Portal Tela Portugal\",\"isPartOf\":{\"@id\":\"https:\/\/portaltela.pt\/#website\"},\"primaryImageOfPage\":{\"@id\":\"https:\/\/portaltela.pt\/noticias\/2026\/03\/23\/paris-mantem-se-a-esquerda-extrema-direita-conquista-triunfo-simbolico\/#primaryimage\"},\"image\":{\"@id\":\"https:\/\/portaltela.pt\/noticias\/2026\/03\/23\/paris-mantem-se-a-esquerda-extrema-direita-conquista-triunfo-simbolico\/#primaryimage\"},\"thumbnailUrl\":\"https:\/\/portaltela.pt\/s.01k8rhncp4jt1\/2026\/03\/1536x864_cmsv2_3ebc06da-cc8b-5c54-a89a-e668d0128548-9694495.jpg\",\"datePublished\":\"2026-03-23T07:02:05+00:00\",\"author\":{\"@id\":\"https:\/\/portaltela.pt\/#\/schema\/person\/c4278d4a6028830caff9ee44b42d32ed\"},\"breadcrumb\":{\"@id\":\"https:\/\/portaltela.pt\/noticias\/2026\/03\/23\/paris-mantem-se-a-esquerda-extrema-direita-conquista-triunfo-simbolico\/#breadcrumb\"},\"inLanguage\":\"pt-PT\",\"potentialAction\":[{\"@type\":\"ReadAction\",\"target\":[\"https:\/\/portaltela.pt\/noticias\/2026\/03\/23\/paris-mantem-se-a-esquerda-extrema-direita-conquista-triunfo-simbolico\/\"]}]},{\"@type\":\"ImageObject\",\"inLanguage\":\"pt-PT\",\"@id\":\"https:\/\/portaltela.pt\/noticias\/2026\/03\/23\/paris-mantem-se-a-esquerda-extrema-direita-conquista-triunfo-simbolico\/#primaryimage\",\"url\":\"https:\/\/portaltela.pt\/s.01k8rhncp4jt1\/2026\/03\/1536x864_cmsv2_3ebc06da-cc8b-5c54-a89a-e668d0128548-9694495.jpg\",\"contentUrl\":\"https:\/\/portaltela.pt\/s.01k8rhncp4jt1\/2026\/03\/1536x864_cmsv2_3ebc06da-cc8b-5c54-a89a-e668d0128548-9694495.jpg\",\"width\":1536,\"height\":864,\"caption\":\"O candidato socialista franc\u00eas \u00e0s elei\u00e7\u00f5es para a C\u00e2mara Municipal de Paris, Emmanuel Gregoire, ao centro, \u00e0 esquerda, e Anne Hidalgo, ao centro, \u00e0 direita, depois de Gregoire ter vencido a segunda volta das elei\u00e7\u00f5es\"},{\"@type\":\"BreadcrumbList\",\"@id\":\"https:\/\/portaltela.pt\/noticias\/2026\/03\/23\/paris-mantem-se-a-esquerda-extrema-direita-conquista-triunfo-simbolico\/#breadcrumb\",\"itemListElement\":[{\"@type\":\"ListItem\",\"position\":1,\"name\":\"In\u00edcio\",\"item\":\"https:\/\/portaltela.pt\/\"},{\"@type\":\"ListItem\",\"position\":2,\"name\":\"Paris mant\u00e9m-se \u00e0 esquerda; extrema-direita conquista triunfo simb\u00f3lico\"}]},{\"@type\":\"WebSite\",\"@id\":\"https:\/\/portaltela.pt\/#website\",\"url\":\"https:\/\/portaltela.pt\/\",\"name\":\"Portal Tela Portugal\",\"description\":\"\",\"potentialAction\":[{\"@type\":\"SearchAction\",\"target\":{\"@type\":\"EntryPoint\",\"urlTemplate\":\"https:\/\/portaltela.pt\/?s={search_term_string}\"},\"query-input\":{\"@type\":\"PropertyValueSpecification\",\"valueRequired\":true,\"valueName\":\"search_term_string\"}}],\"inLanguage\":\"pt-PT\"},{\"@type\":\"Person\",\"@id\":\"https:\/\/portaltela.pt\/#\/schema\/person\/c4278d4a6028830caff9ee44b42d32ed\",\"name\":\"Telinha\",\"image\":{\"@type\":\"ImageObject\",\"inLanguage\":\"pt-PT\",\"@id\":\"https:\/\/portaltela.pt\/s.01k8rhncp4jt1\/2025\/11\/talking-bot-125x125.png\",\"url\":\"https:\/\/portaltela.pt\/s.01k8rhncp4jt1\/2025\/11\/talking-bot-125x125.png\",\"contentUrl\":\"https:\/\/portaltela.pt\/s.01k8rhncp4jt1\/2025\/11\/talking-bot-125x125.png\",\"caption\":\"Telinha\"},\"sameAs\":[\"https:\/\/portaltela.pt\/\"],\"url\":\"https:\/\/portaltela.pt\/por\/367410592786\/\"}]}<\/script>\n<!-- \/ Yoast SEO plugin. -->","yoast_head_json":{"title":"Paris mant\u00e9m-se \u00e0 esquerda; extrema-direita conquista triunfo simb\u00f3lico - Portal Tela Portugal","robots":{"index":"index","follow":"follow","max-snippet":"max-snippet:-1","max-image-preview":"max-image-preview:large","max-video-preview":"max-video-preview:-1"},"og_locale":"pt_PT","og_type":"article","og_title":"Paris mant\u00e9m-se \u00e0 esquerda; extrema-direita conquista triunfo simb\u00f3lico - Portal Tela Portugal","og_description":"Em Paris, o socialista Emmanuel Gr\u00e9goire venceu a segunda volta, mantendo a cidade sob controlo da esquerda e substituindo a presidente cessante Anne Hidalgo. A extrema-direita conquistou uma vit\u00f3ria simb\u00f3lica em Nice, ap\u00f3s obter controlo de aliadas for\u00e7as e manter algumas cidades importantes, apesar de apresentar resultados menos consistentes em v\u00e1rias metr\u00f3poles. Em Marselha, o atual presidente socialista Beno\u00eet Payan foi reeleito; em Lyon, Gr\u00e9gory Doucet manteve a lideran\u00e7a ap\u00f3s uma campanha com fus\u00f5es de listas. O panorama pol\u00edtico ficou marcado pela fragmenta\u00e7\u00e3o entre centro-direita, o campo de Macron e a direita, com vit\u00f3rias simb\u00f3licas centradas em algumas cidades e derrotas noutras grandes opera\u00e7\u00f5es eleitorais. A participa\u00e7\u00e3o \u00e0s 17h na Fran\u00e7a continental estava em 48,1%, acima de 2020, mas ainda aqu\u00e9m dos n\u00edveis pr\u00e9-pandemia.","og_url":"https:\/\/portaltela.pt\/noticias\/2026\/03\/23\/paris-mantem-se-a-esquerda-extrema-direita-conquista-triunfo-simbolico\/","og_site_name":"Portal Tela Portugal","article_published_time":"2026-03-23T07:02:05+00:00","author":"Telinha","twitter_card":"summary_large_image","twitter_misc":{"Escrito por":"Telinha","Tempo estimado de leitura":"2 minutos"},"schema":{"@context":"https:\/\/schema.org","@graph":[{"@type":"Article","@id":"https:\/\/portaltela.pt\/noticias\/2026\/03\/23\/paris-mantem-se-a-esquerda-extrema-direita-conquista-triunfo-simbolico\/#article","isPartOf":{"@id":"https:\/\/portaltela.pt\/noticias\/2026\/03\/23\/paris-mantem-se-a-esquerda-extrema-direita-conquista-triunfo-simbolico\/"},"author":{"name":"Telinha","@id":"https:\/\/portaltela.pt\/#\/schema\/person\/c4278d4a6028830caff9ee44b42d32ed"},"headline":"Paris mant\u00e9m-se \u00e0 esquerda; extrema-direita conquista triunfo simb\u00f3lico","datePublished":"2026-03-23T07:02:05+00:00","mainEntityOfPage":{"@id":"https:\/\/portaltela.pt\/noticias\/2026\/03\/23\/paris-mantem-se-a-esquerda-extrema-direita-conquista-triunfo-simbolico\/"},"wordCount":326,"image":{"@id":"https:\/\/portaltela.pt\/noticias\/2026\/03\/23\/paris-mantem-se-a-esquerda-extrema-direita-conquista-triunfo-simbolico\/#primaryimage"},"thumbnailUrl":"https:\/\/portaltela.pt\/s.01k8rhncp4jt1\/2026\/03\/1536x864_cmsv2_3ebc06da-cc8b-5c54-a89a-e668d0128548-9694495.jpg","keywords":["elei\u00e7\u00f5es","extrema-direita","Fran\u00e7a","Marselha","Paris","pol\u00edtica"],"articleSection":["Internacionais","Pol\u00edtica"],"inLanguage":"pt-PT"},{"@type":"WebPage","@id":"https:\/\/portaltela.pt\/noticias\/2026\/03\/23\/paris-mantem-se-a-esquerda-extrema-direita-conquista-triunfo-simbolico\/","url":"https:\/\/portaltela.pt\/noticias\/2026\/03\/23\/paris-mantem-se-a-esquerda-extrema-direita-conquista-triunfo-simbolico\/","name":"Paris mant\u00e9m-se \u00e0 esquerda; extrema-direita conquista triunfo simb\u00f3lico - Portal Tela Portugal","isPartOf":{"@id":"https:\/\/portaltela.pt\/#website"},"primaryImageOfPage":{"@id":"https:\/\/portaltela.pt\/noticias\/2026\/03\/23\/paris-mantem-se-a-esquerda-extrema-direita-conquista-triunfo-simbolico\/#primaryimage"},"image":{"@id":"https:\/\/portaltela.pt\/noticias\/2026\/03\/23\/paris-mantem-se-a-esquerda-extrema-direita-conquista-triunfo-simbolico\/#primaryimage"},"thumbnailUrl":"https:\/\/portaltela.pt\/s.01k8rhncp4jt1\/2026\/03\/1536x864_cmsv2_3ebc06da-cc8b-5c54-a89a-e668d0128548-9694495.jpg","datePublished":"2026-03-23T07:02:05+00:00","author":{"@id":"https:\/\/portaltela.pt\/#\/schema\/person\/c4278d4a6028830caff9ee44b42d32ed"},"breadcrumb":{"@id":"https:\/\/portaltela.pt\/noticias\/2026\/03\/23\/paris-mantem-se-a-esquerda-extrema-direita-conquista-triunfo-simbolico\/#breadcrumb"},"inLanguage":"pt-PT","potentialAction":[{"@type":"ReadAction","target":["https:\/\/portaltela.pt\/noticias\/2026\/03\/23\/paris-mantem-se-a-esquerda-extrema-direita-conquista-triunfo-simbolico\/"]}]},{"@type":"ImageObject","inLanguage":"pt-PT","@id":"https:\/\/portaltela.pt\/noticias\/2026\/03\/23\/paris-mantem-se-a-esquerda-extrema-direita-conquista-triunfo-simbolico\/#primaryimage","url":"https:\/\/portaltela.pt\/s.01k8rhncp4jt1\/2026\/03\/1536x864_cmsv2_3ebc06da-cc8b-5c54-a89a-e668d0128548-9694495.jpg","contentUrl":"https:\/\/portaltela.pt\/s.01k8rhncp4jt1\/2026\/03\/1536x864_cmsv2_3ebc06da-cc8b-5c54-a89a-e668d0128548-9694495.jpg","width":1536,"height":864,"caption":"O candidato socialista franc\u00eas \u00e0s elei\u00e7\u00f5es para a C\u00e2mara Municipal de Paris, Emmanuel Gregoire, ao centro, \u00e0 esquerda, e Anne Hidalgo, ao centro, \u00e0 direita, depois de Gregoire ter vencido a segunda volta das elei\u00e7\u00f5es"},{"@type":"BreadcrumbList","@id":"https:\/\/portaltela.pt\/noticias\/2026\/03\/23\/paris-mantem-se-a-esquerda-extrema-direita-conquista-triunfo-simbolico\/#breadcrumb","itemListElement":[{"@type":"ListItem","position":1,"name":"In\u00edcio","item":"https:\/\/portaltela.pt\/"},{"@type":"ListItem","position":2,"name":"Paris mant\u00e9m-se \u00e0 esquerda; extrema-direita conquista triunfo simb\u00f3lico"}]},{"@type":"WebSite","@id":"https:\/\/portaltela.pt\/#website","url":"https:\/\/portaltela.pt\/","name":"Portal Tela Portugal","description":"","potentialAction":[{"@type":"SearchAction","target":{"@type":"EntryPoint","urlTemplate":"https:\/\/portaltela.pt\/?s={search_term_string}"},"query-input":{"@type":"PropertyValueSpecification","valueRequired":true,"valueName":"search_term_string"}}],"inLanguage":"pt-PT"},{"@type":"Person","@id":"https:\/\/portaltela.pt\/#\/schema\/person\/c4278d4a6028830caff9ee44b42d32ed","name":"Telinha","image":{"@type":"ImageObject","inLanguage":"pt-PT","@id":"https:\/\/portaltela.pt\/s.01k8rhncp4jt1\/2025\/11\/talking-bot-125x125.png","url":"https:\/\/portaltela.pt\/s.01k8rhncp4jt1\/2025\/11\/talking-bot-125x125.png","contentUrl":"https:\/\/portaltela.pt\/s.01k8rhncp4jt1\/2025\/11\/talking-bot-125x125.png","caption":"Telinha"},"sameAs":["https:\/\/portaltela.pt\/"],"url":"https:\/\/portaltela.pt\/por\/367410592786\/"}]}},"_links":{"self":[{"href":"https:\/\/portaltela.pt\/api\/wp\/v2\/posts\/418045","targetHints":{"allow":["GET"]}}],"collection":[{"href":"https:\/\/portaltela.pt\/api\/wp\/v2\/posts"}],"about":[{"href":"https:\/\/portaltela.pt\/api\/wp\/v2\/types\/post"}],"author":[{"embeddable":true,"href":"https:\/\/portaltela.pt\/api\/wp\/v2\/users\/2"}],"replies":[{"embeddable":true,"href":"https:\/\/portaltela.pt\/api\/wp\/v2\/comments?post=418045"}],"version-history":[{"count":0,"href":"https:\/\/portaltela.pt\/api\/wp\/v2\/posts\/418045\/revisions"}],"wp:featuredmedia":[{"embeddable":true,"href":"https:\/\/portaltela.pt\/api\/wp\/v2\/media\/418046"}],"wp:attachment":[{"href":"https:\/\/portaltela.pt\/api\/wp\/v2\/media?parent=418045"}],"wp:term":[{"taxonomy":"category","embeddable":true,"href":"https:\/\/portaltela.pt\/api\/wp\/v2\/categories?post=418045"},{"taxonomy":"post_tag","embeddable":true,"href":"https:\/\/portaltela.pt\/api\/wp\/v2\/tags?post=418045"}],"curies":[{"name":"wp","href":"https:\/\/api.w.org\/{rel}","templated":true}]}}