{"id":418029,"date":"2026-03-23T01:37:00","date_gmt":"2026-03-23T04:37:00","guid":{"rendered":"https:\/\/portaltela.pt\/noticias\/2026\/03\/23\/macau-planeia-substituir-calcada-portuguesa-em-areas-por-seguranca\/"},"modified":"2026-03-23T01:37:00","modified_gmt":"2026-03-23T04:37:00","slug":"macau-planeia-substituir-calcada-portuguesa-em-areas-por-seguranca","status":"publish","type":"post","link":"https:\/\/portaltela.pt\/sociedade\/2026\/03\/23\/macau-planeia-substituir-calcada-portuguesa-em-areas-por-seguranca\/","title":{"rendered":"Macau planeia substituir cal\u00e7ada portuguesa em \u00e1reas por seguran\u00e7a"},"content":{"rendered":"<p>Macau est\u00e1 a considerar substituir a cal\u00e7ada portuguesa em algumas zonas por motivos de seguran\u00e7a. A medida visa reduzir riscos associados \u00e0 pista pedonal, segundo informa\u00e7\u00f5es partilhadas pela ag\u00eancia Lusa.<\/p>\n<p>A not\u00edcia n\u00e3o detalha quais zonas ser\u00e3o afetadas nem o calend\u00e1rio da poss\u00edvel substitui\u00e7\u00e3o. O texto completo da reportagem continua acess\u00edvel apenas a subscritores, o que limita o n\u00famero de dados dispon\u00edveis publicamente neste momento.<\/p>\n<p>Sem dados adicionais, n\u00e3o \u00e9 poss\u00edvel confirmar quem exatamente ficar\u00e1 respons\u00e1vel pela execu\u00e7\u00e3o nem quando as obras poder\u00e3o arrancar. A justifica\u00e7\u00e3o apresentada \u00e9 de natureza de seguran\u00e7a p\u00fablica.<\/p>\n","protected":false},"excerpt":{"rendered":"<ul>\n<li>Macau quer substituir a cal\u00e7ada portuguesa em algumas zonas por quest\u00f5es de seguran\u00e7a.<\/li>\n<li>O conte\u00fado completo est\u00e1 dispon\u00edvel apenas para subscritores.<\/li>\n<li>N\u00e3o h\u00e1 outros dados apresentados no trecho dispon\u00edvel.<\/li>\n<\/ul>\n","protected":false},"author":2,"featured_media":418030,"comment_status":"closed","ping_status":"closed","sticky":false,"template":"","format":"standard","meta":{"footnotes":""},"categories":[7384,6871],"tags":[3294,1615,5386,250,189],"class_list":["post-418029","post","type-post","status-publish","format-standard","has-post-thumbnail","hentry","category-curiosidades","category-sociedade","tag-calcada","tag-infraestrutura","tag-macau","tag-seguranca-publica","tag-urbanismo"],"yoast_head":"<!-- This site is optimized with the Yoast SEO plugin v27.2 - https:\/\/yoast.com\/product\/yoast-seo-wordpress\/ -->\n<title>Macau planeia substituir cal\u00e7ada portuguesa em \u00e1reas por seguran\u00e7a - Portal Tela Portugal<\/title>\n<meta name=\"robots\" content=\"index, follow, max-snippet:-1, max-image-preview:large, max-video-preview:-1\" \/>\n<meta property=\"og:locale\" content=\"pt_PT\" \/>\n<meta property=\"og:type\" content=\"article\" \/>\n<meta property=\"og:title\" content=\"Macau planeia substituir cal\u00e7ada portuguesa em \u00e1reas por seguran\u00e7a - Portal Tela Portugal\" \/>\n<meta property=\"og:description\" content=\"Macau quer substituir a cal\u00e7ada portuguesa em algumas zonas por quest\u00f5es de seguran\u00e7a. O conte\u00fado completo est\u00e1 dispon\u00edvel apenas para subscritores. N\u00e3o h\u00e1 outros dados apresentados no trecho dispon\u00edvel.\" \/>\n<meta property=\"og:url\" content=\"https:\/\/portaltela.pt\/noticias\/2026\/03\/23\/macau-planeia-substituir-calcada-portuguesa-em-areas-por-seguranca\/\" \/>\n<meta property=\"og:site_name\" content=\"Portal Tela Portugal\" \/>\n<meta property=\"article:published_time\" content=\"2026-03-23T04:37:00+00:00\" \/>\n<meta name=\"author\" content=\"Telinha\" \/>\n<meta name=\"twitter:card\" content=\"summary_large_image\" \/>\n<meta name=\"twitter:label1\" content=\"Escrito por\" \/>\n\t<meta name=\"twitter:data1\" content=\"Telinha\" \/>\n\t<meta name=\"twitter:label2\" content=\"Tempo estimado de leitura\" \/>\n\t<meta name=\"twitter:data2\" content=\"1 minuto\" \/>\n<script type=\"application\/ld+json\" class=\"yoast-schema-graph\">{\"@context\":\"https:\/\/schema.org\",\"@graph\":[{\"@type\":\"Article\",\"@id\":\"https:\/\/portaltela.pt\/noticias\/2026\/03\/23\/macau-planeia-substituir-calcada-portuguesa-em-areas-por-seguranca\/#article\",\"isPartOf\":{\"@id\":\"https:\/\/portaltela.pt\/noticias\/2026\/03\/23\/macau-planeia-substituir-calcada-portuguesa-em-areas-por-seguranca\/\"},\"author\":{\"name\":\"Telinha\",\"@id\":\"https:\/\/portaltela.pt\/#\/schema\/person\/c4278d4a6028830caff9ee44b42d32ed\"},\"headline\":\"Macau planeia substituir cal\u00e7ada portuguesa em \u00e1reas por seguran\u00e7a\",\"datePublished\":\"2026-03-23T04:37:00+00:00\",\"mainEntityOfPage\":{\"@id\":\"https:\/\/portaltela.pt\/noticias\/2026\/03\/23\/macau-planeia-substituir-calcada-portuguesa-em-areas-por-seguranca\/\"},\"wordCount\":122,\"image\":{\"@id\":\"https:\/\/portaltela.pt\/noticias\/2026\/03\/23\/macau-planeia-substituir-calcada-portuguesa-em-areas-por-seguranca\/#primaryimage\"},\"thumbnailUrl\":\"https:\/\/portaltela.pt\/s.01k8rhncp4jt1\/2026\/03\/CACHE_780X1200_ANALOG_WATERMARKED_16838900_2239283_02042019095024.jpg\",\"keywords\":[\"Cal\u00e7ada\",\"infraestrutura\",\"Macau\",\"seguran\u00e7a p\u00fablica\",\"urbanismo\"],\"articleSection\":[\"Curiosidades\",\"Sociedade\"],\"inLanguage\":\"pt-PT\"},{\"@type\":\"WebPage\",\"@id\":\"https:\/\/portaltela.pt\/noticias\/2026\/03\/23\/macau-planeia-substituir-calcada-portuguesa-em-areas-por-seguranca\/\",\"url\":\"https:\/\/portaltela.pt\/noticias\/2026\/03\/23\/macau-planeia-substituir-calcada-portuguesa-em-areas-por-seguranca\/\",\"name\":\"Macau planeia substituir cal\u00e7ada portuguesa em \u00e1reas por seguran\u00e7a - Portal Tela Portugal\",\"isPartOf\":{\"@id\":\"https:\/\/portaltela.pt\/#website\"},\"primaryImageOfPage\":{\"@id\":\"https:\/\/portaltela.pt\/noticias\/2026\/03\/23\/macau-planeia-substituir-calcada-portuguesa-em-areas-por-seguranca\/#primaryimage\"},\"image\":{\"@id\":\"https:\/\/portaltela.pt\/noticias\/2026\/03\/23\/macau-planeia-substituir-calcada-portuguesa-em-areas-por-seguranca\/#primaryimage\"},\"thumbnailUrl\":\"https:\/\/portaltela.pt\/s.01k8rhncp4jt1\/2026\/03\/CACHE_780X1200_ANALOG_WATERMARKED_16838900_2239283_02042019095024.jpg\",\"datePublished\":\"2026-03-23T04:37:00+00:00\",\"author\":{\"@id\":\"https:\/\/portaltela.pt\/#\/schema\/person\/c4278d4a6028830caff9ee44b42d32ed\"},\"breadcrumb\":{\"@id\":\"https:\/\/portaltela.pt\/noticias\/2026\/03\/23\/macau-planeia-substituir-calcada-portuguesa-em-areas-por-seguranca\/#breadcrumb\"},\"inLanguage\":\"pt-PT\",\"potentialAction\":[{\"@type\":\"ReadAction\",\"target\":[\"https:\/\/portaltela.pt\/noticias\/2026\/03\/23\/macau-planeia-substituir-calcada-portuguesa-em-areas-por-seguranca\/\"]}]},{\"@type\":\"ImageObject\",\"inLanguage\":\"pt-PT\",\"@id\":\"https:\/\/portaltela.pt\/noticias\/2026\/03\/23\/macau-planeia-substituir-calcada-portuguesa-em-areas-por-seguranca\/#primaryimage\",\"url\":\"https:\/\/portaltela.pt\/s.01k8rhncp4jt1\/2026\/03\/CACHE_780X1200_ANALOG_WATERMARKED_16838900_2239283_02042019095024.jpg\",\"contentUrl\":\"https:\/\/portaltela.pt\/s.01k8rhncp4jt1\/2026\/03\/CACHE_780X1200_ANALOG_WATERMARKED_16838900_2239283_02042019095024.jpg\",\"width\":796,\"height\":448,\"caption\":\"Macau quer substituir cal\u00e7ada portuguesa em algumas zonas por quest\u00f5es de seguran\u00e7a\"},{\"@type\":\"BreadcrumbList\",\"@id\":\"https:\/\/portaltela.pt\/noticias\/2026\/03\/23\/macau-planeia-substituir-calcada-portuguesa-em-areas-por-seguranca\/#breadcrumb\",\"itemListElement\":[{\"@type\":\"ListItem\",\"position\":1,\"name\":\"In\u00edcio\",\"item\":\"https:\/\/portaltela.pt\/\"},{\"@type\":\"ListItem\",\"position\":2,\"name\":\"Macau planeia substituir cal\u00e7ada portuguesa em \u00e1reas por seguran\u00e7a\"}]},{\"@type\":\"WebSite\",\"@id\":\"https:\/\/portaltela.pt\/#website\",\"url\":\"https:\/\/portaltela.pt\/\",\"name\":\"Portal Tela Portugal\",\"description\":\"\",\"potentialAction\":[{\"@type\":\"SearchAction\",\"target\":{\"@type\":\"EntryPoint\",\"urlTemplate\":\"https:\/\/portaltela.pt\/?s={search_term_string}\"},\"query-input\":{\"@type\":\"PropertyValueSpecification\",\"valueRequired\":true,\"valueName\":\"search_term_string\"}}],\"inLanguage\":\"pt-PT\"},{\"@type\":\"Person\",\"@id\":\"https:\/\/portaltela.pt\/#\/schema\/person\/c4278d4a6028830caff9ee44b42d32ed\",\"name\":\"Telinha\",\"image\":{\"@type\":\"ImageObject\",\"inLanguage\":\"pt-PT\",\"@id\":\"https:\/\/portaltela.pt\/s.01k8rhncp4jt1\/2025\/11\/talking-bot-125x125.png\",\"url\":\"https:\/\/portaltela.pt\/s.01k8rhncp4jt1\/2025\/11\/talking-bot-125x125.png\",\"contentUrl\":\"https:\/\/portaltela.pt\/s.01k8rhncp4jt1\/2025\/11\/talking-bot-125x125.png\",\"caption\":\"Telinha\"},\"sameAs\":[\"https:\/\/portaltela.pt\/\"],\"url\":\"https:\/\/portaltela.pt\/por\/367410592786\/\"}]}<\/script>\n<!-- \/ Yoast SEO plugin. -->","yoast_head_json":{"title":"Macau planeia substituir cal\u00e7ada portuguesa em \u00e1reas por seguran\u00e7a - Portal Tela Portugal","robots":{"index":"index","follow":"follow","max-snippet":"max-snippet:-1","max-image-preview":"max-image-preview:large","max-video-preview":"max-video-preview:-1"},"og_locale":"pt_PT","og_type":"article","og_title":"Macau planeia substituir cal\u00e7ada portuguesa em \u00e1reas por seguran\u00e7a - Portal Tela Portugal","og_description":"Macau quer substituir a cal\u00e7ada portuguesa em algumas zonas por quest\u00f5es de seguran\u00e7a. O conte\u00fado completo est\u00e1 dispon\u00edvel apenas para subscritores. N\u00e3o h\u00e1 outros dados apresentados no trecho dispon\u00edvel.","og_url":"https:\/\/portaltela.pt\/noticias\/2026\/03\/23\/macau-planeia-substituir-calcada-portuguesa-em-areas-por-seguranca\/","og_site_name":"Portal Tela Portugal","article_published_time":"2026-03-23T04:37:00+00:00","author":"Telinha","twitter_card":"summary_large_image","twitter_misc":{"Escrito por":"Telinha","Tempo estimado de leitura":"1 minuto"},"schema":{"@context":"https:\/\/schema.org","@graph":[{"@type":"Article","@id":"https:\/\/portaltela.pt\/noticias\/2026\/03\/23\/macau-planeia-substituir-calcada-portuguesa-em-areas-por-seguranca\/#article","isPartOf":{"@id":"https:\/\/portaltela.pt\/noticias\/2026\/03\/23\/macau-planeia-substituir-calcada-portuguesa-em-areas-por-seguranca\/"},"author":{"name":"Telinha","@id":"https:\/\/portaltela.pt\/#\/schema\/person\/c4278d4a6028830caff9ee44b42d32ed"},"headline":"Macau planeia substituir cal\u00e7ada portuguesa em \u00e1reas por seguran\u00e7a","datePublished":"2026-03-23T04:37:00+00:00","mainEntityOfPage":{"@id":"https:\/\/portaltela.pt\/noticias\/2026\/03\/23\/macau-planeia-substituir-calcada-portuguesa-em-areas-por-seguranca\/"},"wordCount":122,"image":{"@id":"https:\/\/portaltela.pt\/noticias\/2026\/03\/23\/macau-planeia-substituir-calcada-portuguesa-em-areas-por-seguranca\/#primaryimage"},"thumbnailUrl":"https:\/\/portaltela.pt\/s.01k8rhncp4jt1\/2026\/03\/CACHE_780X1200_ANALOG_WATERMARKED_16838900_2239283_02042019095024.jpg","keywords":["Cal\u00e7ada","infraestrutura","Macau","seguran\u00e7a p\u00fablica","urbanismo"],"articleSection":["Curiosidades","Sociedade"],"inLanguage":"pt-PT"},{"@type":"WebPage","@id":"https:\/\/portaltela.pt\/noticias\/2026\/03\/23\/macau-planeia-substituir-calcada-portuguesa-em-areas-por-seguranca\/","url":"https:\/\/portaltela.pt\/noticias\/2026\/03\/23\/macau-planeia-substituir-calcada-portuguesa-em-areas-por-seguranca\/","name":"Macau planeia substituir cal\u00e7ada portuguesa em \u00e1reas por seguran\u00e7a - Portal Tela Portugal","isPartOf":{"@id":"https:\/\/portaltela.pt\/#website"},"primaryImageOfPage":{"@id":"https:\/\/portaltela.pt\/noticias\/2026\/03\/23\/macau-planeia-substituir-calcada-portuguesa-em-areas-por-seguranca\/#primaryimage"},"image":{"@id":"https:\/\/portaltela.pt\/noticias\/2026\/03\/23\/macau-planeia-substituir-calcada-portuguesa-em-areas-por-seguranca\/#primaryimage"},"thumbnailUrl":"https:\/\/portaltela.pt\/s.01k8rhncp4jt1\/2026\/03\/CACHE_780X1200_ANALOG_WATERMARKED_16838900_2239283_02042019095024.jpg","datePublished":"2026-03-23T04:37:00+00:00","author":{"@id":"https:\/\/portaltela.pt\/#\/schema\/person\/c4278d4a6028830caff9ee44b42d32ed"},"breadcrumb":{"@id":"https:\/\/portaltela.pt\/noticias\/2026\/03\/23\/macau-planeia-substituir-calcada-portuguesa-em-areas-por-seguranca\/#breadcrumb"},"inLanguage":"pt-PT","potentialAction":[{"@type":"ReadAction","target":["https:\/\/portaltela.pt\/noticias\/2026\/03\/23\/macau-planeia-substituir-calcada-portuguesa-em-areas-por-seguranca\/"]}]},{"@type":"ImageObject","inLanguage":"pt-PT","@id":"https:\/\/portaltela.pt\/noticias\/2026\/03\/23\/macau-planeia-substituir-calcada-portuguesa-em-areas-por-seguranca\/#primaryimage","url":"https:\/\/portaltela.pt\/s.01k8rhncp4jt1\/2026\/03\/CACHE_780X1200_ANALOG_WATERMARKED_16838900_2239283_02042019095024.jpg","contentUrl":"https:\/\/portaltela.pt\/s.01k8rhncp4jt1\/2026\/03\/CACHE_780X1200_ANALOG_WATERMARKED_16838900_2239283_02042019095024.jpg","width":796,"height":448,"caption":"Macau quer substituir cal\u00e7ada portuguesa em algumas zonas por quest\u00f5es de seguran\u00e7a"},{"@type":"BreadcrumbList","@id":"https:\/\/portaltela.pt\/noticias\/2026\/03\/23\/macau-planeia-substituir-calcada-portuguesa-em-areas-por-seguranca\/#breadcrumb","itemListElement":[{"@type":"ListItem","position":1,"name":"In\u00edcio","item":"https:\/\/portaltela.pt\/"},{"@type":"ListItem","position":2,"name":"Macau planeia substituir cal\u00e7ada portuguesa em \u00e1reas por seguran\u00e7a"}]},{"@type":"WebSite","@id":"https:\/\/portaltela.pt\/#website","url":"https:\/\/portaltela.pt\/","name":"Portal Tela Portugal","description":"","potentialAction":[{"@type":"SearchAction","target":{"@type":"EntryPoint","urlTemplate":"https:\/\/portaltela.pt\/?s={search_term_string}"},"query-input":{"@type":"PropertyValueSpecification","valueRequired":true,"valueName":"search_term_string"}}],"inLanguage":"pt-PT"},{"@type":"Person","@id":"https:\/\/portaltela.pt\/#\/schema\/person\/c4278d4a6028830caff9ee44b42d32ed","name":"Telinha","image":{"@type":"ImageObject","inLanguage":"pt-PT","@id":"https:\/\/portaltela.pt\/s.01k8rhncp4jt1\/2025\/11\/talking-bot-125x125.png","url":"https:\/\/portaltela.pt\/s.01k8rhncp4jt1\/2025\/11\/talking-bot-125x125.png","contentUrl":"https:\/\/portaltela.pt\/s.01k8rhncp4jt1\/2025\/11\/talking-bot-125x125.png","caption":"Telinha"},"sameAs":["https:\/\/portaltela.pt\/"],"url":"https:\/\/portaltela.pt\/por\/367410592786\/"}]}},"_links":{"self":[{"href":"https:\/\/portaltela.pt\/api\/wp\/v2\/posts\/418029","targetHints":{"allow":["GET"]}}],"collection":[{"href":"https:\/\/portaltela.pt\/api\/wp\/v2\/posts"}],"about":[{"href":"https:\/\/portaltela.pt\/api\/wp\/v2\/types\/post"}],"author":[{"embeddable":true,"href":"https:\/\/portaltela.pt\/api\/wp\/v2\/users\/2"}],"replies":[{"embeddable":true,"href":"https:\/\/portaltela.pt\/api\/wp\/v2\/comments?post=418029"}],"version-history":[{"count":0,"href":"https:\/\/portaltela.pt\/api\/wp\/v2\/posts\/418029\/revisions"}],"wp:featuredmedia":[{"embeddable":true,"href":"https:\/\/portaltela.pt\/api\/wp\/v2\/media\/418030"}],"wp:attachment":[{"href":"https:\/\/portaltela.pt\/api\/wp\/v2\/media?parent=418029"}],"wp:term":[{"taxonomy":"category","embeddable":true,"href":"https:\/\/portaltela.pt\/api\/wp\/v2\/categories?post=418029"},{"taxonomy":"post_tag","embeddable":true,"href":"https:\/\/portaltela.pt\/api\/wp\/v2\/tags?post=418029"}],"curies":[{"name":"wp","href":"https:\/\/api.w.org\/{rel}","templated":true}]}}