{"id":418007,"date":"2026-03-22T22:30:00","date_gmt":"2026-03-23T01:30:00","guid":{"rendered":"https:\/\/portaltela.pt\/noticias\/2026\/03\/22\/agate-e-balde-conquistam-medalhas-de-ouro\/"},"modified":"2026-03-22T22:30:00","modified_gmt":"2026-03-23T01:30:00","slug":"agate-e-balde-conquistam-medalhas-de-ouro","status":"publish","type":"post","link":"https:\/\/portaltela.pt\/desporto\/futebol\/2026\/03\/22\/agate-e-balde-conquistam-medalhas-de-ouro\/","title":{"rendered":"Agate e Bald\u00e9 conquistam medalhas de ouro"},"content":{"rendered":"<p>Agate de Sousa e Gerson Bald\u00e9 sagraram-se campe\u00f5es mundiais de pista curta na \u00faltima jornada da competi\u00e7\u00e3o, com Portugal a fechar a participa\u00e7\u00e3o em grande estilo. Isaac Nader conquistou a prata nos 1500 metros.<\/p>\n<p>Agate de Sousa, atleta do Benfica nascida em S\u00e3o Tom\u00e9 e Pr\u00edncipe, venceu o salto em comprimento com 6,92 metros. A prata ficou para a italiana Larissa Iapichino (6,87 m) e o bronze para a colombiana Natalia Linares (6,80 m).<\/p>\n<p>A surpresa veio com Gerson Bald\u00e9, natural de Albufeira, que saltou 8,46 metros para subir ao topo do p\u00f3dio. O feito \u00e9 o recorde nacional e a melhor marca mundial do ano. O portugu\u00eas ultrapassou Mattia Furlani (8,39 m) e Bozhidar Saraboyukov (8,31 m).<\/p>\n<p>Isaac Nader destacou-se ao vencer a prata nos 1500 metros, com 3.40,06 minutos, atr\u00e1s de Mariano Garc\u00eda (3.39,63). O bronze ficou para Adam Spencer (3.40,26). Portugal acumula agora 20 medalhas no total nestes Mundiais de pista curta.<\/p>\n<h3>Resultados Principais<\/h3>\n<ul>\n<li>Ouro: Agate de Sousa (6,92 m) e Gerson Bald\u00e9 (8,46 m)<\/li>\n<li>Prata: Larissa Iapichino (6,87 m) e Isaac Nader (1500 m, 3.40,06)<\/li>\n<li>Bronze: Natalia Linares (6,80 m) e Bozhidar Saraboyukov (8,31 m)<\/li>\n<\/ul>\n<p>O Pa\u00eds encerra o evento com 7 ouros, 6 pratas e 7 bronzes, consolidando a presen\u00e7a em cada disciplina. Os atletas nacionais recebem o reconhecimento pela participa\u00e7\u00e3o e pelos novos recordes atingidos.<\/p>\n","protected":false},"excerpt":{"rendered":"<ul>\n<li>Agate de Sousa e Gerson Bald\u00e9 venceram o salto em comprimento no mundial de pista curta, conquistando ouro na \u00faltima jornada.<\/li>\n<li>Agate de Sousa venceu com 6,92 metros; a prata ficou para a italiana Larissa Iapichino (6,87 m) e o bronze para Natalia Linares (6,80 m).<\/li>\n<li>Gerson Bald\u00e9 venceu com 8,46 metros, com recorde nacional e a melhor marca mundial do ano; prata para Mattia Furlani (8,39 m) e bronze para Bozhidar Saraboyukov (8,31 m).<\/li>\n<li>Isaac Nader conquistou a prata nos 1500 metros com 3,40,06 minutos, atr\u00e1s de Mariano Garc\u00eda (3,39,63); bronze para Adam Spencer (3,40,26).<\/li>\n<li>Portugal terminou com 20 medalhas no total (7 ouro, 6 prata e 7 bronze) nos Mundiais de pista curta.<\/li>\n<\/ul>\n","protected":false},"author":2,"featured_media":418010,"comment_status":"closed","ping_status":"closed","sticky":false,"template":"","format":"standard","meta":{"footnotes":""},"categories":[21,24],"tags":[137,1946,152,120,1014,4486],"class_list":["post-418007","post","type-post","status-publish","format-standard","has-post-thumbnail","hentry","category-desporto","category-futebol","tag-atletismo","tag-benfica","tag-desporto","tag-medalhas","tag-portugal","tag-sao-tome-e-principe"],"yoast_head":"<!-- This site is optimized with the Yoast SEO plugin v27.2 - https:\/\/yoast.com\/product\/yoast-seo-wordpress\/ -->\n<title>Agate e Bald\u00e9 conquistam medalhas de ouro - Portal Tela Portugal<\/title>\n<meta name=\"robots\" content=\"index, follow, max-snippet:-1, max-image-preview:large, max-video-preview:-1\" \/>\n<meta property=\"og:locale\" content=\"pt_PT\" \/>\n<meta property=\"og:type\" content=\"article\" \/>\n<meta property=\"og:title\" content=\"Agate e Bald\u00e9 conquistam medalhas de ouro - Portal Tela Portugal\" \/>\n<meta property=\"og:description\" content=\"Agate de Sousa e Gerson Bald\u00e9 venceram o salto em comprimento no mundial de pista curta, conquistando ouro na \u00faltima jornada. Agate de Sousa venceu com 6,92 metros; a prata ficou para a italiana Larissa Iapichino (6,87 m) e o bronze para Natalia Linares (6,80 m). Gerson Bald\u00e9 venceu com 8,46 metros, com recorde nacional e a melhor marca mundial do ano; prata para Mattia Furlani (8,39 m) e bronze para Bozhidar Saraboyukov (8,31 m). Isaac Nader conquistou a prata nos 1500 metros com 3,40,06 minutos, atr\u00e1s de Mariano Garc\u00eda (3,39,63); bronze para Adam Spencer (3,40,26). Portugal terminou com 20 medalhas no total (7 ouro, 6 prata e 7 bronze) nos Mundiais de pista curta.\" \/>\n<meta property=\"og:url\" content=\"https:\/\/portaltela.pt\/noticias\/2026\/03\/22\/agate-e-balde-conquistam-medalhas-de-ouro\/\" \/>\n<meta property=\"og:site_name\" content=\"Portal Tela Portugal\" \/>\n<meta property=\"article:published_time\" content=\"2026-03-23T01:30:00+00:00\" \/>\n<meta name=\"author\" content=\"Telinha\" \/>\n<meta name=\"twitter:card\" content=\"summary_large_image\" \/>\n<meta name=\"twitter:label1\" content=\"Escrito por\" \/>\n\t<meta name=\"twitter:data1\" content=\"Telinha\" \/>\n\t<meta name=\"twitter:label2\" content=\"Tempo estimado de leitura\" \/>\n\t<meta name=\"twitter:data2\" content=\"1 minuto\" \/>\n<script type=\"application\/ld+json\" class=\"yoast-schema-graph\">{\"@context\":\"https:\/\/schema.org\",\"@graph\":[{\"@type\":\"Article\",\"@id\":\"https:\/\/portaltela.pt\/noticias\/2026\/03\/22\/agate-e-balde-conquistam-medalhas-de-ouro\/#article\",\"isPartOf\":{\"@id\":\"https:\/\/portaltela.pt\/noticias\/2026\/03\/22\/agate-e-balde-conquistam-medalhas-de-ouro\/\"},\"author\":{\"name\":\"Telinha\",\"@id\":\"https:\/\/portaltela.pt\/#\/schema\/person\/c4278d4a6028830caff9ee44b42d32ed\"},\"headline\":\"Agate e Bald\u00e9 conquistam medalhas de ouro\",\"datePublished\":\"2026-03-23T01:30:00+00:00\",\"mainEntityOfPage\":{\"@id\":\"https:\/\/portaltela.pt\/noticias\/2026\/03\/22\/agate-e-balde-conquistam-medalhas-de-ouro\/\"},\"wordCount\":217,\"image\":{\"@id\":\"https:\/\/portaltela.pt\/noticias\/2026\/03\/22\/agate-e-balde-conquistam-medalhas-de-ouro\/#primaryimage\"},\"thumbnailUrl\":\"https:\/\/portaltela.pt\/s.01k8rhncp4jt1\/2026\/03\/img_1280x721uu2026-03-22-23-24-12-2274232.jpg\",\"keywords\":[\"atletismo\",\"Benfica\",\"desporto\",\"medalhas\",\"Portugal\",\"S\u00e3o Tom\u00e9 e Pr\u00edncipe\"],\"articleSection\":[\"Desporto\",\"Futebol\"],\"inLanguage\":\"pt-PT\"},{\"@type\":\"WebPage\",\"@id\":\"https:\/\/portaltela.pt\/noticias\/2026\/03\/22\/agate-e-balde-conquistam-medalhas-de-ouro\/\",\"url\":\"https:\/\/portaltela.pt\/noticias\/2026\/03\/22\/agate-e-balde-conquistam-medalhas-de-ouro\/\",\"name\":\"Agate e Bald\u00e9 conquistam medalhas de ouro - Portal Tela Portugal\",\"isPartOf\":{\"@id\":\"https:\/\/portaltela.pt\/#website\"},\"primaryImageOfPage\":{\"@id\":\"https:\/\/portaltela.pt\/noticias\/2026\/03\/22\/agate-e-balde-conquistam-medalhas-de-ouro\/#primaryimage\"},\"image\":{\"@id\":\"https:\/\/portaltela.pt\/noticias\/2026\/03\/22\/agate-e-balde-conquistam-medalhas-de-ouro\/#primaryimage\"},\"thumbnailUrl\":\"https:\/\/portaltela.pt\/s.01k8rhncp4jt1\/2026\/03\/img_1280x721uu2026-03-22-23-24-12-2274232.jpg\",\"datePublished\":\"2026-03-23T01:30:00+00:00\",\"author\":{\"@id\":\"https:\/\/portaltela.pt\/#\/schema\/person\/c4278d4a6028830caff9ee44b42d32ed\"},\"breadcrumb\":{\"@id\":\"https:\/\/portaltela.pt\/noticias\/2026\/03\/22\/agate-e-balde-conquistam-medalhas-de-ouro\/#breadcrumb\"},\"inLanguage\":\"pt-PT\",\"potentialAction\":[{\"@type\":\"ReadAction\",\"target\":[\"https:\/\/portaltela.pt\/noticias\/2026\/03\/22\/agate-e-balde-conquistam-medalhas-de-ouro\/\"]}]},{\"@type\":\"ImageObject\",\"inLanguage\":\"pt-PT\",\"@id\":\"https:\/\/portaltela.pt\/noticias\/2026\/03\/22\/agate-e-balde-conquistam-medalhas-de-ouro\/#primaryimage\",\"url\":\"https:\/\/portaltela.pt\/s.01k8rhncp4jt1\/2026\/03\/img_1280x721uu2026-03-22-23-24-12-2274232.jpg\",\"contentUrl\":\"https:\/\/portaltela.pt\/s.01k8rhncp4jt1\/2026\/03\/img_1280x721uu2026-03-22-23-24-12-2274232.jpg\",\"width\":796,\"height\":448,\"caption\":\"Gerson Bald\u00e9 tornou-se campe\u00e3o mundial no \u00faltimo salto\"},{\"@type\":\"BreadcrumbList\",\"@id\":\"https:\/\/portaltela.pt\/noticias\/2026\/03\/22\/agate-e-balde-conquistam-medalhas-de-ouro\/#breadcrumb\",\"itemListElement\":[{\"@type\":\"ListItem\",\"position\":1,\"name\":\"In\u00edcio\",\"item\":\"https:\/\/portaltela.pt\/\"},{\"@type\":\"ListItem\",\"position\":2,\"name\":\"Agate e Bald\u00e9 conquistam medalhas de ouro\"}]},{\"@type\":\"WebSite\",\"@id\":\"https:\/\/portaltela.pt\/#website\",\"url\":\"https:\/\/portaltela.pt\/\",\"name\":\"Portal Tela Portugal\",\"description\":\"\",\"potentialAction\":[{\"@type\":\"SearchAction\",\"target\":{\"@type\":\"EntryPoint\",\"urlTemplate\":\"https:\/\/portaltela.pt\/?s={search_term_string}\"},\"query-input\":{\"@type\":\"PropertyValueSpecification\",\"valueRequired\":true,\"valueName\":\"search_term_string\"}}],\"inLanguage\":\"pt-PT\"},{\"@type\":\"Person\",\"@id\":\"https:\/\/portaltela.pt\/#\/schema\/person\/c4278d4a6028830caff9ee44b42d32ed\",\"name\":\"Telinha\",\"image\":{\"@type\":\"ImageObject\",\"inLanguage\":\"pt-PT\",\"@id\":\"https:\/\/portaltela.pt\/s.01k8rhncp4jt1\/2025\/11\/talking-bot-125x125.png\",\"url\":\"https:\/\/portaltela.pt\/s.01k8rhncp4jt1\/2025\/11\/talking-bot-125x125.png\",\"contentUrl\":\"https:\/\/portaltela.pt\/s.01k8rhncp4jt1\/2025\/11\/talking-bot-125x125.png\",\"caption\":\"Telinha\"},\"sameAs\":[\"https:\/\/portaltela.pt\/\"],\"url\":\"https:\/\/portaltela.pt\/por\/367410592786\/\"}]}<\/script>\n<!-- \/ Yoast SEO plugin. -->","yoast_head_json":{"title":"Agate e Bald\u00e9 conquistam medalhas de ouro - Portal Tela Portugal","robots":{"index":"index","follow":"follow","max-snippet":"max-snippet:-1","max-image-preview":"max-image-preview:large","max-video-preview":"max-video-preview:-1"},"og_locale":"pt_PT","og_type":"article","og_title":"Agate e Bald\u00e9 conquistam medalhas de ouro - Portal Tela Portugal","og_description":"Agate de Sousa e Gerson Bald\u00e9 venceram o salto em comprimento no mundial de pista curta, conquistando ouro na \u00faltima jornada. Agate de Sousa venceu com 6,92 metros; a prata ficou para a italiana Larissa Iapichino (6,87 m) e o bronze para Natalia Linares (6,80 m). Gerson Bald\u00e9 venceu com 8,46 metros, com recorde nacional e a melhor marca mundial do ano; prata para Mattia Furlani (8,39 m) e bronze para Bozhidar Saraboyukov (8,31 m). Isaac Nader conquistou a prata nos 1500 metros com 3,40,06 minutos, atr\u00e1s de Mariano Garc\u00eda (3,39,63); bronze para Adam Spencer (3,40,26). Portugal terminou com 20 medalhas no total (7 ouro, 6 prata e 7 bronze) nos Mundiais de pista curta.","og_url":"https:\/\/portaltela.pt\/noticias\/2026\/03\/22\/agate-e-balde-conquistam-medalhas-de-ouro\/","og_site_name":"Portal Tela Portugal","article_published_time":"2026-03-23T01:30:00+00:00","author":"Telinha","twitter_card":"summary_large_image","twitter_misc":{"Escrito por":"Telinha","Tempo estimado de leitura":"1 minuto"},"schema":{"@context":"https:\/\/schema.org","@graph":[{"@type":"Article","@id":"https:\/\/portaltela.pt\/noticias\/2026\/03\/22\/agate-e-balde-conquistam-medalhas-de-ouro\/#article","isPartOf":{"@id":"https:\/\/portaltela.pt\/noticias\/2026\/03\/22\/agate-e-balde-conquistam-medalhas-de-ouro\/"},"author":{"name":"Telinha","@id":"https:\/\/portaltela.pt\/#\/schema\/person\/c4278d4a6028830caff9ee44b42d32ed"},"headline":"Agate e Bald\u00e9 conquistam medalhas de ouro","datePublished":"2026-03-23T01:30:00+00:00","mainEntityOfPage":{"@id":"https:\/\/portaltela.pt\/noticias\/2026\/03\/22\/agate-e-balde-conquistam-medalhas-de-ouro\/"},"wordCount":217,"image":{"@id":"https:\/\/portaltela.pt\/noticias\/2026\/03\/22\/agate-e-balde-conquistam-medalhas-de-ouro\/#primaryimage"},"thumbnailUrl":"https:\/\/portaltela.pt\/s.01k8rhncp4jt1\/2026\/03\/img_1280x721uu2026-03-22-23-24-12-2274232.jpg","keywords":["atletismo","Benfica","desporto","medalhas","Portugal","S\u00e3o Tom\u00e9 e Pr\u00edncipe"],"articleSection":["Desporto","Futebol"],"inLanguage":"pt-PT"},{"@type":"WebPage","@id":"https:\/\/portaltela.pt\/noticias\/2026\/03\/22\/agate-e-balde-conquistam-medalhas-de-ouro\/","url":"https:\/\/portaltela.pt\/noticias\/2026\/03\/22\/agate-e-balde-conquistam-medalhas-de-ouro\/","name":"Agate e Bald\u00e9 conquistam medalhas de ouro - Portal Tela Portugal","isPartOf":{"@id":"https:\/\/portaltela.pt\/#website"},"primaryImageOfPage":{"@id":"https:\/\/portaltela.pt\/noticias\/2026\/03\/22\/agate-e-balde-conquistam-medalhas-de-ouro\/#primaryimage"},"image":{"@id":"https:\/\/portaltela.pt\/noticias\/2026\/03\/22\/agate-e-balde-conquistam-medalhas-de-ouro\/#primaryimage"},"thumbnailUrl":"https:\/\/portaltela.pt\/s.01k8rhncp4jt1\/2026\/03\/img_1280x721uu2026-03-22-23-24-12-2274232.jpg","datePublished":"2026-03-23T01:30:00+00:00","author":{"@id":"https:\/\/portaltela.pt\/#\/schema\/person\/c4278d4a6028830caff9ee44b42d32ed"},"breadcrumb":{"@id":"https:\/\/portaltela.pt\/noticias\/2026\/03\/22\/agate-e-balde-conquistam-medalhas-de-ouro\/#breadcrumb"},"inLanguage":"pt-PT","potentialAction":[{"@type":"ReadAction","target":["https:\/\/portaltela.pt\/noticias\/2026\/03\/22\/agate-e-balde-conquistam-medalhas-de-ouro\/"]}]},{"@type":"ImageObject","inLanguage":"pt-PT","@id":"https:\/\/portaltela.pt\/noticias\/2026\/03\/22\/agate-e-balde-conquistam-medalhas-de-ouro\/#primaryimage","url":"https:\/\/portaltela.pt\/s.01k8rhncp4jt1\/2026\/03\/img_1280x721uu2026-03-22-23-24-12-2274232.jpg","contentUrl":"https:\/\/portaltela.pt\/s.01k8rhncp4jt1\/2026\/03\/img_1280x721uu2026-03-22-23-24-12-2274232.jpg","width":796,"height":448,"caption":"Gerson Bald\u00e9 tornou-se campe\u00e3o mundial no \u00faltimo salto"},{"@type":"BreadcrumbList","@id":"https:\/\/portaltela.pt\/noticias\/2026\/03\/22\/agate-e-balde-conquistam-medalhas-de-ouro\/#breadcrumb","itemListElement":[{"@type":"ListItem","position":1,"name":"In\u00edcio","item":"https:\/\/portaltela.pt\/"},{"@type":"ListItem","position":2,"name":"Agate e Bald\u00e9 conquistam medalhas de ouro"}]},{"@type":"WebSite","@id":"https:\/\/portaltela.pt\/#website","url":"https:\/\/portaltela.pt\/","name":"Portal Tela Portugal","description":"","potentialAction":[{"@type":"SearchAction","target":{"@type":"EntryPoint","urlTemplate":"https:\/\/portaltela.pt\/?s={search_term_string}"},"query-input":{"@type":"PropertyValueSpecification","valueRequired":true,"valueName":"search_term_string"}}],"inLanguage":"pt-PT"},{"@type":"Person","@id":"https:\/\/portaltela.pt\/#\/schema\/person\/c4278d4a6028830caff9ee44b42d32ed","name":"Telinha","image":{"@type":"ImageObject","inLanguage":"pt-PT","@id":"https:\/\/portaltela.pt\/s.01k8rhncp4jt1\/2025\/11\/talking-bot-125x125.png","url":"https:\/\/portaltela.pt\/s.01k8rhncp4jt1\/2025\/11\/talking-bot-125x125.png","contentUrl":"https:\/\/portaltela.pt\/s.01k8rhncp4jt1\/2025\/11\/talking-bot-125x125.png","caption":"Telinha"},"sameAs":["https:\/\/portaltela.pt\/"],"url":"https:\/\/portaltela.pt\/por\/367410592786\/"}]}},"_links":{"self":[{"href":"https:\/\/portaltela.pt\/api\/wp\/v2\/posts\/418007","targetHints":{"allow":["GET"]}}],"collection":[{"href":"https:\/\/portaltela.pt\/api\/wp\/v2\/posts"}],"about":[{"href":"https:\/\/portaltela.pt\/api\/wp\/v2\/types\/post"}],"author":[{"embeddable":true,"href":"https:\/\/portaltela.pt\/api\/wp\/v2\/users\/2"}],"replies":[{"embeddable":true,"href":"https:\/\/portaltela.pt\/api\/wp\/v2\/comments?post=418007"}],"version-history":[{"count":0,"href":"https:\/\/portaltela.pt\/api\/wp\/v2\/posts\/418007\/revisions"}],"wp:featuredmedia":[{"embeddable":true,"href":"https:\/\/portaltela.pt\/api\/wp\/v2\/media\/418010"}],"wp:attachment":[{"href":"https:\/\/portaltela.pt\/api\/wp\/v2\/media?parent=418007"}],"wp:term":[{"taxonomy":"category","embeddable":true,"href":"https:\/\/portaltela.pt\/api\/wp\/v2\/categories?post=418007"},{"taxonomy":"post_tag","embeddable":true,"href":"https:\/\/portaltela.pt\/api\/wp\/v2\/tags?post=418007"}],"curies":[{"name":"wp","href":"https:\/\/api.w.org\/{rel}","templated":true}]}}